{"id":1436,"date":"2025-04-29T09:42:47","date_gmt":"2025-04-29T07:42:47","guid":{"rendered":"https:\/\/www.fundacionunicaja.com\/colegio-fundacion-unicaja-juan-de-la-rosa\/?p=1436"},"modified":"2025-04-29T16:44:20","modified_gmt":"2025-04-29T14:44:20","slug":"inversion-equipamiento-multimedia","status":"publish","type":"post","link":"https:\/\/www.fundacionunicaja.com\/colegio-fundacion-unicaja-juan-de-la-rosa\/2025\/04\/29\/inversion-equipamiento-multimedia\/","title":{"rendered":"Inversi\u00f3n Equipamiento Multimedia"},"content":{"rendered":"\t\t<div data-elementor-type=\"wp-post\" data-elementor-id=\"1436\" class=\"elementor elementor-1436\" data-elementor-post-type=\"post\">\n\t\t\t\t<div class=\"elementor-element elementor-element-30441cdc e-flex e-con-boxed e-con e-parent\" data-id=\"30441cdc\" data-element_type=\"container\" data-e-type=\"container\">\n\t\t\t\t\t<div class=\"e-con-inner\">\n\t\t\t\t<div class=\"elementor-element elementor-element-2a46b344 elementor-widget elementor-widget-text-editor\" data-id=\"2a46b344\" data-element_type=\"widget\" data-e-type=\"widget\" data-widget_type=\"text-editor.default\">\n\t\t\t\t<div class=\"elementor-widget-container\">\n\t\t\t\t\t\t\t\t\t<h1><strong>Inversi\u00f3n Equipamiento Multimedia<\/strong><\/h1>\n<p>Nos enorgullece anunciar que la&nbsp; la Fundaci\u00f3n Unicaja va a efectuar una renovaci\u00f3n de proyectores , pantallas y equipos, reafirmando as\u00ed su confianza en nuestro compromiso con la transformaci\u00f3n de la educaci\u00f3n. Esta inversi\u00f3n representa un nuevo impulso para continuar nuestro crecimiento digital, fortalecer nuestras plataformas de aprendizaje y seguir innovando en metodolog\u00edas pedag\u00f3gicas centradas en nuestro alumnado.<\/p>\t\t\t\t\t\t\t\t<\/div>\n\t\t\t\t<\/div>\n\t\t\t\t\t<\/div>\n\t\t\t\t<\/div>\n\t\t\t\t<\/div>\n\t\t","protected":false},"excerpt":{"rendered":"<p>Inversi\u00f3n Equipamiento Multimedia Nos enorgullece anunciar que la&nbsp; la Fundaci\u00f3n Unicaja va a efectuar una renovaci\u00f3n de proyectores , pantallas y equipos, reafirmando as\u00ed su confianza en nuestro compromiso con la transformaci\u00f3n de la educaci\u00f3n. Esta inversi\u00f3n representa un nuevo impulso para continuar nuestro crecimiento digital, fortalecer nuestras plataformas de aprendizaje y seguir innovando en [&hellip;]<\/p>\n","protected":false},"author":19,"featured_media":0,"comment_status":"open","ping_status":"open","sticky":false,"template":"","format":"standard","meta":{"_acf_changed":false,"footnotes":""},"categories":[1],"tags":[],"class_list":["post-1436","post","type-post","status-publish","format-standard","hentry","category-sin-categoria"],"acf":[],"_links":{"self":[{"href":"https:\/\/www.fundacionunicaja.com\/colegio-fundacion-unicaja-juan-de-la-rosa\/wp-json\/wp\/v2\/posts\/1436","targetHints":{"allow":["GET"]}}],"collection":[{"href":"https:\/\/www.fundacionunicaja.com\/colegio-fundacion-unicaja-juan-de-la-rosa\/wp-json\/wp\/v2\/posts"}],"about":[{"href":"https:\/\/www.fundacionunicaja.com\/colegio-fundacion-unicaja-juan-de-la-rosa\/wp-json\/wp\/v2\/types\/post"}],"author":[{"embeddable":true,"href":"https:\/\/www.fundacionunicaja.com\/colegio-fundacion-unicaja-juan-de-la-rosa\/wp-json\/wp\/v2\/users\/19"}],"replies":[{"embeddable":true,"href":"https:\/\/www.fundacionunicaja.com\/colegio-fundacion-unicaja-juan-de-la-rosa\/wp-json\/wp\/v2\/comments?post=1436"}],"version-history":[{"count":8,"href":"https:\/\/www.fundacionunicaja.com\/colegio-fundacion-unicaja-juan-de-la-rosa\/wp-json\/wp\/v2\/posts\/1436\/revisions"}],"predecessor-version":[{"id":1447,"href":"https:\/\/www.fundacionunicaja.com\/colegio-fundacion-unicaja-juan-de-la-rosa\/wp-json\/wp\/v2\/posts\/1436\/revisions\/1447"}],"wp:attachment":[{"href":"https:\/\/www.fundacionunicaja.com\/colegio-fundacion-unicaja-juan-de-la-rosa\/wp-json\/wp\/v2\/media?parent=1436"}],"wp:term":[{"taxonomy":"category","embeddable":true,"href":"https:\/\/www.fundacionunicaja.com\/colegio-fundacion-unicaja-juan-de-la-rosa\/wp-json\/wp\/v2\/categories?post=1436"},{"taxonomy":"post_tag","embeddable":true,"href":"https:\/\/www.fundacionunicaja.com\/colegio-fundacion-unicaja-juan-de-la-rosa\/wp-json\/wp\/v2\/tags?post=1436"}],"curies":[{"name":"wp","href":"https:\/\/api.w.org\/{rel}","templated":true}]}}