{"id":6126,"date":"2023-08-05T09:26:08","date_gmt":"2023-08-05T09:26:08","guid":{"rendered":"https:\/\/fundacionunicaja.oletecnologia.com\/?p=6126"},"modified":"2023-08-05T09:26:08","modified_gmt":"2023-08-05T09:26:08","slug":"clausura-del-turno-2-de-campus-nautico-2023","status":"publish","type":"post","link":"https:\/\/www.fundacionunicaja.com\/campus\/2023\/08\/05\/clausura-del-turno-2-de-campus-nautico-2023\/","title":{"rendered":"Clausura del turno 2 de Campus N\u00e1utico 2023"},"content":{"rendered":"\n<p>Finaliza el segundo turno de Campus N\u00e1utico de Fundaci\u00f3n Unicaja 2023 y con \u00e9l nos despedimos hasta el a\u00f1o que viene de nuestro Campus dedicado a los amantes del mar, situado en El Puerto de Santa Mar\u00eda, C\u00e1diz.<\/p>\n\n\n\n<p>En estos dos turnos, los chicos y chicas han disfrutado de muchas actividades en el mar como las clases de surf, las tablas gigantes de paddle surf (big sup), kayak, castillos hinchables e incluso aprender los conocimientos b\u00e1sicos para dirigir una embarcaci\u00f3n de vela en las instalaciones del Club N\u00e1utico de Puerto Sherry, en el coraz\u00f3n de la Federaci\u00f3n Andaluza de Vela, todo ello de manos de instructores y monitores especializados.<\/p>\n\n\n\n<p>Los j\u00f3venes participantes tambi\u00e9n han disfrutado de la visita a algunos de los rincones m\u00e1s emblem\u00e1ticos de la ciudad de C\u00e1diz, las yincanas deportivas, las plataformas multiaventura o el D\u00eda Especial y el Parque de Aguas.<\/p>\n\n\n\n<p>Para cerrar las jornadas, se celebraban las caracter\u00edsticas veladas nocturnas de los Campus Fundaci\u00f3n Unicaja, que anoche llegaron a su fin con la velada especial de clausura, donde los participantes bailaron y se despidieron de todos los compa\u00f1eros y nuevos amigos.<\/p>\n\n\n\n<p>Termina as\u00ed un verano m\u00e1s, lleno de diversi\u00f3n y pasi\u00f3n por el mar, en nuestro Campus N\u00e1utico. \u00a1Os esperamos el a\u00f1o que viene!<\/p>\n\n\n\n<figure class=\"wp-block-gallery columns-3 is-cropped wp-block-gallery-1 is-layout-flex wp-block-gallery-is-layout-flex\">\n<ul class=\"blocks-gallery-grid\">\n<li class=\"blocks-gallery-item\">\n<figure><img decoding=\"async\" class=\"wp-image-6128\" src=\"https:\/\/fundacionunicaja.oletecnologia.com\/wp-content\/uploads\/2023\/08\/365417941_681284640706778_2246663782336164941_n-1024x576.jpg\" alt=\"\" data-id=\"6128\" data-full-url=\"https:\/\/fundacionunicaja.oletecnologia.com\/wp-content\/uploads\/2023\/08\/365417941_681284640706778_2246663782336164941_n.jpg\" data-link=\"https:\/\/fundacionunicaja.oletecnologia.com\/?attachment_id=6128\" \/><\/figure>\n<\/li>\n<li class=\"blocks-gallery-item\">\n<figure><img decoding=\"async\" class=\"wp-image-6130\" src=\"https:\/\/fundacionunicaja.oletecnologia.com\/wp-content\/uploads\/2023\/08\/363343065_681029447398964_3314852183632552699_n-1024x576.jpg\" alt=\"\" data-id=\"6130\" data-full-url=\"https:\/\/fundacionunicaja.oletecnologia.com\/wp-content\/uploads\/2023\/08\/363343065_681029447398964_3314852183632552699_n.jpg\" data-link=\"https:\/\/fundacionunicaja.oletecnologia.com\/?attachment_id=6130\" \/><\/figure>\n<\/li>\n<li class=\"blocks-gallery-item\">\n<figure><img decoding=\"async\" class=\"wp-image-6131\" src=\"https:\/\/fundacionunicaja.oletecnologia.com\/wp-content\/uploads\/2023\/08\/365902180_681995707302338_5346614158386250868_n-1024x576.jpg\" alt=\"\" data-id=\"6131\" data-full-url=\"https:\/\/fundacionunicaja.oletecnologia.com\/wp-content\/uploads\/2023\/08\/365902180_681995707302338_5346614158386250868_n.jpg\" data-link=\"https:\/\/fundacionunicaja.oletecnologia.com\/?attachment_id=6131\" \/>\n<figcaption class=\"blocks-gallery-item__caption\">DCIM\\100GOPRO\\GOPR4689.JPG<\/figcaption>\n<\/figure>\n<\/li>\n<li class=\"blocks-gallery-item\">\n<figure><img decoding=\"async\" class=\"wp-image-6129\" src=\"https:\/\/fundacionunicaja.oletecnologia.com\/wp-content\/uploads\/2023\/08\/365055517_681283177373591_8385707106441085250_n-1024x576.jpg\" alt=\"\" data-id=\"6129\" data-full-url=\"https:\/\/fundacionunicaja.oletecnologia.com\/wp-content\/uploads\/2023\/08\/365055517_681283177373591_8385707106441085250_n.jpg\" data-link=\"https:\/\/fundacionunicaja.oletecnologia.com\/?attachment_id=6129\" \/><\/figure>\n<\/li>\n<\/ul>\n<\/figure>\n","protected":false},"excerpt":{"rendered":"<p>Finaliza el segundo turno de Campus N\u00e1utico de Fundaci\u00f3n Unicaja 2023 y con \u00e9l nos despedimos hasta el a\u00f1o que viene de nuestro Campus dedicado a los amantes del mar, situado en El Puerto de Santa Mar\u00eda, C\u00e1diz. En estos dos turnos, los chicos y chicas han disfrutado de muchas actividades en el mar como [&hellip;]<\/p>\n","protected":false},"author":1,"featured_media":54641,"comment_status":"open","ping_status":"open","sticky":false,"template":"","format":"standard","meta":{"_acf_changed":false,"footnotes":""},"categories":[24],"tags":[],"class_list":["post-6126","post","type-post","status-publish","format-standard","has-post-thumbnail","hentry","category-nautico"],"acf":[],"yoast_head":"<!-- This site is optimized with the Yoast SEO plugin v27.4 - https:\/\/yoast.com\/product\/yoast-seo-wordpress\/ -->\n<title>Clausura del turno 2 de Campus N\u00e1utico 2023 - Campus Fundaci\u00f3n Unicaja<\/title>\n<meta name=\"robots\" content=\"index, follow, max-snippet:-1, max-image-preview:large, max-video-preview:-1\" \/>\n<link rel=\"canonical\" href=\"https:\/\/www.fundacionunicaja.com\/campus\/2023\/08\/05\/clausura-del-turno-2-de-campus-nautico-2023\/\" \/>\n<meta property=\"og:locale\" content=\"es_ES\" \/>\n<meta property=\"og:type\" content=\"article\" \/>\n<meta property=\"og:title\" content=\"Clausura del turno 2 de Campus N\u00e1utico 2023 - Campus Fundaci\u00f3n Unicaja\" \/>\n<meta property=\"og:description\" content=\"Finaliza el segundo turno de Campus N\u00e1utico de Fundaci\u00f3n Unicaja 2023 y con \u00e9l nos despedimos hasta el a\u00f1o que viene de nuestro Campus dedicado a los amantes del mar, situado en El Puerto de Santa Mar\u00eda, C\u00e1diz. En estos dos turnos, los chicos y chicas han disfrutado de muchas actividades en el mar como [&hellip;]\" \/>\n<meta property=\"og:url\" content=\"https:\/\/www.fundacionunicaja.com\/campus\/2023\/08\/05\/clausura-del-turno-2-de-campus-nautico-2023\/\" \/>\n<meta property=\"og:site_name\" content=\"Campus Fundaci\u00f3n Unicaja\" \/>\n<meta property=\"article:published_time\" content=\"2023-08-05T09:26:08+00:00\" \/>\n<meta property=\"og:image\" content=\"https:\/\/www.fundacionunicaja.com\/campus\/wp-content\/uploads\/sites\/2\/2023\/08\/363383697_681995453969030_4497362299183859186_n.jpeg\" \/>\n\t<meta property=\"og:image:width\" content=\"2048\" \/>\n\t<meta property=\"og:image:height\" content=\"1152\" \/>\n\t<meta property=\"og:image:type\" content=\"image\/jpeg\" \/>\n<meta name=\"author\" content=\"admin\" \/>\n<meta name=\"twitter:card\" content=\"summary_large_image\" \/>\n<meta name=\"twitter:label1\" content=\"Escrito por\" \/>\n\t<meta name=\"twitter:data1\" content=\"admin\" \/>\n\t<meta name=\"twitter:label2\" content=\"Tiempo de lectura\" \/>\n\t<meta name=\"twitter:data2\" content=\"2 minutos\" \/>\n<script type=\"application\/ld+json\" class=\"yoast-schema-graph\">{\"@context\":\"https:\\\/\\\/schema.org\",\"@graph\":[{\"@type\":\"Article\",\"@id\":\"https:\\\/\\\/www.fundacionunicaja.com\\\/campus\\\/2023\\\/08\\\/05\\\/clausura-del-turno-2-de-campus-nautico-2023\\\/#article\",\"isPartOf\":{\"@id\":\"https:\\\/\\\/www.fundacionunicaja.com\\\/campus\\\/2023\\\/08\\\/05\\\/clausura-del-turno-2-de-campus-nautico-2023\\\/\"},\"author\":{\"name\":\"admin\",\"@id\":\"https:\\\/\\\/www.fundacionunicaja.com\\\/campus\\\/#\\\/schema\\\/person\\\/16c011016170405833b64248beaca4c1\"},\"headline\":\"Clausura del turno 2 de Campus N\u00e1utico 2023\",\"datePublished\":\"2023-08-05T09:26:08+00:00\",\"mainEntityOfPage\":{\"@id\":\"https:\\\/\\\/www.fundacionunicaja.com\\\/campus\\\/2023\\\/08\\\/05\\\/clausura-del-turno-2-de-campus-nautico-2023\\\/\"},\"wordCount\":243,\"commentCount\":0,\"publisher\":{\"@id\":\"https:\\\/\\\/www.fundacionunicaja.com\\\/campus\\\/#organization\"},\"image\":{\"@id\":\"https:\\\/\\\/www.fundacionunicaja.com\\\/campus\\\/2023\\\/08\\\/05\\\/clausura-del-turno-2-de-campus-nautico-2023\\\/#primaryimage\"},\"thumbnailUrl\":\"https:\\\/\\\/www.fundacionunicaja.com\\\/campus\\\/wp-content\\\/uploads\\\/sites\\\/2\\\/2023\\\/08\\\/363383697_681995453969030_4497362299183859186_n.jpeg\",\"articleSection\":[\"Nautico\"],\"inLanguage\":\"es\",\"potentialAction\":[{\"@type\":\"CommentAction\",\"name\":\"Comment\",\"target\":[\"https:\\\/\\\/www.fundacionunicaja.com\\\/campus\\\/2023\\\/08\\\/05\\\/clausura-del-turno-2-de-campus-nautico-2023\\\/#respond\"]}]},{\"@type\":\"WebPage\",\"@id\":\"https:\\\/\\\/www.fundacionunicaja.com\\\/campus\\\/2023\\\/08\\\/05\\\/clausura-del-turno-2-de-campus-nautico-2023\\\/\",\"url\":\"https:\\\/\\\/www.fundacionunicaja.com\\\/campus\\\/2023\\\/08\\\/05\\\/clausura-del-turno-2-de-campus-nautico-2023\\\/\",\"name\":\"Clausura del turno 2 de Campus N\u00e1utico 2023 - Campus Fundaci\u00f3n Unicaja\",\"isPartOf\":{\"@id\":\"https:\\\/\\\/www.fundacionunicaja.com\\\/campus\\\/#website\"},\"primaryImageOfPage\":{\"@id\":\"https:\\\/\\\/www.fundacionunicaja.com\\\/campus\\\/2023\\\/08\\\/05\\\/clausura-del-turno-2-de-campus-nautico-2023\\\/#primaryimage\"},\"image\":{\"@id\":\"https:\\\/\\\/www.fundacionunicaja.com\\\/campus\\\/2023\\\/08\\\/05\\\/clausura-del-turno-2-de-campus-nautico-2023\\\/#primaryimage\"},\"thumbnailUrl\":\"https:\\\/\\\/www.fundacionunicaja.com\\\/campus\\\/wp-content\\\/uploads\\\/sites\\\/2\\\/2023\\\/08\\\/363383697_681995453969030_4497362299183859186_n.jpeg\",\"datePublished\":\"2023-08-05T09:26:08+00:00\",\"breadcrumb\":{\"@id\":\"https:\\\/\\\/www.fundacionunicaja.com\\\/campus\\\/2023\\\/08\\\/05\\\/clausura-del-turno-2-de-campus-nautico-2023\\\/#breadcrumb\"},\"inLanguage\":\"es\",\"potentialAction\":[{\"@type\":\"ReadAction\",\"target\":[\"https:\\\/\\\/www.fundacionunicaja.com\\\/campus\\\/2023\\\/08\\\/05\\\/clausura-del-turno-2-de-campus-nautico-2023\\\/\"]}]},{\"@type\":\"ImageObject\",\"inLanguage\":\"es\",\"@id\":\"https:\\\/\\\/www.fundacionunicaja.com\\\/campus\\\/2023\\\/08\\\/05\\\/clausura-del-turno-2-de-campus-nautico-2023\\\/#primaryimage\",\"url\":\"https:\\\/\\\/www.fundacionunicaja.com\\\/campus\\\/wp-content\\\/uploads\\\/sites\\\/2\\\/2023\\\/08\\\/363383697_681995453969030_4497362299183859186_n.jpeg\",\"contentUrl\":\"https:\\\/\\\/www.fundacionunicaja.com\\\/campus\\\/wp-content\\\/uploads\\\/sites\\\/2\\\/2023\\\/08\\\/363383697_681995453969030_4497362299183859186_n.jpeg\",\"width\":2048,\"height\":1152},{\"@type\":\"BreadcrumbList\",\"@id\":\"https:\\\/\\\/www.fundacionunicaja.com\\\/campus\\\/2023\\\/08\\\/05\\\/clausura-del-turno-2-de-campus-nautico-2023\\\/#breadcrumb\",\"itemListElement\":[{\"@type\":\"ListItem\",\"position\":1,\"name\":\"Portada\",\"item\":\"https:\\\/\\\/www.fundacionunicaja.com\\\/campus\\\/\"},{\"@type\":\"ListItem\",\"position\":2,\"name\":\"Clausura del turno 2 de Campus N\u00e1utico 2023\"}]},{\"@type\":\"WebSite\",\"@id\":\"https:\\\/\\\/www.fundacionunicaja.com\\\/campus\\\/#website\",\"url\":\"https:\\\/\\\/www.fundacionunicaja.com\\\/campus\\\/\",\"name\":\"Campus Fundaci\u00f3n Unicaja\",\"description\":\"\",\"publisher\":{\"@id\":\"https:\\\/\\\/www.fundacionunicaja.com\\\/campus\\\/#organization\"},\"potentialAction\":[{\"@type\":\"SearchAction\",\"target\":{\"@type\":\"EntryPoint\",\"urlTemplate\":\"https:\\\/\\\/www.fundacionunicaja.com\\\/campus\\\/?s={search_term_string}\"},\"query-input\":{\"@type\":\"PropertyValueSpecification\",\"valueRequired\":true,\"valueName\":\"search_term_string\"}}],\"inLanguage\":\"es\"},{\"@type\":\"Organization\",\"@id\":\"https:\\\/\\\/www.fundacionunicaja.com\\\/campus\\\/#organization\",\"name\":\"Campus Fundaci\u00f3n Unicaja\",\"url\":\"https:\\\/\\\/www.fundacionunicaja.com\\\/campus\\\/\",\"logo\":{\"@type\":\"ImageObject\",\"inLanguage\":\"es\",\"@id\":\"https:\\\/\\\/www.fundacionunicaja.com\\\/campus\\\/#\\\/schema\\\/logo\\\/image\\\/\",\"url\":\"https:\\\/\\\/www.fundacionunicaja.com\\\/campus\\\/wp-content\\\/uploads\\\/sites\\\/2\\\/2025\\\/03\\\/LOGO_unicaja-1.png\",\"contentUrl\":\"https:\\\/\\\/www.fundacionunicaja.com\\\/campus\\\/wp-content\\\/uploads\\\/sites\\\/2\\\/2025\\\/03\\\/LOGO_unicaja-1.png\",\"width\":243,\"height\":69,\"caption\":\"Campus Fundaci\u00f3n Unicaja\"},\"image\":{\"@id\":\"https:\\\/\\\/www.fundacionunicaja.com\\\/campus\\\/#\\\/schema\\\/logo\\\/image\\\/\"}},{\"@type\":\"Person\",\"@id\":\"https:\\\/\\\/www.fundacionunicaja.com\\\/campus\\\/#\\\/schema\\\/person\\\/16c011016170405833b64248beaca4c1\",\"name\":\"admin\",\"image\":{\"@type\":\"ImageObject\",\"inLanguage\":\"es\",\"@id\":\"https:\\\/\\\/secure.gravatar.com\\\/avatar\\\/53fe2ed3b30640367a30f4b4978313b87fe50c8c5859f22378ec2886d080b954?s=96&d=mm&r=g\",\"url\":\"https:\\\/\\\/secure.gravatar.com\\\/avatar\\\/53fe2ed3b30640367a30f4b4978313b87fe50c8c5859f22378ec2886d080b954?s=96&d=mm&r=g\",\"contentUrl\":\"https:\\\/\\\/secure.gravatar.com\\\/avatar\\\/53fe2ed3b30640367a30f4b4978313b87fe50c8c5859f22378ec2886d080b954?s=96&d=mm&r=g\",\"caption\":\"admin\"},\"sameAs\":[\"https:\\\/\\\/www.fundacionunicaja.com\\\/\"],\"url\":\"https:\\\/\\\/www.fundacionunicaja.com\\\/campus\\\/author\\\/admin\\\/\"}]}<\/script>\n<!-- \/ Yoast SEO plugin. -->","yoast_head_json":{"title":"Clausura del turno 2 de Campus N\u00e1utico 2023 - Campus Fundaci\u00f3n Unicaja","robots":{"index":"index","follow":"follow","max-snippet":"max-snippet:-1","max-image-preview":"max-image-preview:large","max-video-preview":"max-video-preview:-1"},"canonical":"https:\/\/www.fundacionunicaja.com\/campus\/2023\/08\/05\/clausura-del-turno-2-de-campus-nautico-2023\/","og_locale":"es_ES","og_type":"article","og_title":"Clausura del turno 2 de Campus N\u00e1utico 2023 - Campus Fundaci\u00f3n Unicaja","og_description":"Finaliza el segundo turno de Campus N\u00e1utico de Fundaci\u00f3n Unicaja 2023 y con \u00e9l nos despedimos hasta el a\u00f1o que viene de nuestro Campus dedicado a los amantes del mar, situado en El Puerto de Santa Mar\u00eda, C\u00e1diz. En estos dos turnos, los chicos y chicas han disfrutado de muchas actividades en el mar como [&hellip;]","og_url":"https:\/\/www.fundacionunicaja.com\/campus\/2023\/08\/05\/clausura-del-turno-2-de-campus-nautico-2023\/","og_site_name":"Campus Fundaci\u00f3n Unicaja","article_published_time":"2023-08-05T09:26:08+00:00","og_image":[{"width":2048,"height":1152,"url":"https:\/\/www.fundacionunicaja.com\/campus\/wp-content\/uploads\/sites\/2\/2023\/08\/363383697_681995453969030_4497362299183859186_n.jpeg","type":"image\/jpeg"}],"author":"admin","twitter_card":"summary_large_image","twitter_misc":{"Escrito por":"admin","Tiempo de lectura":"2 minutos"},"schema":{"@context":"https:\/\/schema.org","@graph":[{"@type":"Article","@id":"https:\/\/www.fundacionunicaja.com\/campus\/2023\/08\/05\/clausura-del-turno-2-de-campus-nautico-2023\/#article","isPartOf":{"@id":"https:\/\/www.fundacionunicaja.com\/campus\/2023\/08\/05\/clausura-del-turno-2-de-campus-nautico-2023\/"},"author":{"name":"admin","@id":"https:\/\/www.fundacionunicaja.com\/campus\/#\/schema\/person\/16c011016170405833b64248beaca4c1"},"headline":"Clausura del turno 2 de Campus N\u00e1utico 2023","datePublished":"2023-08-05T09:26:08+00:00","mainEntityOfPage":{"@id":"https:\/\/www.fundacionunicaja.com\/campus\/2023\/08\/05\/clausura-del-turno-2-de-campus-nautico-2023\/"},"wordCount":243,"commentCount":0,"publisher":{"@id":"https:\/\/www.fundacionunicaja.com\/campus\/#organization"},"image":{"@id":"https:\/\/www.fundacionunicaja.com\/campus\/2023\/08\/05\/clausura-del-turno-2-de-campus-nautico-2023\/#primaryimage"},"thumbnailUrl":"https:\/\/www.fundacionunicaja.com\/campus\/wp-content\/uploads\/sites\/2\/2023\/08\/363383697_681995453969030_4497362299183859186_n.jpeg","articleSection":["Nautico"],"inLanguage":"es","potentialAction":[{"@type":"CommentAction","name":"Comment","target":["https:\/\/www.fundacionunicaja.com\/campus\/2023\/08\/05\/clausura-del-turno-2-de-campus-nautico-2023\/#respond"]}]},{"@type":"WebPage","@id":"https:\/\/www.fundacionunicaja.com\/campus\/2023\/08\/05\/clausura-del-turno-2-de-campus-nautico-2023\/","url":"https:\/\/www.fundacionunicaja.com\/campus\/2023\/08\/05\/clausura-del-turno-2-de-campus-nautico-2023\/","name":"Clausura del turno 2 de Campus N\u00e1utico 2023 - Campus Fundaci\u00f3n Unicaja","isPartOf":{"@id":"https:\/\/www.fundacionunicaja.com\/campus\/#website"},"primaryImageOfPage":{"@id":"https:\/\/www.fundacionunicaja.com\/campus\/2023\/08\/05\/clausura-del-turno-2-de-campus-nautico-2023\/#primaryimage"},"image":{"@id":"https:\/\/www.fundacionunicaja.com\/campus\/2023\/08\/05\/clausura-del-turno-2-de-campus-nautico-2023\/#primaryimage"},"thumbnailUrl":"https:\/\/www.fundacionunicaja.com\/campus\/wp-content\/uploads\/sites\/2\/2023\/08\/363383697_681995453969030_4497362299183859186_n.jpeg","datePublished":"2023-08-05T09:26:08+00:00","breadcrumb":{"@id":"https:\/\/www.fundacionunicaja.com\/campus\/2023\/08\/05\/clausura-del-turno-2-de-campus-nautico-2023\/#breadcrumb"},"inLanguage":"es","potentialAction":[{"@type":"ReadAction","target":["https:\/\/www.fundacionunicaja.com\/campus\/2023\/08\/05\/clausura-del-turno-2-de-campus-nautico-2023\/"]}]},{"@type":"ImageObject","inLanguage":"es","@id":"https:\/\/www.fundacionunicaja.com\/campus\/2023\/08\/05\/clausura-del-turno-2-de-campus-nautico-2023\/#primaryimage","url":"https:\/\/www.fundacionunicaja.com\/campus\/wp-content\/uploads\/sites\/2\/2023\/08\/363383697_681995453969030_4497362299183859186_n.jpeg","contentUrl":"https:\/\/www.fundacionunicaja.com\/campus\/wp-content\/uploads\/sites\/2\/2023\/08\/363383697_681995453969030_4497362299183859186_n.jpeg","width":2048,"height":1152},{"@type":"BreadcrumbList","@id":"https:\/\/www.fundacionunicaja.com\/campus\/2023\/08\/05\/clausura-del-turno-2-de-campus-nautico-2023\/#breadcrumb","itemListElement":[{"@type":"ListItem","position":1,"name":"Portada","item":"https:\/\/www.fundacionunicaja.com\/campus\/"},{"@type":"ListItem","position":2,"name":"Clausura del turno 2 de Campus N\u00e1utico 2023"}]},{"@type":"WebSite","@id":"https:\/\/www.fundacionunicaja.com\/campus\/#website","url":"https:\/\/www.fundacionunicaja.com\/campus\/","name":"Campus Fundaci\u00f3n Unicaja","description":"","publisher":{"@id":"https:\/\/www.fundacionunicaja.com\/campus\/#organization"},"potentialAction":[{"@type":"SearchAction","target":{"@type":"EntryPoint","urlTemplate":"https:\/\/www.fundacionunicaja.com\/campus\/?s={search_term_string}"},"query-input":{"@type":"PropertyValueSpecification","valueRequired":true,"valueName":"search_term_string"}}],"inLanguage":"es"},{"@type":"Organization","@id":"https:\/\/www.fundacionunicaja.com\/campus\/#organization","name":"Campus Fundaci\u00f3n Unicaja","url":"https:\/\/www.fundacionunicaja.com\/campus\/","logo":{"@type":"ImageObject","inLanguage":"es","@id":"https:\/\/www.fundacionunicaja.com\/campus\/#\/schema\/logo\/image\/","url":"https:\/\/www.fundacionunicaja.com\/campus\/wp-content\/uploads\/sites\/2\/2025\/03\/LOGO_unicaja-1.png","contentUrl":"https:\/\/www.fundacionunicaja.com\/campus\/wp-content\/uploads\/sites\/2\/2025\/03\/LOGO_unicaja-1.png","width":243,"height":69,"caption":"Campus Fundaci\u00f3n Unicaja"},"image":{"@id":"https:\/\/www.fundacionunicaja.com\/campus\/#\/schema\/logo\/image\/"}},{"@type":"Person","@id":"https:\/\/www.fundacionunicaja.com\/campus\/#\/schema\/person\/16c011016170405833b64248beaca4c1","name":"admin","image":{"@type":"ImageObject","inLanguage":"es","@id":"https:\/\/secure.gravatar.com\/avatar\/53fe2ed3b30640367a30f4b4978313b87fe50c8c5859f22378ec2886d080b954?s=96&d=mm&r=g","url":"https:\/\/secure.gravatar.com\/avatar\/53fe2ed3b30640367a30f4b4978313b87fe50c8c5859f22378ec2886d080b954?s=96&d=mm&r=g","contentUrl":"https:\/\/secure.gravatar.com\/avatar\/53fe2ed3b30640367a30f4b4978313b87fe50c8c5859f22378ec2886d080b954?s=96&d=mm&r=g","caption":"admin"},"sameAs":["https:\/\/www.fundacionunicaja.com\/"],"url":"https:\/\/www.fundacionunicaja.com\/campus\/author\/admin\/"}]}},"_links":{"self":[{"href":"https:\/\/www.fundacionunicaja.com\/campus\/wp-json\/wp\/v2\/posts\/6126","targetHints":{"allow":["GET"]}}],"collection":[{"href":"https:\/\/www.fundacionunicaja.com\/campus\/wp-json\/wp\/v2\/posts"}],"about":[{"href":"https:\/\/www.fundacionunicaja.com\/campus\/wp-json\/wp\/v2\/types\/post"}],"author":[{"embeddable":true,"href":"https:\/\/www.fundacionunicaja.com\/campus\/wp-json\/wp\/v2\/users\/1"}],"replies":[{"embeddable":true,"href":"https:\/\/www.fundacionunicaja.com\/campus\/wp-json\/wp\/v2\/comments?post=6126"}],"version-history":[{"count":0,"href":"https:\/\/www.fundacionunicaja.com\/campus\/wp-json\/wp\/v2\/posts\/6126\/revisions"}],"wp:featuredmedia":[{"embeddable":true,"href":"https:\/\/www.fundacionunicaja.com\/campus\/wp-json\/wp\/v2\/media\/54641"}],"wp:attachment":[{"href":"https:\/\/www.fundacionunicaja.com\/campus\/wp-json\/wp\/v2\/media?parent=6126"}],"wp:term":[{"taxonomy":"category","embeddable":true,"href":"https:\/\/www.fundacionunicaja.com\/campus\/wp-json\/wp\/v2\/categories?post=6126"},{"taxonomy":"post_tag","embeddable":true,"href":"https:\/\/www.fundacionunicaja.com\/campus\/wp-json\/wp\/v2\/tags?post=6126"}],"curies":[{"name":"wp","href":"https:\/\/api.w.org\/{rel}","templated":true}]}}