{"id":60579,"date":"2026-09-01T17:02:55","date_gmt":"2026-09-01T15:02:55","guid":{"rendered":"https:\/\/www.fundacionunicaja.com\/campus\/?p=60579"},"modified":"2026-09-01T17:02:55","modified_gmt":"2026-09-01T15:02:55","slug":"el-campus-sabinillas-llega-a-su-fin","status":"publish","type":"post","link":"https:\/\/www.fundacionunicaja.com\/campus\/2026\/09\/01\/el-campus-sabinillas-llega-a-su-fin\/","title":{"rendered":"EL CAMPUS SABINILLAS LLEGA A SU FIN"},"content":{"rendered":"<p>Tras finalizar la <strong>\u00faltima clausura del verano<\/strong>, donde ni\u00f1os y ni\u00f1as <strong>se emocionaron por todos los recuerdos de estos diez d\u00edas<\/strong>, campus sabinillas llega a su final de la mejor manera, con <strong>mucha alegr\u00eda y felicidad.<\/strong><\/p>\n<p><img fetchpriority=\"high\" decoding=\"async\" class=\"alignnone size-large wp-image-60591\" src=\"https:\/\/www.fundacionunicaja.com\/campus\/wp-content\/uploads\/sites\/2\/2026\/09\/IMG_1759_3_11zon-1024x574.jpg\" alt=\"\" width=\"800\" height=\"448\" srcset=\"https:\/\/www.fundacionunicaja.com\/campus\/wp-content\/uploads\/sites\/2\/2026\/09\/IMG_1759_3_11zon-1024x574.jpg 1024w, https:\/\/www.fundacionunicaja.com\/campus\/wp-content\/uploads\/sites\/2\/2026\/09\/IMG_1759_3_11zon-300x168.jpg 300w, https:\/\/www.fundacionunicaja.com\/campus\/wp-content\/uploads\/sites\/2\/2026\/09\/IMG_1759_3_11zon-768x431.jpg 768w, https:\/\/www.fundacionunicaja.com\/campus\/wp-content\/uploads\/sites\/2\/2026\/09\/IMG_1759_3_11zon-1536x862.jpg 1536w, https:\/\/www.fundacionunicaja.com\/campus\/wp-content\/uploads\/sites\/2\/2026\/09\/IMG_1759_3_11zon-2048x1149.jpg 2048w\" sizes=\"(max-width: 800px) 100vw, 800px\" \/><\/p>\n<p><img decoding=\"async\" class=\"alignnone size-large wp-image-60590\" src=\"https:\/\/www.fundacionunicaja.com\/campus\/wp-content\/uploads\/sites\/2\/2026\/09\/IMG_1575_4_11zon-1024x574.jpg\" alt=\"\" width=\"800\" height=\"448\" srcset=\"https:\/\/www.fundacionunicaja.com\/campus\/wp-content\/uploads\/sites\/2\/2026\/09\/IMG_1575_4_11zon-1024x574.jpg 1024w, https:\/\/www.fundacionunicaja.com\/campus\/wp-content\/uploads\/sites\/2\/2026\/09\/IMG_1575_4_11zon-300x168.jpg 300w, https:\/\/www.fundacionunicaja.com\/campus\/wp-content\/uploads\/sites\/2\/2026\/09\/IMG_1575_4_11zon-768x431.jpg 768w, https:\/\/www.fundacionunicaja.com\/campus\/wp-content\/uploads\/sites\/2\/2026\/09\/IMG_1575_4_11zon-1536x862.jpg 1536w, https:\/\/www.fundacionunicaja.com\/campus\/wp-content\/uploads\/sites\/2\/2026\/09\/IMG_1575_4_11zon-2048x1149.jpg 2048w\" sizes=\"(max-width: 800px) 100vw, 800px\" \/><\/p>\n<p><img decoding=\"async\" class=\"alignnone size-large wp-image-60589\" src=\"https:\/\/www.fundacionunicaja.com\/campus\/wp-content\/uploads\/sites\/2\/2026\/09\/IMG_0558_6_11zon-1024x574.jpg\" alt=\"\" width=\"800\" height=\"448\" srcset=\"https:\/\/www.fundacionunicaja.com\/campus\/wp-content\/uploads\/sites\/2\/2026\/09\/IMG_0558_6_11zon-1024x574.jpg 1024w, https:\/\/www.fundacionunicaja.com\/campus\/wp-content\/uploads\/sites\/2\/2026\/09\/IMG_0558_6_11zon-300x168.jpg 300w, https:\/\/www.fundacionunicaja.com\/campus\/wp-content\/uploads\/sites\/2\/2026\/09\/IMG_0558_6_11zon-768x431.jpg 768w, https:\/\/www.fundacionunicaja.com\/campus\/wp-content\/uploads\/sites\/2\/2026\/09\/IMG_0558_6_11zon-1536x862.jpg 1536w, https:\/\/www.fundacionunicaja.com\/campus\/wp-content\/uploads\/sites\/2\/2026\/09\/IMG_0558_6_11zon-2048x1149.jpg 2048w\" sizes=\"(max-width: 800px) 100vw, 800px\" \/><\/p>\n<p><img loading=\"lazy\" decoding=\"async\" class=\"alignnone size-large wp-image-60592\" src=\"https:\/\/www.fundacionunicaja.com\/campus\/wp-content\/uploads\/sites\/2\/2026\/09\/IMG_2750_5_11zon-1024x574.jpg\" alt=\"\" width=\"800\" height=\"448\" srcset=\"https:\/\/www.fundacionunicaja.com\/campus\/wp-content\/uploads\/sites\/2\/2026\/09\/IMG_2750_5_11zon-1024x574.jpg 1024w, https:\/\/www.fundacionunicaja.com\/campus\/wp-content\/uploads\/sites\/2\/2026\/09\/IMG_2750_5_11zon-300x168.jpg 300w, https:\/\/www.fundacionunicaja.com\/campus\/wp-content\/uploads\/sites\/2\/2026\/09\/IMG_2750_5_11zon-768x431.jpg 768w, https:\/\/www.fundacionunicaja.com\/campus\/wp-content\/uploads\/sites\/2\/2026\/09\/IMG_2750_5_11zon-1536x862.jpg 1536w, https:\/\/www.fundacionunicaja.com\/campus\/wp-content\/uploads\/sites\/2\/2026\/09\/IMG_2750_5_11zon-2048x1149.jpg 2048w\" sizes=\"(max-width: 800px) 100vw, 800px\" \/><\/p>\n<p>Desde el primer hasta el \u00faltimo turno, todos los ni\u00f1os han podido <strong>disfrutar de much\u00edsimas actividades<\/strong>.<\/p>\n<p><img loading=\"lazy\" decoding=\"async\" class=\"alignnone size-large wp-image-60584\" src=\"https:\/\/www.fundacionunicaja.com\/campus\/wp-content\/uploads\/sites\/2\/2026\/09\/IMG_3466_2_11zon-1024x574.jpg\" alt=\"\" width=\"800\" height=\"448\" srcset=\"https:\/\/www.fundacionunicaja.com\/campus\/wp-content\/uploads\/sites\/2\/2026\/09\/IMG_3466_2_11zon-1024x574.jpg 1024w, https:\/\/www.fundacionunicaja.com\/campus\/wp-content\/uploads\/sites\/2\/2026\/09\/IMG_3466_2_11zon-300x168.jpg 300w, https:\/\/www.fundacionunicaja.com\/campus\/wp-content\/uploads\/sites\/2\/2026\/09\/IMG_3466_2_11zon-768x431.jpg 768w, https:\/\/www.fundacionunicaja.com\/campus\/wp-content\/uploads\/sites\/2\/2026\/09\/IMG_3466_2_11zon-1536x862.jpg 1536w, https:\/\/www.fundacionunicaja.com\/campus\/wp-content\/uploads\/sites\/2\/2026\/09\/IMG_3466_2_11zon-2048x1149.jpg 2048w\" sizes=\"(max-width: 800px) 100vw, 800px\" \/><\/p>\n<p><img loading=\"lazy\" decoding=\"async\" class=\"alignnone size-large wp-image-60583\" src=\"https:\/\/www.fundacionunicaja.com\/campus\/wp-content\/uploads\/sites\/2\/2026\/09\/IMG_1015_5_11zon-1024x574.jpg\" alt=\"\" width=\"800\" height=\"448\" srcset=\"https:\/\/www.fundacionunicaja.com\/campus\/wp-content\/uploads\/sites\/2\/2026\/09\/IMG_1015_5_11zon-1024x574.jpg 1024w, https:\/\/www.fundacionunicaja.com\/campus\/wp-content\/uploads\/sites\/2\/2026\/09\/IMG_1015_5_11zon-300x168.jpg 300w, https:\/\/www.fundacionunicaja.com\/campus\/wp-content\/uploads\/sites\/2\/2026\/09\/IMG_1015_5_11zon-768x431.jpg 768w, https:\/\/www.fundacionunicaja.com\/campus\/wp-content\/uploads\/sites\/2\/2026\/09\/IMG_1015_5_11zon-1536x862.jpg 1536w, https:\/\/www.fundacionunicaja.com\/campus\/wp-content\/uploads\/sites\/2\/2026\/09\/IMG_1015_5_11zon-2048x1149.jpg 2048w\" sizes=\"(max-width: 800px) 100vw, 800px\" \/><\/p>\n<p><img loading=\"lazy\" decoding=\"async\" class=\"alignnone size-large wp-image-60582\" src=\"https:\/\/www.fundacionunicaja.com\/campus\/wp-content\/uploads\/sites\/2\/2026\/09\/IMG_0655_3_11zon-1024x574.jpg\" alt=\"\" width=\"800\" height=\"448\" srcset=\"https:\/\/www.fundacionunicaja.com\/campus\/wp-content\/uploads\/sites\/2\/2026\/09\/IMG_0655_3_11zon-1024x574.jpg 1024w, https:\/\/www.fundacionunicaja.com\/campus\/wp-content\/uploads\/sites\/2\/2026\/09\/IMG_0655_3_11zon-300x168.jpg 300w, https:\/\/www.fundacionunicaja.com\/campus\/wp-content\/uploads\/sites\/2\/2026\/09\/IMG_0655_3_11zon-768x431.jpg 768w, https:\/\/www.fundacionunicaja.com\/campus\/wp-content\/uploads\/sites\/2\/2026\/09\/IMG_0655_3_11zon-1536x862.jpg 1536w, https:\/\/www.fundacionunicaja.com\/campus\/wp-content\/uploads\/sites\/2\/2026\/09\/IMG_0655_3_11zon-2048x1149.jpg 2048w\" sizes=\"(max-width: 800px) 100vw, 800px\" \/><\/p>\n<p>Adem\u00e1s de las incre\u00edbles <strong>veladas nocturnas y matinales<\/strong>, haciendo que nuestros <strong>\u201cj\u00f3venes sabinilleros\u00bb<\/strong> no parasen a la hora de jugar.<\/p>\n<p><img loading=\"lazy\" decoding=\"async\" class=\"alignnone size-large wp-image-60581\" src=\"https:\/\/www.fundacionunicaja.com\/campus\/wp-content\/uploads\/sites\/2\/2026\/09\/IMG_0460_4_11zon-1024x574.jpg\" alt=\"\" width=\"800\" height=\"448\" srcset=\"https:\/\/www.fundacionunicaja.com\/campus\/wp-content\/uploads\/sites\/2\/2026\/09\/IMG_0460_4_11zon-1024x574.jpg 1024w, https:\/\/www.fundacionunicaja.com\/campus\/wp-content\/uploads\/sites\/2\/2026\/09\/IMG_0460_4_11zon-300x168.jpg 300w, https:\/\/www.fundacionunicaja.com\/campus\/wp-content\/uploads\/sites\/2\/2026\/09\/IMG_0460_4_11zon-768x431.jpg 768w, https:\/\/www.fundacionunicaja.com\/campus\/wp-content\/uploads\/sites\/2\/2026\/09\/IMG_0460_4_11zon-1536x862.jpg 1536w, https:\/\/www.fundacionunicaja.com\/campus\/wp-content\/uploads\/sites\/2\/2026\/09\/IMG_0460_4_11zon-2048x1149.jpg 2048w\" sizes=\"(max-width: 800px) 100vw, 800px\" \/><\/p>\n<p><img loading=\"lazy\" decoding=\"async\" class=\"alignnone size-large wp-image-60588\" src=\"https:\/\/www.fundacionunicaja.com\/campus\/wp-content\/uploads\/sites\/2\/2026\/09\/IMG_3751_2_11zon-1024x574.jpg\" alt=\"\" width=\"800\" height=\"448\" srcset=\"https:\/\/www.fundacionunicaja.com\/campus\/wp-content\/uploads\/sites\/2\/2026\/09\/IMG_3751_2_11zon-1024x574.jpg 1024w, https:\/\/www.fundacionunicaja.com\/campus\/wp-content\/uploads\/sites\/2\/2026\/09\/IMG_3751_2_11zon-300x168.jpg 300w, https:\/\/www.fundacionunicaja.com\/campus\/wp-content\/uploads\/sites\/2\/2026\/09\/IMG_3751_2_11zon-768x431.jpg 768w, https:\/\/www.fundacionunicaja.com\/campus\/wp-content\/uploads\/sites\/2\/2026\/09\/IMG_3751_2_11zon-1536x862.jpg 1536w, https:\/\/www.fundacionunicaja.com\/campus\/wp-content\/uploads\/sites\/2\/2026\/09\/IMG_3751_2_11zon-2048x1149.jpg 2048w\" sizes=\"(max-width: 800px) 100vw, 800px\" \/><\/p>\n<p>La hora del ba\u00f1o fue crucial para el <strong>descanso y poder disfrutar de nuestras piscinas e instalaciones de playa.<\/strong><\/p>\n<p><img loading=\"lazy\" decoding=\"async\" class=\"alignnone size-large wp-image-60580\" src=\"https:\/\/www.fundacionunicaja.com\/campus\/wp-content\/uploads\/sites\/2\/2026\/09\/IMG_0258_1_11zon-1024x574.jpg\" alt=\"\" width=\"800\" height=\"448\" srcset=\"https:\/\/www.fundacionunicaja.com\/campus\/wp-content\/uploads\/sites\/2\/2026\/09\/IMG_0258_1_11zon-1024x574.jpg 1024w, https:\/\/www.fundacionunicaja.com\/campus\/wp-content\/uploads\/sites\/2\/2026\/09\/IMG_0258_1_11zon-300x168.jpg 300w, https:\/\/www.fundacionunicaja.com\/campus\/wp-content\/uploads\/sites\/2\/2026\/09\/IMG_0258_1_11zon-768x431.jpg 768w, https:\/\/www.fundacionunicaja.com\/campus\/wp-content\/uploads\/sites\/2\/2026\/09\/IMG_0258_1_11zon-1536x862.jpg 1536w, https:\/\/www.fundacionunicaja.com\/campus\/wp-content\/uploads\/sites\/2\/2026\/09\/IMG_0258_1_11zon-2048x1149.jpg 2048w\" sizes=\"(max-width: 800px) 100vw, 800px\" \/><\/p>\n<p><img loading=\"lazy\" decoding=\"async\" class=\"alignnone size-large wp-image-60587\" src=\"https:\/\/www.fundacionunicaja.com\/campus\/wp-content\/uploads\/sites\/2\/2026\/09\/IMG_2945_1_11zon-1024x574.jpg\" alt=\"\" width=\"800\" height=\"448\" srcset=\"https:\/\/www.fundacionunicaja.com\/campus\/wp-content\/uploads\/sites\/2\/2026\/09\/IMG_2945_1_11zon-1024x574.jpg 1024w, https:\/\/www.fundacionunicaja.com\/campus\/wp-content\/uploads\/sites\/2\/2026\/09\/IMG_2945_1_11zon-300x168.jpg 300w, https:\/\/www.fundacionunicaja.com\/campus\/wp-content\/uploads\/sites\/2\/2026\/09\/IMG_2945_1_11zon-768x431.jpg 768w, https:\/\/www.fundacionunicaja.com\/campus\/wp-content\/uploads\/sites\/2\/2026\/09\/IMG_2945_1_11zon-1536x862.jpg 1536w, https:\/\/www.fundacionunicaja.com\/campus\/wp-content\/uploads\/sites\/2\/2026\/09\/IMG_2945_1_11zon-2048x1149.jpg 2048w\" sizes=\"(max-width: 800px) 100vw, 800px\" \/><\/p>\n<p>Por \u00faltimo, la clausura lleg\u00f3 y los ni\u00f1os e<strong>staban preparados para darlo todo a pesar de las l\u00e1grimas del final.<\/strong><\/p>\n<p><img loading=\"lazy\" decoding=\"async\" class=\"alignnone size-large wp-image-60586\" src=\"https:\/\/www.fundacionunicaja.com\/campus\/wp-content\/uploads\/sites\/2\/2026\/09\/IMG_4279_7_11zon-1024x574.jpg\" alt=\"\" width=\"800\" height=\"448\" srcset=\"https:\/\/www.fundacionunicaja.com\/campus\/wp-content\/uploads\/sites\/2\/2026\/09\/IMG_4279_7_11zon-1024x574.jpg 1024w, https:\/\/www.fundacionunicaja.com\/campus\/wp-content\/uploads\/sites\/2\/2026\/09\/IMG_4279_7_11zon-300x168.jpg 300w, https:\/\/www.fundacionunicaja.com\/campus\/wp-content\/uploads\/sites\/2\/2026\/09\/IMG_4279_7_11zon-768x431.jpg 768w, https:\/\/www.fundacionunicaja.com\/campus\/wp-content\/uploads\/sites\/2\/2026\/09\/IMG_4279_7_11zon-1536x862.jpg 1536w, https:\/\/www.fundacionunicaja.com\/campus\/wp-content\/uploads\/sites\/2\/2026\/09\/IMG_4279_7_11zon-2048x1149.jpg 2048w\" sizes=\"(max-width: 800px) 100vw, 800px\" \/><\/p>\n<p><img loading=\"lazy\" decoding=\"async\" class=\"alignnone size-large wp-image-60585\" src=\"https:\/\/www.fundacionunicaja.com\/campus\/wp-content\/uploads\/sites\/2\/2026\/09\/IMG_4276_6_11zon-1024x574.jpg\" alt=\"\" width=\"800\" height=\"448\" srcset=\"https:\/\/www.fundacionunicaja.com\/campus\/wp-content\/uploads\/sites\/2\/2026\/09\/IMG_4276_6_11zon-1024x574.jpg 1024w, https:\/\/www.fundacionunicaja.com\/campus\/wp-content\/uploads\/sites\/2\/2026\/09\/IMG_4276_6_11zon-300x168.jpg 300w, https:\/\/www.fundacionunicaja.com\/campus\/wp-content\/uploads\/sites\/2\/2026\/09\/IMG_4276_6_11zon-768x431.jpg 768w, https:\/\/www.fundacionunicaja.com\/campus\/wp-content\/uploads\/sites\/2\/2026\/09\/IMG_4276_6_11zon-1536x862.jpg 1536w, https:\/\/www.fundacionunicaja.com\/campus\/wp-content\/uploads\/sites\/2\/2026\/09\/IMG_4276_6_11zon-2048x1149.jpg 2048w\" sizes=\"(max-width: 800px) 100vw, 800px\" \/><\/p>\n<p>Muchas gracias por todo <strong>\u00a1HASTA EL PR\u00d3XIMO VERANO!<\/strong><\/p>\n","protected":false},"excerpt":{"rendered":"<p>Tras finalizar la \u00faltima clausura del verano, donde ni\u00f1os y ni\u00f1as se emocionaron por todos los recuerdos de estos diez d\u00edas, campus sabinillas llega a su final de la mejor manera, con mucha alegr\u00eda y felicidad. Desde el primer hasta el \u00faltimo turno, todos los ni\u00f1os han podido disfrutar de much\u00edsimas actividades. Adem\u00e1s de las [&hellip;]<\/p>\n","protected":false},"author":13,"featured_media":0,"comment_status":"open","ping_status":"open","sticky":false,"template":"","format":"standard","meta":{"_acf_changed":false,"footnotes":""},"categories":[12],"tags":[],"class_list":["post-60579","post","type-post","status-publish","format-standard","hentry","category-sabinillas"],"acf":[],"yoast_head":"<!-- This site is optimized with the Yoast SEO plugin v28.3 - https:\/\/yoast.com\/product\/yoast-seo-wordpress\/ -->\n<title>EL CAMPUS SABINILLAS LLEGA A SU FIN - Campus Fundaci\u00f3n Unicaja<\/title>\n<meta name=\"robots\" content=\"index, follow, max-snippet:-1, max-image-preview:large, max-video-preview:-1\" \/>\n<link rel=\"canonical\" href=\"https:\/\/www.fundacionunicaja.com\/campus\/2026\/09\/01\/el-campus-sabinillas-llega-a-su-fin\/\" \/>\n<meta property=\"og:locale\" content=\"es_ES\" \/>\n<meta property=\"og:type\" content=\"article\" \/>\n<meta property=\"og:title\" content=\"EL CAMPUS SABINILLAS LLEGA A SU FIN - Campus Fundaci\u00f3n Unicaja\" \/>\n<meta property=\"og:description\" content=\"Tras finalizar la \u00faltima clausura del verano, donde ni\u00f1os y ni\u00f1as se emocionaron por todos los recuerdos de estos diez d\u00edas, campus sabinillas llega a su final de la mejor manera, con mucha alegr\u00eda y felicidad. Desde el primer hasta el \u00faltimo turno, todos los ni\u00f1os han podido disfrutar de much\u00edsimas actividades. Adem\u00e1s de las [&hellip;]\" \/>\n<meta property=\"og:url\" content=\"https:\/\/www.fundacionunicaja.com\/campus\/2026\/09\/01\/el-campus-sabinillas-llega-a-su-fin\/\" \/>\n<meta property=\"og:site_name\" content=\"Campus Fundaci\u00f3n Unicaja\" \/>\n<meta property=\"article:published_time\" content=\"2026-09-01T15:02:55+00:00\" \/>\n<meta property=\"og:image\" content=\"https:\/\/www.fundacionunicaja.com\/campus\/wp-content\/uploads\/sites\/2\/2026\/09\/IMG_1759_3_11zon.jpg\" \/>\n\t<meta property=\"og:image:width\" content=\"2560\" \/>\n\t<meta property=\"og:image:height\" content=\"1436\" \/>\n\t<meta property=\"og:image:type\" content=\"image\/jpeg\" \/>\n<meta name=\"author\" content=\"unicampus\" \/>\n<meta name=\"twitter:card\" content=\"summary_large_image\" \/>\n<meta name=\"twitter:label1\" content=\"Escrito por\" \/>\n\t<meta name=\"twitter:data1\" content=\"unicampus\" \/>\n\t<meta name=\"twitter:label2\" content=\"Tiempo de lectura\" \/>\n\t<meta name=\"twitter:data2\" content=\"4 minutos\" \/>\n<script type=\"application\/ld+json\" class=\"yoast-schema-graph\">{\"@context\":\"https:\\\/\\\/schema.org\",\"@graph\":[{\"@type\":\"Article\",\"@id\":\"https:\\\/\\\/www.fundacionunicaja.com\\\/campus\\\/2026\\\/09\\\/01\\\/el-campus-sabinillas-llega-a-su-fin\\\/#article\",\"isPartOf\":{\"@id\":\"https:\\\/\\\/www.fundacionunicaja.com\\\/campus\\\/2026\\\/09\\\/01\\\/el-campus-sabinillas-llega-a-su-fin\\\/\"},\"author\":{\"name\":\"unicampus\",\"@id\":\"https:\\\/\\\/www.fundacionunicaja.com\\\/campus\\\/#\\\/schema\\\/person\\\/0f25eed83aa1529127f97318b1b0dac2\"},\"headline\":\"EL CAMPUS SABINILLAS LLEGA A SU FIN\",\"datePublished\":\"2026-09-01T15:02:55+00:00\",\"mainEntityOfPage\":{\"@id\":\"https:\\\/\\\/www.fundacionunicaja.com\\\/campus\\\/2026\\\/09\\\/01\\\/el-campus-sabinillas-llega-a-su-fin\\\/\"},\"wordCount\":139,\"commentCount\":0,\"publisher\":{\"@id\":\"https:\\\/\\\/www.fundacionunicaja.com\\\/campus\\\/#organization\"},\"image\":{\"@id\":\"https:\\\/\\\/www.fundacionunicaja.com\\\/campus\\\/2026\\\/09\\\/01\\\/el-campus-sabinillas-llega-a-su-fin\\\/#primaryimage\"},\"thumbnailUrl\":\"https:\\\/\\\/www.fundacionunicaja.com\\\/campus\\\/wp-content\\\/uploads\\\/sites\\\/2\\\/2026\\\/09\\\/IMG_1759_3_11zon-1024x574.jpg\",\"articleSection\":[\"Sabinillas\"],\"inLanguage\":\"es\",\"potentialAction\":[{\"@type\":\"CommentAction\",\"name\":\"Comment\",\"target\":[\"https:\\\/\\\/www.fundacionunicaja.com\\\/campus\\\/2026\\\/09\\\/01\\\/el-campus-sabinillas-llega-a-su-fin\\\/#respond\"]}]},{\"@type\":\"WebPage\",\"@id\":\"https:\\\/\\\/www.fundacionunicaja.com\\\/campus\\\/2026\\\/09\\\/01\\\/el-campus-sabinillas-llega-a-su-fin\\\/\",\"url\":\"https:\\\/\\\/www.fundacionunicaja.com\\\/campus\\\/2026\\\/09\\\/01\\\/el-campus-sabinillas-llega-a-su-fin\\\/\",\"name\":\"EL CAMPUS SABINILLAS LLEGA A SU FIN - Campus Fundaci\u00f3n Unicaja\",\"isPartOf\":{\"@id\":\"https:\\\/\\\/www.fundacionunicaja.com\\\/campus\\\/#website\"},\"primaryImageOfPage\":{\"@id\":\"https:\\\/\\\/www.fundacionunicaja.com\\\/campus\\\/2026\\\/09\\\/01\\\/el-campus-sabinillas-llega-a-su-fin\\\/#primaryimage\"},\"image\":{\"@id\":\"https:\\\/\\\/www.fundacionunicaja.com\\\/campus\\\/2026\\\/09\\\/01\\\/el-campus-sabinillas-llega-a-su-fin\\\/#primaryimage\"},\"thumbnailUrl\":\"https:\\\/\\\/www.fundacionunicaja.com\\\/campus\\\/wp-content\\\/uploads\\\/sites\\\/2\\\/2026\\\/09\\\/IMG_1759_3_11zon-1024x574.jpg\",\"datePublished\":\"2026-09-01T15:02:55+00:00\",\"breadcrumb\":{\"@id\":\"https:\\\/\\\/www.fundacionunicaja.com\\\/campus\\\/2026\\\/09\\\/01\\\/el-campus-sabinillas-llega-a-su-fin\\\/#breadcrumb\"},\"inLanguage\":\"es\",\"potentialAction\":[{\"@type\":\"ReadAction\",\"target\":[\"https:\\\/\\\/www.fundacionunicaja.com\\\/campus\\\/2026\\\/09\\\/01\\\/el-campus-sabinillas-llega-a-su-fin\\\/\"]}]},{\"@type\":\"ImageObject\",\"inLanguage\":\"es\",\"@id\":\"https:\\\/\\\/www.fundacionunicaja.com\\\/campus\\\/2026\\\/09\\\/01\\\/el-campus-sabinillas-llega-a-su-fin\\\/#primaryimage\",\"url\":\"https:\\\/\\\/www.fundacionunicaja.com\\\/campus\\\/wp-content\\\/uploads\\\/sites\\\/2\\\/2026\\\/09\\\/IMG_1759_3_11zon.jpg\",\"contentUrl\":\"https:\\\/\\\/www.fundacionunicaja.com\\\/campus\\\/wp-content\\\/uploads\\\/sites\\\/2\\\/2026\\\/09\\\/IMG_1759_3_11zon.jpg\",\"width\":2560,\"height\":1436},{\"@type\":\"BreadcrumbList\",\"@id\":\"https:\\\/\\\/www.fundacionunicaja.com\\\/campus\\\/2026\\\/09\\\/01\\\/el-campus-sabinillas-llega-a-su-fin\\\/#breadcrumb\",\"itemListElement\":[{\"@type\":\"ListItem\",\"position\":1,\"name\":\"Portada\",\"item\":\"https:\\\/\\\/www.fundacionunicaja.com\\\/campus\\\/\"},{\"@type\":\"ListItem\",\"position\":2,\"name\":\"EL CAMPUS SABINILLAS LLEGA A SU FIN\"}]},{\"@type\":\"WebSite\",\"@id\":\"https:\\\/\\\/www.fundacionunicaja.com\\\/campus\\\/#website\",\"url\":\"https:\\\/\\\/www.fundacionunicaja.com\\\/campus\\\/\",\"name\":\"Campus Fundaci\u00f3n Unicaja\",\"description\":\"\",\"publisher\":{\"@id\":\"https:\\\/\\\/www.fundacionunicaja.com\\\/campus\\\/#organization\"},\"potentialAction\":[{\"@type\":\"SearchAction\",\"target\":{\"@type\":\"EntryPoint\",\"urlTemplate\":\"https:\\\/\\\/www.fundacionunicaja.com\\\/campus\\\/?s={search_term_string}\"},\"query-input\":{\"@type\":\"PropertyValueSpecification\",\"valueRequired\":true,\"valueName\":\"search_term_string\"}}],\"inLanguage\":\"es\"},{\"@type\":\"Organization\",\"@id\":\"https:\\\/\\\/www.fundacionunicaja.com\\\/campus\\\/#organization\",\"name\":\"Campus Fundaci\u00f3n Unicaja\",\"url\":\"https:\\\/\\\/www.fundacionunicaja.com\\\/campus\\\/\",\"logo\":{\"@type\":\"ImageObject\",\"inLanguage\":\"es\",\"@id\":\"https:\\\/\\\/www.fundacionunicaja.com\\\/campus\\\/#\\\/schema\\\/logo\\\/image\\\/\",\"url\":\"https:\\\/\\\/www.fundacionunicaja.com\\\/campus\\\/wp-content\\\/uploads\\\/sites\\\/2\\\/2025\\\/03\\\/LOGO_unicaja-1.png\",\"contentUrl\":\"https:\\\/\\\/www.fundacionunicaja.com\\\/campus\\\/wp-content\\\/uploads\\\/sites\\\/2\\\/2025\\\/03\\\/LOGO_unicaja-1.png\",\"width\":243,\"height\":69,\"caption\":\"Campus Fundaci\u00f3n Unicaja\"},\"image\":{\"@id\":\"https:\\\/\\\/www.fundacionunicaja.com\\\/campus\\\/#\\\/schema\\\/logo\\\/image\\\/\"}},{\"@type\":\"Person\",\"@id\":\"https:\\\/\\\/www.fundacionunicaja.com\\\/campus\\\/#\\\/schema\\\/person\\\/0f25eed83aa1529127f97318b1b0dac2\",\"name\":\"unicampus\",\"image\":{\"@type\":\"ImageObject\",\"inLanguage\":\"es\",\"@id\":\"https:\\\/\\\/secure.gravatar.com\\\/avatar\\\/9100a8e4fbc3ced738e01809e3f2b8479cd38d25f89ce42f8abdd64176cbade4?s=96&d=mm&r=g\",\"url\":\"https:\\\/\\\/secure.gravatar.com\\\/avatar\\\/9100a8e4fbc3ced738e01809e3f2b8479cd38d25f89ce42f8abdd64176cbade4?s=96&d=mm&r=g\",\"contentUrl\":\"https:\\\/\\\/secure.gravatar.com\\\/avatar\\\/9100a8e4fbc3ced738e01809e3f2b8479cd38d25f89ce42f8abdd64176cbade4?s=96&d=mm&r=g\",\"caption\":\"unicampus\"},\"url\":\"https:\\\/\\\/www.fundacionunicaja.com\\\/campus\\\/author\\\/unicampus\\\/\"}]}<\/script>\n<!-- \/ Yoast SEO plugin. -->","yoast_head_json":{"title":"EL CAMPUS SABINILLAS LLEGA A SU FIN - Campus Fundaci\u00f3n Unicaja","robots":{"index":"index","follow":"follow","max-snippet":"max-snippet:-1","max-image-preview":"max-image-preview:large","max-video-preview":"max-video-preview:-1"},"canonical":"https:\/\/www.fundacionunicaja.com\/campus\/2026\/09\/01\/el-campus-sabinillas-llega-a-su-fin\/","og_locale":"es_ES","og_type":"article","og_title":"EL CAMPUS SABINILLAS LLEGA A SU FIN - Campus Fundaci\u00f3n Unicaja","og_description":"Tras finalizar la \u00faltima clausura del verano, donde ni\u00f1os y ni\u00f1as se emocionaron por todos los recuerdos de estos diez d\u00edas, campus sabinillas llega a su final de la mejor manera, con mucha alegr\u00eda y felicidad. Desde el primer hasta el \u00faltimo turno, todos los ni\u00f1os han podido disfrutar de much\u00edsimas actividades. Adem\u00e1s de las [&hellip;]","og_url":"https:\/\/www.fundacionunicaja.com\/campus\/2026\/09\/01\/el-campus-sabinillas-llega-a-su-fin\/","og_site_name":"Campus Fundaci\u00f3n Unicaja","article_published_time":"2026-09-01T15:02:55+00:00","og_image":[{"width":2560,"height":1436,"url":"https:\/\/www.fundacionunicaja.com\/campus\/wp-content\/uploads\/sites\/2\/2026\/09\/IMG_1759_3_11zon.jpg","type":"image\/jpeg"}],"author":"unicampus","twitter_card":"summary_large_image","twitter_misc":{"Escrito por":"unicampus","Tiempo de lectura":"4 minutos"},"schema":{"@context":"https:\/\/schema.org","@graph":[{"@type":"Article","@id":"https:\/\/www.fundacionunicaja.com\/campus\/2026\/09\/01\/el-campus-sabinillas-llega-a-su-fin\/#article","isPartOf":{"@id":"https:\/\/www.fundacionunicaja.com\/campus\/2026\/09\/01\/el-campus-sabinillas-llega-a-su-fin\/"},"author":{"name":"unicampus","@id":"https:\/\/www.fundacionunicaja.com\/campus\/#\/schema\/person\/0f25eed83aa1529127f97318b1b0dac2"},"headline":"EL CAMPUS SABINILLAS LLEGA A SU FIN","datePublished":"2026-09-01T15:02:55+00:00","mainEntityOfPage":{"@id":"https:\/\/www.fundacionunicaja.com\/campus\/2026\/09\/01\/el-campus-sabinillas-llega-a-su-fin\/"},"wordCount":139,"commentCount":0,"publisher":{"@id":"https:\/\/www.fundacionunicaja.com\/campus\/#organization"},"image":{"@id":"https:\/\/www.fundacionunicaja.com\/campus\/2026\/09\/01\/el-campus-sabinillas-llega-a-su-fin\/#primaryimage"},"thumbnailUrl":"https:\/\/www.fundacionunicaja.com\/campus\/wp-content\/uploads\/sites\/2\/2026\/09\/IMG_1759_3_11zon-1024x574.jpg","articleSection":["Sabinillas"],"inLanguage":"es","potentialAction":[{"@type":"CommentAction","name":"Comment","target":["https:\/\/www.fundacionunicaja.com\/campus\/2026\/09\/01\/el-campus-sabinillas-llega-a-su-fin\/#respond"]}]},{"@type":"WebPage","@id":"https:\/\/www.fundacionunicaja.com\/campus\/2026\/09\/01\/el-campus-sabinillas-llega-a-su-fin\/","url":"https:\/\/www.fundacionunicaja.com\/campus\/2026\/09\/01\/el-campus-sabinillas-llega-a-su-fin\/","name":"EL CAMPUS SABINILLAS LLEGA A SU FIN - Campus Fundaci\u00f3n Unicaja","isPartOf":{"@id":"https:\/\/www.fundacionunicaja.com\/campus\/#website"},"primaryImageOfPage":{"@id":"https:\/\/www.fundacionunicaja.com\/campus\/2026\/09\/01\/el-campus-sabinillas-llega-a-su-fin\/#primaryimage"},"image":{"@id":"https:\/\/www.fundacionunicaja.com\/campus\/2026\/09\/01\/el-campus-sabinillas-llega-a-su-fin\/#primaryimage"},"thumbnailUrl":"https:\/\/www.fundacionunicaja.com\/campus\/wp-content\/uploads\/sites\/2\/2026\/09\/IMG_1759_3_11zon-1024x574.jpg","datePublished":"2026-09-01T15:02:55+00:00","breadcrumb":{"@id":"https:\/\/www.fundacionunicaja.com\/campus\/2026\/09\/01\/el-campus-sabinillas-llega-a-su-fin\/#breadcrumb"},"inLanguage":"es","potentialAction":[{"@type":"ReadAction","target":["https:\/\/www.fundacionunicaja.com\/campus\/2026\/09\/01\/el-campus-sabinillas-llega-a-su-fin\/"]}]},{"@type":"ImageObject","inLanguage":"es","@id":"https:\/\/www.fundacionunicaja.com\/campus\/2026\/09\/01\/el-campus-sabinillas-llega-a-su-fin\/#primaryimage","url":"https:\/\/www.fundacionunicaja.com\/campus\/wp-content\/uploads\/sites\/2\/2026\/09\/IMG_1759_3_11zon.jpg","contentUrl":"https:\/\/www.fundacionunicaja.com\/campus\/wp-content\/uploads\/sites\/2\/2026\/09\/IMG_1759_3_11zon.jpg","width":2560,"height":1436},{"@type":"BreadcrumbList","@id":"https:\/\/www.fundacionunicaja.com\/campus\/2026\/09\/01\/el-campus-sabinillas-llega-a-su-fin\/#breadcrumb","itemListElement":[{"@type":"ListItem","position":1,"name":"Portada","item":"https:\/\/www.fundacionunicaja.com\/campus\/"},{"@type":"ListItem","position":2,"name":"EL CAMPUS SABINILLAS LLEGA A SU FIN"}]},{"@type":"WebSite","@id":"https:\/\/www.fundacionunicaja.com\/campus\/#website","url":"https:\/\/www.fundacionunicaja.com\/campus\/","name":"Campus Fundaci\u00f3n Unicaja","description":"","publisher":{"@id":"https:\/\/www.fundacionunicaja.com\/campus\/#organization"},"potentialAction":[{"@type":"SearchAction","target":{"@type":"EntryPoint","urlTemplate":"https:\/\/www.fundacionunicaja.com\/campus\/?s={search_term_string}"},"query-input":{"@type":"PropertyValueSpecification","valueRequired":true,"valueName":"search_term_string"}}],"inLanguage":"es"},{"@type":"Organization","@id":"https:\/\/www.fundacionunicaja.com\/campus\/#organization","name":"Campus Fundaci\u00f3n Unicaja","url":"https:\/\/www.fundacionunicaja.com\/campus\/","logo":{"@type":"ImageObject","inLanguage":"es","@id":"https:\/\/www.fundacionunicaja.com\/campus\/#\/schema\/logo\/image\/","url":"https:\/\/www.fundacionunicaja.com\/campus\/wp-content\/uploads\/sites\/2\/2025\/03\/LOGO_unicaja-1.png","contentUrl":"https:\/\/www.fundacionunicaja.com\/campus\/wp-content\/uploads\/sites\/2\/2025\/03\/LOGO_unicaja-1.png","width":243,"height":69,"caption":"Campus Fundaci\u00f3n Unicaja"},"image":{"@id":"https:\/\/www.fundacionunicaja.com\/campus\/#\/schema\/logo\/image\/"}},{"@type":"Person","@id":"https:\/\/www.fundacionunicaja.com\/campus\/#\/schema\/person\/0f25eed83aa1529127f97318b1b0dac2","name":"unicampus","image":{"@type":"ImageObject","inLanguage":"es","@id":"https:\/\/secure.gravatar.com\/avatar\/9100a8e4fbc3ced738e01809e3f2b8479cd38d25f89ce42f8abdd64176cbade4?s=96&d=mm&r=g","url":"https:\/\/secure.gravatar.com\/avatar\/9100a8e4fbc3ced738e01809e3f2b8479cd38d25f89ce42f8abdd64176cbade4?s=96&d=mm&r=g","contentUrl":"https:\/\/secure.gravatar.com\/avatar\/9100a8e4fbc3ced738e01809e3f2b8479cd38d25f89ce42f8abdd64176cbade4?s=96&d=mm&r=g","caption":"unicampus"},"url":"https:\/\/www.fundacionunicaja.com\/campus\/author\/unicampus\/"}]}},"_links":{"self":[{"href":"https:\/\/www.fundacionunicaja.com\/campus\/wp-json\/wp\/v2\/posts\/60579","targetHints":{"allow":["GET"]}}],"collection":[{"href":"https:\/\/www.fundacionunicaja.com\/campus\/wp-json\/wp\/v2\/posts"}],"about":[{"href":"https:\/\/www.fundacionunicaja.com\/campus\/wp-json\/wp\/v2\/types\/post"}],"author":[{"embeddable":true,"href":"https:\/\/www.fundacionunicaja.com\/campus\/wp-json\/wp\/v2\/users\/13"}],"replies":[{"embeddable":true,"href":"https:\/\/www.fundacionunicaja.com\/campus\/wp-json\/wp\/v2\/comments?post=60579"}],"version-history":[{"count":1,"href":"https:\/\/www.fundacionunicaja.com\/campus\/wp-json\/wp\/v2\/posts\/60579\/revisions"}],"predecessor-version":[{"id":60593,"href":"https:\/\/www.fundacionunicaja.com\/campus\/wp-json\/wp\/v2\/posts\/60579\/revisions\/60593"}],"wp:attachment":[{"href":"https:\/\/www.fundacionunicaja.com\/campus\/wp-json\/wp\/v2\/media?parent=60579"}],"wp:term":[{"taxonomy":"category","embeddable":true,"href":"https:\/\/www.fundacionunicaja.com\/campus\/wp-json\/wp\/v2\/categories?post=60579"},{"taxonomy":"post_tag","embeddable":true,"href":"https:\/\/www.fundacionunicaja.com\/campus\/wp-json\/wp\/v2\/tags?post=60579"}],"curies":[{"name":"wp","href":"https:\/\/api.w.org\/{rel}","templated":true}]}}