{"id":60575,"date":"2026-09-01T15:07:06","date_gmt":"2026-09-01T13:07:06","guid":{"rendered":"https:\/\/www.fundacionunicaja.com\/campus\/?p=60575"},"modified":"2026-09-01T15:07:39","modified_gmt":"2026-09-01T13:07:39","slug":"los-campus-de-fundacion-unicaja-reunen-a-6-700-jovenes-este-verano","status":"publish","type":"post","link":"https:\/\/www.fundacionunicaja.com\/campus\/2026\/09\/01\/los-campus-de-fundacion-unicaja-reunen-a-6-700-jovenes-este-verano\/","title":{"rendered":"Los Campus de Fundaci\u00f3n Unicaja re\u00fanen a 6.700 j\u00f3venes este verano"},"content":{"rendered":"<p><strong>Los Campus Fundaci\u00f3n Unicaja<\/strong> cierran la temporada estival batiendo r\u00e9cord de participaci\u00f3n un a\u00f1o m\u00e1s con la asistencia de<strong> cerca de 6.700 j\u00f3venes<\/strong> a los diferentes turnos de Campus Sabinillas (Manilva), Campus Ronda, <em>English Camp y<\/em> <em>Tech&amp;Play Camp <\/em>(Ronda), Campus Baloncesto (M\u00e1laga) y Campus N\u00e1utico (El Puerto de Santa Mar\u00eda).<\/p>\n<p>Desde su apertura el 24 de junio y hasta su clausura el 1 de septiembre, los campamentos de verano de la Fundaci\u00f3n han acogido a <strong>j\u00f3venes de entre 7 y 16 a\u00f1os<\/strong> procedentes de pr\u00e1cticamente <strong>todas las comunidades aut\u00f3nomas, Ceuta y Melilla,<\/strong> as\u00ed como participantes de hasta <strong>18 nacionalidades,<\/strong> de pa\u00edses como <strong>Italia, B\u00e9lgica, Estados Unidos, Polonia, Reino Unido, entre otros.<\/strong><\/p>\n<p>El desarrollo de esta actividad se convierte una temporada m\u00e1s en un destacado <strong>promotor de empleo joven en Andaluc\u00eda.<\/strong> Este verano se han ofertado <strong>m\u00e1s de medio millar de puestos de<\/strong> <strong>trabajo<\/strong> entre monitores, socorristas, animadores, t\u00e9cnicos audiovisuales y especialistas en deportes verticales, entre otros. Adem\u00e1s,<strong> 80 empresas proveedoras<\/strong> han contribuido con alguno de sus servicios directa o indirectamente al funcionamiento de los campamentos.<\/p>\n<p><img fetchpriority=\"high\" decoding=\"async\" class=\"aligncenter wp-image-83127 size-large\" src=\"https:\/\/www.fundacionunicaja.com\/wp-content\/uploads\/2026\/09\/Campus-Sabinillas--1024x574.jpg\" alt=\"\" width=\"800\" height=\"448\" \/><\/p>\n<p>Los Campus han ofrecido un centenar de propuestas l\u00fadico-deportivas, entre ellas<strong> actividades n\u00e1uticas, de aventura, tecnificaci\u00f3n deportiva, aprendizaje de idiomas, videojuegos y creatividad<\/strong> <strong>digital, y veladas nocturnas y animaci\u00f3n matinal.<\/strong> Este a\u00f1o como novedad, a las <strong>visitas de los jugadores y las jugadoras del Unicaja Baloncesto<\/strong> a Campus Baloncesto, se ha sumado tambi\u00e9n la visita del creador de contenido<strong><em> Spok Sponha<\/em> <\/strong>a<em> Tech&amp;Play Camp<\/em>, que comparti\u00f3 su experiencia personal y profesional en torno al mundo de los videojuegos y particip\u00f3 en diferentes actividades junto a los asistentes.<\/p>\n<p>Un a\u00f1o m\u00e1s, la <a href=\"https:\/\/www.fundacionunicaja.com\/medioambiente\/\" target=\"_blank\" rel=\"noopener\"><strong>Fundaci\u00f3n Unicaja<\/strong><\/a> mantiene su compromiso con el <strong>medio ambiente<\/strong> con una nueva edici\u00f3n de l<strong>a iniciativa \u2018Un ni\u00f1@, un \u00e1rbol\u2019.<\/strong> En su apuesta por la conservaci\u00f3n del medio ambiente y la sostenibilidad, y en consonancia con los Objetivos de Desarrollo Sostenible, se vuelve a promover la plantaci\u00f3n de un \u00e1rbol por cada participante. As\u00ed, en los pr\u00f3ximos meses se plantar\u00e1n m\u00e1s de 6.700 ejemplares que ayudar\u00e1n a recuperar espacios degradados y contribuir a mejorar la biodiversidad de enclaves naturales de los municipios donde se desarrollan los Campus. Adem\u00e1s, la iniciativa cuenta con la participaci\u00f3n del Club de Voluntarios de la Fundaci\u00f3n.<\/p>\n<p><img decoding=\"async\" class=\"aligncenter wp-image-83128 size-large\" src=\"https:\/\/www.fundacionunicaja.com\/wp-content\/uploads\/2026\/09\/Campus-Baloncesto-1024x683.jpg\" alt=\"\" width=\"800\" height=\"534\" \/><\/p>\n<p>El grado de <strong>satisfacci\u00f3n entre menores y progenitores ha sido de 4,56 sobre 5<\/strong> seg\u00fan la puntuaci\u00f3n obtenida en las encuestas realizadas. Entre las prestaciones mejor valoradas destacan especialmente las gincanas y veladas y el conjunto de actividades desarrolladas durante los Campus.<\/p>\n<p>Con m\u00e1s de seis d\u00e9cadas de trayectoria, los <strong>Campus Fundaci\u00f3n Unicaja<\/strong> contin\u00faan siendo una de las iniciativas educativas y de ocio juvenil de referencia en Andaluc\u00eda y uno de los programas con mayor participaci\u00f3n de la instituci\u00f3n dentro de su compromiso con la educaci\u00f3n integral de la infancia y la juventud.<\/p>\n<p><img decoding=\"async\" class=\"aligncenter wp-image-83129 size-large\" src=\"https:\/\/www.fundacionunicaja.com\/wp-content\/uploads\/2026\/09\/Campus-Nautico--1024x683.jpg\" alt=\"\" width=\"800\" height=\"534\" \/><\/p>\n","protected":false},"excerpt":{"rendered":"<p>Los Campus Fundaci\u00f3n Unicaja cierran la temporada estival batiendo r\u00e9cord de participaci\u00f3n un a\u00f1o m\u00e1s con la asistencia de cerca de 6.700 j\u00f3venes a los diferentes turnos de Campus Sabinillas (Manilva), Campus Ronda, English Camp y Tech&amp;Play Camp (Ronda), Campus Baloncesto (M\u00e1laga) y Campus N\u00e1utico (El Puerto de Santa Mar\u00eda). Desde su apertura el 24 [&hellip;]<\/p>\n","protected":false},"author":13,"featured_media":60577,"comment_status":"open","ping_status":"open","sticky":false,"template":"","format":"standard","meta":{"_acf_changed":false,"footnotes":""},"categories":[21],"tags":[155,177,73,15,16,20,184,197],"class_list":["post-60575","post","type-post","status-publish","format-standard","has-post-thumbnail","hentry","category-general","tag-campus-baloncesto","tag-campus-fundacion-unicaja","tag-campus-nautico","tag-campus-ronda","tag-campus-sabinillas","tag-english-camp","tag-ocio","tag-tech-play-camp"],"acf":[],"yoast_head":"<!-- This site is optimized with the Yoast SEO plugin v28.3 - https:\/\/yoast.com\/product\/yoast-seo-wordpress\/ -->\n<title>Los Campus de Fundaci\u00f3n Unicaja re\u00fanen a 6.700 j\u00f3venes este verano - Campus Fundaci\u00f3n Unicaja<\/title>\n<meta name=\"robots\" content=\"index, follow, max-snippet:-1, max-image-preview:large, max-video-preview:-1\" \/>\n<link rel=\"canonical\" href=\"https:\/\/www.fundacionunicaja.com\/campus\/2026\/09\/01\/los-campus-de-fundacion-unicaja-reunen-a-6-700-jovenes-este-verano\/\" \/>\n<meta property=\"og:locale\" content=\"es_ES\" \/>\n<meta property=\"og:type\" content=\"article\" \/>\n<meta property=\"og:title\" content=\"Los Campus de Fundaci\u00f3n Unicaja re\u00fanen a 6.700 j\u00f3venes este verano - Campus Fundaci\u00f3n Unicaja\" \/>\n<meta property=\"og:description\" content=\"Los Campus Fundaci\u00f3n Unicaja cierran la temporada estival batiendo r\u00e9cord de participaci\u00f3n un a\u00f1o m\u00e1s con la asistencia de cerca de 6.700 j\u00f3venes a los diferentes turnos de Campus Sabinillas (Manilva), Campus Ronda, English Camp y Tech&amp;Play Camp (Ronda), Campus Baloncesto (M\u00e1laga) y Campus N\u00e1utico (El Puerto de Santa Mar\u00eda). Desde su apertura el 24 [&hellip;]\" \/>\n<meta property=\"og:url\" content=\"https:\/\/www.fundacionunicaja.com\/campus\/2026\/09\/01\/los-campus-de-fundacion-unicaja-reunen-a-6-700-jovenes-este-verano\/\" \/>\n<meta property=\"og:site_name\" content=\"Campus Fundaci\u00f3n Unicaja\" \/>\n<meta property=\"article:published_time\" content=\"2026-09-01T13:07:06+00:00\" \/>\n<meta property=\"article:modified_time\" content=\"2026-09-01T13:07:39+00:00\" \/>\n<meta property=\"og:image\" content=\"https:\/\/www.fundacionunicaja.com\/campus\/wp-content\/uploads\/sites\/2\/2026\/09\/Campus-Ronda-.jpg\" \/>\n\t<meta property=\"og:image:width\" content=\"1920\" \/>\n\t<meta property=\"og:image:height\" content=\"1080\" \/>\n\t<meta property=\"og:image:type\" content=\"image\/jpeg\" \/>\n<meta name=\"author\" content=\"unicampus\" \/>\n<meta name=\"twitter:card\" content=\"summary_large_image\" \/>\n<meta name=\"twitter:label1\" content=\"Escrito por\" \/>\n\t<meta name=\"twitter:data1\" content=\"unicampus\" \/>\n\t<meta name=\"twitter:label2\" content=\"Tiempo de lectura\" \/>\n\t<meta name=\"twitter:data2\" content=\"3 minutos\" \/>\n<script type=\"application\/ld+json\" class=\"yoast-schema-graph\">{\"@context\":\"https:\\\/\\\/schema.org\",\"@graph\":[{\"@type\":\"Article\",\"@id\":\"https:\\\/\\\/www.fundacionunicaja.com\\\/campus\\\/2026\\\/09\\\/01\\\/los-campus-de-fundacion-unicaja-reunen-a-6-700-jovenes-este-verano\\\/#article\",\"isPartOf\":{\"@id\":\"https:\\\/\\\/www.fundacionunicaja.com\\\/campus\\\/2026\\\/09\\\/01\\\/los-campus-de-fundacion-unicaja-reunen-a-6-700-jovenes-este-verano\\\/\"},\"author\":{\"name\":\"unicampus\",\"@id\":\"https:\\\/\\\/www.fundacionunicaja.com\\\/campus\\\/#\\\/schema\\\/person\\\/0f25eed83aa1529127f97318b1b0dac2\"},\"headline\":\"Los Campus de Fundaci\u00f3n Unicaja re\u00fanen a 6.700 j\u00f3venes este verano\",\"datePublished\":\"2026-09-01T13:07:06+00:00\",\"dateModified\":\"2026-09-01T13:07:39+00:00\",\"mainEntityOfPage\":{\"@id\":\"https:\\\/\\\/www.fundacionunicaja.com\\\/campus\\\/2026\\\/09\\\/01\\\/los-campus-de-fundacion-unicaja-reunen-a-6-700-jovenes-este-verano\\\/\"},\"wordCount\":518,\"commentCount\":0,\"publisher\":{\"@id\":\"https:\\\/\\\/www.fundacionunicaja.com\\\/campus\\\/#organization\"},\"image\":{\"@id\":\"https:\\\/\\\/www.fundacionunicaja.com\\\/campus\\\/2026\\\/09\\\/01\\\/los-campus-de-fundacion-unicaja-reunen-a-6-700-jovenes-este-verano\\\/#primaryimage\"},\"thumbnailUrl\":\"https:\\\/\\\/www.fundacionunicaja.com\\\/campus\\\/wp-content\\\/uploads\\\/sites\\\/2\\\/2026\\\/09\\\/Campus-Ronda-.jpg\",\"keywords\":[\"Campus Baloncesto\",\"Campus Fundaci\u00f3n Unicaja\",\"Campus N\u00e1utico\",\"Campus Ronda\",\"Campus Sabinillas\",\"English Camp\",\"ocio\",\"Tech &amp; Play Camp\"],\"articleSection\":[\"General\"],\"inLanguage\":\"es\",\"potentialAction\":[{\"@type\":\"CommentAction\",\"name\":\"Comment\",\"target\":[\"https:\\\/\\\/www.fundacionunicaja.com\\\/campus\\\/2026\\\/09\\\/01\\\/los-campus-de-fundacion-unicaja-reunen-a-6-700-jovenes-este-verano\\\/#respond\"]}]},{\"@type\":\"WebPage\",\"@id\":\"https:\\\/\\\/www.fundacionunicaja.com\\\/campus\\\/2026\\\/09\\\/01\\\/los-campus-de-fundacion-unicaja-reunen-a-6-700-jovenes-este-verano\\\/\",\"url\":\"https:\\\/\\\/www.fundacionunicaja.com\\\/campus\\\/2026\\\/09\\\/01\\\/los-campus-de-fundacion-unicaja-reunen-a-6-700-jovenes-este-verano\\\/\",\"name\":\"Los Campus de Fundaci\u00f3n Unicaja re\u00fanen a 6.700 j\u00f3venes este verano - Campus Fundaci\u00f3n Unicaja\",\"isPartOf\":{\"@id\":\"https:\\\/\\\/www.fundacionunicaja.com\\\/campus\\\/#website\"},\"primaryImageOfPage\":{\"@id\":\"https:\\\/\\\/www.fundacionunicaja.com\\\/campus\\\/2026\\\/09\\\/01\\\/los-campus-de-fundacion-unicaja-reunen-a-6-700-jovenes-este-verano\\\/#primaryimage\"},\"image\":{\"@id\":\"https:\\\/\\\/www.fundacionunicaja.com\\\/campus\\\/2026\\\/09\\\/01\\\/los-campus-de-fundacion-unicaja-reunen-a-6-700-jovenes-este-verano\\\/#primaryimage\"},\"thumbnailUrl\":\"https:\\\/\\\/www.fundacionunicaja.com\\\/campus\\\/wp-content\\\/uploads\\\/sites\\\/2\\\/2026\\\/09\\\/Campus-Ronda-.jpg\",\"datePublished\":\"2026-09-01T13:07:06+00:00\",\"dateModified\":\"2026-09-01T13:07:39+00:00\",\"breadcrumb\":{\"@id\":\"https:\\\/\\\/www.fundacionunicaja.com\\\/campus\\\/2026\\\/09\\\/01\\\/los-campus-de-fundacion-unicaja-reunen-a-6-700-jovenes-este-verano\\\/#breadcrumb\"},\"inLanguage\":\"es\",\"potentialAction\":[{\"@type\":\"ReadAction\",\"target\":[\"https:\\\/\\\/www.fundacionunicaja.com\\\/campus\\\/2026\\\/09\\\/01\\\/los-campus-de-fundacion-unicaja-reunen-a-6-700-jovenes-este-verano\\\/\"]}]},{\"@type\":\"ImageObject\",\"inLanguage\":\"es\",\"@id\":\"https:\\\/\\\/www.fundacionunicaja.com\\\/campus\\\/2026\\\/09\\\/01\\\/los-campus-de-fundacion-unicaja-reunen-a-6-700-jovenes-este-verano\\\/#primaryimage\",\"url\":\"https:\\\/\\\/www.fundacionunicaja.com\\\/campus\\\/wp-content\\\/uploads\\\/sites\\\/2\\\/2026\\\/09\\\/Campus-Ronda-.jpg\",\"contentUrl\":\"https:\\\/\\\/www.fundacionunicaja.com\\\/campus\\\/wp-content\\\/uploads\\\/sites\\\/2\\\/2026\\\/09\\\/Campus-Ronda-.jpg\",\"width\":1920,\"height\":1080},{\"@type\":\"BreadcrumbList\",\"@id\":\"https:\\\/\\\/www.fundacionunicaja.com\\\/campus\\\/2026\\\/09\\\/01\\\/los-campus-de-fundacion-unicaja-reunen-a-6-700-jovenes-este-verano\\\/#breadcrumb\",\"itemListElement\":[{\"@type\":\"ListItem\",\"position\":1,\"name\":\"Portada\",\"item\":\"https:\\\/\\\/www.fundacionunicaja.com\\\/campus\\\/\"},{\"@type\":\"ListItem\",\"position\":2,\"name\":\"Los Campus de Fundaci\u00f3n Unicaja re\u00fanen a 6.700 j\u00f3venes este verano\"}]},{\"@type\":\"WebSite\",\"@id\":\"https:\\\/\\\/www.fundacionunicaja.com\\\/campus\\\/#website\",\"url\":\"https:\\\/\\\/www.fundacionunicaja.com\\\/campus\\\/\",\"name\":\"Campus Fundaci\u00f3n Unicaja\",\"description\":\"\",\"publisher\":{\"@id\":\"https:\\\/\\\/www.fundacionunicaja.com\\\/campus\\\/#organization\"},\"potentialAction\":[{\"@type\":\"SearchAction\",\"target\":{\"@type\":\"EntryPoint\",\"urlTemplate\":\"https:\\\/\\\/www.fundacionunicaja.com\\\/campus\\\/?s={search_term_string}\"},\"query-input\":{\"@type\":\"PropertyValueSpecification\",\"valueRequired\":true,\"valueName\":\"search_term_string\"}}],\"inLanguage\":\"es\"},{\"@type\":\"Organization\",\"@id\":\"https:\\\/\\\/www.fundacionunicaja.com\\\/campus\\\/#organization\",\"name\":\"Campus Fundaci\u00f3n Unicaja\",\"url\":\"https:\\\/\\\/www.fundacionunicaja.com\\\/campus\\\/\",\"logo\":{\"@type\":\"ImageObject\",\"inLanguage\":\"es\",\"@id\":\"https:\\\/\\\/www.fundacionunicaja.com\\\/campus\\\/#\\\/schema\\\/logo\\\/image\\\/\",\"url\":\"https:\\\/\\\/www.fundacionunicaja.com\\\/campus\\\/wp-content\\\/uploads\\\/sites\\\/2\\\/2025\\\/03\\\/LOGO_unicaja-1.png\",\"contentUrl\":\"https:\\\/\\\/www.fundacionunicaja.com\\\/campus\\\/wp-content\\\/uploads\\\/sites\\\/2\\\/2025\\\/03\\\/LOGO_unicaja-1.png\",\"width\":243,\"height\":69,\"caption\":\"Campus Fundaci\u00f3n Unicaja\"},\"image\":{\"@id\":\"https:\\\/\\\/www.fundacionunicaja.com\\\/campus\\\/#\\\/schema\\\/logo\\\/image\\\/\"}},{\"@type\":\"Person\",\"@id\":\"https:\\\/\\\/www.fundacionunicaja.com\\\/campus\\\/#\\\/schema\\\/person\\\/0f25eed83aa1529127f97318b1b0dac2\",\"name\":\"unicampus\",\"image\":{\"@type\":\"ImageObject\",\"inLanguage\":\"es\",\"@id\":\"https:\\\/\\\/secure.gravatar.com\\\/avatar\\\/9100a8e4fbc3ced738e01809e3f2b8479cd38d25f89ce42f8abdd64176cbade4?s=96&d=mm&r=g\",\"url\":\"https:\\\/\\\/secure.gravatar.com\\\/avatar\\\/9100a8e4fbc3ced738e01809e3f2b8479cd38d25f89ce42f8abdd64176cbade4?s=96&d=mm&r=g\",\"contentUrl\":\"https:\\\/\\\/secure.gravatar.com\\\/avatar\\\/9100a8e4fbc3ced738e01809e3f2b8479cd38d25f89ce42f8abdd64176cbade4?s=96&d=mm&r=g\",\"caption\":\"unicampus\"},\"url\":\"https:\\\/\\\/www.fundacionunicaja.com\\\/campus\\\/author\\\/unicampus\\\/\"}]}<\/script>\n<!-- \/ Yoast SEO plugin. -->","yoast_head_json":{"title":"Los Campus de Fundaci\u00f3n Unicaja re\u00fanen a 6.700 j\u00f3venes este verano - Campus Fundaci\u00f3n Unicaja","robots":{"index":"index","follow":"follow","max-snippet":"max-snippet:-1","max-image-preview":"max-image-preview:large","max-video-preview":"max-video-preview:-1"},"canonical":"https:\/\/www.fundacionunicaja.com\/campus\/2026\/09\/01\/los-campus-de-fundacion-unicaja-reunen-a-6-700-jovenes-este-verano\/","og_locale":"es_ES","og_type":"article","og_title":"Los Campus de Fundaci\u00f3n Unicaja re\u00fanen a 6.700 j\u00f3venes este verano - Campus Fundaci\u00f3n Unicaja","og_description":"Los Campus Fundaci\u00f3n Unicaja cierran la temporada estival batiendo r\u00e9cord de participaci\u00f3n un a\u00f1o m\u00e1s con la asistencia de cerca de 6.700 j\u00f3venes a los diferentes turnos de Campus Sabinillas (Manilva), Campus Ronda, English Camp y Tech&amp;Play Camp (Ronda), Campus Baloncesto (M\u00e1laga) y Campus N\u00e1utico (El Puerto de Santa Mar\u00eda). Desde su apertura el 24 [&hellip;]","og_url":"https:\/\/www.fundacionunicaja.com\/campus\/2026\/09\/01\/los-campus-de-fundacion-unicaja-reunen-a-6-700-jovenes-este-verano\/","og_site_name":"Campus Fundaci\u00f3n Unicaja","article_published_time":"2026-09-01T13:07:06+00:00","article_modified_time":"2026-09-01T13:07:39+00:00","og_image":[{"width":1920,"height":1080,"url":"https:\/\/www.fundacionunicaja.com\/campus\/wp-content\/uploads\/sites\/2\/2026\/09\/Campus-Ronda-.jpg","type":"image\/jpeg"}],"author":"unicampus","twitter_card":"summary_large_image","twitter_misc":{"Escrito por":"unicampus","Tiempo de lectura":"3 minutos"},"schema":{"@context":"https:\/\/schema.org","@graph":[{"@type":"Article","@id":"https:\/\/www.fundacionunicaja.com\/campus\/2026\/09\/01\/los-campus-de-fundacion-unicaja-reunen-a-6-700-jovenes-este-verano\/#article","isPartOf":{"@id":"https:\/\/www.fundacionunicaja.com\/campus\/2026\/09\/01\/los-campus-de-fundacion-unicaja-reunen-a-6-700-jovenes-este-verano\/"},"author":{"name":"unicampus","@id":"https:\/\/www.fundacionunicaja.com\/campus\/#\/schema\/person\/0f25eed83aa1529127f97318b1b0dac2"},"headline":"Los Campus de Fundaci\u00f3n Unicaja re\u00fanen a 6.700 j\u00f3venes este verano","datePublished":"2026-09-01T13:07:06+00:00","dateModified":"2026-09-01T13:07:39+00:00","mainEntityOfPage":{"@id":"https:\/\/www.fundacionunicaja.com\/campus\/2026\/09\/01\/los-campus-de-fundacion-unicaja-reunen-a-6-700-jovenes-este-verano\/"},"wordCount":518,"commentCount":0,"publisher":{"@id":"https:\/\/www.fundacionunicaja.com\/campus\/#organization"},"image":{"@id":"https:\/\/www.fundacionunicaja.com\/campus\/2026\/09\/01\/los-campus-de-fundacion-unicaja-reunen-a-6-700-jovenes-este-verano\/#primaryimage"},"thumbnailUrl":"https:\/\/www.fundacionunicaja.com\/campus\/wp-content\/uploads\/sites\/2\/2026\/09\/Campus-Ronda-.jpg","keywords":["Campus Baloncesto","Campus Fundaci\u00f3n Unicaja","Campus N\u00e1utico","Campus Ronda","Campus Sabinillas","English Camp","ocio","Tech &amp; Play Camp"],"articleSection":["General"],"inLanguage":"es","potentialAction":[{"@type":"CommentAction","name":"Comment","target":["https:\/\/www.fundacionunicaja.com\/campus\/2026\/09\/01\/los-campus-de-fundacion-unicaja-reunen-a-6-700-jovenes-este-verano\/#respond"]}]},{"@type":"WebPage","@id":"https:\/\/www.fundacionunicaja.com\/campus\/2026\/09\/01\/los-campus-de-fundacion-unicaja-reunen-a-6-700-jovenes-este-verano\/","url":"https:\/\/www.fundacionunicaja.com\/campus\/2026\/09\/01\/los-campus-de-fundacion-unicaja-reunen-a-6-700-jovenes-este-verano\/","name":"Los Campus de Fundaci\u00f3n Unicaja re\u00fanen a 6.700 j\u00f3venes este verano - Campus Fundaci\u00f3n Unicaja","isPartOf":{"@id":"https:\/\/www.fundacionunicaja.com\/campus\/#website"},"primaryImageOfPage":{"@id":"https:\/\/www.fundacionunicaja.com\/campus\/2026\/09\/01\/los-campus-de-fundacion-unicaja-reunen-a-6-700-jovenes-este-verano\/#primaryimage"},"image":{"@id":"https:\/\/www.fundacionunicaja.com\/campus\/2026\/09\/01\/los-campus-de-fundacion-unicaja-reunen-a-6-700-jovenes-este-verano\/#primaryimage"},"thumbnailUrl":"https:\/\/www.fundacionunicaja.com\/campus\/wp-content\/uploads\/sites\/2\/2026\/09\/Campus-Ronda-.jpg","datePublished":"2026-09-01T13:07:06+00:00","dateModified":"2026-09-01T13:07:39+00:00","breadcrumb":{"@id":"https:\/\/www.fundacionunicaja.com\/campus\/2026\/09\/01\/los-campus-de-fundacion-unicaja-reunen-a-6-700-jovenes-este-verano\/#breadcrumb"},"inLanguage":"es","potentialAction":[{"@type":"ReadAction","target":["https:\/\/www.fundacionunicaja.com\/campus\/2026\/09\/01\/los-campus-de-fundacion-unicaja-reunen-a-6-700-jovenes-este-verano\/"]}]},{"@type":"ImageObject","inLanguage":"es","@id":"https:\/\/www.fundacionunicaja.com\/campus\/2026\/09\/01\/los-campus-de-fundacion-unicaja-reunen-a-6-700-jovenes-este-verano\/#primaryimage","url":"https:\/\/www.fundacionunicaja.com\/campus\/wp-content\/uploads\/sites\/2\/2026\/09\/Campus-Ronda-.jpg","contentUrl":"https:\/\/www.fundacionunicaja.com\/campus\/wp-content\/uploads\/sites\/2\/2026\/09\/Campus-Ronda-.jpg","width":1920,"height":1080},{"@type":"BreadcrumbList","@id":"https:\/\/www.fundacionunicaja.com\/campus\/2026\/09\/01\/los-campus-de-fundacion-unicaja-reunen-a-6-700-jovenes-este-verano\/#breadcrumb","itemListElement":[{"@type":"ListItem","position":1,"name":"Portada","item":"https:\/\/www.fundacionunicaja.com\/campus\/"},{"@type":"ListItem","position":2,"name":"Los Campus de Fundaci\u00f3n Unicaja re\u00fanen a 6.700 j\u00f3venes este verano"}]},{"@type":"WebSite","@id":"https:\/\/www.fundacionunicaja.com\/campus\/#website","url":"https:\/\/www.fundacionunicaja.com\/campus\/","name":"Campus Fundaci\u00f3n Unicaja","description":"","publisher":{"@id":"https:\/\/www.fundacionunicaja.com\/campus\/#organization"},"potentialAction":[{"@type":"SearchAction","target":{"@type":"EntryPoint","urlTemplate":"https:\/\/www.fundacionunicaja.com\/campus\/?s={search_term_string}"},"query-input":{"@type":"PropertyValueSpecification","valueRequired":true,"valueName":"search_term_string"}}],"inLanguage":"es"},{"@type":"Organization","@id":"https:\/\/www.fundacionunicaja.com\/campus\/#organization","name":"Campus Fundaci\u00f3n Unicaja","url":"https:\/\/www.fundacionunicaja.com\/campus\/","logo":{"@type":"ImageObject","inLanguage":"es","@id":"https:\/\/www.fundacionunicaja.com\/campus\/#\/schema\/logo\/image\/","url":"https:\/\/www.fundacionunicaja.com\/campus\/wp-content\/uploads\/sites\/2\/2025\/03\/LOGO_unicaja-1.png","contentUrl":"https:\/\/www.fundacionunicaja.com\/campus\/wp-content\/uploads\/sites\/2\/2025\/03\/LOGO_unicaja-1.png","width":243,"height":69,"caption":"Campus Fundaci\u00f3n Unicaja"},"image":{"@id":"https:\/\/www.fundacionunicaja.com\/campus\/#\/schema\/logo\/image\/"}},{"@type":"Person","@id":"https:\/\/www.fundacionunicaja.com\/campus\/#\/schema\/person\/0f25eed83aa1529127f97318b1b0dac2","name":"unicampus","image":{"@type":"ImageObject","inLanguage":"es","@id":"https:\/\/secure.gravatar.com\/avatar\/9100a8e4fbc3ced738e01809e3f2b8479cd38d25f89ce42f8abdd64176cbade4?s=96&d=mm&r=g","url":"https:\/\/secure.gravatar.com\/avatar\/9100a8e4fbc3ced738e01809e3f2b8479cd38d25f89ce42f8abdd64176cbade4?s=96&d=mm&r=g","contentUrl":"https:\/\/secure.gravatar.com\/avatar\/9100a8e4fbc3ced738e01809e3f2b8479cd38d25f89ce42f8abdd64176cbade4?s=96&d=mm&r=g","caption":"unicampus"},"url":"https:\/\/www.fundacionunicaja.com\/campus\/author\/unicampus\/"}]}},"_links":{"self":[{"href":"https:\/\/www.fundacionunicaja.com\/campus\/wp-json\/wp\/v2\/posts\/60575","targetHints":{"allow":["GET"]}}],"collection":[{"href":"https:\/\/www.fundacionunicaja.com\/campus\/wp-json\/wp\/v2\/posts"}],"about":[{"href":"https:\/\/www.fundacionunicaja.com\/campus\/wp-json\/wp\/v2\/types\/post"}],"author":[{"embeddable":true,"href":"https:\/\/www.fundacionunicaja.com\/campus\/wp-json\/wp\/v2\/users\/13"}],"replies":[{"embeddable":true,"href":"https:\/\/www.fundacionunicaja.com\/campus\/wp-json\/wp\/v2\/comments?post=60575"}],"version-history":[{"count":1,"href":"https:\/\/www.fundacionunicaja.com\/campus\/wp-json\/wp\/v2\/posts\/60575\/revisions"}],"predecessor-version":[{"id":60576,"href":"https:\/\/www.fundacionunicaja.com\/campus\/wp-json\/wp\/v2\/posts\/60575\/revisions\/60576"}],"wp:featuredmedia":[{"embeddable":true,"href":"https:\/\/www.fundacionunicaja.com\/campus\/wp-json\/wp\/v2\/media\/60577"}],"wp:attachment":[{"href":"https:\/\/www.fundacionunicaja.com\/campus\/wp-json\/wp\/v2\/media?parent=60575"}],"wp:term":[{"taxonomy":"category","embeddable":true,"href":"https:\/\/www.fundacionunicaja.com\/campus\/wp-json\/wp\/v2\/categories?post=60575"},{"taxonomy":"post_tag","embeddable":true,"href":"https:\/\/www.fundacionunicaja.com\/campus\/wp-json\/wp\/v2\/tags?post=60575"}],"curies":[{"name":"wp","href":"https:\/\/api.w.org\/{rel}","templated":true}]}}