{"id":59616,"date":"2025-08-07T01:01:19","date_gmt":"2025-08-06T23:01:19","guid":{"rendered":"https:\/\/www.fundacionunicaja.com\/campus\/?p=59616"},"modified":"2025-08-07T01:01:19","modified_gmt":"2025-08-06T23:01:19","slug":"con-el-final-del-turno-5-campus-ronda-se-despide-del-modo-mas-emotivo-posible-hasta-el-ano-que-viene","status":"publish","type":"post","link":"https:\/\/www.fundacionunicaja.com\/campus\/2025\/08\/07\/con-el-final-del-turno-5-campus-ronda-se-despide-del-modo-mas-emotivo-posible-hasta-el-ano-que-viene\/","title":{"rendered":"Con el final del turno 5 Campus Ronda se despide del modo m\u00e1s emotivo posible hasta el a\u00f1o que viene"},"content":{"rendered":"<p><b>El quinto y \u00faltimo turno de Campus Ronda lleg\u00f3 a su fin ayer con una emotiva ceremonia de clausura<\/b><span style=\"font-weight: 400\">, tras un \u00faltimo d\u00eda en el que los chicos y chicas aprovecharon al m\u00e1ximo la piscina, la salida al pueblo, y las esperadas Olimpiadas y Rondacolors.\u00a0<\/span><\/p>\n<p><img fetchpriority=\"high\" decoding=\"async\" class=\"alignnone size-large wp-image-59618\" src=\"https:\/\/www.fundacionunicaja.com\/campus\/wp-content\/uploads\/sites\/2\/2025\/08\/T5CL1462-1024x576.png\" alt=\"\" width=\"800\" height=\"450\" srcset=\"https:\/\/www.fundacionunicaja.com\/campus\/wp-content\/uploads\/sites\/2\/2025\/08\/T5CL1462-1024x576.png 1024w, https:\/\/www.fundacionunicaja.com\/campus\/wp-content\/uploads\/sites\/2\/2025\/08\/T5CL1462-300x169.png 300w, https:\/\/www.fundacionunicaja.com\/campus\/wp-content\/uploads\/sites\/2\/2025\/08\/T5CL1462-768x432.png 768w, https:\/\/www.fundacionunicaja.com\/campus\/wp-content\/uploads\/sites\/2\/2025\/08\/T5CL1462-1536x864.png 1536w, https:\/\/www.fundacionunicaja.com\/campus\/wp-content\/uploads\/sites\/2\/2025\/08\/T5CL1462.png 1920w\" sizes=\"(max-width: 800px) 100vw, 800px\" \/><\/p>\n<p><span style=\"font-weight: 400\">La ceremonia incluy\u00f3 los \u00faltimos juegos y el <\/span><b>esperado recuento de puntos de la Copa Campus, que proclam\u00f3 a la casa de F\u00e9nix como campeona de este turno 5<\/b><span style=\"font-weight: 400\">. Habr\u00e1 que ver si el pr\u00f3ximo verano logran defender el t\u00edtulo cuando regresen a las instalaciones.<\/span><\/p>\n<p><img decoding=\"async\" class=\"alignnone size-large wp-image-59619\" src=\"https:\/\/www.fundacionunicaja.com\/campus\/wp-content\/uploads\/sites\/2\/2025\/08\/T5CL1501-1024x576.jpg\" alt=\"\" width=\"800\" height=\"450\" srcset=\"https:\/\/www.fundacionunicaja.com\/campus\/wp-content\/uploads\/sites\/2\/2025\/08\/T5CL1501-1024x576.jpg 1024w, https:\/\/www.fundacionunicaja.com\/campus\/wp-content\/uploads\/sites\/2\/2025\/08\/T5CL1501-300x169.jpg 300w, https:\/\/www.fundacionunicaja.com\/campus\/wp-content\/uploads\/sites\/2\/2025\/08\/T5CL1501-768x432.jpg 768w, https:\/\/www.fundacionunicaja.com\/campus\/wp-content\/uploads\/sites\/2\/2025\/08\/T5CL1501-1536x864.jpg 1536w, https:\/\/www.fundacionunicaja.com\/campus\/wp-content\/uploads\/sites\/2\/2025\/08\/T5CL1501.jpg 1920w\" sizes=\"(max-width: 800px) 100vw, 800px\" \/><\/p>\n<p><b>Con la finalizaci\u00f3n de este turno 5 de Campus Ronda 2025, la experiencia Campus se despide por ahora<\/b><span style=\"font-weight: 400\">. A los ni\u00f1os y ni\u00f1as les quedan unos meses para acumular ganas y volver con m\u00e1s energ\u00eda en 2026, listos para reencontrarse con los muchos amigos que han hecho este a\u00f1o y las nuevas sorpresas que el Campus les tendr\u00e1 preparadas.\u00a0<\/span><\/p>\n<p><img decoding=\"async\" class=\"alignnone size-large wp-image-59620\" src=\"https:\/\/www.fundacionunicaja.com\/campus\/wp-content\/uploads\/sites\/2\/2025\/08\/T5CL1510-1024x576.png\" alt=\"\" width=\"800\" height=\"450\" srcset=\"https:\/\/www.fundacionunicaja.com\/campus\/wp-content\/uploads\/sites\/2\/2025\/08\/T5CL1510-1024x576.png 1024w, https:\/\/www.fundacionunicaja.com\/campus\/wp-content\/uploads\/sites\/2\/2025\/08\/T5CL1510-300x169.png 300w, https:\/\/www.fundacionunicaja.com\/campus\/wp-content\/uploads\/sites\/2\/2025\/08\/T5CL1510-768x432.png 768w, https:\/\/www.fundacionunicaja.com\/campus\/wp-content\/uploads\/sites\/2\/2025\/08\/T5CL1510-1536x864.png 1536w, https:\/\/www.fundacionunicaja.com\/campus\/wp-content\/uploads\/sites\/2\/2025\/08\/T5CL1510.png 1920w\" sizes=\"(max-width: 800px) 100vw, 800px\" \/><\/p>\n","protected":false},"excerpt":{"rendered":"<p>El quinto y \u00faltimo turno de Campus Ronda lleg\u00f3 a su fin ayer con una emotiva ceremonia de clausura, tras un \u00faltimo d\u00eda en el que los chicos y chicas aprovecharon al m\u00e1ximo la piscina, la salida al pueblo, y las esperadas Olimpiadas y Rondacolors.\u00a0 La ceremonia incluy\u00f3 los \u00faltimos juegos y el esperado recuento [&hellip;]<\/p>\n","protected":false},"author":13,"featured_media":59617,"comment_status":"open","ping_status":"open","sticky":false,"template":"","format":"standard","meta":{"_acf_changed":false,"footnotes":""},"categories":[182,25],"tags":[],"class_list":["post-59616","post","type-post","status-publish","format-standard","has-post-thumbnail","hentry","category-campus","category-ronda"],"acf":[],"yoast_head":"<!-- This site is optimized with the Yoast SEO plugin v27.4 - https:\/\/yoast.com\/product\/yoast-seo-wordpress\/ -->\n<title>Con el final del turno 5 Campus Ronda se despide del modo m\u00e1s emotivo posible hasta el a\u00f1o que viene - Campus Fundaci\u00f3n Unicaja<\/title>\n<meta name=\"robots\" content=\"index, follow, max-snippet:-1, max-image-preview:large, max-video-preview:-1\" \/>\n<link rel=\"canonical\" href=\"https:\/\/www.fundacionunicaja.com\/campus\/2025\/08\/07\/con-el-final-del-turno-5-campus-ronda-se-despide-del-modo-mas-emotivo-posible-hasta-el-ano-que-viene\/\" \/>\n<meta property=\"og:locale\" content=\"es_ES\" \/>\n<meta property=\"og:type\" content=\"article\" \/>\n<meta property=\"og:title\" content=\"Con el final del turno 5 Campus Ronda se despide del modo m\u00e1s emotivo posible hasta el a\u00f1o que viene - Campus Fundaci\u00f3n Unicaja\" \/>\n<meta property=\"og:description\" content=\"El quinto y \u00faltimo turno de Campus Ronda lleg\u00f3 a su fin ayer con una emotiva ceremonia de clausura, tras un \u00faltimo d\u00eda en el que los chicos y chicas aprovecharon al m\u00e1ximo la piscina, la salida al pueblo, y las esperadas Olimpiadas y Rondacolors.\u00a0 La ceremonia incluy\u00f3 los \u00faltimos juegos y el esperado recuento [&hellip;]\" \/>\n<meta property=\"og:url\" content=\"https:\/\/www.fundacionunicaja.com\/campus\/2025\/08\/07\/con-el-final-del-turno-5-campus-ronda-se-despide-del-modo-mas-emotivo-posible-hasta-el-ano-que-viene\/\" \/>\n<meta property=\"og:site_name\" content=\"Campus Fundaci\u00f3n Unicaja\" \/>\n<meta property=\"article:published_time\" content=\"2025-08-06T23:01:19+00:00\" \/>\n<meta property=\"og:image\" content=\"https:\/\/www.fundacionunicaja.com\/campus\/wp-content\/uploads\/sites\/2\/2025\/08\/T5CL1536.jpg\" \/>\n\t<meta property=\"og:image:width\" content=\"1920\" \/>\n\t<meta property=\"og:image:height\" content=\"1080\" \/>\n\t<meta property=\"og:image:type\" content=\"image\/jpeg\" \/>\n<meta name=\"author\" content=\"unicampus\" \/>\n<meta name=\"twitter:card\" content=\"summary_large_image\" \/>\n<meta name=\"twitter:label1\" content=\"Escrito por\" \/>\n\t<meta name=\"twitter:data1\" content=\"unicampus\" \/>\n\t<meta name=\"twitter:label2\" content=\"Tiempo de lectura\" \/>\n\t<meta name=\"twitter:data2\" content=\"1 minuto\" \/>\n<script type=\"application\/ld+json\" class=\"yoast-schema-graph\">{\"@context\":\"https:\\\/\\\/schema.org\",\"@graph\":[{\"@type\":\"Article\",\"@id\":\"https:\\\/\\\/www.fundacionunicaja.com\\\/campus\\\/2025\\\/08\\\/07\\\/con-el-final-del-turno-5-campus-ronda-se-despide-del-modo-mas-emotivo-posible-hasta-el-ano-que-viene\\\/#article\",\"isPartOf\":{\"@id\":\"https:\\\/\\\/www.fundacionunicaja.com\\\/campus\\\/2025\\\/08\\\/07\\\/con-el-final-del-turno-5-campus-ronda-se-despide-del-modo-mas-emotivo-posible-hasta-el-ano-que-viene\\\/\"},\"author\":{\"name\":\"unicampus\",\"@id\":\"https:\\\/\\\/www.fundacionunicaja.com\\\/campus\\\/#\\\/schema\\\/person\\\/0f25eed83aa1529127f97318b1b0dac2\"},\"headline\":\"Con el final del turno 5 Campus Ronda se despide del modo m\u00e1s emotivo posible hasta el a\u00f1o que viene\",\"datePublished\":\"2025-08-06T23:01:19+00:00\",\"mainEntityOfPage\":{\"@id\":\"https:\\\/\\\/www.fundacionunicaja.com\\\/campus\\\/2025\\\/08\\\/07\\\/con-el-final-del-turno-5-campus-ronda-se-despide-del-modo-mas-emotivo-posible-hasta-el-ano-que-viene\\\/\"},\"wordCount\":177,\"commentCount\":0,\"publisher\":{\"@id\":\"https:\\\/\\\/www.fundacionunicaja.com\\\/campus\\\/#organization\"},\"image\":{\"@id\":\"https:\\\/\\\/www.fundacionunicaja.com\\\/campus\\\/2025\\\/08\\\/07\\\/con-el-final-del-turno-5-campus-ronda-se-despide-del-modo-mas-emotivo-posible-hasta-el-ano-que-viene\\\/#primaryimage\"},\"thumbnailUrl\":\"https:\\\/\\\/www.fundacionunicaja.com\\\/campus\\\/wp-content\\\/uploads\\\/sites\\\/2\\\/2025\\\/08\\\/T5CL1536.jpg\",\"articleSection\":[\"CAMPUS\",\"Ronda\"],\"inLanguage\":\"es\",\"potentialAction\":[{\"@type\":\"CommentAction\",\"name\":\"Comment\",\"target\":[\"https:\\\/\\\/www.fundacionunicaja.com\\\/campus\\\/2025\\\/08\\\/07\\\/con-el-final-del-turno-5-campus-ronda-se-despide-del-modo-mas-emotivo-posible-hasta-el-ano-que-viene\\\/#respond\"]}]},{\"@type\":\"WebPage\",\"@id\":\"https:\\\/\\\/www.fundacionunicaja.com\\\/campus\\\/2025\\\/08\\\/07\\\/con-el-final-del-turno-5-campus-ronda-se-despide-del-modo-mas-emotivo-posible-hasta-el-ano-que-viene\\\/\",\"url\":\"https:\\\/\\\/www.fundacionunicaja.com\\\/campus\\\/2025\\\/08\\\/07\\\/con-el-final-del-turno-5-campus-ronda-se-despide-del-modo-mas-emotivo-posible-hasta-el-ano-que-viene\\\/\",\"name\":\"Con el final del turno 5 Campus Ronda se despide del modo m\u00e1s emotivo posible hasta el a\u00f1o que viene - Campus Fundaci\u00f3n Unicaja\",\"isPartOf\":{\"@id\":\"https:\\\/\\\/www.fundacionunicaja.com\\\/campus\\\/#website\"},\"primaryImageOfPage\":{\"@id\":\"https:\\\/\\\/www.fundacionunicaja.com\\\/campus\\\/2025\\\/08\\\/07\\\/con-el-final-del-turno-5-campus-ronda-se-despide-del-modo-mas-emotivo-posible-hasta-el-ano-que-viene\\\/#primaryimage\"},\"image\":{\"@id\":\"https:\\\/\\\/www.fundacionunicaja.com\\\/campus\\\/2025\\\/08\\\/07\\\/con-el-final-del-turno-5-campus-ronda-se-despide-del-modo-mas-emotivo-posible-hasta-el-ano-que-viene\\\/#primaryimage\"},\"thumbnailUrl\":\"https:\\\/\\\/www.fundacionunicaja.com\\\/campus\\\/wp-content\\\/uploads\\\/sites\\\/2\\\/2025\\\/08\\\/T5CL1536.jpg\",\"datePublished\":\"2025-08-06T23:01:19+00:00\",\"breadcrumb\":{\"@id\":\"https:\\\/\\\/www.fundacionunicaja.com\\\/campus\\\/2025\\\/08\\\/07\\\/con-el-final-del-turno-5-campus-ronda-se-despide-del-modo-mas-emotivo-posible-hasta-el-ano-que-viene\\\/#breadcrumb\"},\"inLanguage\":\"es\",\"potentialAction\":[{\"@type\":\"ReadAction\",\"target\":[\"https:\\\/\\\/www.fundacionunicaja.com\\\/campus\\\/2025\\\/08\\\/07\\\/con-el-final-del-turno-5-campus-ronda-se-despide-del-modo-mas-emotivo-posible-hasta-el-ano-que-viene\\\/\"]}]},{\"@type\":\"ImageObject\",\"inLanguage\":\"es\",\"@id\":\"https:\\\/\\\/www.fundacionunicaja.com\\\/campus\\\/2025\\\/08\\\/07\\\/con-el-final-del-turno-5-campus-ronda-se-despide-del-modo-mas-emotivo-posible-hasta-el-ano-que-viene\\\/#primaryimage\",\"url\":\"https:\\\/\\\/www.fundacionunicaja.com\\\/campus\\\/wp-content\\\/uploads\\\/sites\\\/2\\\/2025\\\/08\\\/T5CL1536.jpg\",\"contentUrl\":\"https:\\\/\\\/www.fundacionunicaja.com\\\/campus\\\/wp-content\\\/uploads\\\/sites\\\/2\\\/2025\\\/08\\\/T5CL1536.jpg\",\"width\":1920,\"height\":1080},{\"@type\":\"BreadcrumbList\",\"@id\":\"https:\\\/\\\/www.fundacionunicaja.com\\\/campus\\\/2025\\\/08\\\/07\\\/con-el-final-del-turno-5-campus-ronda-se-despide-del-modo-mas-emotivo-posible-hasta-el-ano-que-viene\\\/#breadcrumb\",\"itemListElement\":[{\"@type\":\"ListItem\",\"position\":1,\"name\":\"Portada\",\"item\":\"https:\\\/\\\/www.fundacionunicaja.com\\\/campus\\\/\"},{\"@type\":\"ListItem\",\"position\":2,\"name\":\"Con el final del turno 5 Campus Ronda se despide del modo m\u00e1s emotivo posible hasta el a\u00f1o que viene\"}]},{\"@type\":\"WebSite\",\"@id\":\"https:\\\/\\\/www.fundacionunicaja.com\\\/campus\\\/#website\",\"url\":\"https:\\\/\\\/www.fundacionunicaja.com\\\/campus\\\/\",\"name\":\"Campus Fundaci\u00f3n Unicaja\",\"description\":\"\",\"publisher\":{\"@id\":\"https:\\\/\\\/www.fundacionunicaja.com\\\/campus\\\/#organization\"},\"potentialAction\":[{\"@type\":\"SearchAction\",\"target\":{\"@type\":\"EntryPoint\",\"urlTemplate\":\"https:\\\/\\\/www.fundacionunicaja.com\\\/campus\\\/?s={search_term_string}\"},\"query-input\":{\"@type\":\"PropertyValueSpecification\",\"valueRequired\":true,\"valueName\":\"search_term_string\"}}],\"inLanguage\":\"es\"},{\"@type\":\"Organization\",\"@id\":\"https:\\\/\\\/www.fundacionunicaja.com\\\/campus\\\/#organization\",\"name\":\"Campus Fundaci\u00f3n Unicaja\",\"url\":\"https:\\\/\\\/www.fundacionunicaja.com\\\/campus\\\/\",\"logo\":{\"@type\":\"ImageObject\",\"inLanguage\":\"es\",\"@id\":\"https:\\\/\\\/www.fundacionunicaja.com\\\/campus\\\/#\\\/schema\\\/logo\\\/image\\\/\",\"url\":\"https:\\\/\\\/www.fundacionunicaja.com\\\/campus\\\/wp-content\\\/uploads\\\/sites\\\/2\\\/2025\\\/03\\\/LOGO_unicaja-1.png\",\"contentUrl\":\"https:\\\/\\\/www.fundacionunicaja.com\\\/campus\\\/wp-content\\\/uploads\\\/sites\\\/2\\\/2025\\\/03\\\/LOGO_unicaja-1.png\",\"width\":243,\"height\":69,\"caption\":\"Campus Fundaci\u00f3n Unicaja\"},\"image\":{\"@id\":\"https:\\\/\\\/www.fundacionunicaja.com\\\/campus\\\/#\\\/schema\\\/logo\\\/image\\\/\"}},{\"@type\":\"Person\",\"@id\":\"https:\\\/\\\/www.fundacionunicaja.com\\\/campus\\\/#\\\/schema\\\/person\\\/0f25eed83aa1529127f97318b1b0dac2\",\"name\":\"unicampus\",\"image\":{\"@type\":\"ImageObject\",\"inLanguage\":\"es\",\"@id\":\"https:\\\/\\\/secure.gravatar.com\\\/avatar\\\/9100a8e4fbc3ced738e01809e3f2b8479cd38d25f89ce42f8abdd64176cbade4?s=96&d=mm&r=g\",\"url\":\"https:\\\/\\\/secure.gravatar.com\\\/avatar\\\/9100a8e4fbc3ced738e01809e3f2b8479cd38d25f89ce42f8abdd64176cbade4?s=96&d=mm&r=g\",\"contentUrl\":\"https:\\\/\\\/secure.gravatar.com\\\/avatar\\\/9100a8e4fbc3ced738e01809e3f2b8479cd38d25f89ce42f8abdd64176cbade4?s=96&d=mm&r=g\",\"caption\":\"unicampus\"},\"url\":\"https:\\\/\\\/www.fundacionunicaja.com\\\/campus\\\/author\\\/unicampus\\\/\"}]}<\/script>\n<!-- \/ Yoast SEO plugin. -->","yoast_head_json":{"title":"Con el final del turno 5 Campus Ronda se despide del modo m\u00e1s emotivo posible hasta el a\u00f1o que viene - Campus Fundaci\u00f3n Unicaja","robots":{"index":"index","follow":"follow","max-snippet":"max-snippet:-1","max-image-preview":"max-image-preview:large","max-video-preview":"max-video-preview:-1"},"canonical":"https:\/\/www.fundacionunicaja.com\/campus\/2025\/08\/07\/con-el-final-del-turno-5-campus-ronda-se-despide-del-modo-mas-emotivo-posible-hasta-el-ano-que-viene\/","og_locale":"es_ES","og_type":"article","og_title":"Con el final del turno 5 Campus Ronda se despide del modo m\u00e1s emotivo posible hasta el a\u00f1o que viene - Campus Fundaci\u00f3n Unicaja","og_description":"El quinto y \u00faltimo turno de Campus Ronda lleg\u00f3 a su fin ayer con una emotiva ceremonia de clausura, tras un \u00faltimo d\u00eda en el que los chicos y chicas aprovecharon al m\u00e1ximo la piscina, la salida al pueblo, y las esperadas Olimpiadas y Rondacolors.\u00a0 La ceremonia incluy\u00f3 los \u00faltimos juegos y el esperado recuento [&hellip;]","og_url":"https:\/\/www.fundacionunicaja.com\/campus\/2025\/08\/07\/con-el-final-del-turno-5-campus-ronda-se-despide-del-modo-mas-emotivo-posible-hasta-el-ano-que-viene\/","og_site_name":"Campus Fundaci\u00f3n Unicaja","article_published_time":"2025-08-06T23:01:19+00:00","og_image":[{"width":1920,"height":1080,"url":"https:\/\/www.fundacionunicaja.com\/campus\/wp-content\/uploads\/sites\/2\/2025\/08\/T5CL1536.jpg","type":"image\/jpeg"}],"author":"unicampus","twitter_card":"summary_large_image","twitter_misc":{"Escrito por":"unicampus","Tiempo de lectura":"1 minuto"},"schema":{"@context":"https:\/\/schema.org","@graph":[{"@type":"Article","@id":"https:\/\/www.fundacionunicaja.com\/campus\/2025\/08\/07\/con-el-final-del-turno-5-campus-ronda-se-despide-del-modo-mas-emotivo-posible-hasta-el-ano-que-viene\/#article","isPartOf":{"@id":"https:\/\/www.fundacionunicaja.com\/campus\/2025\/08\/07\/con-el-final-del-turno-5-campus-ronda-se-despide-del-modo-mas-emotivo-posible-hasta-el-ano-que-viene\/"},"author":{"name":"unicampus","@id":"https:\/\/www.fundacionunicaja.com\/campus\/#\/schema\/person\/0f25eed83aa1529127f97318b1b0dac2"},"headline":"Con el final del turno 5 Campus Ronda se despide del modo m\u00e1s emotivo posible hasta el a\u00f1o que viene","datePublished":"2025-08-06T23:01:19+00:00","mainEntityOfPage":{"@id":"https:\/\/www.fundacionunicaja.com\/campus\/2025\/08\/07\/con-el-final-del-turno-5-campus-ronda-se-despide-del-modo-mas-emotivo-posible-hasta-el-ano-que-viene\/"},"wordCount":177,"commentCount":0,"publisher":{"@id":"https:\/\/www.fundacionunicaja.com\/campus\/#organization"},"image":{"@id":"https:\/\/www.fundacionunicaja.com\/campus\/2025\/08\/07\/con-el-final-del-turno-5-campus-ronda-se-despide-del-modo-mas-emotivo-posible-hasta-el-ano-que-viene\/#primaryimage"},"thumbnailUrl":"https:\/\/www.fundacionunicaja.com\/campus\/wp-content\/uploads\/sites\/2\/2025\/08\/T5CL1536.jpg","articleSection":["CAMPUS","Ronda"],"inLanguage":"es","potentialAction":[{"@type":"CommentAction","name":"Comment","target":["https:\/\/www.fundacionunicaja.com\/campus\/2025\/08\/07\/con-el-final-del-turno-5-campus-ronda-se-despide-del-modo-mas-emotivo-posible-hasta-el-ano-que-viene\/#respond"]}]},{"@type":"WebPage","@id":"https:\/\/www.fundacionunicaja.com\/campus\/2025\/08\/07\/con-el-final-del-turno-5-campus-ronda-se-despide-del-modo-mas-emotivo-posible-hasta-el-ano-que-viene\/","url":"https:\/\/www.fundacionunicaja.com\/campus\/2025\/08\/07\/con-el-final-del-turno-5-campus-ronda-se-despide-del-modo-mas-emotivo-posible-hasta-el-ano-que-viene\/","name":"Con el final del turno 5 Campus Ronda se despide del modo m\u00e1s emotivo posible hasta el a\u00f1o que viene - Campus Fundaci\u00f3n Unicaja","isPartOf":{"@id":"https:\/\/www.fundacionunicaja.com\/campus\/#website"},"primaryImageOfPage":{"@id":"https:\/\/www.fundacionunicaja.com\/campus\/2025\/08\/07\/con-el-final-del-turno-5-campus-ronda-se-despide-del-modo-mas-emotivo-posible-hasta-el-ano-que-viene\/#primaryimage"},"image":{"@id":"https:\/\/www.fundacionunicaja.com\/campus\/2025\/08\/07\/con-el-final-del-turno-5-campus-ronda-se-despide-del-modo-mas-emotivo-posible-hasta-el-ano-que-viene\/#primaryimage"},"thumbnailUrl":"https:\/\/www.fundacionunicaja.com\/campus\/wp-content\/uploads\/sites\/2\/2025\/08\/T5CL1536.jpg","datePublished":"2025-08-06T23:01:19+00:00","breadcrumb":{"@id":"https:\/\/www.fundacionunicaja.com\/campus\/2025\/08\/07\/con-el-final-del-turno-5-campus-ronda-se-despide-del-modo-mas-emotivo-posible-hasta-el-ano-que-viene\/#breadcrumb"},"inLanguage":"es","potentialAction":[{"@type":"ReadAction","target":["https:\/\/www.fundacionunicaja.com\/campus\/2025\/08\/07\/con-el-final-del-turno-5-campus-ronda-se-despide-del-modo-mas-emotivo-posible-hasta-el-ano-que-viene\/"]}]},{"@type":"ImageObject","inLanguage":"es","@id":"https:\/\/www.fundacionunicaja.com\/campus\/2025\/08\/07\/con-el-final-del-turno-5-campus-ronda-se-despide-del-modo-mas-emotivo-posible-hasta-el-ano-que-viene\/#primaryimage","url":"https:\/\/www.fundacionunicaja.com\/campus\/wp-content\/uploads\/sites\/2\/2025\/08\/T5CL1536.jpg","contentUrl":"https:\/\/www.fundacionunicaja.com\/campus\/wp-content\/uploads\/sites\/2\/2025\/08\/T5CL1536.jpg","width":1920,"height":1080},{"@type":"BreadcrumbList","@id":"https:\/\/www.fundacionunicaja.com\/campus\/2025\/08\/07\/con-el-final-del-turno-5-campus-ronda-se-despide-del-modo-mas-emotivo-posible-hasta-el-ano-que-viene\/#breadcrumb","itemListElement":[{"@type":"ListItem","position":1,"name":"Portada","item":"https:\/\/www.fundacionunicaja.com\/campus\/"},{"@type":"ListItem","position":2,"name":"Con el final del turno 5 Campus Ronda se despide del modo m\u00e1s emotivo posible hasta el a\u00f1o que viene"}]},{"@type":"WebSite","@id":"https:\/\/www.fundacionunicaja.com\/campus\/#website","url":"https:\/\/www.fundacionunicaja.com\/campus\/","name":"Campus Fundaci\u00f3n Unicaja","description":"","publisher":{"@id":"https:\/\/www.fundacionunicaja.com\/campus\/#organization"},"potentialAction":[{"@type":"SearchAction","target":{"@type":"EntryPoint","urlTemplate":"https:\/\/www.fundacionunicaja.com\/campus\/?s={search_term_string}"},"query-input":{"@type":"PropertyValueSpecification","valueRequired":true,"valueName":"search_term_string"}}],"inLanguage":"es"},{"@type":"Organization","@id":"https:\/\/www.fundacionunicaja.com\/campus\/#organization","name":"Campus Fundaci\u00f3n Unicaja","url":"https:\/\/www.fundacionunicaja.com\/campus\/","logo":{"@type":"ImageObject","inLanguage":"es","@id":"https:\/\/www.fundacionunicaja.com\/campus\/#\/schema\/logo\/image\/","url":"https:\/\/www.fundacionunicaja.com\/campus\/wp-content\/uploads\/sites\/2\/2025\/03\/LOGO_unicaja-1.png","contentUrl":"https:\/\/www.fundacionunicaja.com\/campus\/wp-content\/uploads\/sites\/2\/2025\/03\/LOGO_unicaja-1.png","width":243,"height":69,"caption":"Campus Fundaci\u00f3n Unicaja"},"image":{"@id":"https:\/\/www.fundacionunicaja.com\/campus\/#\/schema\/logo\/image\/"}},{"@type":"Person","@id":"https:\/\/www.fundacionunicaja.com\/campus\/#\/schema\/person\/0f25eed83aa1529127f97318b1b0dac2","name":"unicampus","image":{"@type":"ImageObject","inLanguage":"es","@id":"https:\/\/secure.gravatar.com\/avatar\/9100a8e4fbc3ced738e01809e3f2b8479cd38d25f89ce42f8abdd64176cbade4?s=96&d=mm&r=g","url":"https:\/\/secure.gravatar.com\/avatar\/9100a8e4fbc3ced738e01809e3f2b8479cd38d25f89ce42f8abdd64176cbade4?s=96&d=mm&r=g","contentUrl":"https:\/\/secure.gravatar.com\/avatar\/9100a8e4fbc3ced738e01809e3f2b8479cd38d25f89ce42f8abdd64176cbade4?s=96&d=mm&r=g","caption":"unicampus"},"url":"https:\/\/www.fundacionunicaja.com\/campus\/author\/unicampus\/"}]}},"_links":{"self":[{"href":"https:\/\/www.fundacionunicaja.com\/campus\/wp-json\/wp\/v2\/posts\/59616","targetHints":{"allow":["GET"]}}],"collection":[{"href":"https:\/\/www.fundacionunicaja.com\/campus\/wp-json\/wp\/v2\/posts"}],"about":[{"href":"https:\/\/www.fundacionunicaja.com\/campus\/wp-json\/wp\/v2\/types\/post"}],"author":[{"embeddable":true,"href":"https:\/\/www.fundacionunicaja.com\/campus\/wp-json\/wp\/v2\/users\/13"}],"replies":[{"embeddable":true,"href":"https:\/\/www.fundacionunicaja.com\/campus\/wp-json\/wp\/v2\/comments?post=59616"}],"version-history":[{"count":3,"href":"https:\/\/www.fundacionunicaja.com\/campus\/wp-json\/wp\/v2\/posts\/59616\/revisions"}],"predecessor-version":[{"id":59625,"href":"https:\/\/www.fundacionunicaja.com\/campus\/wp-json\/wp\/v2\/posts\/59616\/revisions\/59625"}],"wp:featuredmedia":[{"embeddable":true,"href":"https:\/\/www.fundacionunicaja.com\/campus\/wp-json\/wp\/v2\/media\/59617"}],"wp:attachment":[{"href":"https:\/\/www.fundacionunicaja.com\/campus\/wp-json\/wp\/v2\/media?parent=59616"}],"wp:term":[{"taxonomy":"category","embeddable":true,"href":"https:\/\/www.fundacionunicaja.com\/campus\/wp-json\/wp\/v2\/categories?post=59616"},{"taxonomy":"post_tag","embeddable":true,"href":"https:\/\/www.fundacionunicaja.com\/campus\/wp-json\/wp\/v2\/tags?post=59616"}],"curies":[{"name":"wp","href":"https:\/\/api.w.org\/{rel}","templated":true}]}}