{"id":59517,"date":"2025-07-26T12:44:24","date_gmt":"2025-07-26T10:44:24","guid":{"rendered":"https:\/\/www.fundacionunicaja.com\/campus\/?p=59517"},"modified":"2025-07-26T12:44:24","modified_gmt":"2025-07-26T10:44:24","slug":"el-tercer-turno-de-campus-sabinillas-se-despide-entre-recuerdos-abrazos-y-firmas","status":"publish","type":"post","link":"https:\/\/www.fundacionunicaja.com\/campus\/2025\/07\/26\/el-tercer-turno-de-campus-sabinillas-se-despide-entre-recuerdos-abrazos-y-firmas\/","title":{"rendered":"El tercer turno de Campus Sabinillas se despide entre recuerdos, abrazos y firmas"},"content":{"rendered":"<p>El<strong> tercer turno del Campus Sabinillas<\/strong> ha llegado hoy a su fin tras una intensa semana repleta de deporte, convivencia y momentos imborrables. M\u00e1s de 500 ni\u00f1os y ni\u00f1as han compartido esta experiencia \u00fanica, marcada por la diversi\u00f3n, el compa\u00f1erismo y el aprendizaje en un entorno seguro junto al mar.<\/p>\n<p><img fetchpriority=\"high\" decoding=\"async\" class=\"alignnone size-large wp-image-59519\" src=\"https:\/\/www.fundacionunicaja.com\/campus\/wp-content\/uploads\/sites\/2\/2025\/07\/SB-CLAUSURA_-14-1024x683.jpg\" alt=\"\" width=\"800\" height=\"534\" srcset=\"https:\/\/www.fundacionunicaja.com\/campus\/wp-content\/uploads\/sites\/2\/2025\/07\/SB-CLAUSURA_-14-1024x683.jpg 1024w, https:\/\/www.fundacionunicaja.com\/campus\/wp-content\/uploads\/sites\/2\/2025\/07\/SB-CLAUSURA_-14-300x200.jpg 300w, https:\/\/www.fundacionunicaja.com\/campus\/wp-content\/uploads\/sites\/2\/2025\/07\/SB-CLAUSURA_-14-768x512.jpg 768w, https:\/\/www.fundacionunicaja.com\/campus\/wp-content\/uploads\/sites\/2\/2025\/07\/SB-CLAUSURA_-14-1536x1024.jpg 1536w, https:\/\/www.fundacionunicaja.com\/campus\/wp-content\/uploads\/sites\/2\/2025\/07\/SB-CLAUSURA_-14-2048x1365.jpg 2048w\" sizes=\"(max-width: 800px) 100vw, 800px\" \/><\/p>\n<p>Durante estos d\u00edas, los participantes han disfrutado de una completa programaci\u00f3n de actividades:<strong> paddle surf, kayak, juegos en la playa, archery tag, circuitos de ecocars, paintball, danza <\/strong>y muchas veladas nocturnas que han convertido cada jornada en una aventura diferente. Las<strong> piscinas del campus y la playa<\/strong> han sido escenario de retos y risas, siempre bajo la supervisi\u00f3n de un equipo de monitores comprometido y cercano.<\/p>\n<p><img decoding=\"async\" class=\"alignnone size-large wp-image-59521\" src=\"https:\/\/www.fundacionunicaja.com\/campus\/wp-content\/uploads\/sites\/2\/2025\/07\/SB-EXPORT-16-de-41-1024x683.jpg\" alt=\"\" width=\"800\" height=\"534\" srcset=\"https:\/\/www.fundacionunicaja.com\/campus\/wp-content\/uploads\/sites\/2\/2025\/07\/SB-EXPORT-16-de-41-1024x683.jpg 1024w, https:\/\/www.fundacionunicaja.com\/campus\/wp-content\/uploads\/sites\/2\/2025\/07\/SB-EXPORT-16-de-41-300x200.jpg 300w, https:\/\/www.fundacionunicaja.com\/campus\/wp-content\/uploads\/sites\/2\/2025\/07\/SB-EXPORT-16-de-41-768x512.jpg 768w, https:\/\/www.fundacionunicaja.com\/campus\/wp-content\/uploads\/sites\/2\/2025\/07\/SB-EXPORT-16-de-41-1536x1024.jpg 1536w, https:\/\/www.fundacionunicaja.com\/campus\/wp-content\/uploads\/sites\/2\/2025\/07\/SB-EXPORT-16-de-41-2048x1365.jpg 2048w\" sizes=\"(max-width: 800px) 100vw, 800px\" \/><\/p>\n<p>El \u00faltimo d\u00eda ha estado cargado de emociones. Tras las \u00faltimas actividades y juegos de despedida, las camisetas blancas han vuelto a convertirse en testigos de la experiencia: nombres, dibujos y dedicatorias llenaban las telas mientras los abrazos y las fotos se multiplicaban por todo el recinto.<\/p>\n<p><img decoding=\"async\" class=\"alignnone size-large wp-image-59522\" src=\"https:\/\/www.fundacionunicaja.com\/campus\/wp-content\/uploads\/sites\/2\/2025\/07\/SB-EXPORT-36-de-41-1024x683.jpg\" alt=\"\" width=\"800\" height=\"534\" srcset=\"https:\/\/www.fundacionunicaja.com\/campus\/wp-content\/uploads\/sites\/2\/2025\/07\/SB-EXPORT-36-de-41-1024x683.jpg 1024w, https:\/\/www.fundacionunicaja.com\/campus\/wp-content\/uploads\/sites\/2\/2025\/07\/SB-EXPORT-36-de-41-300x200.jpg 300w, https:\/\/www.fundacionunicaja.com\/campus\/wp-content\/uploads\/sites\/2\/2025\/07\/SB-EXPORT-36-de-41-768x512.jpg 768w, https:\/\/www.fundacionunicaja.com\/campus\/wp-content\/uploads\/sites\/2\/2025\/07\/SB-EXPORT-36-de-41-1536x1024.jpg 1536w, https:\/\/www.fundacionunicaja.com\/campus\/wp-content\/uploads\/sites\/2\/2025\/07\/SB-EXPORT-36-de-41-2048x1365.jpg 2048w\" sizes=\"(max-width: 800px) 100vw, 800px\" \/><\/p>\n<p>Campus Sabinillas despide as\u00ed un nuevo turno,<strong> dejando huella en cada participante<\/strong> y reforzando su compromiso con un modelo de ocio educativo que fomenta la autonom\u00eda, el respeto y la amistad. <strong>Una experiencia que no termina aqu\u00ed,<\/strong> porque muchos ya est\u00e1n <strong>contando los d\u00edas para repetir.<\/strong><\/p>\n<p><img loading=\"lazy\" decoding=\"async\" class=\"alignnone size-large wp-image-59520\" src=\"https:\/\/www.fundacionunicaja.com\/campus\/wp-content\/uploads\/sites\/2\/2025\/07\/SB-CLAUSURA_-24-1024x683.jpg\" alt=\"\" width=\"800\" height=\"534\" srcset=\"https:\/\/www.fundacionunicaja.com\/campus\/wp-content\/uploads\/sites\/2\/2025\/07\/SB-CLAUSURA_-24-1024x683.jpg 1024w, https:\/\/www.fundacionunicaja.com\/campus\/wp-content\/uploads\/sites\/2\/2025\/07\/SB-CLAUSURA_-24-300x200.jpg 300w, https:\/\/www.fundacionunicaja.com\/campus\/wp-content\/uploads\/sites\/2\/2025\/07\/SB-CLAUSURA_-24-768x512.jpg 768w, https:\/\/www.fundacionunicaja.com\/campus\/wp-content\/uploads\/sites\/2\/2025\/07\/SB-CLAUSURA_-24-1536x1024.jpg 1536w, https:\/\/www.fundacionunicaja.com\/campus\/wp-content\/uploads\/sites\/2\/2025\/07\/SB-CLAUSURA_-24-2048x1365.jpg 2048w\" sizes=\"(max-width: 800px) 100vw, 800px\" \/><\/p>\n","protected":false},"excerpt":{"rendered":"<p>El tercer turno del Campus Sabinillas ha llegado hoy a su fin tras una intensa semana repleta de deporte, convivencia y momentos imborrables. M\u00e1s de 500 ni\u00f1os y ni\u00f1as han compartido esta experiencia \u00fanica, marcada por la diversi\u00f3n, el compa\u00f1erismo y el aprendizaje en un entorno seguro junto al mar. Durante estos d\u00edas, los participantes [&hellip;]<\/p>\n","protected":false},"author":13,"featured_media":59518,"comment_status":"open","ping_status":"open","sticky":false,"template":"","format":"standard","meta":{"_acf_changed":false,"footnotes":""},"categories":[182,12],"tags":[],"class_list":["post-59517","post","type-post","status-publish","format-standard","has-post-thumbnail","hentry","category-campus","category-sabinillas"],"acf":[],"yoast_head":"<!-- This site is optimized with the Yoast SEO plugin v27.4 - https:\/\/yoast.com\/product\/yoast-seo-wordpress\/ -->\n<title>El tercer turno de Campus Sabinillas se despide entre recuerdos, abrazos y firmas - Campus Fundaci\u00f3n Unicaja<\/title>\n<meta name=\"robots\" content=\"index, follow, max-snippet:-1, max-image-preview:large, max-video-preview:-1\" \/>\n<link rel=\"canonical\" href=\"https:\/\/www.fundacionunicaja.com\/campus\/2025\/07\/26\/el-tercer-turno-de-campus-sabinillas-se-despide-entre-recuerdos-abrazos-y-firmas\/\" \/>\n<meta property=\"og:locale\" content=\"es_ES\" \/>\n<meta property=\"og:type\" content=\"article\" \/>\n<meta property=\"og:title\" content=\"El tercer turno de Campus Sabinillas se despide entre recuerdos, abrazos y firmas - Campus Fundaci\u00f3n Unicaja\" \/>\n<meta property=\"og:description\" content=\"El tercer turno del Campus Sabinillas ha llegado hoy a su fin tras una intensa semana repleta de deporte, convivencia y momentos imborrables. M\u00e1s de 500 ni\u00f1os y ni\u00f1as han compartido esta experiencia \u00fanica, marcada por la diversi\u00f3n, el compa\u00f1erismo y el aprendizaje en un entorno seguro junto al mar. Durante estos d\u00edas, los participantes [&hellip;]\" \/>\n<meta property=\"og:url\" content=\"https:\/\/www.fundacionunicaja.com\/campus\/2025\/07\/26\/el-tercer-turno-de-campus-sabinillas-se-despide-entre-recuerdos-abrazos-y-firmas\/\" \/>\n<meta property=\"og:site_name\" content=\"Campus Fundaci\u00f3n Unicaja\" \/>\n<meta property=\"article:published_time\" content=\"2025-07-26T10:44:24+00:00\" \/>\n<meta property=\"og:image\" content=\"https:\/\/www.fundacionunicaja.com\/campus\/wp-content\/uploads\/sites\/2\/2025\/07\/SB-CLAUSURA_-17-scaled-e1753526645630.jpg\" \/>\n\t<meta property=\"og:image:width\" content=\"2560\" \/>\n\t<meta property=\"og:image:height\" content=\"716\" \/>\n\t<meta property=\"og:image:type\" content=\"image\/jpeg\" \/>\n<meta name=\"author\" content=\"unicampus\" \/>\n<meta name=\"twitter:card\" content=\"summary_large_image\" \/>\n<meta name=\"twitter:label1\" content=\"Escrito por\" \/>\n\t<meta name=\"twitter:data1\" content=\"unicampus\" \/>\n\t<meta name=\"twitter:label2\" content=\"Tiempo de lectura\" \/>\n\t<meta name=\"twitter:data2\" content=\"1 minuto\" \/>\n<script type=\"application\/ld+json\" class=\"yoast-schema-graph\">{\"@context\":\"https:\\\/\\\/schema.org\",\"@graph\":[{\"@type\":\"Article\",\"@id\":\"https:\\\/\\\/www.fundacionunicaja.com\\\/campus\\\/2025\\\/07\\\/26\\\/el-tercer-turno-de-campus-sabinillas-se-despide-entre-recuerdos-abrazos-y-firmas\\\/#article\",\"isPartOf\":{\"@id\":\"https:\\\/\\\/www.fundacionunicaja.com\\\/campus\\\/2025\\\/07\\\/26\\\/el-tercer-turno-de-campus-sabinillas-se-despide-entre-recuerdos-abrazos-y-firmas\\\/\"},\"author\":{\"name\":\"unicampus\",\"@id\":\"https:\\\/\\\/www.fundacionunicaja.com\\\/campus\\\/#\\\/schema\\\/person\\\/0f25eed83aa1529127f97318b1b0dac2\"},\"headline\":\"El tercer turno de Campus Sabinillas se despide entre recuerdos, abrazos y firmas\",\"datePublished\":\"2025-07-26T10:44:24+00:00\",\"mainEntityOfPage\":{\"@id\":\"https:\\\/\\\/www.fundacionunicaja.com\\\/campus\\\/2025\\\/07\\\/26\\\/el-tercer-turno-de-campus-sabinillas-se-despide-entre-recuerdos-abrazos-y-firmas\\\/\"},\"wordCount\":233,\"commentCount\":0,\"publisher\":{\"@id\":\"https:\\\/\\\/www.fundacionunicaja.com\\\/campus\\\/#organization\"},\"image\":{\"@id\":\"https:\\\/\\\/www.fundacionunicaja.com\\\/campus\\\/2025\\\/07\\\/26\\\/el-tercer-turno-de-campus-sabinillas-se-despide-entre-recuerdos-abrazos-y-firmas\\\/#primaryimage\"},\"thumbnailUrl\":\"https:\\\/\\\/www.fundacionunicaja.com\\\/campus\\\/wp-content\\\/uploads\\\/sites\\\/2\\\/2025\\\/07\\\/SB-CLAUSURA_-17-scaled-e1753526645630.jpg\",\"articleSection\":[\"CAMPUS\",\"Sabinillas\"],\"inLanguage\":\"es\",\"potentialAction\":[{\"@type\":\"CommentAction\",\"name\":\"Comment\",\"target\":[\"https:\\\/\\\/www.fundacionunicaja.com\\\/campus\\\/2025\\\/07\\\/26\\\/el-tercer-turno-de-campus-sabinillas-se-despide-entre-recuerdos-abrazos-y-firmas\\\/#respond\"]}]},{\"@type\":\"WebPage\",\"@id\":\"https:\\\/\\\/www.fundacionunicaja.com\\\/campus\\\/2025\\\/07\\\/26\\\/el-tercer-turno-de-campus-sabinillas-se-despide-entre-recuerdos-abrazos-y-firmas\\\/\",\"url\":\"https:\\\/\\\/www.fundacionunicaja.com\\\/campus\\\/2025\\\/07\\\/26\\\/el-tercer-turno-de-campus-sabinillas-se-despide-entre-recuerdos-abrazos-y-firmas\\\/\",\"name\":\"El tercer turno de Campus Sabinillas se despide entre recuerdos, abrazos y firmas - Campus Fundaci\u00f3n Unicaja\",\"isPartOf\":{\"@id\":\"https:\\\/\\\/www.fundacionunicaja.com\\\/campus\\\/#website\"},\"primaryImageOfPage\":{\"@id\":\"https:\\\/\\\/www.fundacionunicaja.com\\\/campus\\\/2025\\\/07\\\/26\\\/el-tercer-turno-de-campus-sabinillas-se-despide-entre-recuerdos-abrazos-y-firmas\\\/#primaryimage\"},\"image\":{\"@id\":\"https:\\\/\\\/www.fundacionunicaja.com\\\/campus\\\/2025\\\/07\\\/26\\\/el-tercer-turno-de-campus-sabinillas-se-despide-entre-recuerdos-abrazos-y-firmas\\\/#primaryimage\"},\"thumbnailUrl\":\"https:\\\/\\\/www.fundacionunicaja.com\\\/campus\\\/wp-content\\\/uploads\\\/sites\\\/2\\\/2025\\\/07\\\/SB-CLAUSURA_-17-scaled-e1753526645630.jpg\",\"datePublished\":\"2025-07-26T10:44:24+00:00\",\"breadcrumb\":{\"@id\":\"https:\\\/\\\/www.fundacionunicaja.com\\\/campus\\\/2025\\\/07\\\/26\\\/el-tercer-turno-de-campus-sabinillas-se-despide-entre-recuerdos-abrazos-y-firmas\\\/#breadcrumb\"},\"inLanguage\":\"es\",\"potentialAction\":[{\"@type\":\"ReadAction\",\"target\":[\"https:\\\/\\\/www.fundacionunicaja.com\\\/campus\\\/2025\\\/07\\\/26\\\/el-tercer-turno-de-campus-sabinillas-se-despide-entre-recuerdos-abrazos-y-firmas\\\/\"]}]},{\"@type\":\"ImageObject\",\"inLanguage\":\"es\",\"@id\":\"https:\\\/\\\/www.fundacionunicaja.com\\\/campus\\\/2025\\\/07\\\/26\\\/el-tercer-turno-de-campus-sabinillas-se-despide-entre-recuerdos-abrazos-y-firmas\\\/#primaryimage\",\"url\":\"https:\\\/\\\/www.fundacionunicaja.com\\\/campus\\\/wp-content\\\/uploads\\\/sites\\\/2\\\/2025\\\/07\\\/SB-CLAUSURA_-17-scaled-e1753526645630.jpg\",\"contentUrl\":\"https:\\\/\\\/www.fundacionunicaja.com\\\/campus\\\/wp-content\\\/uploads\\\/sites\\\/2\\\/2025\\\/07\\\/SB-CLAUSURA_-17-scaled-e1753526645630.jpg\",\"width\":2560,\"height\":716},{\"@type\":\"BreadcrumbList\",\"@id\":\"https:\\\/\\\/www.fundacionunicaja.com\\\/campus\\\/2025\\\/07\\\/26\\\/el-tercer-turno-de-campus-sabinillas-se-despide-entre-recuerdos-abrazos-y-firmas\\\/#breadcrumb\",\"itemListElement\":[{\"@type\":\"ListItem\",\"position\":1,\"name\":\"Portada\",\"item\":\"https:\\\/\\\/www.fundacionunicaja.com\\\/campus\\\/\"},{\"@type\":\"ListItem\",\"position\":2,\"name\":\"El tercer turno de Campus Sabinillas se despide entre recuerdos, abrazos y firmas\"}]},{\"@type\":\"WebSite\",\"@id\":\"https:\\\/\\\/www.fundacionunicaja.com\\\/campus\\\/#website\",\"url\":\"https:\\\/\\\/www.fundacionunicaja.com\\\/campus\\\/\",\"name\":\"Campus Fundaci\u00f3n Unicaja\",\"description\":\"\",\"publisher\":{\"@id\":\"https:\\\/\\\/www.fundacionunicaja.com\\\/campus\\\/#organization\"},\"potentialAction\":[{\"@type\":\"SearchAction\",\"target\":{\"@type\":\"EntryPoint\",\"urlTemplate\":\"https:\\\/\\\/www.fundacionunicaja.com\\\/campus\\\/?s={search_term_string}\"},\"query-input\":{\"@type\":\"PropertyValueSpecification\",\"valueRequired\":true,\"valueName\":\"search_term_string\"}}],\"inLanguage\":\"es\"},{\"@type\":\"Organization\",\"@id\":\"https:\\\/\\\/www.fundacionunicaja.com\\\/campus\\\/#organization\",\"name\":\"Campus Fundaci\u00f3n Unicaja\",\"url\":\"https:\\\/\\\/www.fundacionunicaja.com\\\/campus\\\/\",\"logo\":{\"@type\":\"ImageObject\",\"inLanguage\":\"es\",\"@id\":\"https:\\\/\\\/www.fundacionunicaja.com\\\/campus\\\/#\\\/schema\\\/logo\\\/image\\\/\",\"url\":\"https:\\\/\\\/www.fundacionunicaja.com\\\/campus\\\/wp-content\\\/uploads\\\/sites\\\/2\\\/2025\\\/03\\\/LOGO_unicaja-1.png\",\"contentUrl\":\"https:\\\/\\\/www.fundacionunicaja.com\\\/campus\\\/wp-content\\\/uploads\\\/sites\\\/2\\\/2025\\\/03\\\/LOGO_unicaja-1.png\",\"width\":243,\"height\":69,\"caption\":\"Campus Fundaci\u00f3n Unicaja\"},\"image\":{\"@id\":\"https:\\\/\\\/www.fundacionunicaja.com\\\/campus\\\/#\\\/schema\\\/logo\\\/image\\\/\"}},{\"@type\":\"Person\",\"@id\":\"https:\\\/\\\/www.fundacionunicaja.com\\\/campus\\\/#\\\/schema\\\/person\\\/0f25eed83aa1529127f97318b1b0dac2\",\"name\":\"unicampus\",\"image\":{\"@type\":\"ImageObject\",\"inLanguage\":\"es\",\"@id\":\"https:\\\/\\\/secure.gravatar.com\\\/avatar\\\/9100a8e4fbc3ced738e01809e3f2b8479cd38d25f89ce42f8abdd64176cbade4?s=96&d=mm&r=g\",\"url\":\"https:\\\/\\\/secure.gravatar.com\\\/avatar\\\/9100a8e4fbc3ced738e01809e3f2b8479cd38d25f89ce42f8abdd64176cbade4?s=96&d=mm&r=g\",\"contentUrl\":\"https:\\\/\\\/secure.gravatar.com\\\/avatar\\\/9100a8e4fbc3ced738e01809e3f2b8479cd38d25f89ce42f8abdd64176cbade4?s=96&d=mm&r=g\",\"caption\":\"unicampus\"},\"url\":\"https:\\\/\\\/www.fundacionunicaja.com\\\/campus\\\/author\\\/unicampus\\\/\"}]}<\/script>\n<!-- \/ Yoast SEO plugin. -->","yoast_head_json":{"title":"El tercer turno de Campus Sabinillas se despide entre recuerdos, abrazos y firmas - Campus Fundaci\u00f3n Unicaja","robots":{"index":"index","follow":"follow","max-snippet":"max-snippet:-1","max-image-preview":"max-image-preview:large","max-video-preview":"max-video-preview:-1"},"canonical":"https:\/\/www.fundacionunicaja.com\/campus\/2025\/07\/26\/el-tercer-turno-de-campus-sabinillas-se-despide-entre-recuerdos-abrazos-y-firmas\/","og_locale":"es_ES","og_type":"article","og_title":"El tercer turno de Campus Sabinillas se despide entre recuerdos, abrazos y firmas - Campus Fundaci\u00f3n Unicaja","og_description":"El tercer turno del Campus Sabinillas ha llegado hoy a su fin tras una intensa semana repleta de deporte, convivencia y momentos imborrables. M\u00e1s de 500 ni\u00f1os y ni\u00f1as han compartido esta experiencia \u00fanica, marcada por la diversi\u00f3n, el compa\u00f1erismo y el aprendizaje en un entorno seguro junto al mar. Durante estos d\u00edas, los participantes [&hellip;]","og_url":"https:\/\/www.fundacionunicaja.com\/campus\/2025\/07\/26\/el-tercer-turno-de-campus-sabinillas-se-despide-entre-recuerdos-abrazos-y-firmas\/","og_site_name":"Campus Fundaci\u00f3n Unicaja","article_published_time":"2025-07-26T10:44:24+00:00","og_image":[{"width":2560,"height":716,"url":"https:\/\/www.fundacionunicaja.com\/campus\/wp-content\/uploads\/sites\/2\/2025\/07\/SB-CLAUSURA_-17-scaled-e1753526645630.jpg","type":"image\/jpeg"}],"author":"unicampus","twitter_card":"summary_large_image","twitter_misc":{"Escrito por":"unicampus","Tiempo de lectura":"1 minuto"},"schema":{"@context":"https:\/\/schema.org","@graph":[{"@type":"Article","@id":"https:\/\/www.fundacionunicaja.com\/campus\/2025\/07\/26\/el-tercer-turno-de-campus-sabinillas-se-despide-entre-recuerdos-abrazos-y-firmas\/#article","isPartOf":{"@id":"https:\/\/www.fundacionunicaja.com\/campus\/2025\/07\/26\/el-tercer-turno-de-campus-sabinillas-se-despide-entre-recuerdos-abrazos-y-firmas\/"},"author":{"name":"unicampus","@id":"https:\/\/www.fundacionunicaja.com\/campus\/#\/schema\/person\/0f25eed83aa1529127f97318b1b0dac2"},"headline":"El tercer turno de Campus Sabinillas se despide entre recuerdos, abrazos y firmas","datePublished":"2025-07-26T10:44:24+00:00","mainEntityOfPage":{"@id":"https:\/\/www.fundacionunicaja.com\/campus\/2025\/07\/26\/el-tercer-turno-de-campus-sabinillas-se-despide-entre-recuerdos-abrazos-y-firmas\/"},"wordCount":233,"commentCount":0,"publisher":{"@id":"https:\/\/www.fundacionunicaja.com\/campus\/#organization"},"image":{"@id":"https:\/\/www.fundacionunicaja.com\/campus\/2025\/07\/26\/el-tercer-turno-de-campus-sabinillas-se-despide-entre-recuerdos-abrazos-y-firmas\/#primaryimage"},"thumbnailUrl":"https:\/\/www.fundacionunicaja.com\/campus\/wp-content\/uploads\/sites\/2\/2025\/07\/SB-CLAUSURA_-17-scaled-e1753526645630.jpg","articleSection":["CAMPUS","Sabinillas"],"inLanguage":"es","potentialAction":[{"@type":"CommentAction","name":"Comment","target":["https:\/\/www.fundacionunicaja.com\/campus\/2025\/07\/26\/el-tercer-turno-de-campus-sabinillas-se-despide-entre-recuerdos-abrazos-y-firmas\/#respond"]}]},{"@type":"WebPage","@id":"https:\/\/www.fundacionunicaja.com\/campus\/2025\/07\/26\/el-tercer-turno-de-campus-sabinillas-se-despide-entre-recuerdos-abrazos-y-firmas\/","url":"https:\/\/www.fundacionunicaja.com\/campus\/2025\/07\/26\/el-tercer-turno-de-campus-sabinillas-se-despide-entre-recuerdos-abrazos-y-firmas\/","name":"El tercer turno de Campus Sabinillas se despide entre recuerdos, abrazos y firmas - Campus Fundaci\u00f3n Unicaja","isPartOf":{"@id":"https:\/\/www.fundacionunicaja.com\/campus\/#website"},"primaryImageOfPage":{"@id":"https:\/\/www.fundacionunicaja.com\/campus\/2025\/07\/26\/el-tercer-turno-de-campus-sabinillas-se-despide-entre-recuerdos-abrazos-y-firmas\/#primaryimage"},"image":{"@id":"https:\/\/www.fundacionunicaja.com\/campus\/2025\/07\/26\/el-tercer-turno-de-campus-sabinillas-se-despide-entre-recuerdos-abrazos-y-firmas\/#primaryimage"},"thumbnailUrl":"https:\/\/www.fundacionunicaja.com\/campus\/wp-content\/uploads\/sites\/2\/2025\/07\/SB-CLAUSURA_-17-scaled-e1753526645630.jpg","datePublished":"2025-07-26T10:44:24+00:00","breadcrumb":{"@id":"https:\/\/www.fundacionunicaja.com\/campus\/2025\/07\/26\/el-tercer-turno-de-campus-sabinillas-se-despide-entre-recuerdos-abrazos-y-firmas\/#breadcrumb"},"inLanguage":"es","potentialAction":[{"@type":"ReadAction","target":["https:\/\/www.fundacionunicaja.com\/campus\/2025\/07\/26\/el-tercer-turno-de-campus-sabinillas-se-despide-entre-recuerdos-abrazos-y-firmas\/"]}]},{"@type":"ImageObject","inLanguage":"es","@id":"https:\/\/www.fundacionunicaja.com\/campus\/2025\/07\/26\/el-tercer-turno-de-campus-sabinillas-se-despide-entre-recuerdos-abrazos-y-firmas\/#primaryimage","url":"https:\/\/www.fundacionunicaja.com\/campus\/wp-content\/uploads\/sites\/2\/2025\/07\/SB-CLAUSURA_-17-scaled-e1753526645630.jpg","contentUrl":"https:\/\/www.fundacionunicaja.com\/campus\/wp-content\/uploads\/sites\/2\/2025\/07\/SB-CLAUSURA_-17-scaled-e1753526645630.jpg","width":2560,"height":716},{"@type":"BreadcrumbList","@id":"https:\/\/www.fundacionunicaja.com\/campus\/2025\/07\/26\/el-tercer-turno-de-campus-sabinillas-se-despide-entre-recuerdos-abrazos-y-firmas\/#breadcrumb","itemListElement":[{"@type":"ListItem","position":1,"name":"Portada","item":"https:\/\/www.fundacionunicaja.com\/campus\/"},{"@type":"ListItem","position":2,"name":"El tercer turno de Campus Sabinillas se despide entre recuerdos, abrazos y firmas"}]},{"@type":"WebSite","@id":"https:\/\/www.fundacionunicaja.com\/campus\/#website","url":"https:\/\/www.fundacionunicaja.com\/campus\/","name":"Campus Fundaci\u00f3n Unicaja","description":"","publisher":{"@id":"https:\/\/www.fundacionunicaja.com\/campus\/#organization"},"potentialAction":[{"@type":"SearchAction","target":{"@type":"EntryPoint","urlTemplate":"https:\/\/www.fundacionunicaja.com\/campus\/?s={search_term_string}"},"query-input":{"@type":"PropertyValueSpecification","valueRequired":true,"valueName":"search_term_string"}}],"inLanguage":"es"},{"@type":"Organization","@id":"https:\/\/www.fundacionunicaja.com\/campus\/#organization","name":"Campus Fundaci\u00f3n Unicaja","url":"https:\/\/www.fundacionunicaja.com\/campus\/","logo":{"@type":"ImageObject","inLanguage":"es","@id":"https:\/\/www.fundacionunicaja.com\/campus\/#\/schema\/logo\/image\/","url":"https:\/\/www.fundacionunicaja.com\/campus\/wp-content\/uploads\/sites\/2\/2025\/03\/LOGO_unicaja-1.png","contentUrl":"https:\/\/www.fundacionunicaja.com\/campus\/wp-content\/uploads\/sites\/2\/2025\/03\/LOGO_unicaja-1.png","width":243,"height":69,"caption":"Campus Fundaci\u00f3n Unicaja"},"image":{"@id":"https:\/\/www.fundacionunicaja.com\/campus\/#\/schema\/logo\/image\/"}},{"@type":"Person","@id":"https:\/\/www.fundacionunicaja.com\/campus\/#\/schema\/person\/0f25eed83aa1529127f97318b1b0dac2","name":"unicampus","image":{"@type":"ImageObject","inLanguage":"es","@id":"https:\/\/secure.gravatar.com\/avatar\/9100a8e4fbc3ced738e01809e3f2b8479cd38d25f89ce42f8abdd64176cbade4?s=96&d=mm&r=g","url":"https:\/\/secure.gravatar.com\/avatar\/9100a8e4fbc3ced738e01809e3f2b8479cd38d25f89ce42f8abdd64176cbade4?s=96&d=mm&r=g","contentUrl":"https:\/\/secure.gravatar.com\/avatar\/9100a8e4fbc3ced738e01809e3f2b8479cd38d25f89ce42f8abdd64176cbade4?s=96&d=mm&r=g","caption":"unicampus"},"url":"https:\/\/www.fundacionunicaja.com\/campus\/author\/unicampus\/"}]}},"_links":{"self":[{"href":"https:\/\/www.fundacionunicaja.com\/campus\/wp-json\/wp\/v2\/posts\/59517","targetHints":{"allow":["GET"]}}],"collection":[{"href":"https:\/\/www.fundacionunicaja.com\/campus\/wp-json\/wp\/v2\/posts"}],"about":[{"href":"https:\/\/www.fundacionunicaja.com\/campus\/wp-json\/wp\/v2\/types\/post"}],"author":[{"embeddable":true,"href":"https:\/\/www.fundacionunicaja.com\/campus\/wp-json\/wp\/v2\/users\/13"}],"replies":[{"embeddable":true,"href":"https:\/\/www.fundacionunicaja.com\/campus\/wp-json\/wp\/v2\/comments?post=59517"}],"version-history":[{"count":2,"href":"https:\/\/www.fundacionunicaja.com\/campus\/wp-json\/wp\/v2\/posts\/59517\/revisions"}],"predecessor-version":[{"id":59532,"href":"https:\/\/www.fundacionunicaja.com\/campus\/wp-json\/wp\/v2\/posts\/59517\/revisions\/59532"}],"wp:featuredmedia":[{"embeddable":true,"href":"https:\/\/www.fundacionunicaja.com\/campus\/wp-json\/wp\/v2\/media\/59518"}],"wp:attachment":[{"href":"https:\/\/www.fundacionunicaja.com\/campus\/wp-json\/wp\/v2\/media?parent=59517"}],"wp:term":[{"taxonomy":"category","embeddable":true,"href":"https:\/\/www.fundacionunicaja.com\/campus\/wp-json\/wp\/v2\/categories?post=59517"},{"taxonomy":"post_tag","embeddable":true,"href":"https:\/\/www.fundacionunicaja.com\/campus\/wp-json\/wp\/v2\/tags?post=59517"}],"curies":[{"name":"wp","href":"https:\/\/api.w.org\/{rel}","templated":true}]}}