{"id":59468,"date":"2025-07-20T16:52:04","date_gmt":"2025-07-20T14:52:04","guid":{"rendered":"https:\/\/www.fundacionunicaja.com\/campus\/?p=59468"},"modified":"2025-07-20T16:52:04","modified_gmt":"2025-07-20T14:52:04","slug":"no-hay-mejor-forma-de-empezar-y-acabar-los-dias-en-campus-ronda","status":"publish","type":"post","link":"https:\/\/www.fundacionunicaja.com\/campus\/2025\/07\/20\/no-hay-mejor-forma-de-empezar-y-acabar-los-dias-en-campus-ronda\/","title":{"rendered":"No hay mejor forma de empezar y acabar los d\u00edas en Campus Ronda"},"content":{"rendered":"<p><span style=\"font-weight: 400\">En Campus Ronda sabemos muy bien c\u00f3mo hacer que el despertar sea divertido y comenzar cada d\u00eda con energ\u00eda, porque despu\u00e9s del desayuno, todos los ni\u00f1os y ni\u00f1as de este tercer turno <\/span><b>disfrutan de una velada matinal que les permite empezar la ma\u00f1ana con risas y buena compa\u00f1\u00eda.<\/b><\/p>\n<p><img fetchpriority=\"high\" decoding=\"async\" class=\"alignnone size-large wp-image-59470\" src=\"https:\/\/www.fundacionunicaja.com\/campus\/wp-content\/uploads\/sites\/2\/2025\/07\/T3CL317-1024x576.jpg\" alt=\"\" width=\"800\" height=\"450\" srcset=\"https:\/\/www.fundacionunicaja.com\/campus\/wp-content\/uploads\/sites\/2\/2025\/07\/T3CL317-1024x576.jpg 1024w, https:\/\/www.fundacionunicaja.com\/campus\/wp-content\/uploads\/sites\/2\/2025\/07\/T3CL317-300x169.jpg 300w, https:\/\/www.fundacionunicaja.com\/campus\/wp-content\/uploads\/sites\/2\/2025\/07\/T3CL317-768x432.jpg 768w, https:\/\/www.fundacionunicaja.com\/campus\/wp-content\/uploads\/sites\/2\/2025\/07\/T3CL317-1536x864.jpg 1536w, https:\/\/www.fundacionunicaja.com\/campus\/wp-content\/uploads\/sites\/2\/2025\/07\/T3CL317.jpg 1920w\" sizes=\"(max-width: 800px) 100vw, 800px\" \/><\/p>\n<p><b>Y lo mismo sucede cada noche, cuando antes de acostarse participan en la velada nocturna, siempre ambientada seg\u00fan la tem\u00e1tica del d\u00eda<\/b><span style=\"font-weight: 400\">. En este turno 3 ya hemos vivido algunas como \u201cMonitores y mazmorras\u201d o \u201cLa Noche de Clanes\u201d.<\/span><\/p>\n<p><img decoding=\"async\" class=\"alignnone size-large wp-image-59473\" src=\"https:\/\/www.fundacionunicaja.com\/campus\/wp-content\/uploads\/sites\/2\/2025\/07\/T3CL314-1024x576.jpg\" alt=\"\" width=\"800\" height=\"450\" srcset=\"https:\/\/www.fundacionunicaja.com\/campus\/wp-content\/uploads\/sites\/2\/2025\/07\/T3CL314-1024x576.jpg 1024w, https:\/\/www.fundacionunicaja.com\/campus\/wp-content\/uploads\/sites\/2\/2025\/07\/T3CL314-300x169.jpg 300w, https:\/\/www.fundacionunicaja.com\/campus\/wp-content\/uploads\/sites\/2\/2025\/07\/T3CL314-768x432.jpg 768w, https:\/\/www.fundacionunicaja.com\/campus\/wp-content\/uploads\/sites\/2\/2025\/07\/T3CL314-1536x864.jpg 1536w, https:\/\/www.fundacionunicaja.com\/campus\/wp-content\/uploads\/sites\/2\/2025\/07\/T3CL314.jpg 1920w\" sizes=\"(max-width: 800px) 100vw, 800px\" \/><\/p>\n<p><span style=\"font-weight: 400\">Pero el ritmo no para en Campus Ronda, ya que entre las veladas matinales y nocturnas, los participantes aprovechan la <\/span><b>gran variedad de actividades deportivas disponibles en las instalaciones o se refrescan en la piscina para combatir el calor<\/b><span style=\"font-weight: 400\">.<\/span><\/p>\n<p><img decoding=\"async\" class=\"alignnone size-large wp-image-59484\" src=\"https:\/\/www.fundacionunicaja.com\/campus\/wp-content\/uploads\/sites\/2\/2025\/07\/NOTICI-1024x576.jpg\" alt=\"\" width=\"800\" height=\"450\" srcset=\"https:\/\/www.fundacionunicaja.com\/campus\/wp-content\/uploads\/sites\/2\/2025\/07\/NOTICI-1024x576.jpg 1024w, https:\/\/www.fundacionunicaja.com\/campus\/wp-content\/uploads\/sites\/2\/2025\/07\/NOTICI-300x169.jpg 300w, https:\/\/www.fundacionunicaja.com\/campus\/wp-content\/uploads\/sites\/2\/2025\/07\/NOTICI-768x432.jpg 768w, https:\/\/www.fundacionunicaja.com\/campus\/wp-content\/uploads\/sites\/2\/2025\/07\/NOTICI-1536x864.jpg 1536w, https:\/\/www.fundacionunicaja.com\/campus\/wp-content\/uploads\/sites\/2\/2025\/07\/NOTICI.jpg 1920w\" sizes=\"(max-width: 800px) 100vw, 800px\" \/><\/p>\n","protected":false},"excerpt":{"rendered":"<p>En Campus Ronda sabemos muy bien c\u00f3mo hacer que el despertar sea divertido y comenzar cada d\u00eda con energ\u00eda, porque despu\u00e9s del desayuno, todos los ni\u00f1os y ni\u00f1as de este tercer turno disfrutan de una velada matinal que les permite empezar la ma\u00f1ana con risas y buena compa\u00f1\u00eda. Y lo mismo sucede cada noche, cuando [&hellip;]<\/p>\n","protected":false},"author":13,"featured_media":59469,"comment_status":"open","ping_status":"open","sticky":false,"template":"","format":"standard","meta":{"_acf_changed":false,"footnotes":""},"categories":[182,25],"tags":[],"class_list":["post-59468","post","type-post","status-publish","format-standard","has-post-thumbnail","hentry","category-campus","category-ronda"],"acf":[],"yoast_head":"<!-- This site is optimized with the Yoast SEO plugin v27.4 - https:\/\/yoast.com\/product\/yoast-seo-wordpress\/ -->\n<title>No hay mejor forma de empezar y acabar los d\u00edas en Campus Ronda - Campus Fundaci\u00f3n Unicaja<\/title>\n<meta name=\"robots\" content=\"index, follow, max-snippet:-1, max-image-preview:large, max-video-preview:-1\" \/>\n<link rel=\"canonical\" href=\"https:\/\/www.fundacionunicaja.com\/campus\/2025\/07\/20\/no-hay-mejor-forma-de-empezar-y-acabar-los-dias-en-campus-ronda\/\" \/>\n<meta property=\"og:locale\" content=\"es_ES\" \/>\n<meta property=\"og:type\" content=\"article\" \/>\n<meta property=\"og:title\" content=\"No hay mejor forma de empezar y acabar los d\u00edas en Campus Ronda - Campus Fundaci\u00f3n Unicaja\" \/>\n<meta property=\"og:description\" content=\"En Campus Ronda sabemos muy bien c\u00f3mo hacer que el despertar sea divertido y comenzar cada d\u00eda con energ\u00eda, porque despu\u00e9s del desayuno, todos los ni\u00f1os y ni\u00f1as de este tercer turno disfrutan de una velada matinal que les permite empezar la ma\u00f1ana con risas y buena compa\u00f1\u00eda. Y lo mismo sucede cada noche, cuando [&hellip;]\" \/>\n<meta property=\"og:url\" content=\"https:\/\/www.fundacionunicaja.com\/campus\/2025\/07\/20\/no-hay-mejor-forma-de-empezar-y-acabar-los-dias-en-campus-ronda\/\" \/>\n<meta property=\"og:site_name\" content=\"Campus Fundaci\u00f3n Unicaja\" \/>\n<meta property=\"article:published_time\" content=\"2025-07-20T14:52:04+00:00\" \/>\n<meta property=\"og:image\" content=\"https:\/\/www.fundacionunicaja.com\/campus\/wp-content\/uploads\/sites\/2\/2025\/07\/T3CL486-1024x576.png\" \/>\n\t<meta property=\"og:image:width\" content=\"1024\" \/>\n\t<meta property=\"og:image:height\" content=\"576\" \/>\n\t<meta property=\"og:image:type\" content=\"image\/png\" \/>\n<meta name=\"author\" content=\"unicampus\" \/>\n<meta name=\"twitter:card\" content=\"summary_large_image\" \/>\n<meta name=\"twitter:label1\" content=\"Escrito por\" \/>\n\t<meta name=\"twitter:data1\" content=\"unicampus\" \/>\n\t<meta name=\"twitter:label2\" content=\"Tiempo de lectura\" \/>\n\t<meta name=\"twitter:data2\" content=\"1 minuto\" \/>\n<script type=\"application\/ld+json\" class=\"yoast-schema-graph\">{\"@context\":\"https:\\\/\\\/schema.org\",\"@graph\":[{\"@type\":\"Article\",\"@id\":\"https:\\\/\\\/www.fundacionunicaja.com\\\/campus\\\/2025\\\/07\\\/20\\\/no-hay-mejor-forma-de-empezar-y-acabar-los-dias-en-campus-ronda\\\/#article\",\"isPartOf\":{\"@id\":\"https:\\\/\\\/www.fundacionunicaja.com\\\/campus\\\/2025\\\/07\\\/20\\\/no-hay-mejor-forma-de-empezar-y-acabar-los-dias-en-campus-ronda\\\/\"},\"author\":{\"name\":\"unicampus\",\"@id\":\"https:\\\/\\\/www.fundacionunicaja.com\\\/campus\\\/#\\\/schema\\\/person\\\/0f25eed83aa1529127f97318b1b0dac2\"},\"headline\":\"No hay mejor forma de empezar y acabar los d\u00edas en Campus Ronda\",\"datePublished\":\"2025-07-20T14:52:04+00:00\",\"mainEntityOfPage\":{\"@id\":\"https:\\\/\\\/www.fundacionunicaja.com\\\/campus\\\/2025\\\/07\\\/20\\\/no-hay-mejor-forma-de-empezar-y-acabar-los-dias-en-campus-ronda\\\/\"},\"wordCount\":150,\"commentCount\":0,\"publisher\":{\"@id\":\"https:\\\/\\\/www.fundacionunicaja.com\\\/campus\\\/#organization\"},\"image\":{\"@id\":\"https:\\\/\\\/www.fundacionunicaja.com\\\/campus\\\/2025\\\/07\\\/20\\\/no-hay-mejor-forma-de-empezar-y-acabar-los-dias-en-campus-ronda\\\/#primaryimage\"},\"thumbnailUrl\":\"https:\\\/\\\/www.fundacionunicaja.com\\\/campus\\\/wp-content\\\/uploads\\\/sites\\\/2\\\/2025\\\/07\\\/T3CL486.png\",\"articleSection\":[\"CAMPUS\",\"Ronda\"],\"inLanguage\":\"es\",\"potentialAction\":[{\"@type\":\"CommentAction\",\"name\":\"Comment\",\"target\":[\"https:\\\/\\\/www.fundacionunicaja.com\\\/campus\\\/2025\\\/07\\\/20\\\/no-hay-mejor-forma-de-empezar-y-acabar-los-dias-en-campus-ronda\\\/#respond\"]}]},{\"@type\":\"WebPage\",\"@id\":\"https:\\\/\\\/www.fundacionunicaja.com\\\/campus\\\/2025\\\/07\\\/20\\\/no-hay-mejor-forma-de-empezar-y-acabar-los-dias-en-campus-ronda\\\/\",\"url\":\"https:\\\/\\\/www.fundacionunicaja.com\\\/campus\\\/2025\\\/07\\\/20\\\/no-hay-mejor-forma-de-empezar-y-acabar-los-dias-en-campus-ronda\\\/\",\"name\":\"No hay mejor forma de empezar y acabar los d\u00edas en Campus Ronda - Campus Fundaci\u00f3n Unicaja\",\"isPartOf\":{\"@id\":\"https:\\\/\\\/www.fundacionunicaja.com\\\/campus\\\/#website\"},\"primaryImageOfPage\":{\"@id\":\"https:\\\/\\\/www.fundacionunicaja.com\\\/campus\\\/2025\\\/07\\\/20\\\/no-hay-mejor-forma-de-empezar-y-acabar-los-dias-en-campus-ronda\\\/#primaryimage\"},\"image\":{\"@id\":\"https:\\\/\\\/www.fundacionunicaja.com\\\/campus\\\/2025\\\/07\\\/20\\\/no-hay-mejor-forma-de-empezar-y-acabar-los-dias-en-campus-ronda\\\/#primaryimage\"},\"thumbnailUrl\":\"https:\\\/\\\/www.fundacionunicaja.com\\\/campus\\\/wp-content\\\/uploads\\\/sites\\\/2\\\/2025\\\/07\\\/T3CL486.png\",\"datePublished\":\"2025-07-20T14:52:04+00:00\",\"breadcrumb\":{\"@id\":\"https:\\\/\\\/www.fundacionunicaja.com\\\/campus\\\/2025\\\/07\\\/20\\\/no-hay-mejor-forma-de-empezar-y-acabar-los-dias-en-campus-ronda\\\/#breadcrumb\"},\"inLanguage\":\"es\",\"potentialAction\":[{\"@type\":\"ReadAction\",\"target\":[\"https:\\\/\\\/www.fundacionunicaja.com\\\/campus\\\/2025\\\/07\\\/20\\\/no-hay-mejor-forma-de-empezar-y-acabar-los-dias-en-campus-ronda\\\/\"]}]},{\"@type\":\"ImageObject\",\"inLanguage\":\"es\",\"@id\":\"https:\\\/\\\/www.fundacionunicaja.com\\\/campus\\\/2025\\\/07\\\/20\\\/no-hay-mejor-forma-de-empezar-y-acabar-los-dias-en-campus-ronda\\\/#primaryimage\",\"url\":\"https:\\\/\\\/www.fundacionunicaja.com\\\/campus\\\/wp-content\\\/uploads\\\/sites\\\/2\\\/2025\\\/07\\\/T3CL486.png\",\"contentUrl\":\"https:\\\/\\\/www.fundacionunicaja.com\\\/campus\\\/wp-content\\\/uploads\\\/sites\\\/2\\\/2025\\\/07\\\/T3CL486.png\",\"width\":1920,\"height\":1080},{\"@type\":\"BreadcrumbList\",\"@id\":\"https:\\\/\\\/www.fundacionunicaja.com\\\/campus\\\/2025\\\/07\\\/20\\\/no-hay-mejor-forma-de-empezar-y-acabar-los-dias-en-campus-ronda\\\/#breadcrumb\",\"itemListElement\":[{\"@type\":\"ListItem\",\"position\":1,\"name\":\"Portada\",\"item\":\"https:\\\/\\\/www.fundacionunicaja.com\\\/campus\\\/\"},{\"@type\":\"ListItem\",\"position\":2,\"name\":\"No hay mejor forma de empezar y acabar los d\u00edas en Campus Ronda\"}]},{\"@type\":\"WebSite\",\"@id\":\"https:\\\/\\\/www.fundacionunicaja.com\\\/campus\\\/#website\",\"url\":\"https:\\\/\\\/www.fundacionunicaja.com\\\/campus\\\/\",\"name\":\"Campus Fundaci\u00f3n Unicaja\",\"description\":\"\",\"publisher\":{\"@id\":\"https:\\\/\\\/www.fundacionunicaja.com\\\/campus\\\/#organization\"},\"potentialAction\":[{\"@type\":\"SearchAction\",\"target\":{\"@type\":\"EntryPoint\",\"urlTemplate\":\"https:\\\/\\\/www.fundacionunicaja.com\\\/campus\\\/?s={search_term_string}\"},\"query-input\":{\"@type\":\"PropertyValueSpecification\",\"valueRequired\":true,\"valueName\":\"search_term_string\"}}],\"inLanguage\":\"es\"},{\"@type\":\"Organization\",\"@id\":\"https:\\\/\\\/www.fundacionunicaja.com\\\/campus\\\/#organization\",\"name\":\"Campus Fundaci\u00f3n Unicaja\",\"url\":\"https:\\\/\\\/www.fundacionunicaja.com\\\/campus\\\/\",\"logo\":{\"@type\":\"ImageObject\",\"inLanguage\":\"es\",\"@id\":\"https:\\\/\\\/www.fundacionunicaja.com\\\/campus\\\/#\\\/schema\\\/logo\\\/image\\\/\",\"url\":\"https:\\\/\\\/www.fundacionunicaja.com\\\/campus\\\/wp-content\\\/uploads\\\/sites\\\/2\\\/2025\\\/03\\\/LOGO_unicaja-1.png\",\"contentUrl\":\"https:\\\/\\\/www.fundacionunicaja.com\\\/campus\\\/wp-content\\\/uploads\\\/sites\\\/2\\\/2025\\\/03\\\/LOGO_unicaja-1.png\",\"width\":243,\"height\":69,\"caption\":\"Campus Fundaci\u00f3n Unicaja\"},\"image\":{\"@id\":\"https:\\\/\\\/www.fundacionunicaja.com\\\/campus\\\/#\\\/schema\\\/logo\\\/image\\\/\"}},{\"@type\":\"Person\",\"@id\":\"https:\\\/\\\/www.fundacionunicaja.com\\\/campus\\\/#\\\/schema\\\/person\\\/0f25eed83aa1529127f97318b1b0dac2\",\"name\":\"unicampus\",\"image\":{\"@type\":\"ImageObject\",\"inLanguage\":\"es\",\"@id\":\"https:\\\/\\\/secure.gravatar.com\\\/avatar\\\/9100a8e4fbc3ced738e01809e3f2b8479cd38d25f89ce42f8abdd64176cbade4?s=96&d=mm&r=g\",\"url\":\"https:\\\/\\\/secure.gravatar.com\\\/avatar\\\/9100a8e4fbc3ced738e01809e3f2b8479cd38d25f89ce42f8abdd64176cbade4?s=96&d=mm&r=g\",\"contentUrl\":\"https:\\\/\\\/secure.gravatar.com\\\/avatar\\\/9100a8e4fbc3ced738e01809e3f2b8479cd38d25f89ce42f8abdd64176cbade4?s=96&d=mm&r=g\",\"caption\":\"unicampus\"},\"url\":\"https:\\\/\\\/www.fundacionunicaja.com\\\/campus\\\/author\\\/unicampus\\\/\"}]}<\/script>\n<!-- \/ Yoast SEO plugin. -->","yoast_head_json":{"title":"No hay mejor forma de empezar y acabar los d\u00edas en Campus Ronda - Campus Fundaci\u00f3n Unicaja","robots":{"index":"index","follow":"follow","max-snippet":"max-snippet:-1","max-image-preview":"max-image-preview:large","max-video-preview":"max-video-preview:-1"},"canonical":"https:\/\/www.fundacionunicaja.com\/campus\/2025\/07\/20\/no-hay-mejor-forma-de-empezar-y-acabar-los-dias-en-campus-ronda\/","og_locale":"es_ES","og_type":"article","og_title":"No hay mejor forma de empezar y acabar los d\u00edas en Campus Ronda - Campus Fundaci\u00f3n Unicaja","og_description":"En Campus Ronda sabemos muy bien c\u00f3mo hacer que el despertar sea divertido y comenzar cada d\u00eda con energ\u00eda, porque despu\u00e9s del desayuno, todos los ni\u00f1os y ni\u00f1as de este tercer turno disfrutan de una velada matinal que les permite empezar la ma\u00f1ana con risas y buena compa\u00f1\u00eda. Y lo mismo sucede cada noche, cuando [&hellip;]","og_url":"https:\/\/www.fundacionunicaja.com\/campus\/2025\/07\/20\/no-hay-mejor-forma-de-empezar-y-acabar-los-dias-en-campus-ronda\/","og_site_name":"Campus Fundaci\u00f3n Unicaja","article_published_time":"2025-07-20T14:52:04+00:00","og_image":[{"width":1024,"height":576,"url":"https:\/\/www.fundacionunicaja.com\/campus\/wp-content\/uploads\/sites\/2\/2025\/07\/T3CL486-1024x576.png","type":"image\/png"}],"author":"unicampus","twitter_card":"summary_large_image","twitter_misc":{"Escrito por":"unicampus","Tiempo de lectura":"1 minuto"},"schema":{"@context":"https:\/\/schema.org","@graph":[{"@type":"Article","@id":"https:\/\/www.fundacionunicaja.com\/campus\/2025\/07\/20\/no-hay-mejor-forma-de-empezar-y-acabar-los-dias-en-campus-ronda\/#article","isPartOf":{"@id":"https:\/\/www.fundacionunicaja.com\/campus\/2025\/07\/20\/no-hay-mejor-forma-de-empezar-y-acabar-los-dias-en-campus-ronda\/"},"author":{"name":"unicampus","@id":"https:\/\/www.fundacionunicaja.com\/campus\/#\/schema\/person\/0f25eed83aa1529127f97318b1b0dac2"},"headline":"No hay mejor forma de empezar y acabar los d\u00edas en Campus Ronda","datePublished":"2025-07-20T14:52:04+00:00","mainEntityOfPage":{"@id":"https:\/\/www.fundacionunicaja.com\/campus\/2025\/07\/20\/no-hay-mejor-forma-de-empezar-y-acabar-los-dias-en-campus-ronda\/"},"wordCount":150,"commentCount":0,"publisher":{"@id":"https:\/\/www.fundacionunicaja.com\/campus\/#organization"},"image":{"@id":"https:\/\/www.fundacionunicaja.com\/campus\/2025\/07\/20\/no-hay-mejor-forma-de-empezar-y-acabar-los-dias-en-campus-ronda\/#primaryimage"},"thumbnailUrl":"https:\/\/www.fundacionunicaja.com\/campus\/wp-content\/uploads\/sites\/2\/2025\/07\/T3CL486.png","articleSection":["CAMPUS","Ronda"],"inLanguage":"es","potentialAction":[{"@type":"CommentAction","name":"Comment","target":["https:\/\/www.fundacionunicaja.com\/campus\/2025\/07\/20\/no-hay-mejor-forma-de-empezar-y-acabar-los-dias-en-campus-ronda\/#respond"]}]},{"@type":"WebPage","@id":"https:\/\/www.fundacionunicaja.com\/campus\/2025\/07\/20\/no-hay-mejor-forma-de-empezar-y-acabar-los-dias-en-campus-ronda\/","url":"https:\/\/www.fundacionunicaja.com\/campus\/2025\/07\/20\/no-hay-mejor-forma-de-empezar-y-acabar-los-dias-en-campus-ronda\/","name":"No hay mejor forma de empezar y acabar los d\u00edas en Campus Ronda - Campus Fundaci\u00f3n Unicaja","isPartOf":{"@id":"https:\/\/www.fundacionunicaja.com\/campus\/#website"},"primaryImageOfPage":{"@id":"https:\/\/www.fundacionunicaja.com\/campus\/2025\/07\/20\/no-hay-mejor-forma-de-empezar-y-acabar-los-dias-en-campus-ronda\/#primaryimage"},"image":{"@id":"https:\/\/www.fundacionunicaja.com\/campus\/2025\/07\/20\/no-hay-mejor-forma-de-empezar-y-acabar-los-dias-en-campus-ronda\/#primaryimage"},"thumbnailUrl":"https:\/\/www.fundacionunicaja.com\/campus\/wp-content\/uploads\/sites\/2\/2025\/07\/T3CL486.png","datePublished":"2025-07-20T14:52:04+00:00","breadcrumb":{"@id":"https:\/\/www.fundacionunicaja.com\/campus\/2025\/07\/20\/no-hay-mejor-forma-de-empezar-y-acabar-los-dias-en-campus-ronda\/#breadcrumb"},"inLanguage":"es","potentialAction":[{"@type":"ReadAction","target":["https:\/\/www.fundacionunicaja.com\/campus\/2025\/07\/20\/no-hay-mejor-forma-de-empezar-y-acabar-los-dias-en-campus-ronda\/"]}]},{"@type":"ImageObject","inLanguage":"es","@id":"https:\/\/www.fundacionunicaja.com\/campus\/2025\/07\/20\/no-hay-mejor-forma-de-empezar-y-acabar-los-dias-en-campus-ronda\/#primaryimage","url":"https:\/\/www.fundacionunicaja.com\/campus\/wp-content\/uploads\/sites\/2\/2025\/07\/T3CL486.png","contentUrl":"https:\/\/www.fundacionunicaja.com\/campus\/wp-content\/uploads\/sites\/2\/2025\/07\/T3CL486.png","width":1920,"height":1080},{"@type":"BreadcrumbList","@id":"https:\/\/www.fundacionunicaja.com\/campus\/2025\/07\/20\/no-hay-mejor-forma-de-empezar-y-acabar-los-dias-en-campus-ronda\/#breadcrumb","itemListElement":[{"@type":"ListItem","position":1,"name":"Portada","item":"https:\/\/www.fundacionunicaja.com\/campus\/"},{"@type":"ListItem","position":2,"name":"No hay mejor forma de empezar y acabar los d\u00edas en Campus Ronda"}]},{"@type":"WebSite","@id":"https:\/\/www.fundacionunicaja.com\/campus\/#website","url":"https:\/\/www.fundacionunicaja.com\/campus\/","name":"Campus Fundaci\u00f3n Unicaja","description":"","publisher":{"@id":"https:\/\/www.fundacionunicaja.com\/campus\/#organization"},"potentialAction":[{"@type":"SearchAction","target":{"@type":"EntryPoint","urlTemplate":"https:\/\/www.fundacionunicaja.com\/campus\/?s={search_term_string}"},"query-input":{"@type":"PropertyValueSpecification","valueRequired":true,"valueName":"search_term_string"}}],"inLanguage":"es"},{"@type":"Organization","@id":"https:\/\/www.fundacionunicaja.com\/campus\/#organization","name":"Campus Fundaci\u00f3n Unicaja","url":"https:\/\/www.fundacionunicaja.com\/campus\/","logo":{"@type":"ImageObject","inLanguage":"es","@id":"https:\/\/www.fundacionunicaja.com\/campus\/#\/schema\/logo\/image\/","url":"https:\/\/www.fundacionunicaja.com\/campus\/wp-content\/uploads\/sites\/2\/2025\/03\/LOGO_unicaja-1.png","contentUrl":"https:\/\/www.fundacionunicaja.com\/campus\/wp-content\/uploads\/sites\/2\/2025\/03\/LOGO_unicaja-1.png","width":243,"height":69,"caption":"Campus Fundaci\u00f3n Unicaja"},"image":{"@id":"https:\/\/www.fundacionunicaja.com\/campus\/#\/schema\/logo\/image\/"}},{"@type":"Person","@id":"https:\/\/www.fundacionunicaja.com\/campus\/#\/schema\/person\/0f25eed83aa1529127f97318b1b0dac2","name":"unicampus","image":{"@type":"ImageObject","inLanguage":"es","@id":"https:\/\/secure.gravatar.com\/avatar\/9100a8e4fbc3ced738e01809e3f2b8479cd38d25f89ce42f8abdd64176cbade4?s=96&d=mm&r=g","url":"https:\/\/secure.gravatar.com\/avatar\/9100a8e4fbc3ced738e01809e3f2b8479cd38d25f89ce42f8abdd64176cbade4?s=96&d=mm&r=g","contentUrl":"https:\/\/secure.gravatar.com\/avatar\/9100a8e4fbc3ced738e01809e3f2b8479cd38d25f89ce42f8abdd64176cbade4?s=96&d=mm&r=g","caption":"unicampus"},"url":"https:\/\/www.fundacionunicaja.com\/campus\/author\/unicampus\/"}]}},"_links":{"self":[{"href":"https:\/\/www.fundacionunicaja.com\/campus\/wp-json\/wp\/v2\/posts\/59468","targetHints":{"allow":["GET"]}}],"collection":[{"href":"https:\/\/www.fundacionunicaja.com\/campus\/wp-json\/wp\/v2\/posts"}],"about":[{"href":"https:\/\/www.fundacionunicaja.com\/campus\/wp-json\/wp\/v2\/types\/post"}],"author":[{"embeddable":true,"href":"https:\/\/www.fundacionunicaja.com\/campus\/wp-json\/wp\/v2\/users\/13"}],"replies":[{"embeddable":true,"href":"https:\/\/www.fundacionunicaja.com\/campus\/wp-json\/wp\/v2\/comments?post=59468"}],"version-history":[{"count":2,"href":"https:\/\/www.fundacionunicaja.com\/campus\/wp-json\/wp\/v2\/posts\/59468\/revisions"}],"predecessor-version":[{"id":59485,"href":"https:\/\/www.fundacionunicaja.com\/campus\/wp-json\/wp\/v2\/posts\/59468\/revisions\/59485"}],"wp:featuredmedia":[{"embeddable":true,"href":"https:\/\/www.fundacionunicaja.com\/campus\/wp-json\/wp\/v2\/media\/59469"}],"wp:attachment":[{"href":"https:\/\/www.fundacionunicaja.com\/campus\/wp-json\/wp\/v2\/media?parent=59468"}],"wp:term":[{"taxonomy":"category","embeddable":true,"href":"https:\/\/www.fundacionunicaja.com\/campus\/wp-json\/wp\/v2\/categories?post=59468"},{"taxonomy":"post_tag","embeddable":true,"href":"https:\/\/www.fundacionunicaja.com\/campus\/wp-json\/wp\/v2\/tags?post=59468"}],"curies":[{"name":"wp","href":"https:\/\/api.w.org\/{rel}","templated":true}]}}