{"id":59456,"date":"2025-07-19T00:47:12","date_gmt":"2025-07-18T22:47:12","guid":{"rendered":"https:\/\/www.fundacionunicaja.com\/campus\/?p=59456"},"modified":"2025-07-19T00:47:12","modified_gmt":"2025-07-18T22:47:12","slug":"el-tercer-turno-del-campus-sabinillas-avanza-con-dias-repletos-de-deporte-diversion-y-convivencia-junto-al-mar","status":"publish","type":"post","link":"https:\/\/www.fundacionunicaja.com\/campus\/2025\/07\/19\/el-tercer-turno-del-campus-sabinillas-avanza-con-dias-repletos-de-deporte-diversion-y-convivencia-junto-al-mar\/","title":{"rendered":"El tercer turno del Campus Sabinillas avanza con d\u00edas repletos de deporte, diversi\u00f3n y convivencia junto al mar"},"content":{"rendered":"<p>El tercer turno del Campus Sabinillas s Fundaci\u00f3n Unicaja avanza a pleno ritmo, y cada jornada est\u00e1 dejando momentos para el recuerdo. Con el mar como tel\u00f3n de fondo, los participantes disfrutan de un programa de actividades pensado para combinar <strong>diversi\u00f3n, deporte y aprendizaje en un entorno seguro y estimulante.<\/strong><\/p>\n<p><img fetchpriority=\"high\" decoding=\"async\" class=\"alignnone size-large wp-image-59462\" src=\"https:\/\/www.fundacionunicaja.com\/campus\/wp-content\/uploads\/sites\/2\/2025\/07\/SB-EXPORT-14-de-29-1024x683.jpg\" alt=\"\" width=\"800\" height=\"534\" srcset=\"https:\/\/www.fundacionunicaja.com\/campus\/wp-content\/uploads\/sites\/2\/2025\/07\/SB-EXPORT-14-de-29-1024x683.jpg 1024w, https:\/\/www.fundacionunicaja.com\/campus\/wp-content\/uploads\/sites\/2\/2025\/07\/SB-EXPORT-14-de-29-300x200.jpg 300w, https:\/\/www.fundacionunicaja.com\/campus\/wp-content\/uploads\/sites\/2\/2025\/07\/SB-EXPORT-14-de-29-768x512.jpg 768w, https:\/\/www.fundacionunicaja.com\/campus\/wp-content\/uploads\/sites\/2\/2025\/07\/SB-EXPORT-14-de-29-1536x1024.jpg 1536w, https:\/\/www.fundacionunicaja.com\/campus\/wp-content\/uploads\/sites\/2\/2025\/07\/SB-EXPORT-14-de-29-2048x1365.jpg 2048w\" sizes=\"(max-width: 800px) 100vw, 800px\" \/><\/p>\n<p>Las ma\u00f1anas arrancan con energ\u00eda gracias a las veladas matinales, seguidas de sesiones de<strong> paddle surf, kayak, big sup y deportes en la playa.<\/strong> Mientras unos cruzan las <strong>pasarelas acu\u00e1ticas<\/strong> desafiando el equilibrio, otros compiten en emocionantes<strong> partidos de f\u00fatbol, v\u00f3ley playa o baloncesto.<\/strong><\/p>\n<p><img decoding=\"async\" class=\"size-large wp-image-59463\" src=\"https:\/\/www.fundacionunicaja.com\/campus\/wp-content\/uploads\/sites\/2\/2025\/07\/T3_SB_SABIBLINDERS_LOGO-176-1024x683.jpg\" alt=\"\" width=\"800\" height=\"534\" srcset=\"https:\/\/www.fundacionunicaja.com\/campus\/wp-content\/uploads\/sites\/2\/2025\/07\/T3_SB_SABIBLINDERS_LOGO-176-1024x683.jpg 1024w, https:\/\/www.fundacionunicaja.com\/campus\/wp-content\/uploads\/sites\/2\/2025\/07\/T3_SB_SABIBLINDERS_LOGO-176-300x200.jpg 300w, https:\/\/www.fundacionunicaja.com\/campus\/wp-content\/uploads\/sites\/2\/2025\/07\/T3_SB_SABIBLINDERS_LOGO-176-768x512.jpg 768w, https:\/\/www.fundacionunicaja.com\/campus\/wp-content\/uploads\/sites\/2\/2025\/07\/T3_SB_SABIBLINDERS_LOGO-176-1536x1024.jpg 1536w, https:\/\/www.fundacionunicaja.com\/campus\/wp-content\/uploads\/sites\/2\/2025\/07\/T3_SB_SABIBLINDERS_LOGO-176-2048x1366.jpg 2048w\" sizes=\"(max-width: 800px) 100vw, 800px\" \/><img decoding=\"async\" class=\"alignnone size-large wp-image-59464\" src=\"https:\/\/www.fundacionunicaja.com\/campus\/wp-content\/uploads\/sites\/2\/2025\/07\/T3_SB_SABIBLINDERS_LOGO-93-1024x683.jpg\" alt=\"\" width=\"800\" height=\"534\" \/><\/p>\n<p>Por la tarde, la actividad contin\u00faa en las instalaciones del campus con din\u00e1micas de grupo, paseos en <strong>bicicleta y ecocar, sesiones de archery tag<\/strong> o pruebas de orientaci\u00f3n, sin olvidar los chapuzones en las piscinas y las animaciones especiales. Las noches se llenan de<strong> juegos, yincanas y veladas tem\u00e1ticas,<\/strong> momentos en los que la convivencia se convierte en la gran protagonista.<\/p>\n<p><img loading=\"lazy\" decoding=\"async\" class=\"alignnone size-large wp-image-59460\" src=\"https:\/\/www.fundacionunicaja.com\/campus\/wp-content\/uploads\/sites\/2\/2025\/07\/T3_SB_SABIBLINDERS_LOGO-198-1024x683.jpg\" alt=\"\" width=\"800\" height=\"534\" srcset=\"https:\/\/www.fundacionunicaja.com\/campus\/wp-content\/uploads\/sites\/2\/2025\/07\/T3_SB_SABIBLINDERS_LOGO-198-1024x683.jpg 1024w, https:\/\/www.fundacionunicaja.com\/campus\/wp-content\/uploads\/sites\/2\/2025\/07\/T3_SB_SABIBLINDERS_LOGO-198-300x200.jpg 300w, https:\/\/www.fundacionunicaja.com\/campus\/wp-content\/uploads\/sites\/2\/2025\/07\/T3_SB_SABIBLINDERS_LOGO-198-768x512.jpg 768w, https:\/\/www.fundacionunicaja.com\/campus\/wp-content\/uploads\/sites\/2\/2025\/07\/T3_SB_SABIBLINDERS_LOGO-198-1536x1024.jpg 1536w, https:\/\/www.fundacionunicaja.com\/campus\/wp-content\/uploads\/sites\/2\/2025\/07\/T3_SB_SABIBLINDERS_LOGO-198-2048x1365.jpg 2048w\" sizes=\"(max-width: 800px) 100vw, 800px\" \/><\/p>\n<p>Todo ello, bajo la coordinaci\u00f3n de un equipo de monitores y monitoras comprometido con el ocio educativo y el acompa\u00f1amiento cercano, que garantiza que cada participante viva una experiencia enriquecedora.<\/p>\n<p><img loading=\"lazy\" decoding=\"async\" class=\"alignnone size-large wp-image-59458\" src=\"https:\/\/www.fundacionunicaja.com\/campus\/wp-content\/uploads\/sites\/2\/2025\/07\/T3_SB_SABIBLINDERS_LOGO-110-1024x683.jpg\" alt=\"\" width=\"800\" height=\"534\" srcset=\"https:\/\/www.fundacionunicaja.com\/campus\/wp-content\/uploads\/sites\/2\/2025\/07\/T3_SB_SABIBLINDERS_LOGO-110-1024x683.jpg 1024w, https:\/\/www.fundacionunicaja.com\/campus\/wp-content\/uploads\/sites\/2\/2025\/07\/T3_SB_SABIBLINDERS_LOGO-110-300x200.jpg 300w, https:\/\/www.fundacionunicaja.com\/campus\/wp-content\/uploads\/sites\/2\/2025\/07\/T3_SB_SABIBLINDERS_LOGO-110-768x512.jpg 768w, https:\/\/www.fundacionunicaja.com\/campus\/wp-content\/uploads\/sites\/2\/2025\/07\/T3_SB_SABIBLINDERS_LOGO-110-1536x1024.jpg 1536w, https:\/\/www.fundacionunicaja.com\/campus\/wp-content\/uploads\/sites\/2\/2025\/07\/T3_SB_SABIBLINDERS_LOGO-110-2048x1365.jpg 2048w\" sizes=\"(max-width: 800px) 100vw, 800px\" \/><\/p>\n<p>Campus Sabinillas sigue consolid\u00e1ndose como un espacio \u00fanico donde<strong> deporte, valores y amistad se dan la mano,<\/strong> ofreciendo un verano inolvidable a cada uno de sus asistentes.<\/p>\n<p><img loading=\"lazy\" decoding=\"async\" class=\"alignnone size-large wp-image-59461\" src=\"https:\/\/www.fundacionunicaja.com\/campus\/wp-content\/uploads\/sites\/2\/2025\/07\/MG_8908-1024x683.jpg\" alt=\"\" width=\"800\" height=\"534\" srcset=\"https:\/\/www.fundacionunicaja.com\/campus\/wp-content\/uploads\/sites\/2\/2025\/07\/MG_8908-1024x683.jpg 1024w, https:\/\/www.fundacionunicaja.com\/campus\/wp-content\/uploads\/sites\/2\/2025\/07\/MG_8908-300x200.jpg 300w, https:\/\/www.fundacionunicaja.com\/campus\/wp-content\/uploads\/sites\/2\/2025\/07\/MG_8908-768x512.jpg 768w, https:\/\/www.fundacionunicaja.com\/campus\/wp-content\/uploads\/sites\/2\/2025\/07\/MG_8908-1536x1024.jpg 1536w, https:\/\/www.fundacionunicaja.com\/campus\/wp-content\/uploads\/sites\/2\/2025\/07\/MG_8908-2048x1365.jpg 2048w\" sizes=\"(max-width: 800px) 100vw, 800px\" \/><\/p>\n","protected":false},"excerpt":{"rendered":"<p>El tercer turno del Campus Sabinillas s Fundaci\u00f3n Unicaja avanza a pleno ritmo, y cada jornada est\u00e1 dejando momentos para el recuerdo. Con el mar como tel\u00f3n de fondo, los participantes disfrutan de un programa de actividades pensado para combinar diversi\u00f3n, deporte y aprendizaje en un entorno seguro y estimulante. Las ma\u00f1anas arrancan con energ\u00eda [&hellip;]<\/p>\n","protected":false},"author":13,"featured_media":59464,"comment_status":"open","ping_status":"open","sticky":false,"template":"","format":"standard","meta":{"_acf_changed":false,"footnotes":""},"categories":[182,12],"tags":[],"class_list":["post-59456","post","type-post","status-publish","format-standard","has-post-thumbnail","hentry","category-campus","category-sabinillas"],"acf":[],"yoast_head":"<!-- This site is optimized with the Yoast SEO plugin v27.4 - https:\/\/yoast.com\/product\/yoast-seo-wordpress\/ -->\n<title>El tercer turno del Campus Sabinillas avanza con d\u00edas repletos de deporte, diversi\u00f3n y convivencia junto al mar - Campus Fundaci\u00f3n Unicaja<\/title>\n<meta name=\"robots\" content=\"index, follow, max-snippet:-1, max-image-preview:large, max-video-preview:-1\" \/>\n<link rel=\"canonical\" href=\"https:\/\/www.fundacionunicaja.com\/campus\/2025\/07\/19\/el-tercer-turno-del-campus-sabinillas-avanza-con-dias-repletos-de-deporte-diversion-y-convivencia-junto-al-mar\/\" \/>\n<meta property=\"og:locale\" content=\"es_ES\" \/>\n<meta property=\"og:type\" content=\"article\" \/>\n<meta property=\"og:title\" content=\"El tercer turno del Campus Sabinillas avanza con d\u00edas repletos de deporte, diversi\u00f3n y convivencia junto al mar - Campus Fundaci\u00f3n Unicaja\" \/>\n<meta property=\"og:description\" content=\"El tercer turno del Campus Sabinillas s Fundaci\u00f3n Unicaja avanza a pleno ritmo, y cada jornada est\u00e1 dejando momentos para el recuerdo. Con el mar como tel\u00f3n de fondo, los participantes disfrutan de un programa de actividades pensado para combinar diversi\u00f3n, deporte y aprendizaje en un entorno seguro y estimulante. Las ma\u00f1anas arrancan con energ\u00eda [&hellip;]\" \/>\n<meta property=\"og:url\" content=\"https:\/\/www.fundacionunicaja.com\/campus\/2025\/07\/19\/el-tercer-turno-del-campus-sabinillas-avanza-con-dias-repletos-de-deporte-diversion-y-convivencia-junto-al-mar\/\" \/>\n<meta property=\"og:site_name\" content=\"Campus Fundaci\u00f3n Unicaja\" \/>\n<meta property=\"article:published_time\" content=\"2025-07-18T22:47:12+00:00\" \/>\n<meta property=\"og:image\" content=\"https:\/\/www.fundacionunicaja.com\/campus\/wp-content\/uploads\/sites\/2\/2025\/07\/T3_SB_SABIBLINDERS_LOGO-93-scaled-e1752878800146.jpg\" \/>\n\t<meta property=\"og:image:width\" content=\"2560\" \/>\n\t<meta property=\"og:image:height\" content=\"721\" \/>\n\t<meta property=\"og:image:type\" content=\"image\/jpeg\" \/>\n<meta name=\"author\" content=\"unicampus\" \/>\n<meta name=\"twitter:card\" content=\"summary_large_image\" \/>\n<meta name=\"twitter:label1\" content=\"Escrito por\" \/>\n\t<meta name=\"twitter:data1\" content=\"unicampus\" \/>\n\t<meta name=\"twitter:label2\" content=\"Tiempo de lectura\" \/>\n\t<meta name=\"twitter:data2\" content=\"1 minuto\" \/>\n<script type=\"application\/ld+json\" class=\"yoast-schema-graph\">{\"@context\":\"https:\\\/\\\/schema.org\",\"@graph\":[{\"@type\":\"Article\",\"@id\":\"https:\\\/\\\/www.fundacionunicaja.com\\\/campus\\\/2025\\\/07\\\/19\\\/el-tercer-turno-del-campus-sabinillas-avanza-con-dias-repletos-de-deporte-diversion-y-convivencia-junto-al-mar\\\/#article\",\"isPartOf\":{\"@id\":\"https:\\\/\\\/www.fundacionunicaja.com\\\/campus\\\/2025\\\/07\\\/19\\\/el-tercer-turno-del-campus-sabinillas-avanza-con-dias-repletos-de-deporte-diversion-y-convivencia-junto-al-mar\\\/\"},\"author\":{\"name\":\"unicampus\",\"@id\":\"https:\\\/\\\/www.fundacionunicaja.com\\\/campus\\\/#\\\/schema\\\/person\\\/0f25eed83aa1529127f97318b1b0dac2\"},\"headline\":\"El tercer turno del Campus Sabinillas avanza con d\u00edas repletos de deporte, diversi\u00f3n y convivencia junto al mar\",\"datePublished\":\"2025-07-18T22:47:12+00:00\",\"mainEntityOfPage\":{\"@id\":\"https:\\\/\\\/www.fundacionunicaja.com\\\/campus\\\/2025\\\/07\\\/19\\\/el-tercer-turno-del-campus-sabinillas-avanza-con-dias-repletos-de-deporte-diversion-y-convivencia-junto-al-mar\\\/\"},\"wordCount\":247,\"commentCount\":0,\"publisher\":{\"@id\":\"https:\\\/\\\/www.fundacionunicaja.com\\\/campus\\\/#organization\"},\"image\":{\"@id\":\"https:\\\/\\\/www.fundacionunicaja.com\\\/campus\\\/2025\\\/07\\\/19\\\/el-tercer-turno-del-campus-sabinillas-avanza-con-dias-repletos-de-deporte-diversion-y-convivencia-junto-al-mar\\\/#primaryimage\"},\"thumbnailUrl\":\"https:\\\/\\\/www.fundacionunicaja.com\\\/campus\\\/wp-content\\\/uploads\\\/sites\\\/2\\\/2025\\\/07\\\/T3_SB_SABIBLINDERS_LOGO-93-scaled-e1752878800146.jpg\",\"articleSection\":[\"CAMPUS\",\"Sabinillas\"],\"inLanguage\":\"es\",\"potentialAction\":[{\"@type\":\"CommentAction\",\"name\":\"Comment\",\"target\":[\"https:\\\/\\\/www.fundacionunicaja.com\\\/campus\\\/2025\\\/07\\\/19\\\/el-tercer-turno-del-campus-sabinillas-avanza-con-dias-repletos-de-deporte-diversion-y-convivencia-junto-al-mar\\\/#respond\"]}]},{\"@type\":\"WebPage\",\"@id\":\"https:\\\/\\\/www.fundacionunicaja.com\\\/campus\\\/2025\\\/07\\\/19\\\/el-tercer-turno-del-campus-sabinillas-avanza-con-dias-repletos-de-deporte-diversion-y-convivencia-junto-al-mar\\\/\",\"url\":\"https:\\\/\\\/www.fundacionunicaja.com\\\/campus\\\/2025\\\/07\\\/19\\\/el-tercer-turno-del-campus-sabinillas-avanza-con-dias-repletos-de-deporte-diversion-y-convivencia-junto-al-mar\\\/\",\"name\":\"El tercer turno del Campus Sabinillas avanza con d\u00edas repletos de deporte, diversi\u00f3n y convivencia junto al mar - Campus Fundaci\u00f3n Unicaja\",\"isPartOf\":{\"@id\":\"https:\\\/\\\/www.fundacionunicaja.com\\\/campus\\\/#website\"},\"primaryImageOfPage\":{\"@id\":\"https:\\\/\\\/www.fundacionunicaja.com\\\/campus\\\/2025\\\/07\\\/19\\\/el-tercer-turno-del-campus-sabinillas-avanza-con-dias-repletos-de-deporte-diversion-y-convivencia-junto-al-mar\\\/#primaryimage\"},\"image\":{\"@id\":\"https:\\\/\\\/www.fundacionunicaja.com\\\/campus\\\/2025\\\/07\\\/19\\\/el-tercer-turno-del-campus-sabinillas-avanza-con-dias-repletos-de-deporte-diversion-y-convivencia-junto-al-mar\\\/#primaryimage\"},\"thumbnailUrl\":\"https:\\\/\\\/www.fundacionunicaja.com\\\/campus\\\/wp-content\\\/uploads\\\/sites\\\/2\\\/2025\\\/07\\\/T3_SB_SABIBLINDERS_LOGO-93-scaled-e1752878800146.jpg\",\"datePublished\":\"2025-07-18T22:47:12+00:00\",\"breadcrumb\":{\"@id\":\"https:\\\/\\\/www.fundacionunicaja.com\\\/campus\\\/2025\\\/07\\\/19\\\/el-tercer-turno-del-campus-sabinillas-avanza-con-dias-repletos-de-deporte-diversion-y-convivencia-junto-al-mar\\\/#breadcrumb\"},\"inLanguage\":\"es\",\"potentialAction\":[{\"@type\":\"ReadAction\",\"target\":[\"https:\\\/\\\/www.fundacionunicaja.com\\\/campus\\\/2025\\\/07\\\/19\\\/el-tercer-turno-del-campus-sabinillas-avanza-con-dias-repletos-de-deporte-diversion-y-convivencia-junto-al-mar\\\/\"]}]},{\"@type\":\"ImageObject\",\"inLanguage\":\"es\",\"@id\":\"https:\\\/\\\/www.fundacionunicaja.com\\\/campus\\\/2025\\\/07\\\/19\\\/el-tercer-turno-del-campus-sabinillas-avanza-con-dias-repletos-de-deporte-diversion-y-convivencia-junto-al-mar\\\/#primaryimage\",\"url\":\"https:\\\/\\\/www.fundacionunicaja.com\\\/campus\\\/wp-content\\\/uploads\\\/sites\\\/2\\\/2025\\\/07\\\/T3_SB_SABIBLINDERS_LOGO-93-scaled-e1752878800146.jpg\",\"contentUrl\":\"https:\\\/\\\/www.fundacionunicaja.com\\\/campus\\\/wp-content\\\/uploads\\\/sites\\\/2\\\/2025\\\/07\\\/T3_SB_SABIBLINDERS_LOGO-93-scaled-e1752878800146.jpg\",\"width\":2560,\"height\":721},{\"@type\":\"BreadcrumbList\",\"@id\":\"https:\\\/\\\/www.fundacionunicaja.com\\\/campus\\\/2025\\\/07\\\/19\\\/el-tercer-turno-del-campus-sabinillas-avanza-con-dias-repletos-de-deporte-diversion-y-convivencia-junto-al-mar\\\/#breadcrumb\",\"itemListElement\":[{\"@type\":\"ListItem\",\"position\":1,\"name\":\"Portada\",\"item\":\"https:\\\/\\\/www.fundacionunicaja.com\\\/campus\\\/\"},{\"@type\":\"ListItem\",\"position\":2,\"name\":\"El tercer turno del Campus Sabinillas avanza con d\u00edas repletos de deporte, diversi\u00f3n y convivencia junto al mar\"}]},{\"@type\":\"WebSite\",\"@id\":\"https:\\\/\\\/www.fundacionunicaja.com\\\/campus\\\/#website\",\"url\":\"https:\\\/\\\/www.fundacionunicaja.com\\\/campus\\\/\",\"name\":\"Campus Fundaci\u00f3n Unicaja\",\"description\":\"\",\"publisher\":{\"@id\":\"https:\\\/\\\/www.fundacionunicaja.com\\\/campus\\\/#organization\"},\"potentialAction\":[{\"@type\":\"SearchAction\",\"target\":{\"@type\":\"EntryPoint\",\"urlTemplate\":\"https:\\\/\\\/www.fundacionunicaja.com\\\/campus\\\/?s={search_term_string}\"},\"query-input\":{\"@type\":\"PropertyValueSpecification\",\"valueRequired\":true,\"valueName\":\"search_term_string\"}}],\"inLanguage\":\"es\"},{\"@type\":\"Organization\",\"@id\":\"https:\\\/\\\/www.fundacionunicaja.com\\\/campus\\\/#organization\",\"name\":\"Campus Fundaci\u00f3n Unicaja\",\"url\":\"https:\\\/\\\/www.fundacionunicaja.com\\\/campus\\\/\",\"logo\":{\"@type\":\"ImageObject\",\"inLanguage\":\"es\",\"@id\":\"https:\\\/\\\/www.fundacionunicaja.com\\\/campus\\\/#\\\/schema\\\/logo\\\/image\\\/\",\"url\":\"https:\\\/\\\/www.fundacionunicaja.com\\\/campus\\\/wp-content\\\/uploads\\\/sites\\\/2\\\/2025\\\/03\\\/LOGO_unicaja-1.png\",\"contentUrl\":\"https:\\\/\\\/www.fundacionunicaja.com\\\/campus\\\/wp-content\\\/uploads\\\/sites\\\/2\\\/2025\\\/03\\\/LOGO_unicaja-1.png\",\"width\":243,\"height\":69,\"caption\":\"Campus Fundaci\u00f3n Unicaja\"},\"image\":{\"@id\":\"https:\\\/\\\/www.fundacionunicaja.com\\\/campus\\\/#\\\/schema\\\/logo\\\/image\\\/\"}},{\"@type\":\"Person\",\"@id\":\"https:\\\/\\\/www.fundacionunicaja.com\\\/campus\\\/#\\\/schema\\\/person\\\/0f25eed83aa1529127f97318b1b0dac2\",\"name\":\"unicampus\",\"image\":{\"@type\":\"ImageObject\",\"inLanguage\":\"es\",\"@id\":\"https:\\\/\\\/secure.gravatar.com\\\/avatar\\\/9100a8e4fbc3ced738e01809e3f2b8479cd38d25f89ce42f8abdd64176cbade4?s=96&d=mm&r=g\",\"url\":\"https:\\\/\\\/secure.gravatar.com\\\/avatar\\\/9100a8e4fbc3ced738e01809e3f2b8479cd38d25f89ce42f8abdd64176cbade4?s=96&d=mm&r=g\",\"contentUrl\":\"https:\\\/\\\/secure.gravatar.com\\\/avatar\\\/9100a8e4fbc3ced738e01809e3f2b8479cd38d25f89ce42f8abdd64176cbade4?s=96&d=mm&r=g\",\"caption\":\"unicampus\"},\"url\":\"https:\\\/\\\/www.fundacionunicaja.com\\\/campus\\\/author\\\/unicampus\\\/\"}]}<\/script>\n<!-- \/ Yoast SEO plugin. -->","yoast_head_json":{"title":"El tercer turno del Campus Sabinillas avanza con d\u00edas repletos de deporte, diversi\u00f3n y convivencia junto al mar - Campus Fundaci\u00f3n Unicaja","robots":{"index":"index","follow":"follow","max-snippet":"max-snippet:-1","max-image-preview":"max-image-preview:large","max-video-preview":"max-video-preview:-1"},"canonical":"https:\/\/www.fundacionunicaja.com\/campus\/2025\/07\/19\/el-tercer-turno-del-campus-sabinillas-avanza-con-dias-repletos-de-deporte-diversion-y-convivencia-junto-al-mar\/","og_locale":"es_ES","og_type":"article","og_title":"El tercer turno del Campus Sabinillas avanza con d\u00edas repletos de deporte, diversi\u00f3n y convivencia junto al mar - Campus Fundaci\u00f3n Unicaja","og_description":"El tercer turno del Campus Sabinillas s Fundaci\u00f3n Unicaja avanza a pleno ritmo, y cada jornada est\u00e1 dejando momentos para el recuerdo. Con el mar como tel\u00f3n de fondo, los participantes disfrutan de un programa de actividades pensado para combinar diversi\u00f3n, deporte y aprendizaje en un entorno seguro y estimulante. Las ma\u00f1anas arrancan con energ\u00eda [&hellip;]","og_url":"https:\/\/www.fundacionunicaja.com\/campus\/2025\/07\/19\/el-tercer-turno-del-campus-sabinillas-avanza-con-dias-repletos-de-deporte-diversion-y-convivencia-junto-al-mar\/","og_site_name":"Campus Fundaci\u00f3n Unicaja","article_published_time":"2025-07-18T22:47:12+00:00","og_image":[{"width":2560,"height":721,"url":"https:\/\/www.fundacionunicaja.com\/campus\/wp-content\/uploads\/sites\/2\/2025\/07\/T3_SB_SABIBLINDERS_LOGO-93-scaled-e1752878800146.jpg","type":"image\/jpeg"}],"author":"unicampus","twitter_card":"summary_large_image","twitter_misc":{"Escrito por":"unicampus","Tiempo de lectura":"1 minuto"},"schema":{"@context":"https:\/\/schema.org","@graph":[{"@type":"Article","@id":"https:\/\/www.fundacionunicaja.com\/campus\/2025\/07\/19\/el-tercer-turno-del-campus-sabinillas-avanza-con-dias-repletos-de-deporte-diversion-y-convivencia-junto-al-mar\/#article","isPartOf":{"@id":"https:\/\/www.fundacionunicaja.com\/campus\/2025\/07\/19\/el-tercer-turno-del-campus-sabinillas-avanza-con-dias-repletos-de-deporte-diversion-y-convivencia-junto-al-mar\/"},"author":{"name":"unicampus","@id":"https:\/\/www.fundacionunicaja.com\/campus\/#\/schema\/person\/0f25eed83aa1529127f97318b1b0dac2"},"headline":"El tercer turno del Campus Sabinillas avanza con d\u00edas repletos de deporte, diversi\u00f3n y convivencia junto al mar","datePublished":"2025-07-18T22:47:12+00:00","mainEntityOfPage":{"@id":"https:\/\/www.fundacionunicaja.com\/campus\/2025\/07\/19\/el-tercer-turno-del-campus-sabinillas-avanza-con-dias-repletos-de-deporte-diversion-y-convivencia-junto-al-mar\/"},"wordCount":247,"commentCount":0,"publisher":{"@id":"https:\/\/www.fundacionunicaja.com\/campus\/#organization"},"image":{"@id":"https:\/\/www.fundacionunicaja.com\/campus\/2025\/07\/19\/el-tercer-turno-del-campus-sabinillas-avanza-con-dias-repletos-de-deporte-diversion-y-convivencia-junto-al-mar\/#primaryimage"},"thumbnailUrl":"https:\/\/www.fundacionunicaja.com\/campus\/wp-content\/uploads\/sites\/2\/2025\/07\/T3_SB_SABIBLINDERS_LOGO-93-scaled-e1752878800146.jpg","articleSection":["CAMPUS","Sabinillas"],"inLanguage":"es","potentialAction":[{"@type":"CommentAction","name":"Comment","target":["https:\/\/www.fundacionunicaja.com\/campus\/2025\/07\/19\/el-tercer-turno-del-campus-sabinillas-avanza-con-dias-repletos-de-deporte-diversion-y-convivencia-junto-al-mar\/#respond"]}]},{"@type":"WebPage","@id":"https:\/\/www.fundacionunicaja.com\/campus\/2025\/07\/19\/el-tercer-turno-del-campus-sabinillas-avanza-con-dias-repletos-de-deporte-diversion-y-convivencia-junto-al-mar\/","url":"https:\/\/www.fundacionunicaja.com\/campus\/2025\/07\/19\/el-tercer-turno-del-campus-sabinillas-avanza-con-dias-repletos-de-deporte-diversion-y-convivencia-junto-al-mar\/","name":"El tercer turno del Campus Sabinillas avanza con d\u00edas repletos de deporte, diversi\u00f3n y convivencia junto al mar - Campus Fundaci\u00f3n Unicaja","isPartOf":{"@id":"https:\/\/www.fundacionunicaja.com\/campus\/#website"},"primaryImageOfPage":{"@id":"https:\/\/www.fundacionunicaja.com\/campus\/2025\/07\/19\/el-tercer-turno-del-campus-sabinillas-avanza-con-dias-repletos-de-deporte-diversion-y-convivencia-junto-al-mar\/#primaryimage"},"image":{"@id":"https:\/\/www.fundacionunicaja.com\/campus\/2025\/07\/19\/el-tercer-turno-del-campus-sabinillas-avanza-con-dias-repletos-de-deporte-diversion-y-convivencia-junto-al-mar\/#primaryimage"},"thumbnailUrl":"https:\/\/www.fundacionunicaja.com\/campus\/wp-content\/uploads\/sites\/2\/2025\/07\/T3_SB_SABIBLINDERS_LOGO-93-scaled-e1752878800146.jpg","datePublished":"2025-07-18T22:47:12+00:00","breadcrumb":{"@id":"https:\/\/www.fundacionunicaja.com\/campus\/2025\/07\/19\/el-tercer-turno-del-campus-sabinillas-avanza-con-dias-repletos-de-deporte-diversion-y-convivencia-junto-al-mar\/#breadcrumb"},"inLanguage":"es","potentialAction":[{"@type":"ReadAction","target":["https:\/\/www.fundacionunicaja.com\/campus\/2025\/07\/19\/el-tercer-turno-del-campus-sabinillas-avanza-con-dias-repletos-de-deporte-diversion-y-convivencia-junto-al-mar\/"]}]},{"@type":"ImageObject","inLanguage":"es","@id":"https:\/\/www.fundacionunicaja.com\/campus\/2025\/07\/19\/el-tercer-turno-del-campus-sabinillas-avanza-con-dias-repletos-de-deporte-diversion-y-convivencia-junto-al-mar\/#primaryimage","url":"https:\/\/www.fundacionunicaja.com\/campus\/wp-content\/uploads\/sites\/2\/2025\/07\/T3_SB_SABIBLINDERS_LOGO-93-scaled-e1752878800146.jpg","contentUrl":"https:\/\/www.fundacionunicaja.com\/campus\/wp-content\/uploads\/sites\/2\/2025\/07\/T3_SB_SABIBLINDERS_LOGO-93-scaled-e1752878800146.jpg","width":2560,"height":721},{"@type":"BreadcrumbList","@id":"https:\/\/www.fundacionunicaja.com\/campus\/2025\/07\/19\/el-tercer-turno-del-campus-sabinillas-avanza-con-dias-repletos-de-deporte-diversion-y-convivencia-junto-al-mar\/#breadcrumb","itemListElement":[{"@type":"ListItem","position":1,"name":"Portada","item":"https:\/\/www.fundacionunicaja.com\/campus\/"},{"@type":"ListItem","position":2,"name":"El tercer turno del Campus Sabinillas avanza con d\u00edas repletos de deporte, diversi\u00f3n y convivencia junto al mar"}]},{"@type":"WebSite","@id":"https:\/\/www.fundacionunicaja.com\/campus\/#website","url":"https:\/\/www.fundacionunicaja.com\/campus\/","name":"Campus Fundaci\u00f3n Unicaja","description":"","publisher":{"@id":"https:\/\/www.fundacionunicaja.com\/campus\/#organization"},"potentialAction":[{"@type":"SearchAction","target":{"@type":"EntryPoint","urlTemplate":"https:\/\/www.fundacionunicaja.com\/campus\/?s={search_term_string}"},"query-input":{"@type":"PropertyValueSpecification","valueRequired":true,"valueName":"search_term_string"}}],"inLanguage":"es"},{"@type":"Organization","@id":"https:\/\/www.fundacionunicaja.com\/campus\/#organization","name":"Campus Fundaci\u00f3n Unicaja","url":"https:\/\/www.fundacionunicaja.com\/campus\/","logo":{"@type":"ImageObject","inLanguage":"es","@id":"https:\/\/www.fundacionunicaja.com\/campus\/#\/schema\/logo\/image\/","url":"https:\/\/www.fundacionunicaja.com\/campus\/wp-content\/uploads\/sites\/2\/2025\/03\/LOGO_unicaja-1.png","contentUrl":"https:\/\/www.fundacionunicaja.com\/campus\/wp-content\/uploads\/sites\/2\/2025\/03\/LOGO_unicaja-1.png","width":243,"height":69,"caption":"Campus Fundaci\u00f3n Unicaja"},"image":{"@id":"https:\/\/www.fundacionunicaja.com\/campus\/#\/schema\/logo\/image\/"}},{"@type":"Person","@id":"https:\/\/www.fundacionunicaja.com\/campus\/#\/schema\/person\/0f25eed83aa1529127f97318b1b0dac2","name":"unicampus","image":{"@type":"ImageObject","inLanguage":"es","@id":"https:\/\/secure.gravatar.com\/avatar\/9100a8e4fbc3ced738e01809e3f2b8479cd38d25f89ce42f8abdd64176cbade4?s=96&d=mm&r=g","url":"https:\/\/secure.gravatar.com\/avatar\/9100a8e4fbc3ced738e01809e3f2b8479cd38d25f89ce42f8abdd64176cbade4?s=96&d=mm&r=g","contentUrl":"https:\/\/secure.gravatar.com\/avatar\/9100a8e4fbc3ced738e01809e3f2b8479cd38d25f89ce42f8abdd64176cbade4?s=96&d=mm&r=g","caption":"unicampus"},"url":"https:\/\/www.fundacionunicaja.com\/campus\/author\/unicampus\/"}]}},"_links":{"self":[{"href":"https:\/\/www.fundacionunicaja.com\/campus\/wp-json\/wp\/v2\/posts\/59456","targetHints":{"allow":["GET"]}}],"collection":[{"href":"https:\/\/www.fundacionunicaja.com\/campus\/wp-json\/wp\/v2\/posts"}],"about":[{"href":"https:\/\/www.fundacionunicaja.com\/campus\/wp-json\/wp\/v2\/types\/post"}],"author":[{"embeddable":true,"href":"https:\/\/www.fundacionunicaja.com\/campus\/wp-json\/wp\/v2\/users\/13"}],"replies":[{"embeddable":true,"href":"https:\/\/www.fundacionunicaja.com\/campus\/wp-json\/wp\/v2\/comments?post=59456"}],"version-history":[{"count":3,"href":"https:\/\/www.fundacionunicaja.com\/campus\/wp-json\/wp\/v2\/posts\/59456\/revisions"}],"predecessor-version":[{"id":59482,"href":"https:\/\/www.fundacionunicaja.com\/campus\/wp-json\/wp\/v2\/posts\/59456\/revisions\/59482"}],"wp:featuredmedia":[{"embeddable":true,"href":"https:\/\/www.fundacionunicaja.com\/campus\/wp-json\/wp\/v2\/media\/59464"}],"wp:attachment":[{"href":"https:\/\/www.fundacionunicaja.com\/campus\/wp-json\/wp\/v2\/media?parent=59456"}],"wp:term":[{"taxonomy":"category","embeddable":true,"href":"https:\/\/www.fundacionunicaja.com\/campus\/wp-json\/wp\/v2\/categories?post=59456"},{"taxonomy":"post_tag","embeddable":true,"href":"https:\/\/www.fundacionunicaja.com\/campus\/wp-json\/wp\/v2\/tags?post=59456"}],"curies":[{"name":"wp","href":"https:\/\/api.w.org\/{rel}","templated":true}]}}