{"id":59413,"date":"2025-07-14T08:49:54","date_gmt":"2025-07-14T06:49:54","guid":{"rendered":"https:\/\/www.fundacionunicaja.com\/campus\/?p=59413"},"modified":"2025-07-14T14:57:38","modified_gmt":"2025-07-14T12:57:38","slug":"emotiva-despedida-en-campus-sabinillas-de-un-turno-repleto-de-actividad-amistad-y-momentos-inolvidables","status":"publish","type":"post","link":"https:\/\/www.fundacionunicaja.com\/campus\/2025\/07\/14\/emotiva-despedida-en-campus-sabinillas-de-un-turno-repleto-de-actividad-amistad-y-momentos-inolvidables\/","title":{"rendered":"Emotiva despedida en Campus Sabinillas de un turno repleto de actividad, amistad y momentos inolvidables"},"content":{"rendered":"<p>El <strong>segundo turno<\/strong> del Campus Sabinillas ha llegado a su fin dejando tras de s\u00ed una semana cargada de emociones, descubrimientos y momentos que los participantes dif\u00edcilmente olvidar\u00e1n. M\u00e1s de<strong> 500 ni\u00f1os<\/strong> y ni\u00f1as de entre 7 y 16 a\u00f1os han compartido una experiencia \u00fanica en un entorno privilegiado, con <strong>acceso directo a la playa de La Colonia y m\u00e1s de 90.000 m\u00b2 de instalaciones<\/strong> al servicio del ocio educativo.<\/p>\n<p><strong><img fetchpriority=\"high\" decoding=\"async\" class=\" wp-image-59414 aligncenter\" src=\"https:\/\/www.fundacionunicaja.com\/campus\/wp-content\/uploads\/sites\/2\/2025\/07\/MG_5984-1024x683.jpg\" alt=\"\" width=\"754\" height=\"503\" srcset=\"https:\/\/www.fundacionunicaja.com\/campus\/wp-content\/uploads\/sites\/2\/2025\/07\/MG_5984-1024x683.jpg 1024w, https:\/\/www.fundacionunicaja.com\/campus\/wp-content\/uploads\/sites\/2\/2025\/07\/MG_5984-300x200.jpg 300w, https:\/\/www.fundacionunicaja.com\/campus\/wp-content\/uploads\/sites\/2\/2025\/07\/MG_5984-768x512.jpg 768w, https:\/\/www.fundacionunicaja.com\/campus\/wp-content\/uploads\/sites\/2\/2025\/07\/MG_5984-1536x1024.jpg 1536w, https:\/\/www.fundacionunicaja.com\/campus\/wp-content\/uploads\/sites\/2\/2025\/07\/MG_5984-2048x1365.jpg 2048w\" sizes=\"(max-width: 754px) 100vw, 754px\" \/><\/strong><\/p>\n<p>Durante estos d\u00edas, el campus ha ofrecido una <strong>programaci\u00f3n variada y completa que combina deporte, actividades, juegos tematizados y animaci\u00f3n.<\/strong><\/p>\n<p><strong><img decoding=\"async\" class=\" wp-image-59421 aligncenter\" src=\"https:\/\/www.fundacionunicaja.com\/campus\/wp-content\/uploads\/sites\/2\/2025\/07\/SB_export-12-1024x683.jpg\" alt=\"\" width=\"759\" height=\"506\" srcset=\"https:\/\/www.fundacionunicaja.com\/campus\/wp-content\/uploads\/sites\/2\/2025\/07\/SB_export-12-1024x683.jpg 1024w, https:\/\/www.fundacionunicaja.com\/campus\/wp-content\/uploads\/sites\/2\/2025\/07\/SB_export-12-300x200.jpg 300w, https:\/\/www.fundacionunicaja.com\/campus\/wp-content\/uploads\/sites\/2\/2025\/07\/SB_export-12-768x512.jpg 768w, https:\/\/www.fundacionunicaja.com\/campus\/wp-content\/uploads\/sites\/2\/2025\/07\/SB_export-12-1536x1024.jpg 1536w, https:\/\/www.fundacionunicaja.com\/campus\/wp-content\/uploads\/sites\/2\/2025\/07\/SB_export-12-2048x1365.jpg 2048w\" sizes=\"(max-width: 759px) 100vw, 759px\" \/><\/strong><\/p>\n<p>Las ma\u00f1anas han comenzado con energ\u00eda gracias a las <strong>veladas matinales<\/strong>, seguidas de sesiones de<strong> paddle surf, kayak, v\u00f3ley playa, archery tag o paintball<\/strong>. Las piscinas del campus, uno de los puntos favoritos de los asistentes, han sido escenario de diferentes actividades acu\u00e1ticas, adem\u00e1s de momentos de descanso y diversi\u00f3n en grupo.<\/p>\n<p><strong><img decoding=\"async\" class=\" wp-image-59426 aligncenter\" src=\"https:\/\/www.fundacionunicaja.com\/campus\/wp-content\/uploads\/sites\/2\/2025\/07\/Foto_noticia-2-1024x683.jpg\" alt=\"\" width=\"760\" height=\"507\" srcset=\"https:\/\/www.fundacionunicaja.com\/campus\/wp-content\/uploads\/sites\/2\/2025\/07\/Foto_noticia-2-1024x683.jpg 1024w, https:\/\/www.fundacionunicaja.com\/campus\/wp-content\/uploads\/sites\/2\/2025\/07\/Foto_noticia-2-300x200.jpg 300w, https:\/\/www.fundacionunicaja.com\/campus\/wp-content\/uploads\/sites\/2\/2025\/07\/Foto_noticia-2-768x512.jpg 768w, https:\/\/www.fundacionunicaja.com\/campus\/wp-content\/uploads\/sites\/2\/2025\/07\/Foto_noticia-2-1536x1024.jpg 1536w, https:\/\/www.fundacionunicaja.com\/campus\/wp-content\/uploads\/sites\/2\/2025\/07\/Foto_noticia-2.jpg 2048w\" sizes=\"(max-width: 760px) 100vw, 760px\" \/><\/strong><\/p>\n<p>Los d\u00edas han estado marcados por actividades rotatorias que han incluido desde <strong>orientaci\u00f3n, danza, jump dance<\/strong> o el uso de <strong>bicicletas, miniquads y patinetes el\u00e9ctricos<\/strong> en circuitos delimitados. Todo ello bajo la supervisi\u00f3n constante de un equipo de monitores especializado, que ha acompa\u00f1ado a los ni\u00f1os y ni\u00f1as en cada momento del d\u00eda, fomentando siempre valores como <strong>el compa\u00f1erismo, el respeto y la participaci\u00f3n.<\/strong><\/p>\n<p><strong><img loading=\"lazy\" decoding=\"async\" class=\" wp-image-59420 aligncenter\" src=\"https:\/\/www.fundacionunicaja.com\/campus\/wp-content\/uploads\/sites\/2\/2025\/07\/SB_export-2-1024x683.jpg\" alt=\"\" width=\"760\" height=\"507\" srcset=\"https:\/\/www.fundacionunicaja.com\/campus\/wp-content\/uploads\/sites\/2\/2025\/07\/SB_export-2-1024x683.jpg 1024w, https:\/\/www.fundacionunicaja.com\/campus\/wp-content\/uploads\/sites\/2\/2025\/07\/SB_export-2-300x200.jpg 300w, https:\/\/www.fundacionunicaja.com\/campus\/wp-content\/uploads\/sites\/2\/2025\/07\/SB_export-2-768x512.jpg 768w, https:\/\/www.fundacionunicaja.com\/campus\/wp-content\/uploads\/sites\/2\/2025\/07\/SB_export-2-1536x1024.jpg 1536w, https:\/\/www.fundacionunicaja.com\/campus\/wp-content\/uploads\/sites\/2\/2025\/07\/SB_export-2-2048x1365.jpg 2048w\" sizes=\"(max-width: 760px) 100vw, 760px\" \/><\/strong><\/p>\n<p>Las noches han sido otro de los puntos fuertes del turno, con <strong>veladas tem\u00e1ticas, yincanas nocturnas y m\u00faltiples sorpresas<\/strong> dise\u00f1adas para reforzar la convivencia y cerrar cada jornada con ilusi\u00f3n.<\/p>\n<p><strong><img loading=\"lazy\" decoding=\"async\" class=\" wp-image-59425 aligncenter\" src=\"https:\/\/www.fundacionunicaja.com\/campus\/wp-content\/uploads\/sites\/2\/2025\/07\/Foto_noticia-1-1024x683.jpg\" alt=\"\" width=\"760\" height=\"507\" srcset=\"https:\/\/www.fundacionunicaja.com\/campus\/wp-content\/uploads\/sites\/2\/2025\/07\/Foto_noticia-1-1024x683.jpg 1024w, https:\/\/www.fundacionunicaja.com\/campus\/wp-content\/uploads\/sites\/2\/2025\/07\/Foto_noticia-1-300x200.jpg 300w, https:\/\/www.fundacionunicaja.com\/campus\/wp-content\/uploads\/sites\/2\/2025\/07\/Foto_noticia-1-768x512.jpg 768w, https:\/\/www.fundacionunicaja.com\/campus\/wp-content\/uploads\/sites\/2\/2025\/07\/Foto_noticia-1-1536x1024.jpg 1536w, https:\/\/www.fundacionunicaja.com\/campus\/wp-content\/uploads\/sites\/2\/2025\/07\/Foto_noticia-1.jpg 2048w\" sizes=\"(max-width: 760px) 100vw, 760px\" \/><\/strong><\/p>\n<p>En el \u00faltimo d\u00eda, tras las actividades de ma\u00f1ana y tarde,<strong> el ambiente se ha llenado de abrazos, fotos y firmas.<\/strong> La despedida ha estado marcada por la e<strong>moci\u00f3n, las promesas de volver el pr\u00f3ximo verano<\/strong> y los mensajes de agradecimiento tanto a los monitores como a los nuevos amigos.<\/p>\n<p><strong><img loading=\"lazy\" decoding=\"async\" class=\"size-large wp-image-59419 aligncenter\" src=\"https:\/\/www.fundacionunicaja.com\/campus\/wp-content\/uploads\/sites\/2\/2025\/07\/IMG_7899-1024x683.jpg\" alt=\"\" width=\"800\" height=\"534\" srcset=\"https:\/\/www.fundacionunicaja.com\/campus\/wp-content\/uploads\/sites\/2\/2025\/07\/IMG_7899-1024x683.jpg 1024w, https:\/\/www.fundacionunicaja.com\/campus\/wp-content\/uploads\/sites\/2\/2025\/07\/IMG_7899-300x200.jpg 300w, https:\/\/www.fundacionunicaja.com\/campus\/wp-content\/uploads\/sites\/2\/2025\/07\/IMG_7899-768x512.jpg 768w, https:\/\/www.fundacionunicaja.com\/campus\/wp-content\/uploads\/sites\/2\/2025\/07\/IMG_7899-1536x1024.jpg 1536w, https:\/\/www.fundacionunicaja.com\/campus\/wp-content\/uploads\/sites\/2\/2025\/07\/IMG_7899-2048x1365.jpg 2048w\" sizes=\"(max-width: 800px) 100vw, 800px\" \/><\/strong><\/p>\n<p>Campus Sabinillas contin\u00faa ahora con el <strong>tercer turno,<\/strong> consolidando su papel como uno de los <strong>referentes nacionales en ocio y educaci\u00f3n<\/strong>, promovido por<strong> Fundaci\u00f3n Unicaja<\/strong>. Un lugar donde cada d\u00eda cuenta y<strong> cada experiencia deja huella.<\/strong><\/p>\n","protected":false},"excerpt":{"rendered":"<p>El segundo turno del Campus Sabinillas ha llegado a su fin dejando tras de s\u00ed una semana cargada de emociones, descubrimientos y momentos que los participantes dif\u00edcilmente olvidar\u00e1n. M\u00e1s de 500 ni\u00f1os y ni\u00f1as de entre 7 y 16 a\u00f1os han compartido una experiencia \u00fanica en un entorno privilegiado, con acceso directo a la playa [&hellip;]<\/p>\n","protected":false},"author":13,"featured_media":59428,"comment_status":"open","ping_status":"open","sticky":false,"template":"","format":"standard","meta":{"_acf_changed":false,"footnotes":""},"categories":[182,12],"tags":[],"class_list":["post-59413","post","type-post","status-publish","format-standard","has-post-thumbnail","hentry","category-campus","category-sabinillas"],"acf":[],"yoast_head":"<!-- This site is optimized with the Yoast SEO plugin v27.4 - https:\/\/yoast.com\/product\/yoast-seo-wordpress\/ -->\n<title>Emotiva despedida en Campus Sabinillas de un turno repleto de actividad, amistad y momentos inolvidables - Campus Fundaci\u00f3n Unicaja<\/title>\n<meta name=\"robots\" content=\"index, follow, max-snippet:-1, max-image-preview:large, max-video-preview:-1\" \/>\n<link rel=\"canonical\" href=\"https:\/\/www.fundacionunicaja.com\/campus\/2025\/07\/14\/emotiva-despedida-en-campus-sabinillas-de-un-turno-repleto-de-actividad-amistad-y-momentos-inolvidables\/\" \/>\n<meta property=\"og:locale\" content=\"es_ES\" \/>\n<meta property=\"og:type\" content=\"article\" \/>\n<meta property=\"og:title\" content=\"Emotiva despedida en Campus Sabinillas de un turno repleto de actividad, amistad y momentos inolvidables - Campus Fundaci\u00f3n Unicaja\" \/>\n<meta property=\"og:description\" content=\"El segundo turno del Campus Sabinillas ha llegado a su fin dejando tras de s\u00ed una semana cargada de emociones, descubrimientos y momentos que los participantes dif\u00edcilmente olvidar\u00e1n. M\u00e1s de 500 ni\u00f1os y ni\u00f1as de entre 7 y 16 a\u00f1os han compartido una experiencia \u00fanica en un entorno privilegiado, con acceso directo a la playa [&hellip;]\" \/>\n<meta property=\"og:url\" content=\"https:\/\/www.fundacionunicaja.com\/campus\/2025\/07\/14\/emotiva-despedida-en-campus-sabinillas-de-un-turno-repleto-de-actividad-amistad-y-momentos-inolvidables\/\" \/>\n<meta property=\"og:site_name\" content=\"Campus Fundaci\u00f3n Unicaja\" \/>\n<meta property=\"article:published_time\" content=\"2025-07-14T06:49:54+00:00\" \/>\n<meta property=\"article:modified_time\" content=\"2025-07-14T12:57:38+00:00\" \/>\n<meta property=\"og:image\" content=\"https:\/\/www.fundacionunicaja.com\/campus\/wp-content\/uploads\/sites\/2\/2025\/07\/portada-e1752475480990.jpg\" \/>\n\t<meta property=\"og:image:width\" content=\"2048\" \/>\n\t<meta property=\"og:image:height\" content=\"648\" \/>\n\t<meta property=\"og:image:type\" content=\"image\/jpeg\" \/>\n<meta name=\"author\" content=\"unicampus\" \/>\n<meta name=\"twitter:card\" content=\"summary_large_image\" \/>\n<meta name=\"twitter:label1\" content=\"Escrito por\" \/>\n\t<meta name=\"twitter:data1\" content=\"unicampus\" \/>\n\t<meta name=\"twitter:label2\" content=\"Tiempo de lectura\" \/>\n\t<meta name=\"twitter:data2\" content=\"2 minutos\" \/>\n<script type=\"application\/ld+json\" class=\"yoast-schema-graph\">{\"@context\":\"https:\\\/\\\/schema.org\",\"@graph\":[{\"@type\":\"Article\",\"@id\":\"https:\\\/\\\/www.fundacionunicaja.com\\\/campus\\\/2025\\\/07\\\/14\\\/emotiva-despedida-en-campus-sabinillas-de-un-turno-repleto-de-actividad-amistad-y-momentos-inolvidables\\\/#article\",\"isPartOf\":{\"@id\":\"https:\\\/\\\/www.fundacionunicaja.com\\\/campus\\\/2025\\\/07\\\/14\\\/emotiva-despedida-en-campus-sabinillas-de-un-turno-repleto-de-actividad-amistad-y-momentos-inolvidables\\\/\"},\"author\":{\"name\":\"unicampus\",\"@id\":\"https:\\\/\\\/www.fundacionunicaja.com\\\/campus\\\/#\\\/schema\\\/person\\\/0f25eed83aa1529127f97318b1b0dac2\"},\"headline\":\"Emotiva despedida en Campus Sabinillas de un turno repleto de actividad, amistad y momentos inolvidables\",\"datePublished\":\"2025-07-14T06:49:54+00:00\",\"dateModified\":\"2025-07-14T12:57:38+00:00\",\"mainEntityOfPage\":{\"@id\":\"https:\\\/\\\/www.fundacionunicaja.com\\\/campus\\\/2025\\\/07\\\/14\\\/emotiva-despedida-en-campus-sabinillas-de-un-turno-repleto-de-actividad-amistad-y-momentos-inolvidables\\\/\"},\"wordCount\":371,\"commentCount\":0,\"publisher\":{\"@id\":\"https:\\\/\\\/www.fundacionunicaja.com\\\/campus\\\/#organization\"},\"image\":{\"@id\":\"https:\\\/\\\/www.fundacionunicaja.com\\\/campus\\\/2025\\\/07\\\/14\\\/emotiva-despedida-en-campus-sabinillas-de-un-turno-repleto-de-actividad-amistad-y-momentos-inolvidables\\\/#primaryimage\"},\"thumbnailUrl\":\"https:\\\/\\\/www.fundacionunicaja.com\\\/campus\\\/wp-content\\\/uploads\\\/sites\\\/2\\\/2025\\\/07\\\/portada-e1752475480990.jpg\",\"articleSection\":[\"CAMPUS\",\"Sabinillas\"],\"inLanguage\":\"es\",\"potentialAction\":[{\"@type\":\"CommentAction\",\"name\":\"Comment\",\"target\":[\"https:\\\/\\\/www.fundacionunicaja.com\\\/campus\\\/2025\\\/07\\\/14\\\/emotiva-despedida-en-campus-sabinillas-de-un-turno-repleto-de-actividad-amistad-y-momentos-inolvidables\\\/#respond\"]}]},{\"@type\":\"WebPage\",\"@id\":\"https:\\\/\\\/www.fundacionunicaja.com\\\/campus\\\/2025\\\/07\\\/14\\\/emotiva-despedida-en-campus-sabinillas-de-un-turno-repleto-de-actividad-amistad-y-momentos-inolvidables\\\/\",\"url\":\"https:\\\/\\\/www.fundacionunicaja.com\\\/campus\\\/2025\\\/07\\\/14\\\/emotiva-despedida-en-campus-sabinillas-de-un-turno-repleto-de-actividad-amistad-y-momentos-inolvidables\\\/\",\"name\":\"Emotiva despedida en Campus Sabinillas de un turno repleto de actividad, amistad y momentos inolvidables - Campus Fundaci\u00f3n Unicaja\",\"isPartOf\":{\"@id\":\"https:\\\/\\\/www.fundacionunicaja.com\\\/campus\\\/#website\"},\"primaryImageOfPage\":{\"@id\":\"https:\\\/\\\/www.fundacionunicaja.com\\\/campus\\\/2025\\\/07\\\/14\\\/emotiva-despedida-en-campus-sabinillas-de-un-turno-repleto-de-actividad-amistad-y-momentos-inolvidables\\\/#primaryimage\"},\"image\":{\"@id\":\"https:\\\/\\\/www.fundacionunicaja.com\\\/campus\\\/2025\\\/07\\\/14\\\/emotiva-despedida-en-campus-sabinillas-de-un-turno-repleto-de-actividad-amistad-y-momentos-inolvidables\\\/#primaryimage\"},\"thumbnailUrl\":\"https:\\\/\\\/www.fundacionunicaja.com\\\/campus\\\/wp-content\\\/uploads\\\/sites\\\/2\\\/2025\\\/07\\\/portada-e1752475480990.jpg\",\"datePublished\":\"2025-07-14T06:49:54+00:00\",\"dateModified\":\"2025-07-14T12:57:38+00:00\",\"breadcrumb\":{\"@id\":\"https:\\\/\\\/www.fundacionunicaja.com\\\/campus\\\/2025\\\/07\\\/14\\\/emotiva-despedida-en-campus-sabinillas-de-un-turno-repleto-de-actividad-amistad-y-momentos-inolvidables\\\/#breadcrumb\"},\"inLanguage\":\"es\",\"potentialAction\":[{\"@type\":\"ReadAction\",\"target\":[\"https:\\\/\\\/www.fundacionunicaja.com\\\/campus\\\/2025\\\/07\\\/14\\\/emotiva-despedida-en-campus-sabinillas-de-un-turno-repleto-de-actividad-amistad-y-momentos-inolvidables\\\/\"]}]},{\"@type\":\"ImageObject\",\"inLanguage\":\"es\",\"@id\":\"https:\\\/\\\/www.fundacionunicaja.com\\\/campus\\\/2025\\\/07\\\/14\\\/emotiva-despedida-en-campus-sabinillas-de-un-turno-repleto-de-actividad-amistad-y-momentos-inolvidables\\\/#primaryimage\",\"url\":\"https:\\\/\\\/www.fundacionunicaja.com\\\/campus\\\/wp-content\\\/uploads\\\/sites\\\/2\\\/2025\\\/07\\\/portada-e1752475480990.jpg\",\"contentUrl\":\"https:\\\/\\\/www.fundacionunicaja.com\\\/campus\\\/wp-content\\\/uploads\\\/sites\\\/2\\\/2025\\\/07\\\/portada-e1752475480990.jpg\",\"width\":2048,\"height\":648},{\"@type\":\"BreadcrumbList\",\"@id\":\"https:\\\/\\\/www.fundacionunicaja.com\\\/campus\\\/2025\\\/07\\\/14\\\/emotiva-despedida-en-campus-sabinillas-de-un-turno-repleto-de-actividad-amistad-y-momentos-inolvidables\\\/#breadcrumb\",\"itemListElement\":[{\"@type\":\"ListItem\",\"position\":1,\"name\":\"Portada\",\"item\":\"https:\\\/\\\/www.fundacionunicaja.com\\\/campus\\\/\"},{\"@type\":\"ListItem\",\"position\":2,\"name\":\"Emotiva despedida en Campus Sabinillas de un turno repleto de actividad, amistad y momentos inolvidables\"}]},{\"@type\":\"WebSite\",\"@id\":\"https:\\\/\\\/www.fundacionunicaja.com\\\/campus\\\/#website\",\"url\":\"https:\\\/\\\/www.fundacionunicaja.com\\\/campus\\\/\",\"name\":\"Campus Fundaci\u00f3n Unicaja\",\"description\":\"\",\"publisher\":{\"@id\":\"https:\\\/\\\/www.fundacionunicaja.com\\\/campus\\\/#organization\"},\"potentialAction\":[{\"@type\":\"SearchAction\",\"target\":{\"@type\":\"EntryPoint\",\"urlTemplate\":\"https:\\\/\\\/www.fundacionunicaja.com\\\/campus\\\/?s={search_term_string}\"},\"query-input\":{\"@type\":\"PropertyValueSpecification\",\"valueRequired\":true,\"valueName\":\"search_term_string\"}}],\"inLanguage\":\"es\"},{\"@type\":\"Organization\",\"@id\":\"https:\\\/\\\/www.fundacionunicaja.com\\\/campus\\\/#organization\",\"name\":\"Campus Fundaci\u00f3n Unicaja\",\"url\":\"https:\\\/\\\/www.fundacionunicaja.com\\\/campus\\\/\",\"logo\":{\"@type\":\"ImageObject\",\"inLanguage\":\"es\",\"@id\":\"https:\\\/\\\/www.fundacionunicaja.com\\\/campus\\\/#\\\/schema\\\/logo\\\/image\\\/\",\"url\":\"https:\\\/\\\/www.fundacionunicaja.com\\\/campus\\\/wp-content\\\/uploads\\\/sites\\\/2\\\/2025\\\/03\\\/LOGO_unicaja-1.png\",\"contentUrl\":\"https:\\\/\\\/www.fundacionunicaja.com\\\/campus\\\/wp-content\\\/uploads\\\/sites\\\/2\\\/2025\\\/03\\\/LOGO_unicaja-1.png\",\"width\":243,\"height\":69,\"caption\":\"Campus Fundaci\u00f3n Unicaja\"},\"image\":{\"@id\":\"https:\\\/\\\/www.fundacionunicaja.com\\\/campus\\\/#\\\/schema\\\/logo\\\/image\\\/\"}},{\"@type\":\"Person\",\"@id\":\"https:\\\/\\\/www.fundacionunicaja.com\\\/campus\\\/#\\\/schema\\\/person\\\/0f25eed83aa1529127f97318b1b0dac2\",\"name\":\"unicampus\",\"image\":{\"@type\":\"ImageObject\",\"inLanguage\":\"es\",\"@id\":\"https:\\\/\\\/secure.gravatar.com\\\/avatar\\\/9100a8e4fbc3ced738e01809e3f2b8479cd38d25f89ce42f8abdd64176cbade4?s=96&d=mm&r=g\",\"url\":\"https:\\\/\\\/secure.gravatar.com\\\/avatar\\\/9100a8e4fbc3ced738e01809e3f2b8479cd38d25f89ce42f8abdd64176cbade4?s=96&d=mm&r=g\",\"contentUrl\":\"https:\\\/\\\/secure.gravatar.com\\\/avatar\\\/9100a8e4fbc3ced738e01809e3f2b8479cd38d25f89ce42f8abdd64176cbade4?s=96&d=mm&r=g\",\"caption\":\"unicampus\"},\"url\":\"https:\\\/\\\/www.fundacionunicaja.com\\\/campus\\\/author\\\/unicampus\\\/\"}]}<\/script>\n<!-- \/ Yoast SEO plugin. -->","yoast_head_json":{"title":"Emotiva despedida en Campus Sabinillas de un turno repleto de actividad, amistad y momentos inolvidables - Campus Fundaci\u00f3n Unicaja","robots":{"index":"index","follow":"follow","max-snippet":"max-snippet:-1","max-image-preview":"max-image-preview:large","max-video-preview":"max-video-preview:-1"},"canonical":"https:\/\/www.fundacionunicaja.com\/campus\/2025\/07\/14\/emotiva-despedida-en-campus-sabinillas-de-un-turno-repleto-de-actividad-amistad-y-momentos-inolvidables\/","og_locale":"es_ES","og_type":"article","og_title":"Emotiva despedida en Campus Sabinillas de un turno repleto de actividad, amistad y momentos inolvidables - Campus Fundaci\u00f3n Unicaja","og_description":"El segundo turno del Campus Sabinillas ha llegado a su fin dejando tras de s\u00ed una semana cargada de emociones, descubrimientos y momentos que los participantes dif\u00edcilmente olvidar\u00e1n. M\u00e1s de 500 ni\u00f1os y ni\u00f1as de entre 7 y 16 a\u00f1os han compartido una experiencia \u00fanica en un entorno privilegiado, con acceso directo a la playa [&hellip;]","og_url":"https:\/\/www.fundacionunicaja.com\/campus\/2025\/07\/14\/emotiva-despedida-en-campus-sabinillas-de-un-turno-repleto-de-actividad-amistad-y-momentos-inolvidables\/","og_site_name":"Campus Fundaci\u00f3n Unicaja","article_published_time":"2025-07-14T06:49:54+00:00","article_modified_time":"2025-07-14T12:57:38+00:00","og_image":[{"width":2048,"height":648,"url":"https:\/\/www.fundacionunicaja.com\/campus\/wp-content\/uploads\/sites\/2\/2025\/07\/portada-e1752475480990.jpg","type":"image\/jpeg"}],"author":"unicampus","twitter_card":"summary_large_image","twitter_misc":{"Escrito por":"unicampus","Tiempo de lectura":"2 minutos"},"schema":{"@context":"https:\/\/schema.org","@graph":[{"@type":"Article","@id":"https:\/\/www.fundacionunicaja.com\/campus\/2025\/07\/14\/emotiva-despedida-en-campus-sabinillas-de-un-turno-repleto-de-actividad-amistad-y-momentos-inolvidables\/#article","isPartOf":{"@id":"https:\/\/www.fundacionunicaja.com\/campus\/2025\/07\/14\/emotiva-despedida-en-campus-sabinillas-de-un-turno-repleto-de-actividad-amistad-y-momentos-inolvidables\/"},"author":{"name":"unicampus","@id":"https:\/\/www.fundacionunicaja.com\/campus\/#\/schema\/person\/0f25eed83aa1529127f97318b1b0dac2"},"headline":"Emotiva despedida en Campus Sabinillas de un turno repleto de actividad, amistad y momentos inolvidables","datePublished":"2025-07-14T06:49:54+00:00","dateModified":"2025-07-14T12:57:38+00:00","mainEntityOfPage":{"@id":"https:\/\/www.fundacionunicaja.com\/campus\/2025\/07\/14\/emotiva-despedida-en-campus-sabinillas-de-un-turno-repleto-de-actividad-amistad-y-momentos-inolvidables\/"},"wordCount":371,"commentCount":0,"publisher":{"@id":"https:\/\/www.fundacionunicaja.com\/campus\/#organization"},"image":{"@id":"https:\/\/www.fundacionunicaja.com\/campus\/2025\/07\/14\/emotiva-despedida-en-campus-sabinillas-de-un-turno-repleto-de-actividad-amistad-y-momentos-inolvidables\/#primaryimage"},"thumbnailUrl":"https:\/\/www.fundacionunicaja.com\/campus\/wp-content\/uploads\/sites\/2\/2025\/07\/portada-e1752475480990.jpg","articleSection":["CAMPUS","Sabinillas"],"inLanguage":"es","potentialAction":[{"@type":"CommentAction","name":"Comment","target":["https:\/\/www.fundacionunicaja.com\/campus\/2025\/07\/14\/emotiva-despedida-en-campus-sabinillas-de-un-turno-repleto-de-actividad-amistad-y-momentos-inolvidables\/#respond"]}]},{"@type":"WebPage","@id":"https:\/\/www.fundacionunicaja.com\/campus\/2025\/07\/14\/emotiva-despedida-en-campus-sabinillas-de-un-turno-repleto-de-actividad-amistad-y-momentos-inolvidables\/","url":"https:\/\/www.fundacionunicaja.com\/campus\/2025\/07\/14\/emotiva-despedida-en-campus-sabinillas-de-un-turno-repleto-de-actividad-amistad-y-momentos-inolvidables\/","name":"Emotiva despedida en Campus Sabinillas de un turno repleto de actividad, amistad y momentos inolvidables - Campus Fundaci\u00f3n Unicaja","isPartOf":{"@id":"https:\/\/www.fundacionunicaja.com\/campus\/#website"},"primaryImageOfPage":{"@id":"https:\/\/www.fundacionunicaja.com\/campus\/2025\/07\/14\/emotiva-despedida-en-campus-sabinillas-de-un-turno-repleto-de-actividad-amistad-y-momentos-inolvidables\/#primaryimage"},"image":{"@id":"https:\/\/www.fundacionunicaja.com\/campus\/2025\/07\/14\/emotiva-despedida-en-campus-sabinillas-de-un-turno-repleto-de-actividad-amistad-y-momentos-inolvidables\/#primaryimage"},"thumbnailUrl":"https:\/\/www.fundacionunicaja.com\/campus\/wp-content\/uploads\/sites\/2\/2025\/07\/portada-e1752475480990.jpg","datePublished":"2025-07-14T06:49:54+00:00","dateModified":"2025-07-14T12:57:38+00:00","breadcrumb":{"@id":"https:\/\/www.fundacionunicaja.com\/campus\/2025\/07\/14\/emotiva-despedida-en-campus-sabinillas-de-un-turno-repleto-de-actividad-amistad-y-momentos-inolvidables\/#breadcrumb"},"inLanguage":"es","potentialAction":[{"@type":"ReadAction","target":["https:\/\/www.fundacionunicaja.com\/campus\/2025\/07\/14\/emotiva-despedida-en-campus-sabinillas-de-un-turno-repleto-de-actividad-amistad-y-momentos-inolvidables\/"]}]},{"@type":"ImageObject","inLanguage":"es","@id":"https:\/\/www.fundacionunicaja.com\/campus\/2025\/07\/14\/emotiva-despedida-en-campus-sabinillas-de-un-turno-repleto-de-actividad-amistad-y-momentos-inolvidables\/#primaryimage","url":"https:\/\/www.fundacionunicaja.com\/campus\/wp-content\/uploads\/sites\/2\/2025\/07\/portada-e1752475480990.jpg","contentUrl":"https:\/\/www.fundacionunicaja.com\/campus\/wp-content\/uploads\/sites\/2\/2025\/07\/portada-e1752475480990.jpg","width":2048,"height":648},{"@type":"BreadcrumbList","@id":"https:\/\/www.fundacionunicaja.com\/campus\/2025\/07\/14\/emotiva-despedida-en-campus-sabinillas-de-un-turno-repleto-de-actividad-amistad-y-momentos-inolvidables\/#breadcrumb","itemListElement":[{"@type":"ListItem","position":1,"name":"Portada","item":"https:\/\/www.fundacionunicaja.com\/campus\/"},{"@type":"ListItem","position":2,"name":"Emotiva despedida en Campus Sabinillas de un turno repleto de actividad, amistad y momentos inolvidables"}]},{"@type":"WebSite","@id":"https:\/\/www.fundacionunicaja.com\/campus\/#website","url":"https:\/\/www.fundacionunicaja.com\/campus\/","name":"Campus Fundaci\u00f3n Unicaja","description":"","publisher":{"@id":"https:\/\/www.fundacionunicaja.com\/campus\/#organization"},"potentialAction":[{"@type":"SearchAction","target":{"@type":"EntryPoint","urlTemplate":"https:\/\/www.fundacionunicaja.com\/campus\/?s={search_term_string}"},"query-input":{"@type":"PropertyValueSpecification","valueRequired":true,"valueName":"search_term_string"}}],"inLanguage":"es"},{"@type":"Organization","@id":"https:\/\/www.fundacionunicaja.com\/campus\/#organization","name":"Campus Fundaci\u00f3n Unicaja","url":"https:\/\/www.fundacionunicaja.com\/campus\/","logo":{"@type":"ImageObject","inLanguage":"es","@id":"https:\/\/www.fundacionunicaja.com\/campus\/#\/schema\/logo\/image\/","url":"https:\/\/www.fundacionunicaja.com\/campus\/wp-content\/uploads\/sites\/2\/2025\/03\/LOGO_unicaja-1.png","contentUrl":"https:\/\/www.fundacionunicaja.com\/campus\/wp-content\/uploads\/sites\/2\/2025\/03\/LOGO_unicaja-1.png","width":243,"height":69,"caption":"Campus Fundaci\u00f3n Unicaja"},"image":{"@id":"https:\/\/www.fundacionunicaja.com\/campus\/#\/schema\/logo\/image\/"}},{"@type":"Person","@id":"https:\/\/www.fundacionunicaja.com\/campus\/#\/schema\/person\/0f25eed83aa1529127f97318b1b0dac2","name":"unicampus","image":{"@type":"ImageObject","inLanguage":"es","@id":"https:\/\/secure.gravatar.com\/avatar\/9100a8e4fbc3ced738e01809e3f2b8479cd38d25f89ce42f8abdd64176cbade4?s=96&d=mm&r=g","url":"https:\/\/secure.gravatar.com\/avatar\/9100a8e4fbc3ced738e01809e3f2b8479cd38d25f89ce42f8abdd64176cbade4?s=96&d=mm&r=g","contentUrl":"https:\/\/secure.gravatar.com\/avatar\/9100a8e4fbc3ced738e01809e3f2b8479cd38d25f89ce42f8abdd64176cbade4?s=96&d=mm&r=g","caption":"unicampus"},"url":"https:\/\/www.fundacionunicaja.com\/campus\/author\/unicampus\/"}]}},"_links":{"self":[{"href":"https:\/\/www.fundacionunicaja.com\/campus\/wp-json\/wp\/v2\/posts\/59413","targetHints":{"allow":["GET"]}}],"collection":[{"href":"https:\/\/www.fundacionunicaja.com\/campus\/wp-json\/wp\/v2\/posts"}],"about":[{"href":"https:\/\/www.fundacionunicaja.com\/campus\/wp-json\/wp\/v2\/types\/post"}],"author":[{"embeddable":true,"href":"https:\/\/www.fundacionunicaja.com\/campus\/wp-json\/wp\/v2\/users\/13"}],"replies":[{"embeddable":true,"href":"https:\/\/www.fundacionunicaja.com\/campus\/wp-json\/wp\/v2\/comments?post=59413"}],"version-history":[{"count":8,"href":"https:\/\/www.fundacionunicaja.com\/campus\/wp-json\/wp\/v2\/posts\/59413\/revisions"}],"predecessor-version":[{"id":59434,"href":"https:\/\/www.fundacionunicaja.com\/campus\/wp-json\/wp\/v2\/posts\/59413\/revisions\/59434"}],"wp:featuredmedia":[{"embeddable":true,"href":"https:\/\/www.fundacionunicaja.com\/campus\/wp-json\/wp\/v2\/media\/59428"}],"wp:attachment":[{"href":"https:\/\/www.fundacionunicaja.com\/campus\/wp-json\/wp\/v2\/media?parent=59413"}],"wp:term":[{"taxonomy":"category","embeddable":true,"href":"https:\/\/www.fundacionunicaja.com\/campus\/wp-json\/wp\/v2\/categories?post=59413"},{"taxonomy":"post_tag","embeddable":true,"href":"https:\/\/www.fundacionunicaja.com\/campus\/wp-json\/wp\/v2\/tags?post=59413"}],"curies":[{"name":"wp","href":"https:\/\/api.w.org\/{rel}","templated":true}]}}