{"id":59405,"date":"2025-07-13T16:35:58","date_gmt":"2025-07-13T14:35:58","guid":{"rendered":"https:\/\/www.fundacionunicaja.com\/campus\/?p=59405"},"modified":"2025-07-13T16:35:58","modified_gmt":"2025-07-13T14:35:58","slug":"el-turno-2-de-campus-ronda-llega-a-su-fin-de-manera-muy-emotiva","status":"publish","type":"post","link":"https:\/\/www.fundacionunicaja.com\/campus\/2025\/07\/13\/el-turno-2-de-campus-ronda-llega-a-su-fin-de-manera-muy-emotiva\/","title":{"rendered":"El turno 2 de Campus Ronda llega a su fin de manera muy emotiva"},"content":{"rendered":"<p><b>El turno 2 de Campus Ronda 2025 lleg\u00f3 ayer a su fin con una emotiva ceremonia de clausura que puso el broche de oro a un turno que ha sido todo un \u00e9xito<\/b><span style=\"font-weight: 400\">. Durante estos d\u00edas, todos los ni\u00f1os y ni\u00f1as han disfrutado al m\u00e1ximo de todo lo que las instalaciones ofrecen y se llevan consigo un mont\u00f3n de recuerdos inolvidables.<\/span><\/p>\n<p><img fetchpriority=\"high\" decoding=\"async\" class=\"alignnone size-large wp-image-59407\" src=\"https:\/\/www.fundacionunicaja.com\/campus\/wp-content\/uploads\/sites\/2\/2025\/07\/T2CL1170-1024x576.jpg\" alt=\"\" width=\"800\" height=\"450\" srcset=\"https:\/\/www.fundacionunicaja.com\/campus\/wp-content\/uploads\/sites\/2\/2025\/07\/T2CL1170-1024x576.jpg 1024w, https:\/\/www.fundacionunicaja.com\/campus\/wp-content\/uploads\/sites\/2\/2025\/07\/T2CL1170-300x169.jpg 300w, https:\/\/www.fundacionunicaja.com\/campus\/wp-content\/uploads\/sites\/2\/2025\/07\/T2CL1170-768x432.jpg 768w, https:\/\/www.fundacionunicaja.com\/campus\/wp-content\/uploads\/sites\/2\/2025\/07\/T2CL1170-1536x864.jpg 1536w, https:\/\/www.fundacionunicaja.com\/campus\/wp-content\/uploads\/sites\/2\/2025\/07\/T2CL1170.jpg 1920w\" sizes=\"(max-width: 800px) 100vw, 800px\" \/><\/p>\n<p><span style=\"font-weight: 400\">Como no pod\u00eda ser de otra manera, en esta \u00faltima velada nocturna <\/span><b>se conoci\u00f3 al ganador de la Copa Campus 2024, que en esta ocasi\u00f3n fue para la casa F\u00e9nix<\/b><span style=\"font-weight: 400\">. Seguro que el pr\u00f3ximo a\u00f1o los miembros de esta casa querr\u00e1n repetir victoria, aunque el resto de casas estar\u00e1n muy dispuestas a pon\u00e9rselo dif\u00edcil.<\/span><\/p>\n<p><img decoding=\"async\" class=\"alignnone size-large wp-image-59408\" src=\"https:\/\/www.fundacionunicaja.com\/campus\/wp-content\/uploads\/sites\/2\/2025\/07\/T2CL1094-1024x576.png\" alt=\"\" width=\"800\" height=\"450\" srcset=\"https:\/\/www.fundacionunicaja.com\/campus\/wp-content\/uploads\/sites\/2\/2025\/07\/T2CL1094-1024x576.png 1024w, https:\/\/www.fundacionunicaja.com\/campus\/wp-content\/uploads\/sites\/2\/2025\/07\/T2CL1094-300x169.png 300w, https:\/\/www.fundacionunicaja.com\/campus\/wp-content\/uploads\/sites\/2\/2025\/07\/T2CL1094-768x432.png 768w, https:\/\/www.fundacionunicaja.com\/campus\/wp-content\/uploads\/sites\/2\/2025\/07\/T2CL1094-1536x864.png 1536w, https:\/\/www.fundacionunicaja.com\/campus\/wp-content\/uploads\/sites\/2\/2025\/07\/T2CL1094.png 1920w\" sizes=\"(max-width: 800px) 100vw, 800px\" \/><\/p>\n<p><span style=\"font-weight: 400\">La colonia de las Delicias ya espera con los brazos abiertos a todos los ni\u00f1os y ni\u00f1as el verano que viene, para que puedan <\/span><b>volver a vivir sus actividades favoritas, descubrir las nuevas sorpresas que Campus les tendr\u00e1 preparadas y reencontrarse con los amigos y amigas de siempre.<\/b><\/p>\n<p><img decoding=\"async\" class=\"alignnone size-large wp-image-59409\" src=\"https:\/\/www.fundacionunicaja.com\/campus\/wp-content\/uploads\/sites\/2\/2025\/07\/T2CL1102-1024x576.png\" alt=\"\" width=\"800\" height=\"450\" srcset=\"https:\/\/www.fundacionunicaja.com\/campus\/wp-content\/uploads\/sites\/2\/2025\/07\/T2CL1102-1024x576.png 1024w, https:\/\/www.fundacionunicaja.com\/campus\/wp-content\/uploads\/sites\/2\/2025\/07\/T2CL1102-300x169.png 300w, https:\/\/www.fundacionunicaja.com\/campus\/wp-content\/uploads\/sites\/2\/2025\/07\/T2CL1102-768x432.png 768w, https:\/\/www.fundacionunicaja.com\/campus\/wp-content\/uploads\/sites\/2\/2025\/07\/T2CL1102-1536x864.png 1536w, https:\/\/www.fundacionunicaja.com\/campus\/wp-content\/uploads\/sites\/2\/2025\/07\/T2CL1102.png 1920w\" sizes=\"(max-width: 800px) 100vw, 800px\" \/><\/p>\n","protected":false},"excerpt":{"rendered":"<p>El turno 2 de Campus Ronda 2025 lleg\u00f3 ayer a su fin con una emotiva ceremonia de clausura que puso el broche de oro a un turno que ha sido todo un \u00e9xito. Durante estos d\u00edas, todos los ni\u00f1os y ni\u00f1as han disfrutado al m\u00e1ximo de todo lo que las instalaciones ofrecen y se llevan [&hellip;]<\/p>\n","protected":false},"author":13,"featured_media":59406,"comment_status":"open","ping_status":"open","sticky":false,"template":"","format":"standard","meta":{"_acf_changed":false,"footnotes":""},"categories":[182,25],"tags":[],"class_list":["post-59405","post","type-post","status-publish","format-standard","has-post-thumbnail","hentry","category-campus","category-ronda"],"acf":[],"yoast_head":"<!-- This site is optimized with the Yoast SEO plugin v27.4 - https:\/\/yoast.com\/product\/yoast-seo-wordpress\/ -->\n<title>El turno 2 de Campus Ronda llega a su fin de manera muy emotiva - Campus Fundaci\u00f3n Unicaja<\/title>\n<meta name=\"robots\" content=\"index, follow, max-snippet:-1, max-image-preview:large, max-video-preview:-1\" \/>\n<link rel=\"canonical\" href=\"https:\/\/www.fundacionunicaja.com\/campus\/2025\/07\/13\/el-turno-2-de-campus-ronda-llega-a-su-fin-de-manera-muy-emotiva\/\" \/>\n<meta property=\"og:locale\" content=\"es_ES\" \/>\n<meta property=\"og:type\" content=\"article\" \/>\n<meta property=\"og:title\" content=\"El turno 2 de Campus Ronda llega a su fin de manera muy emotiva - Campus Fundaci\u00f3n Unicaja\" \/>\n<meta property=\"og:description\" content=\"El turno 2 de Campus Ronda 2025 lleg\u00f3 ayer a su fin con una emotiva ceremonia de clausura que puso el broche de oro a un turno que ha sido todo un \u00e9xito. Durante estos d\u00edas, todos los ni\u00f1os y ni\u00f1as han disfrutado al m\u00e1ximo de todo lo que las instalaciones ofrecen y se llevan [&hellip;]\" \/>\n<meta property=\"og:url\" content=\"https:\/\/www.fundacionunicaja.com\/campus\/2025\/07\/13\/el-turno-2-de-campus-ronda-llega-a-su-fin-de-manera-muy-emotiva\/\" \/>\n<meta property=\"og:site_name\" content=\"Campus Fundaci\u00f3n Unicaja\" \/>\n<meta property=\"article:published_time\" content=\"2025-07-13T14:35:58+00:00\" \/>\n<meta property=\"og:image\" content=\"https:\/\/www.fundacionunicaja.com\/campus\/wp-content\/uploads\/sites\/2\/2025\/07\/T2CL1138-1024x576.png\" \/>\n\t<meta property=\"og:image:width\" content=\"1024\" \/>\n\t<meta property=\"og:image:height\" content=\"576\" \/>\n\t<meta property=\"og:image:type\" content=\"image\/png\" \/>\n<meta name=\"author\" content=\"unicampus\" \/>\n<meta name=\"twitter:card\" content=\"summary_large_image\" \/>\n<meta name=\"twitter:label1\" content=\"Escrito por\" \/>\n\t<meta name=\"twitter:data1\" content=\"unicampus\" \/>\n\t<meta name=\"twitter:label2\" content=\"Tiempo de lectura\" \/>\n\t<meta name=\"twitter:data2\" content=\"1 minuto\" \/>\n<script type=\"application\/ld+json\" class=\"yoast-schema-graph\">{\"@context\":\"https:\\\/\\\/schema.org\",\"@graph\":[{\"@type\":\"Article\",\"@id\":\"https:\\\/\\\/www.fundacionunicaja.com\\\/campus\\\/2025\\\/07\\\/13\\\/el-turno-2-de-campus-ronda-llega-a-su-fin-de-manera-muy-emotiva\\\/#article\",\"isPartOf\":{\"@id\":\"https:\\\/\\\/www.fundacionunicaja.com\\\/campus\\\/2025\\\/07\\\/13\\\/el-turno-2-de-campus-ronda-llega-a-su-fin-de-manera-muy-emotiva\\\/\"},\"author\":{\"name\":\"unicampus\",\"@id\":\"https:\\\/\\\/www.fundacionunicaja.com\\\/campus\\\/#\\\/schema\\\/person\\\/0f25eed83aa1529127f97318b1b0dac2\"},\"headline\":\"El turno 2 de Campus Ronda llega a su fin de manera muy emotiva\",\"datePublished\":\"2025-07-13T14:35:58+00:00\",\"mainEntityOfPage\":{\"@id\":\"https:\\\/\\\/www.fundacionunicaja.com\\\/campus\\\/2025\\\/07\\\/13\\\/el-turno-2-de-campus-ronda-llega-a-su-fin-de-manera-muy-emotiva\\\/\"},\"wordCount\":189,\"commentCount\":0,\"publisher\":{\"@id\":\"https:\\\/\\\/www.fundacionunicaja.com\\\/campus\\\/#organization\"},\"image\":{\"@id\":\"https:\\\/\\\/www.fundacionunicaja.com\\\/campus\\\/2025\\\/07\\\/13\\\/el-turno-2-de-campus-ronda-llega-a-su-fin-de-manera-muy-emotiva\\\/#primaryimage\"},\"thumbnailUrl\":\"https:\\\/\\\/www.fundacionunicaja.com\\\/campus\\\/wp-content\\\/uploads\\\/sites\\\/2\\\/2025\\\/07\\\/T2CL1138.png\",\"articleSection\":[\"CAMPUS\",\"Ronda\"],\"inLanguage\":\"es\",\"potentialAction\":[{\"@type\":\"CommentAction\",\"name\":\"Comment\",\"target\":[\"https:\\\/\\\/www.fundacionunicaja.com\\\/campus\\\/2025\\\/07\\\/13\\\/el-turno-2-de-campus-ronda-llega-a-su-fin-de-manera-muy-emotiva\\\/#respond\"]}]},{\"@type\":\"WebPage\",\"@id\":\"https:\\\/\\\/www.fundacionunicaja.com\\\/campus\\\/2025\\\/07\\\/13\\\/el-turno-2-de-campus-ronda-llega-a-su-fin-de-manera-muy-emotiva\\\/\",\"url\":\"https:\\\/\\\/www.fundacionunicaja.com\\\/campus\\\/2025\\\/07\\\/13\\\/el-turno-2-de-campus-ronda-llega-a-su-fin-de-manera-muy-emotiva\\\/\",\"name\":\"El turno 2 de Campus Ronda llega a su fin de manera muy emotiva - Campus Fundaci\u00f3n Unicaja\",\"isPartOf\":{\"@id\":\"https:\\\/\\\/www.fundacionunicaja.com\\\/campus\\\/#website\"},\"primaryImageOfPage\":{\"@id\":\"https:\\\/\\\/www.fundacionunicaja.com\\\/campus\\\/2025\\\/07\\\/13\\\/el-turno-2-de-campus-ronda-llega-a-su-fin-de-manera-muy-emotiva\\\/#primaryimage\"},\"image\":{\"@id\":\"https:\\\/\\\/www.fundacionunicaja.com\\\/campus\\\/2025\\\/07\\\/13\\\/el-turno-2-de-campus-ronda-llega-a-su-fin-de-manera-muy-emotiva\\\/#primaryimage\"},\"thumbnailUrl\":\"https:\\\/\\\/www.fundacionunicaja.com\\\/campus\\\/wp-content\\\/uploads\\\/sites\\\/2\\\/2025\\\/07\\\/T2CL1138.png\",\"datePublished\":\"2025-07-13T14:35:58+00:00\",\"breadcrumb\":{\"@id\":\"https:\\\/\\\/www.fundacionunicaja.com\\\/campus\\\/2025\\\/07\\\/13\\\/el-turno-2-de-campus-ronda-llega-a-su-fin-de-manera-muy-emotiva\\\/#breadcrumb\"},\"inLanguage\":\"es\",\"potentialAction\":[{\"@type\":\"ReadAction\",\"target\":[\"https:\\\/\\\/www.fundacionunicaja.com\\\/campus\\\/2025\\\/07\\\/13\\\/el-turno-2-de-campus-ronda-llega-a-su-fin-de-manera-muy-emotiva\\\/\"]}]},{\"@type\":\"ImageObject\",\"inLanguage\":\"es\",\"@id\":\"https:\\\/\\\/www.fundacionunicaja.com\\\/campus\\\/2025\\\/07\\\/13\\\/el-turno-2-de-campus-ronda-llega-a-su-fin-de-manera-muy-emotiva\\\/#primaryimage\",\"url\":\"https:\\\/\\\/www.fundacionunicaja.com\\\/campus\\\/wp-content\\\/uploads\\\/sites\\\/2\\\/2025\\\/07\\\/T2CL1138.png\",\"contentUrl\":\"https:\\\/\\\/www.fundacionunicaja.com\\\/campus\\\/wp-content\\\/uploads\\\/sites\\\/2\\\/2025\\\/07\\\/T2CL1138.png\",\"width\":1920,\"height\":1080},{\"@type\":\"BreadcrumbList\",\"@id\":\"https:\\\/\\\/www.fundacionunicaja.com\\\/campus\\\/2025\\\/07\\\/13\\\/el-turno-2-de-campus-ronda-llega-a-su-fin-de-manera-muy-emotiva\\\/#breadcrumb\",\"itemListElement\":[{\"@type\":\"ListItem\",\"position\":1,\"name\":\"Portada\",\"item\":\"https:\\\/\\\/www.fundacionunicaja.com\\\/campus\\\/\"},{\"@type\":\"ListItem\",\"position\":2,\"name\":\"El turno 2 de Campus Ronda llega a su fin de manera muy emotiva\"}]},{\"@type\":\"WebSite\",\"@id\":\"https:\\\/\\\/www.fundacionunicaja.com\\\/campus\\\/#website\",\"url\":\"https:\\\/\\\/www.fundacionunicaja.com\\\/campus\\\/\",\"name\":\"Campus Fundaci\u00f3n Unicaja\",\"description\":\"\",\"publisher\":{\"@id\":\"https:\\\/\\\/www.fundacionunicaja.com\\\/campus\\\/#organization\"},\"potentialAction\":[{\"@type\":\"SearchAction\",\"target\":{\"@type\":\"EntryPoint\",\"urlTemplate\":\"https:\\\/\\\/www.fundacionunicaja.com\\\/campus\\\/?s={search_term_string}\"},\"query-input\":{\"@type\":\"PropertyValueSpecification\",\"valueRequired\":true,\"valueName\":\"search_term_string\"}}],\"inLanguage\":\"es\"},{\"@type\":\"Organization\",\"@id\":\"https:\\\/\\\/www.fundacionunicaja.com\\\/campus\\\/#organization\",\"name\":\"Campus Fundaci\u00f3n Unicaja\",\"url\":\"https:\\\/\\\/www.fundacionunicaja.com\\\/campus\\\/\",\"logo\":{\"@type\":\"ImageObject\",\"inLanguage\":\"es\",\"@id\":\"https:\\\/\\\/www.fundacionunicaja.com\\\/campus\\\/#\\\/schema\\\/logo\\\/image\\\/\",\"url\":\"https:\\\/\\\/www.fundacionunicaja.com\\\/campus\\\/wp-content\\\/uploads\\\/sites\\\/2\\\/2025\\\/03\\\/LOGO_unicaja-1.png\",\"contentUrl\":\"https:\\\/\\\/www.fundacionunicaja.com\\\/campus\\\/wp-content\\\/uploads\\\/sites\\\/2\\\/2025\\\/03\\\/LOGO_unicaja-1.png\",\"width\":243,\"height\":69,\"caption\":\"Campus Fundaci\u00f3n Unicaja\"},\"image\":{\"@id\":\"https:\\\/\\\/www.fundacionunicaja.com\\\/campus\\\/#\\\/schema\\\/logo\\\/image\\\/\"}},{\"@type\":\"Person\",\"@id\":\"https:\\\/\\\/www.fundacionunicaja.com\\\/campus\\\/#\\\/schema\\\/person\\\/0f25eed83aa1529127f97318b1b0dac2\",\"name\":\"unicampus\",\"image\":{\"@type\":\"ImageObject\",\"inLanguage\":\"es\",\"@id\":\"https:\\\/\\\/secure.gravatar.com\\\/avatar\\\/9100a8e4fbc3ced738e01809e3f2b8479cd38d25f89ce42f8abdd64176cbade4?s=96&d=mm&r=g\",\"url\":\"https:\\\/\\\/secure.gravatar.com\\\/avatar\\\/9100a8e4fbc3ced738e01809e3f2b8479cd38d25f89ce42f8abdd64176cbade4?s=96&d=mm&r=g\",\"contentUrl\":\"https:\\\/\\\/secure.gravatar.com\\\/avatar\\\/9100a8e4fbc3ced738e01809e3f2b8479cd38d25f89ce42f8abdd64176cbade4?s=96&d=mm&r=g\",\"caption\":\"unicampus\"},\"url\":\"https:\\\/\\\/www.fundacionunicaja.com\\\/campus\\\/author\\\/unicampus\\\/\"}]}<\/script>\n<!-- \/ Yoast SEO plugin. -->","yoast_head_json":{"title":"El turno 2 de Campus Ronda llega a su fin de manera muy emotiva - Campus Fundaci\u00f3n Unicaja","robots":{"index":"index","follow":"follow","max-snippet":"max-snippet:-1","max-image-preview":"max-image-preview:large","max-video-preview":"max-video-preview:-1"},"canonical":"https:\/\/www.fundacionunicaja.com\/campus\/2025\/07\/13\/el-turno-2-de-campus-ronda-llega-a-su-fin-de-manera-muy-emotiva\/","og_locale":"es_ES","og_type":"article","og_title":"El turno 2 de Campus Ronda llega a su fin de manera muy emotiva - Campus Fundaci\u00f3n Unicaja","og_description":"El turno 2 de Campus Ronda 2025 lleg\u00f3 ayer a su fin con una emotiva ceremonia de clausura que puso el broche de oro a un turno que ha sido todo un \u00e9xito. Durante estos d\u00edas, todos los ni\u00f1os y ni\u00f1as han disfrutado al m\u00e1ximo de todo lo que las instalaciones ofrecen y se llevan [&hellip;]","og_url":"https:\/\/www.fundacionunicaja.com\/campus\/2025\/07\/13\/el-turno-2-de-campus-ronda-llega-a-su-fin-de-manera-muy-emotiva\/","og_site_name":"Campus Fundaci\u00f3n Unicaja","article_published_time":"2025-07-13T14:35:58+00:00","og_image":[{"width":1024,"height":576,"url":"https:\/\/www.fundacionunicaja.com\/campus\/wp-content\/uploads\/sites\/2\/2025\/07\/T2CL1138-1024x576.png","type":"image\/png"}],"author":"unicampus","twitter_card":"summary_large_image","twitter_misc":{"Escrito por":"unicampus","Tiempo de lectura":"1 minuto"},"schema":{"@context":"https:\/\/schema.org","@graph":[{"@type":"Article","@id":"https:\/\/www.fundacionunicaja.com\/campus\/2025\/07\/13\/el-turno-2-de-campus-ronda-llega-a-su-fin-de-manera-muy-emotiva\/#article","isPartOf":{"@id":"https:\/\/www.fundacionunicaja.com\/campus\/2025\/07\/13\/el-turno-2-de-campus-ronda-llega-a-su-fin-de-manera-muy-emotiva\/"},"author":{"name":"unicampus","@id":"https:\/\/www.fundacionunicaja.com\/campus\/#\/schema\/person\/0f25eed83aa1529127f97318b1b0dac2"},"headline":"El turno 2 de Campus Ronda llega a su fin de manera muy emotiva","datePublished":"2025-07-13T14:35:58+00:00","mainEntityOfPage":{"@id":"https:\/\/www.fundacionunicaja.com\/campus\/2025\/07\/13\/el-turno-2-de-campus-ronda-llega-a-su-fin-de-manera-muy-emotiva\/"},"wordCount":189,"commentCount":0,"publisher":{"@id":"https:\/\/www.fundacionunicaja.com\/campus\/#organization"},"image":{"@id":"https:\/\/www.fundacionunicaja.com\/campus\/2025\/07\/13\/el-turno-2-de-campus-ronda-llega-a-su-fin-de-manera-muy-emotiva\/#primaryimage"},"thumbnailUrl":"https:\/\/www.fundacionunicaja.com\/campus\/wp-content\/uploads\/sites\/2\/2025\/07\/T2CL1138.png","articleSection":["CAMPUS","Ronda"],"inLanguage":"es","potentialAction":[{"@type":"CommentAction","name":"Comment","target":["https:\/\/www.fundacionunicaja.com\/campus\/2025\/07\/13\/el-turno-2-de-campus-ronda-llega-a-su-fin-de-manera-muy-emotiva\/#respond"]}]},{"@type":"WebPage","@id":"https:\/\/www.fundacionunicaja.com\/campus\/2025\/07\/13\/el-turno-2-de-campus-ronda-llega-a-su-fin-de-manera-muy-emotiva\/","url":"https:\/\/www.fundacionunicaja.com\/campus\/2025\/07\/13\/el-turno-2-de-campus-ronda-llega-a-su-fin-de-manera-muy-emotiva\/","name":"El turno 2 de Campus Ronda llega a su fin de manera muy emotiva - Campus Fundaci\u00f3n Unicaja","isPartOf":{"@id":"https:\/\/www.fundacionunicaja.com\/campus\/#website"},"primaryImageOfPage":{"@id":"https:\/\/www.fundacionunicaja.com\/campus\/2025\/07\/13\/el-turno-2-de-campus-ronda-llega-a-su-fin-de-manera-muy-emotiva\/#primaryimage"},"image":{"@id":"https:\/\/www.fundacionunicaja.com\/campus\/2025\/07\/13\/el-turno-2-de-campus-ronda-llega-a-su-fin-de-manera-muy-emotiva\/#primaryimage"},"thumbnailUrl":"https:\/\/www.fundacionunicaja.com\/campus\/wp-content\/uploads\/sites\/2\/2025\/07\/T2CL1138.png","datePublished":"2025-07-13T14:35:58+00:00","breadcrumb":{"@id":"https:\/\/www.fundacionunicaja.com\/campus\/2025\/07\/13\/el-turno-2-de-campus-ronda-llega-a-su-fin-de-manera-muy-emotiva\/#breadcrumb"},"inLanguage":"es","potentialAction":[{"@type":"ReadAction","target":["https:\/\/www.fundacionunicaja.com\/campus\/2025\/07\/13\/el-turno-2-de-campus-ronda-llega-a-su-fin-de-manera-muy-emotiva\/"]}]},{"@type":"ImageObject","inLanguage":"es","@id":"https:\/\/www.fundacionunicaja.com\/campus\/2025\/07\/13\/el-turno-2-de-campus-ronda-llega-a-su-fin-de-manera-muy-emotiva\/#primaryimage","url":"https:\/\/www.fundacionunicaja.com\/campus\/wp-content\/uploads\/sites\/2\/2025\/07\/T2CL1138.png","contentUrl":"https:\/\/www.fundacionunicaja.com\/campus\/wp-content\/uploads\/sites\/2\/2025\/07\/T2CL1138.png","width":1920,"height":1080},{"@type":"BreadcrumbList","@id":"https:\/\/www.fundacionunicaja.com\/campus\/2025\/07\/13\/el-turno-2-de-campus-ronda-llega-a-su-fin-de-manera-muy-emotiva\/#breadcrumb","itemListElement":[{"@type":"ListItem","position":1,"name":"Portada","item":"https:\/\/www.fundacionunicaja.com\/campus\/"},{"@type":"ListItem","position":2,"name":"El turno 2 de Campus Ronda llega a su fin de manera muy emotiva"}]},{"@type":"WebSite","@id":"https:\/\/www.fundacionunicaja.com\/campus\/#website","url":"https:\/\/www.fundacionunicaja.com\/campus\/","name":"Campus Fundaci\u00f3n Unicaja","description":"","publisher":{"@id":"https:\/\/www.fundacionunicaja.com\/campus\/#organization"},"potentialAction":[{"@type":"SearchAction","target":{"@type":"EntryPoint","urlTemplate":"https:\/\/www.fundacionunicaja.com\/campus\/?s={search_term_string}"},"query-input":{"@type":"PropertyValueSpecification","valueRequired":true,"valueName":"search_term_string"}}],"inLanguage":"es"},{"@type":"Organization","@id":"https:\/\/www.fundacionunicaja.com\/campus\/#organization","name":"Campus Fundaci\u00f3n Unicaja","url":"https:\/\/www.fundacionunicaja.com\/campus\/","logo":{"@type":"ImageObject","inLanguage":"es","@id":"https:\/\/www.fundacionunicaja.com\/campus\/#\/schema\/logo\/image\/","url":"https:\/\/www.fundacionunicaja.com\/campus\/wp-content\/uploads\/sites\/2\/2025\/03\/LOGO_unicaja-1.png","contentUrl":"https:\/\/www.fundacionunicaja.com\/campus\/wp-content\/uploads\/sites\/2\/2025\/03\/LOGO_unicaja-1.png","width":243,"height":69,"caption":"Campus Fundaci\u00f3n Unicaja"},"image":{"@id":"https:\/\/www.fundacionunicaja.com\/campus\/#\/schema\/logo\/image\/"}},{"@type":"Person","@id":"https:\/\/www.fundacionunicaja.com\/campus\/#\/schema\/person\/0f25eed83aa1529127f97318b1b0dac2","name":"unicampus","image":{"@type":"ImageObject","inLanguage":"es","@id":"https:\/\/secure.gravatar.com\/avatar\/9100a8e4fbc3ced738e01809e3f2b8479cd38d25f89ce42f8abdd64176cbade4?s=96&d=mm&r=g","url":"https:\/\/secure.gravatar.com\/avatar\/9100a8e4fbc3ced738e01809e3f2b8479cd38d25f89ce42f8abdd64176cbade4?s=96&d=mm&r=g","contentUrl":"https:\/\/secure.gravatar.com\/avatar\/9100a8e4fbc3ced738e01809e3f2b8479cd38d25f89ce42f8abdd64176cbade4?s=96&d=mm&r=g","caption":"unicampus"},"url":"https:\/\/www.fundacionunicaja.com\/campus\/author\/unicampus\/"}]}},"_links":{"self":[{"href":"https:\/\/www.fundacionunicaja.com\/campus\/wp-json\/wp\/v2\/posts\/59405","targetHints":{"allow":["GET"]}}],"collection":[{"href":"https:\/\/www.fundacionunicaja.com\/campus\/wp-json\/wp\/v2\/posts"}],"about":[{"href":"https:\/\/www.fundacionunicaja.com\/campus\/wp-json\/wp\/v2\/types\/post"}],"author":[{"embeddable":true,"href":"https:\/\/www.fundacionunicaja.com\/campus\/wp-json\/wp\/v2\/users\/13"}],"replies":[{"embeddable":true,"href":"https:\/\/www.fundacionunicaja.com\/campus\/wp-json\/wp\/v2\/comments?post=59405"}],"version-history":[{"count":2,"href":"https:\/\/www.fundacionunicaja.com\/campus\/wp-json\/wp\/v2\/posts\/59405\/revisions"}],"predecessor-version":[{"id":59412,"href":"https:\/\/www.fundacionunicaja.com\/campus\/wp-json\/wp\/v2\/posts\/59405\/revisions\/59412"}],"wp:featuredmedia":[{"embeddable":true,"href":"https:\/\/www.fundacionunicaja.com\/campus\/wp-json\/wp\/v2\/media\/59406"}],"wp:attachment":[{"href":"https:\/\/www.fundacionunicaja.com\/campus\/wp-json\/wp\/v2\/media?parent=59405"}],"wp:term":[{"taxonomy":"category","embeddable":true,"href":"https:\/\/www.fundacionunicaja.com\/campus\/wp-json\/wp\/v2\/categories?post=59405"},{"taxonomy":"post_tag","embeddable":true,"href":"https:\/\/www.fundacionunicaja.com\/campus\/wp-json\/wp\/v2\/tags?post=59405"}],"curies":[{"name":"wp","href":"https:\/\/api.w.org\/{rel}","templated":true}]}}