{"id":59224,"date":"2025-06-29T12:45:48","date_gmt":"2025-06-29T10:45:48","guid":{"rendered":"https:\/\/www.fundacionunicaja.com\/campus\/?p=59224"},"modified":"2025-06-29T12:45:48","modified_gmt":"2025-06-29T10:45:48","slug":"comienza-el-primer-turno-de-campus-ronda-2025","status":"publish","type":"post","link":"https:\/\/www.fundacionunicaja.com\/campus\/2025\/06\/29\/comienza-el-primer-turno-de-campus-ronda-2025\/","title":{"rendered":"Comienza el primer turno de Campus Ronda 2025"},"content":{"rendered":"<p><span style=\"font-weight: 400\">El d\u00eda 28 de junio, la Colonia de las Delicias, en Ronda, <\/span><b>volvi\u00f3 a abrir sus puertas para recibir al primer grupo de participantes del Campus Ronda 2025<\/b><span style=\"font-weight: 400\">. <\/span><\/p>\n<p><span style=\"font-weight: 400\"><img fetchpriority=\"high\" decoding=\"async\" class=\"wp-image-59226 aligncenter\" src=\"https:\/\/www.fundacionunicaja.com\/campus\/wp-content\/uploads\/sites\/2\/2025\/06\/T1CL-1-1024x576.jpg\" alt=\"\" width=\"911\" height=\"513\" srcset=\"https:\/\/www.fundacionunicaja.com\/campus\/wp-content\/uploads\/sites\/2\/2025\/06\/T1CL-1-1024x576.jpg 1024w, https:\/\/www.fundacionunicaja.com\/campus\/wp-content\/uploads\/sites\/2\/2025\/06\/T1CL-1-300x169.jpg 300w, https:\/\/www.fundacionunicaja.com\/campus\/wp-content\/uploads\/sites\/2\/2025\/06\/T1CL-1-768x432.jpg 768w, https:\/\/www.fundacionunicaja.com\/campus\/wp-content\/uploads\/sites\/2\/2025\/06\/T1CL-1-1536x864.jpg 1536w, https:\/\/www.fundacionunicaja.com\/campus\/wp-content\/uploads\/sites\/2\/2025\/06\/T1CL-1.jpg 1920w\" sizes=\"(max-width: 911px) 100vw, 911px\" \/><\/span><\/p>\n<p><span style=\"font-weight: 400\">Desde\u00a0 de las 17:00 horas, los ni\u00f1os y ni\u00f1as fueron llegando con mucha ilusi\u00f3n a las instalaciones y<\/span><b> comenzaron a disfrutar de algunas de las actividades<\/b><span style=\"font-weight: 400\"> que tanto disfrutar\u00e1n durante la emocionante semana que\u00a0 les espera: p\u00e1del, baloncesto,\u00a0 ping-pong, patinetes el\u00e9ctricos&#8230; entre muchas otras.<\/span><\/p>\n<p><span style=\"font-weight: 400\"><img decoding=\"async\" class=\" wp-image-59231 aligncenter\" src=\"https:\/\/www.fundacionunicaja.com\/campus\/wp-content\/uploads\/sites\/2\/2025\/06\/T1CL-55-1024x576.jpg\" alt=\"\" width=\"903\" height=\"508\" srcset=\"https:\/\/www.fundacionunicaja.com\/campus\/wp-content\/uploads\/sites\/2\/2025\/06\/T1CL-55-1024x576.jpg 1024w, https:\/\/www.fundacionunicaja.com\/campus\/wp-content\/uploads\/sites\/2\/2025\/06\/T1CL-55-300x169.jpg 300w, https:\/\/www.fundacionunicaja.com\/campus\/wp-content\/uploads\/sites\/2\/2025\/06\/T1CL-55-768x432.jpg 768w, https:\/\/www.fundacionunicaja.com\/campus\/wp-content\/uploads\/sites\/2\/2025\/06\/T1CL-55-1536x864.jpg 1536w, https:\/\/www.fundacionunicaja.com\/campus\/wp-content\/uploads\/sites\/2\/2025\/06\/T1CL-55.jpg 1920w\" sizes=\"(max-width: 903px) 100vw, 903px\" \/><br \/>\n<\/span><\/p>\n<p><span style=\"font-weight: 400\">Tras el recibimiento y la cena, se celebr\u00f3 la primera velada nocturna. <\/span><b>Los chicos y chicas formaron el grupo que, de ahora en adelante, ser\u00e1 su familia de verano. Pegaso, Hidra, Cerbero y F\u00e9nix, son las cuatro casas, que al m\u00e1s puro estilo de Harry Potter, defender\u00e1n nuestros participantes<\/b><span style=\"font-weight: 400\">. As\u00ed, sumar\u00e1n puntos para intentar alzarse con la ansiada Copa Campus al final del turno.<img decoding=\"async\" class=\" wp-image-59228 aligncenter\" src=\"https:\/\/www.fundacionunicaja.com\/campus\/wp-content\/uploads\/sites\/2\/2025\/06\/T1CL-85-1024x576.png\" alt=\"\" width=\"911\" height=\"512\" srcset=\"https:\/\/www.fundacionunicaja.com\/campus\/wp-content\/uploads\/sites\/2\/2025\/06\/T1CL-85-1024x576.png 1024w, https:\/\/www.fundacionunicaja.com\/campus\/wp-content\/uploads\/sites\/2\/2025\/06\/T1CL-85-300x169.png 300w, https:\/\/www.fundacionunicaja.com\/campus\/wp-content\/uploads\/sites\/2\/2025\/06\/T1CL-85-768x432.png 768w, https:\/\/www.fundacionunicaja.com\/campus\/wp-content\/uploads\/sites\/2\/2025\/06\/T1CL-85-1536x864.png 1536w, https:\/\/www.fundacionunicaja.com\/campus\/wp-content\/uploads\/sites\/2\/2025\/06\/T1CL-85.png 1920w\" sizes=\"(max-width: 911px) 100vw, 911px\" \/><\/span><\/p>\n<p><span style=\"font-weight: 400\">Por delante tienen 7 jornadas repletas de diversi\u00f3n, con veladas tanto por la noche como por la ma\u00f1ana, un amplio abanico de actividades deportivas, ba\u00f1os en la piscina, una excursi\u00f3n para descubrir mejor Ronda y muchas otras experiencias inolvidables. Todo ello, <\/span><b>compartido con nuevos amigos y amigas (y tambi\u00e9n con compa\u00f1eros de otras ediciones que repiten este a\u00f1o) para aprovechar al m\u00e1ximo cada momento<\/b><\/p>\n<p><img loading=\"lazy\" decoding=\"async\" class=\" wp-image-59227 aligncenter\" src=\"https:\/\/www.fundacionunicaja.com\/campus\/wp-content\/uploads\/sites\/2\/2025\/06\/T1CL-39-1024x576.jpg\" alt=\"\" width=\"910\" height=\"512\" srcset=\"https:\/\/www.fundacionunicaja.com\/campus\/wp-content\/uploads\/sites\/2\/2025\/06\/T1CL-39-1024x576.jpg 1024w, https:\/\/www.fundacionunicaja.com\/campus\/wp-content\/uploads\/sites\/2\/2025\/06\/T1CL-39-300x169.jpg 300w, https:\/\/www.fundacionunicaja.com\/campus\/wp-content\/uploads\/sites\/2\/2025\/06\/T1CL-39-768x432.jpg 768w, https:\/\/www.fundacionunicaja.com\/campus\/wp-content\/uploads\/sites\/2\/2025\/06\/T1CL-39-1536x864.jpg 1536w, https:\/\/www.fundacionunicaja.com\/campus\/wp-content\/uploads\/sites\/2\/2025\/06\/T1CL-39.jpg 1920w\" sizes=\"(max-width: 910px) 100vw, 910px\" \/><\/p>\n","protected":false},"excerpt":{"rendered":"<p>El d\u00eda 28 de junio, la Colonia de las Delicias, en Ronda, volvi\u00f3 a abrir sus puertas para recibir al primer grupo de participantes del Campus Ronda 2025. Desde\u00a0 de las 17:00 horas, los ni\u00f1os y ni\u00f1as fueron llegando con mucha ilusi\u00f3n a las instalaciones y comenzaron a disfrutar de algunas de las actividades que [&hellip;]<\/p>\n","protected":false},"author":13,"featured_media":59225,"comment_status":"open","ping_status":"open","sticky":false,"template":"","format":"standard","meta":{"_acf_changed":false,"footnotes":""},"categories":[182,25],"tags":[],"class_list":["post-59224","post","type-post","status-publish","format-standard","has-post-thumbnail","hentry","category-campus","category-ronda"],"acf":[],"yoast_head":"<!-- This site is optimized with the Yoast SEO plugin v27.4 - https:\/\/yoast.com\/product\/yoast-seo-wordpress\/ -->\n<title>Comienza el primer turno de Campus Ronda 2025 - Campus Fundaci\u00f3n Unicaja<\/title>\n<meta name=\"robots\" content=\"index, follow, max-snippet:-1, max-image-preview:large, max-video-preview:-1\" \/>\n<link rel=\"canonical\" href=\"https:\/\/www.fundacionunicaja.com\/campus\/2025\/06\/29\/comienza-el-primer-turno-de-campus-ronda-2025\/\" \/>\n<meta property=\"og:locale\" content=\"es_ES\" \/>\n<meta property=\"og:type\" content=\"article\" \/>\n<meta property=\"og:title\" content=\"Comienza el primer turno de Campus Ronda 2025 - Campus Fundaci\u00f3n Unicaja\" \/>\n<meta property=\"og:description\" content=\"El d\u00eda 28 de junio, la Colonia de las Delicias, en Ronda, volvi\u00f3 a abrir sus puertas para recibir al primer grupo de participantes del Campus Ronda 2025. Desde\u00a0 de las 17:00 horas, los ni\u00f1os y ni\u00f1as fueron llegando con mucha ilusi\u00f3n a las instalaciones y comenzaron a disfrutar de algunas de las actividades que [&hellip;]\" \/>\n<meta property=\"og:url\" content=\"https:\/\/www.fundacionunicaja.com\/campus\/2025\/06\/29\/comienza-el-primer-turno-de-campus-ronda-2025\/\" \/>\n<meta property=\"og:site_name\" content=\"Campus Fundaci\u00f3n Unicaja\" \/>\n<meta property=\"article:published_time\" content=\"2025-06-29T10:45:48+00:00\" \/>\n<meta property=\"og:image\" content=\"https:\/\/www.fundacionunicaja.com\/campus\/wp-content\/uploads\/sites\/2\/2025\/06\/T1CL-62-1024x576.png\" \/>\n\t<meta property=\"og:image:width\" content=\"1024\" \/>\n\t<meta property=\"og:image:height\" content=\"576\" \/>\n\t<meta property=\"og:image:type\" content=\"image\/png\" \/>\n<meta name=\"author\" content=\"unicampus\" \/>\n<meta name=\"twitter:card\" content=\"summary_large_image\" \/>\n<meta name=\"twitter:label1\" content=\"Escrito por\" \/>\n\t<meta name=\"twitter:data1\" content=\"unicampus\" \/>\n\t<meta name=\"twitter:label2\" content=\"Tiempo de lectura\" \/>\n\t<meta name=\"twitter:data2\" content=\"1 minuto\" \/>\n<script type=\"application\/ld+json\" class=\"yoast-schema-graph\">{\"@context\":\"https:\\\/\\\/schema.org\",\"@graph\":[{\"@type\":\"Article\",\"@id\":\"https:\\\/\\\/www.fundacionunicaja.com\\\/campus\\\/2025\\\/06\\\/29\\\/comienza-el-primer-turno-de-campus-ronda-2025\\\/#article\",\"isPartOf\":{\"@id\":\"https:\\\/\\\/www.fundacionunicaja.com\\\/campus\\\/2025\\\/06\\\/29\\\/comienza-el-primer-turno-de-campus-ronda-2025\\\/\"},\"author\":{\"name\":\"unicampus\",\"@id\":\"https:\\\/\\\/www.fundacionunicaja.com\\\/campus\\\/#\\\/schema\\\/person\\\/0f25eed83aa1529127f97318b1b0dac2\"},\"headline\":\"Comienza el primer turno de Campus Ronda 2025\",\"datePublished\":\"2025-06-29T10:45:48+00:00\",\"mainEntityOfPage\":{\"@id\":\"https:\\\/\\\/www.fundacionunicaja.com\\\/campus\\\/2025\\\/06\\\/29\\\/comienza-el-primer-turno-de-campus-ronda-2025\\\/\"},\"wordCount\":222,\"commentCount\":0,\"publisher\":{\"@id\":\"https:\\\/\\\/www.fundacionunicaja.com\\\/campus\\\/#organization\"},\"image\":{\"@id\":\"https:\\\/\\\/www.fundacionunicaja.com\\\/campus\\\/2025\\\/06\\\/29\\\/comienza-el-primer-turno-de-campus-ronda-2025\\\/#primaryimage\"},\"thumbnailUrl\":\"https:\\\/\\\/www.fundacionunicaja.com\\\/campus\\\/wp-content\\\/uploads\\\/sites\\\/2\\\/2025\\\/06\\\/T1CL-62.png\",\"articleSection\":[\"CAMPUS\",\"Ronda\"],\"inLanguage\":\"es\",\"potentialAction\":[{\"@type\":\"CommentAction\",\"name\":\"Comment\",\"target\":[\"https:\\\/\\\/www.fundacionunicaja.com\\\/campus\\\/2025\\\/06\\\/29\\\/comienza-el-primer-turno-de-campus-ronda-2025\\\/#respond\"]}]},{\"@type\":\"WebPage\",\"@id\":\"https:\\\/\\\/www.fundacionunicaja.com\\\/campus\\\/2025\\\/06\\\/29\\\/comienza-el-primer-turno-de-campus-ronda-2025\\\/\",\"url\":\"https:\\\/\\\/www.fundacionunicaja.com\\\/campus\\\/2025\\\/06\\\/29\\\/comienza-el-primer-turno-de-campus-ronda-2025\\\/\",\"name\":\"Comienza el primer turno de Campus Ronda 2025 - Campus Fundaci\u00f3n Unicaja\",\"isPartOf\":{\"@id\":\"https:\\\/\\\/www.fundacionunicaja.com\\\/campus\\\/#website\"},\"primaryImageOfPage\":{\"@id\":\"https:\\\/\\\/www.fundacionunicaja.com\\\/campus\\\/2025\\\/06\\\/29\\\/comienza-el-primer-turno-de-campus-ronda-2025\\\/#primaryimage\"},\"image\":{\"@id\":\"https:\\\/\\\/www.fundacionunicaja.com\\\/campus\\\/2025\\\/06\\\/29\\\/comienza-el-primer-turno-de-campus-ronda-2025\\\/#primaryimage\"},\"thumbnailUrl\":\"https:\\\/\\\/www.fundacionunicaja.com\\\/campus\\\/wp-content\\\/uploads\\\/sites\\\/2\\\/2025\\\/06\\\/T1CL-62.png\",\"datePublished\":\"2025-06-29T10:45:48+00:00\",\"breadcrumb\":{\"@id\":\"https:\\\/\\\/www.fundacionunicaja.com\\\/campus\\\/2025\\\/06\\\/29\\\/comienza-el-primer-turno-de-campus-ronda-2025\\\/#breadcrumb\"},\"inLanguage\":\"es\",\"potentialAction\":[{\"@type\":\"ReadAction\",\"target\":[\"https:\\\/\\\/www.fundacionunicaja.com\\\/campus\\\/2025\\\/06\\\/29\\\/comienza-el-primer-turno-de-campus-ronda-2025\\\/\"]}]},{\"@type\":\"ImageObject\",\"inLanguage\":\"es\",\"@id\":\"https:\\\/\\\/www.fundacionunicaja.com\\\/campus\\\/2025\\\/06\\\/29\\\/comienza-el-primer-turno-de-campus-ronda-2025\\\/#primaryimage\",\"url\":\"https:\\\/\\\/www.fundacionunicaja.com\\\/campus\\\/wp-content\\\/uploads\\\/sites\\\/2\\\/2025\\\/06\\\/T1CL-62.png\",\"contentUrl\":\"https:\\\/\\\/www.fundacionunicaja.com\\\/campus\\\/wp-content\\\/uploads\\\/sites\\\/2\\\/2025\\\/06\\\/T1CL-62.png\",\"width\":1920,\"height\":1080},{\"@type\":\"BreadcrumbList\",\"@id\":\"https:\\\/\\\/www.fundacionunicaja.com\\\/campus\\\/2025\\\/06\\\/29\\\/comienza-el-primer-turno-de-campus-ronda-2025\\\/#breadcrumb\",\"itemListElement\":[{\"@type\":\"ListItem\",\"position\":1,\"name\":\"Portada\",\"item\":\"https:\\\/\\\/www.fundacionunicaja.com\\\/campus\\\/\"},{\"@type\":\"ListItem\",\"position\":2,\"name\":\"Comienza el primer turno de Campus Ronda 2025\"}]},{\"@type\":\"WebSite\",\"@id\":\"https:\\\/\\\/www.fundacionunicaja.com\\\/campus\\\/#website\",\"url\":\"https:\\\/\\\/www.fundacionunicaja.com\\\/campus\\\/\",\"name\":\"Campus Fundaci\u00f3n Unicaja\",\"description\":\"\",\"publisher\":{\"@id\":\"https:\\\/\\\/www.fundacionunicaja.com\\\/campus\\\/#organization\"},\"potentialAction\":[{\"@type\":\"SearchAction\",\"target\":{\"@type\":\"EntryPoint\",\"urlTemplate\":\"https:\\\/\\\/www.fundacionunicaja.com\\\/campus\\\/?s={search_term_string}\"},\"query-input\":{\"@type\":\"PropertyValueSpecification\",\"valueRequired\":true,\"valueName\":\"search_term_string\"}}],\"inLanguage\":\"es\"},{\"@type\":\"Organization\",\"@id\":\"https:\\\/\\\/www.fundacionunicaja.com\\\/campus\\\/#organization\",\"name\":\"Campus Fundaci\u00f3n Unicaja\",\"url\":\"https:\\\/\\\/www.fundacionunicaja.com\\\/campus\\\/\",\"logo\":{\"@type\":\"ImageObject\",\"inLanguage\":\"es\",\"@id\":\"https:\\\/\\\/www.fundacionunicaja.com\\\/campus\\\/#\\\/schema\\\/logo\\\/image\\\/\",\"url\":\"https:\\\/\\\/www.fundacionunicaja.com\\\/campus\\\/wp-content\\\/uploads\\\/sites\\\/2\\\/2025\\\/03\\\/LOGO_unicaja-1.png\",\"contentUrl\":\"https:\\\/\\\/www.fundacionunicaja.com\\\/campus\\\/wp-content\\\/uploads\\\/sites\\\/2\\\/2025\\\/03\\\/LOGO_unicaja-1.png\",\"width\":243,\"height\":69,\"caption\":\"Campus Fundaci\u00f3n Unicaja\"},\"image\":{\"@id\":\"https:\\\/\\\/www.fundacionunicaja.com\\\/campus\\\/#\\\/schema\\\/logo\\\/image\\\/\"}},{\"@type\":\"Person\",\"@id\":\"https:\\\/\\\/www.fundacionunicaja.com\\\/campus\\\/#\\\/schema\\\/person\\\/0f25eed83aa1529127f97318b1b0dac2\",\"name\":\"unicampus\",\"image\":{\"@type\":\"ImageObject\",\"inLanguage\":\"es\",\"@id\":\"https:\\\/\\\/secure.gravatar.com\\\/avatar\\\/9100a8e4fbc3ced738e01809e3f2b8479cd38d25f89ce42f8abdd64176cbade4?s=96&d=mm&r=g\",\"url\":\"https:\\\/\\\/secure.gravatar.com\\\/avatar\\\/9100a8e4fbc3ced738e01809e3f2b8479cd38d25f89ce42f8abdd64176cbade4?s=96&d=mm&r=g\",\"contentUrl\":\"https:\\\/\\\/secure.gravatar.com\\\/avatar\\\/9100a8e4fbc3ced738e01809e3f2b8479cd38d25f89ce42f8abdd64176cbade4?s=96&d=mm&r=g\",\"caption\":\"unicampus\"},\"url\":\"https:\\\/\\\/www.fundacionunicaja.com\\\/campus\\\/author\\\/unicampus\\\/\"}]}<\/script>\n<!-- \/ Yoast SEO plugin. -->","yoast_head_json":{"title":"Comienza el primer turno de Campus Ronda 2025 - Campus Fundaci\u00f3n Unicaja","robots":{"index":"index","follow":"follow","max-snippet":"max-snippet:-1","max-image-preview":"max-image-preview:large","max-video-preview":"max-video-preview:-1"},"canonical":"https:\/\/www.fundacionunicaja.com\/campus\/2025\/06\/29\/comienza-el-primer-turno-de-campus-ronda-2025\/","og_locale":"es_ES","og_type":"article","og_title":"Comienza el primer turno de Campus Ronda 2025 - Campus Fundaci\u00f3n Unicaja","og_description":"El d\u00eda 28 de junio, la Colonia de las Delicias, en Ronda, volvi\u00f3 a abrir sus puertas para recibir al primer grupo de participantes del Campus Ronda 2025. Desde\u00a0 de las 17:00 horas, los ni\u00f1os y ni\u00f1as fueron llegando con mucha ilusi\u00f3n a las instalaciones y comenzaron a disfrutar de algunas de las actividades que [&hellip;]","og_url":"https:\/\/www.fundacionunicaja.com\/campus\/2025\/06\/29\/comienza-el-primer-turno-de-campus-ronda-2025\/","og_site_name":"Campus Fundaci\u00f3n Unicaja","article_published_time":"2025-06-29T10:45:48+00:00","og_image":[{"width":1024,"height":576,"url":"https:\/\/www.fundacionunicaja.com\/campus\/wp-content\/uploads\/sites\/2\/2025\/06\/T1CL-62-1024x576.png","type":"image\/png"}],"author":"unicampus","twitter_card":"summary_large_image","twitter_misc":{"Escrito por":"unicampus","Tiempo de lectura":"1 minuto"},"schema":{"@context":"https:\/\/schema.org","@graph":[{"@type":"Article","@id":"https:\/\/www.fundacionunicaja.com\/campus\/2025\/06\/29\/comienza-el-primer-turno-de-campus-ronda-2025\/#article","isPartOf":{"@id":"https:\/\/www.fundacionunicaja.com\/campus\/2025\/06\/29\/comienza-el-primer-turno-de-campus-ronda-2025\/"},"author":{"name":"unicampus","@id":"https:\/\/www.fundacionunicaja.com\/campus\/#\/schema\/person\/0f25eed83aa1529127f97318b1b0dac2"},"headline":"Comienza el primer turno de Campus Ronda 2025","datePublished":"2025-06-29T10:45:48+00:00","mainEntityOfPage":{"@id":"https:\/\/www.fundacionunicaja.com\/campus\/2025\/06\/29\/comienza-el-primer-turno-de-campus-ronda-2025\/"},"wordCount":222,"commentCount":0,"publisher":{"@id":"https:\/\/www.fundacionunicaja.com\/campus\/#organization"},"image":{"@id":"https:\/\/www.fundacionunicaja.com\/campus\/2025\/06\/29\/comienza-el-primer-turno-de-campus-ronda-2025\/#primaryimage"},"thumbnailUrl":"https:\/\/www.fundacionunicaja.com\/campus\/wp-content\/uploads\/sites\/2\/2025\/06\/T1CL-62.png","articleSection":["CAMPUS","Ronda"],"inLanguage":"es","potentialAction":[{"@type":"CommentAction","name":"Comment","target":["https:\/\/www.fundacionunicaja.com\/campus\/2025\/06\/29\/comienza-el-primer-turno-de-campus-ronda-2025\/#respond"]}]},{"@type":"WebPage","@id":"https:\/\/www.fundacionunicaja.com\/campus\/2025\/06\/29\/comienza-el-primer-turno-de-campus-ronda-2025\/","url":"https:\/\/www.fundacionunicaja.com\/campus\/2025\/06\/29\/comienza-el-primer-turno-de-campus-ronda-2025\/","name":"Comienza el primer turno de Campus Ronda 2025 - Campus Fundaci\u00f3n Unicaja","isPartOf":{"@id":"https:\/\/www.fundacionunicaja.com\/campus\/#website"},"primaryImageOfPage":{"@id":"https:\/\/www.fundacionunicaja.com\/campus\/2025\/06\/29\/comienza-el-primer-turno-de-campus-ronda-2025\/#primaryimage"},"image":{"@id":"https:\/\/www.fundacionunicaja.com\/campus\/2025\/06\/29\/comienza-el-primer-turno-de-campus-ronda-2025\/#primaryimage"},"thumbnailUrl":"https:\/\/www.fundacionunicaja.com\/campus\/wp-content\/uploads\/sites\/2\/2025\/06\/T1CL-62.png","datePublished":"2025-06-29T10:45:48+00:00","breadcrumb":{"@id":"https:\/\/www.fundacionunicaja.com\/campus\/2025\/06\/29\/comienza-el-primer-turno-de-campus-ronda-2025\/#breadcrumb"},"inLanguage":"es","potentialAction":[{"@type":"ReadAction","target":["https:\/\/www.fundacionunicaja.com\/campus\/2025\/06\/29\/comienza-el-primer-turno-de-campus-ronda-2025\/"]}]},{"@type":"ImageObject","inLanguage":"es","@id":"https:\/\/www.fundacionunicaja.com\/campus\/2025\/06\/29\/comienza-el-primer-turno-de-campus-ronda-2025\/#primaryimage","url":"https:\/\/www.fundacionunicaja.com\/campus\/wp-content\/uploads\/sites\/2\/2025\/06\/T1CL-62.png","contentUrl":"https:\/\/www.fundacionunicaja.com\/campus\/wp-content\/uploads\/sites\/2\/2025\/06\/T1CL-62.png","width":1920,"height":1080},{"@type":"BreadcrumbList","@id":"https:\/\/www.fundacionunicaja.com\/campus\/2025\/06\/29\/comienza-el-primer-turno-de-campus-ronda-2025\/#breadcrumb","itemListElement":[{"@type":"ListItem","position":1,"name":"Portada","item":"https:\/\/www.fundacionunicaja.com\/campus\/"},{"@type":"ListItem","position":2,"name":"Comienza el primer turno de Campus Ronda 2025"}]},{"@type":"WebSite","@id":"https:\/\/www.fundacionunicaja.com\/campus\/#website","url":"https:\/\/www.fundacionunicaja.com\/campus\/","name":"Campus Fundaci\u00f3n Unicaja","description":"","publisher":{"@id":"https:\/\/www.fundacionunicaja.com\/campus\/#organization"},"potentialAction":[{"@type":"SearchAction","target":{"@type":"EntryPoint","urlTemplate":"https:\/\/www.fundacionunicaja.com\/campus\/?s={search_term_string}"},"query-input":{"@type":"PropertyValueSpecification","valueRequired":true,"valueName":"search_term_string"}}],"inLanguage":"es"},{"@type":"Organization","@id":"https:\/\/www.fundacionunicaja.com\/campus\/#organization","name":"Campus Fundaci\u00f3n Unicaja","url":"https:\/\/www.fundacionunicaja.com\/campus\/","logo":{"@type":"ImageObject","inLanguage":"es","@id":"https:\/\/www.fundacionunicaja.com\/campus\/#\/schema\/logo\/image\/","url":"https:\/\/www.fundacionunicaja.com\/campus\/wp-content\/uploads\/sites\/2\/2025\/03\/LOGO_unicaja-1.png","contentUrl":"https:\/\/www.fundacionunicaja.com\/campus\/wp-content\/uploads\/sites\/2\/2025\/03\/LOGO_unicaja-1.png","width":243,"height":69,"caption":"Campus Fundaci\u00f3n Unicaja"},"image":{"@id":"https:\/\/www.fundacionunicaja.com\/campus\/#\/schema\/logo\/image\/"}},{"@type":"Person","@id":"https:\/\/www.fundacionunicaja.com\/campus\/#\/schema\/person\/0f25eed83aa1529127f97318b1b0dac2","name":"unicampus","image":{"@type":"ImageObject","inLanguage":"es","@id":"https:\/\/secure.gravatar.com\/avatar\/9100a8e4fbc3ced738e01809e3f2b8479cd38d25f89ce42f8abdd64176cbade4?s=96&d=mm&r=g","url":"https:\/\/secure.gravatar.com\/avatar\/9100a8e4fbc3ced738e01809e3f2b8479cd38d25f89ce42f8abdd64176cbade4?s=96&d=mm&r=g","contentUrl":"https:\/\/secure.gravatar.com\/avatar\/9100a8e4fbc3ced738e01809e3f2b8479cd38d25f89ce42f8abdd64176cbade4?s=96&d=mm&r=g","caption":"unicampus"},"url":"https:\/\/www.fundacionunicaja.com\/campus\/author\/unicampus\/"}]}},"_links":{"self":[{"href":"https:\/\/www.fundacionunicaja.com\/campus\/wp-json\/wp\/v2\/posts\/59224","targetHints":{"allow":["GET"]}}],"collection":[{"href":"https:\/\/www.fundacionunicaja.com\/campus\/wp-json\/wp\/v2\/posts"}],"about":[{"href":"https:\/\/www.fundacionunicaja.com\/campus\/wp-json\/wp\/v2\/types\/post"}],"author":[{"embeddable":true,"href":"https:\/\/www.fundacionunicaja.com\/campus\/wp-json\/wp\/v2\/users\/13"}],"replies":[{"embeddable":true,"href":"https:\/\/www.fundacionunicaja.com\/campus\/wp-json\/wp\/v2\/comments?post=59224"}],"version-history":[{"count":2,"href":"https:\/\/www.fundacionunicaja.com\/campus\/wp-json\/wp\/v2\/posts\/59224\/revisions"}],"predecessor-version":[{"id":59232,"href":"https:\/\/www.fundacionunicaja.com\/campus\/wp-json\/wp\/v2\/posts\/59224\/revisions\/59232"}],"wp:featuredmedia":[{"embeddable":true,"href":"https:\/\/www.fundacionunicaja.com\/campus\/wp-json\/wp\/v2\/media\/59225"}],"wp:attachment":[{"href":"https:\/\/www.fundacionunicaja.com\/campus\/wp-json\/wp\/v2\/media?parent=59224"}],"wp:term":[{"taxonomy":"category","embeddable":true,"href":"https:\/\/www.fundacionunicaja.com\/campus\/wp-json\/wp\/v2\/categories?post=59224"},{"taxonomy":"post_tag","embeddable":true,"href":"https:\/\/www.fundacionunicaja.com\/campus\/wp-json\/wp\/v2\/tags?post=59224"}],"curies":[{"name":"wp","href":"https:\/\/api.w.org\/{rel}","templated":true}]}}