{"id":59207,"date":"2025-06-25T19:53:59","date_gmt":"2025-06-25T17:53:59","guid":{"rendered":"https:\/\/www.fundacionunicaja.com\/campus\/?p=59207"},"modified":"2025-06-25T19:53:59","modified_gmt":"2025-06-25T17:53:59","slug":"el-campus-sabinillas-inaugura-la-temporada-de-verano-de-los-campus-fundacion-unicaja","status":"publish","type":"post","link":"https:\/\/www.fundacionunicaja.com\/campus\/2025\/06\/25\/el-campus-sabinillas-inaugura-la-temporada-de-verano-de-los-campus-fundacion-unicaja\/","title":{"rendered":"El Campus Sabinillas inaugura la temporada de verano de los Campus Fundaci\u00f3n Unicaja"},"content":{"rendered":"<p>Los <strong>Campus Fundaci\u00f3n Unicaja 2025<\/strong> han arrancado hoy con la llegada de los participantes del primer turno del <strong>Campus Sabinillas<\/strong>, que inaugura la temporada de los cinco campamentos estivales de la instituci\u00f3n, al que este a\u00f1o se suma el Tech&amp;Play Camp. M\u00e1s de 500 j\u00f3venes con edades comprendidas entre los 7 y 16 a\u00f1os est\u00e1n disfrutando ya de una experiencia de convivencia basada en el ocio, el tiempo libre y el contacto con el mar que se extender\u00e1 hasta el 2 de septiembre.<\/p>\n<p>El pr\u00f3ximo 28 de junio comenzar\u00e1n tambi\u00e9n el <strong>Campus Ronda y el Campus Baloncesto<\/strong>. Un total de 630 chicos y chicas participar\u00e1n en el primer turno del cl\u00e1sico campamento ronde\u00f1o y del campamento dedicado al baloncesto que se celebra en la Residencia Escolar Andaluc\u00eda de la capital malague\u00f1a. As\u00ed, contando con los participantes del Campus Sabinillas, m\u00e1s de un millar de j\u00f3venes disfrutar\u00e1n de estas jornadas l\u00fadicas en los pr\u00f3ximos d\u00edas en tres puntos diferentes de la provincia de M\u00e1laga.<\/p>\n<p>A finales de julio arrancar\u00e1 el <strong>Campus N\u00e1utico<\/strong>, que se desarrollar\u00e1 en dos turnos del 26 de julio al 9 de agosto en Coto de la Isleta en El Puerto de Santa Mar\u00eda (C\u00e1diz). En este campamento los participantes podr\u00e1n practicar surf, vela y p\u00e1del-surf, pasear en kayaks, visitar C\u00e1diz y dar paseos en lancha a motor en un entorno de una gran riqueza natural.<\/p>\n<p>El entorno de \u2018Las Delicias\u2019 en Ronda acoger\u00e1 en agosto el <strong>English Camp<\/strong> y el nuevo campamento,<strong> Tech&amp;Play Camp<\/strong>. En el English Camp, que se celebrar\u00e1 del 9 al 16 de agosto, los participantes perfeccionar\u00e1n su nivel de ingl\u00e9s con profesores nativos a trav\u00e9s de todo tipo de actividades l\u00fadicas. Por otro lado, del 17 al 24 de agosto, tendr\u00e1 lugar el Tech&amp;Play Camp, que combinar\u00e1 la tecnolog\u00eda, los videojuegos y la creatividad digital con la inmersi\u00f3n ling\u00fc\u00edstica en ingl\u00e9s, as\u00ed como el resto de actividades l\u00fadicas habituales de los campamentos de la Fundaci\u00f3n.<\/p>\n<p>Durante todo el verano, en los Campus se llevar\u00e1n a cabo actividades como veladas,\u00a0<em>escape room<\/em>,\u00a0<em>silent disco, paintball<\/em>, roc\u00f3dromo, pasarelas acu\u00e1ticas,\u00a0<em>miniquads, touchball, pickleball, multivoley<\/em>\u00a0 y\u00a0<em>p\u00e1del smash<\/em>, entre otras. Entre las novedades de este verano se encuentran actividades y deportes como\u00a0<em>survival experience, geocaching<\/em>, simuladores deportivos, talleres medioambientales,\u00a0<em>aisports o speedminton<\/em>.<\/p>\n<p>Adem\u00e1s, la Fundaci\u00f3n vuelve a realizar una inversi\u00f3n en la mejora de las instalaciones y mantiene su compromiso con el medio ambiente con la segunda edici\u00f3n de la iniciativa \u2018Un ni\u00f1@, un \u00e1rbol\u2019. En su apuesta por la conservaci\u00f3n del medio ambiente y la sostenibilidad, y en consonancia con los Objetivos de Desarrollo Sostenible, se vuelve a promover la plantaci\u00f3n de un \u00e1rbol por cada participante en los municipios donde se desarrollan los Campus.<\/p>\n<p>Los Campus Fundaci\u00f3n Unicaja son una de las actividades m\u00e1s representativas del compromiso de la instituci\u00f3n con la educaci\u00f3n integral de la infancia y la juventud. Cada a\u00f1o incluyen nuevas propuestas de ocio, que adem\u00e1s est\u00e1n en consonancia con los Objetivos de Desarrollo Sostenible (ODS), presentes tanto en el dise\u00f1o de la programaci\u00f3n de cada campamento como en los procesos de gesti\u00f3n y actividades.<\/p>\n<p>M\u00e1s de 6.700 j\u00f3venes podr\u00e1n disfrutar este a\u00f1o de la oferta estival de los Campus Fundaci\u00f3n Unicaja a trav\u00e9s de sus seis campamentos: Sabinillas, Ronda, Baloncesto (M\u00e1laga), N\u00e1utico (El Puerto de Santa Mar\u00eda), English Camp (Ronda) y Tech&amp;Play Camp (Ronda). Y a los miles de j\u00f3venes que pasar\u00e1n por ellos hay que sumar el centenar que ya disfrutaron en febrero de la oferta del Campus Nieve en Sierra Nevada (Granada).<\/p>\n<p>Las inscripciones a los Campus Fundaci\u00f3n Unicaja siguen abiertas en la web <a href=\"http:\/\/www.fundacionunicaja.com\/\">www.fundacionunicaja.com<\/a>. M\u00e1s informaci\u00f3n en el n\u00famero de tel\u00e9fono 952 876 832 (en horario de lunes a viernes de 8:00 a 15:00 horas) y en el correo electr\u00f3nico\u00a0<a href=\"mailto:campus@fundacionunicaja.com\">campus@fundacionunicaja.com<\/a>.<\/p>\n<div id='gallery-1' class='gallery galleryid-59207 gallery-columns-3 gallery-size-large'><figure class='gallery-item'>\n\t\t\t<div class='gallery-icon landscape'>\n\t\t\t\t<a href='https:\/\/www.fundacionunicaja.com\/campus\/2025\/06\/25\/el-campus-sabinillas-inaugura-la-temporada-de-verano-de-los-campus-fundacion-unicaja\/campus-sabinillas-2\/'><img fetchpriority=\"high\" decoding=\"async\" width=\"800\" height=\"533\" src=\"https:\/\/www.fundacionunicaja.com\/campus\/wp-content\/uploads\/sites\/2\/2025\/06\/Campus-Sabinillas-2-1024x682.jpg\" class=\"attachment-large size-large\" alt=\"\" srcset=\"https:\/\/www.fundacionunicaja.com\/campus\/wp-content\/uploads\/sites\/2\/2025\/06\/Campus-Sabinillas-2-1024x682.jpg 1024w, https:\/\/www.fundacionunicaja.com\/campus\/wp-content\/uploads\/sites\/2\/2025\/06\/Campus-Sabinillas-2-300x200.jpg 300w, https:\/\/www.fundacionunicaja.com\/campus\/wp-content\/uploads\/sites\/2\/2025\/06\/Campus-Sabinillas-2-768x512.jpg 768w, https:\/\/www.fundacionunicaja.com\/campus\/wp-content\/uploads\/sites\/2\/2025\/06\/Campus-Sabinillas-2-1536x1023.jpg 1536w, https:\/\/www.fundacionunicaja.com\/campus\/wp-content\/uploads\/sites\/2\/2025\/06\/Campus-Sabinillas-2.jpg 1600w\" sizes=\"(max-width: 800px) 100vw, 800px\" \/><\/a>\n\t\t\t<\/div><\/figure><figure class='gallery-item'>\n\t\t\t<div class='gallery-icon landscape'>\n\t\t\t\t<a href='https:\/\/www.fundacionunicaja.com\/campus\/2025\/06\/25\/el-campus-sabinillas-inaugura-la-temporada-de-verano-de-los-campus-fundacion-unicaja\/campus-sabinillas-3\/'><img decoding=\"async\" width=\"800\" height=\"533\" src=\"https:\/\/www.fundacionunicaja.com\/campus\/wp-content\/uploads\/sites\/2\/2025\/06\/Campus-Sabinillas-3-1024x682.jpg\" class=\"attachment-large size-large\" alt=\"\" srcset=\"https:\/\/www.fundacionunicaja.com\/campus\/wp-content\/uploads\/sites\/2\/2025\/06\/Campus-Sabinillas-3-1024x682.jpg 1024w, https:\/\/www.fundacionunicaja.com\/campus\/wp-content\/uploads\/sites\/2\/2025\/06\/Campus-Sabinillas-3-300x200.jpg 300w, https:\/\/www.fundacionunicaja.com\/campus\/wp-content\/uploads\/sites\/2\/2025\/06\/Campus-Sabinillas-3-768x512.jpg 768w, https:\/\/www.fundacionunicaja.com\/campus\/wp-content\/uploads\/sites\/2\/2025\/06\/Campus-Sabinillas-3-1536x1023.jpg 1536w, https:\/\/www.fundacionunicaja.com\/campus\/wp-content\/uploads\/sites\/2\/2025\/06\/Campus-Sabinillas-3.jpg 1600w\" sizes=\"(max-width: 800px) 100vw, 800px\" \/><\/a>\n\t\t\t<\/div><\/figure><figure class='gallery-item'>\n\t\t\t<div class='gallery-icon landscape'>\n\t\t\t\t<a href='https:\/\/www.fundacionunicaja.com\/campus\/2025\/06\/25\/el-campus-sabinillas-inaugura-la-temporada-de-verano-de-los-campus-fundacion-unicaja\/campus-sabinillas-4\/'><img decoding=\"async\" width=\"800\" height=\"533\" src=\"https:\/\/www.fundacionunicaja.com\/campus\/wp-content\/uploads\/sites\/2\/2025\/06\/Campus-Sabinillas-4-1024x682.jpg\" class=\"attachment-large size-large\" alt=\"\" srcset=\"https:\/\/www.fundacionunicaja.com\/campus\/wp-content\/uploads\/sites\/2\/2025\/06\/Campus-Sabinillas-4-1024x682.jpg 1024w, https:\/\/www.fundacionunicaja.com\/campus\/wp-content\/uploads\/sites\/2\/2025\/06\/Campus-Sabinillas-4-300x200.jpg 300w, https:\/\/www.fundacionunicaja.com\/campus\/wp-content\/uploads\/sites\/2\/2025\/06\/Campus-Sabinillas-4-768x512.jpg 768w, https:\/\/www.fundacionunicaja.com\/campus\/wp-content\/uploads\/sites\/2\/2025\/06\/Campus-Sabinillas-4-1536x1023.jpg 1536w, https:\/\/www.fundacionunicaja.com\/campus\/wp-content\/uploads\/sites\/2\/2025\/06\/Campus-Sabinillas-4.jpg 1600w\" sizes=\"(max-width: 800px) 100vw, 800px\" \/><\/a>\n\t\t\t<\/div><\/figure>\n\t\t<\/div>\n\n","protected":false},"excerpt":{"rendered":"<p>Los Campus Fundaci\u00f3n Unicaja 2025 han arrancado hoy con la llegada de los participantes del primer turno del Campus Sabinillas, que inaugura la temporada de los cinco campamentos estivales de la instituci\u00f3n, al que este a\u00f1o se suma el Tech&amp;Play Camp. M\u00e1s de 500 j\u00f3venes con edades comprendidas entre los 7 y 16 a\u00f1os est\u00e1n [&hellip;]<\/p>\n","protected":false},"author":3,"featured_media":59208,"comment_status":"open","ping_status":"open","sticky":false,"template":"","format":"standard","meta":{"_acf_changed":false,"footnotes":""},"categories":[12],"tags":[155,192,73,15,16,20,193],"class_list":["post-59207","post","type-post","status-publish","format-standard","has-post-thumbnail","hentry","category-sabinillas","tag-campus-baloncesto","tag-campus-fundacion-unicaja-2025","tag-campus-nautico","tag-campus-ronda","tag-campus-sabinillas","tag-english-camp","tag-techplay-camp"],"acf":[],"yoast_head":"<!-- This site is optimized with the Yoast SEO plugin v27.4 - https:\/\/yoast.com\/product\/yoast-seo-wordpress\/ -->\n<title>El Campus Sabinillas inaugura la temporada de verano de los Campus Fundaci\u00f3n Unicaja - Campus Fundaci\u00f3n Unicaja<\/title>\n<meta name=\"robots\" content=\"index, follow, max-snippet:-1, max-image-preview:large, max-video-preview:-1\" \/>\n<link rel=\"canonical\" href=\"https:\/\/www.fundacionunicaja.com\/campus\/2025\/06\/25\/el-campus-sabinillas-inaugura-la-temporada-de-verano-de-los-campus-fundacion-unicaja\/\" \/>\n<meta property=\"og:locale\" content=\"es_ES\" \/>\n<meta property=\"og:type\" content=\"article\" \/>\n<meta property=\"og:title\" content=\"El Campus Sabinillas inaugura la temporada de verano de los Campus Fundaci\u00f3n Unicaja - Campus Fundaci\u00f3n Unicaja\" \/>\n<meta property=\"og:description\" content=\"Los Campus Fundaci\u00f3n Unicaja 2025 han arrancado hoy con la llegada de los participantes del primer turno del Campus Sabinillas, que inaugura la temporada de los cinco campamentos estivales de la instituci\u00f3n, al que este a\u00f1o se suma el Tech&amp;Play Camp. M\u00e1s de 500 j\u00f3venes con edades comprendidas entre los 7 y 16 a\u00f1os est\u00e1n [&hellip;]\" \/>\n<meta property=\"og:url\" content=\"https:\/\/www.fundacionunicaja.com\/campus\/2025\/06\/25\/el-campus-sabinillas-inaugura-la-temporada-de-verano-de-los-campus-fundacion-unicaja\/\" \/>\n<meta property=\"og:site_name\" content=\"Campus Fundaci\u00f3n Unicaja\" \/>\n<meta property=\"article:published_time\" content=\"2025-06-25T17:53:59+00:00\" \/>\n<meta property=\"og:image\" content=\"https:\/\/www.fundacionunicaja.com\/campus\/wp-content\/uploads\/sites\/2\/2025\/06\/Campus-Sabinillas-1.jpg\" \/>\n\t<meta property=\"og:image:width\" content=\"1600\" \/>\n\t<meta property=\"og:image:height\" content=\"897\" \/>\n\t<meta property=\"og:image:type\" content=\"image\/jpeg\" \/>\n<meta name=\"author\" content=\"Flor Gomez\" \/>\n<meta name=\"twitter:card\" content=\"summary_large_image\" \/>\n<meta name=\"twitter:label1\" content=\"Escrito por\" \/>\n\t<meta name=\"twitter:data1\" content=\"Flor Gomez\" \/>\n\t<meta name=\"twitter:label2\" content=\"Tiempo de lectura\" \/>\n\t<meta name=\"twitter:data2\" content=\"3 minutos\" \/>\n<script type=\"application\/ld+json\" class=\"yoast-schema-graph\">{\"@context\":\"https:\\\/\\\/schema.org\",\"@graph\":[{\"@type\":\"Article\",\"@id\":\"https:\\\/\\\/www.fundacionunicaja.com\\\/campus\\\/2025\\\/06\\\/25\\\/el-campus-sabinillas-inaugura-la-temporada-de-verano-de-los-campus-fundacion-unicaja\\\/#article\",\"isPartOf\":{\"@id\":\"https:\\\/\\\/www.fundacionunicaja.com\\\/campus\\\/2025\\\/06\\\/25\\\/el-campus-sabinillas-inaugura-la-temporada-de-verano-de-los-campus-fundacion-unicaja\\\/\"},\"author\":{\"name\":\"Flor Gomez\",\"@id\":\"https:\\\/\\\/www.fundacionunicaja.com\\\/campus\\\/#\\\/schema\\\/person\\\/cfce2f10c5bb23c9297229aeea17659c\"},\"headline\":\"El Campus Sabinillas inaugura la temporada de verano de los Campus Fundaci\u00f3n Unicaja\",\"datePublished\":\"2025-06-25T17:53:59+00:00\",\"mainEntityOfPage\":{\"@id\":\"https:\\\/\\\/www.fundacionunicaja.com\\\/campus\\\/2025\\\/06\\\/25\\\/el-campus-sabinillas-inaugura-la-temporada-de-verano-de-los-campus-fundacion-unicaja\\\/\"},\"wordCount\":709,\"commentCount\":0,\"publisher\":{\"@id\":\"https:\\\/\\\/www.fundacionunicaja.com\\\/campus\\\/#organization\"},\"image\":{\"@id\":\"https:\\\/\\\/www.fundacionunicaja.com\\\/campus\\\/2025\\\/06\\\/25\\\/el-campus-sabinillas-inaugura-la-temporada-de-verano-de-los-campus-fundacion-unicaja\\\/#primaryimage\"},\"thumbnailUrl\":\"https:\\\/\\\/www.fundacionunicaja.com\\\/campus\\\/wp-content\\\/uploads\\\/sites\\\/2\\\/2025\\\/06\\\/Campus-Sabinillas-1.jpg\",\"keywords\":[\"Campus Baloncesto\",\"Campus Fundaci\u00f3n Unicaja 2025\",\"Campus N\u00e1utico\",\"Campus Ronda\",\"Campus Sabinillas\",\"English Camp\",\"Tech&amp;Play Camp\"],\"articleSection\":[\"Sabinillas\"],\"inLanguage\":\"es\",\"potentialAction\":[{\"@type\":\"CommentAction\",\"name\":\"Comment\",\"target\":[\"https:\\\/\\\/www.fundacionunicaja.com\\\/campus\\\/2025\\\/06\\\/25\\\/el-campus-sabinillas-inaugura-la-temporada-de-verano-de-los-campus-fundacion-unicaja\\\/#respond\"]}]},{\"@type\":\"WebPage\",\"@id\":\"https:\\\/\\\/www.fundacionunicaja.com\\\/campus\\\/2025\\\/06\\\/25\\\/el-campus-sabinillas-inaugura-la-temporada-de-verano-de-los-campus-fundacion-unicaja\\\/\",\"url\":\"https:\\\/\\\/www.fundacionunicaja.com\\\/campus\\\/2025\\\/06\\\/25\\\/el-campus-sabinillas-inaugura-la-temporada-de-verano-de-los-campus-fundacion-unicaja\\\/\",\"name\":\"El Campus Sabinillas inaugura la temporada de verano de los Campus Fundaci\u00f3n Unicaja - Campus Fundaci\u00f3n Unicaja\",\"isPartOf\":{\"@id\":\"https:\\\/\\\/www.fundacionunicaja.com\\\/campus\\\/#website\"},\"primaryImageOfPage\":{\"@id\":\"https:\\\/\\\/www.fundacionunicaja.com\\\/campus\\\/2025\\\/06\\\/25\\\/el-campus-sabinillas-inaugura-la-temporada-de-verano-de-los-campus-fundacion-unicaja\\\/#primaryimage\"},\"image\":{\"@id\":\"https:\\\/\\\/www.fundacionunicaja.com\\\/campus\\\/2025\\\/06\\\/25\\\/el-campus-sabinillas-inaugura-la-temporada-de-verano-de-los-campus-fundacion-unicaja\\\/#primaryimage\"},\"thumbnailUrl\":\"https:\\\/\\\/www.fundacionunicaja.com\\\/campus\\\/wp-content\\\/uploads\\\/sites\\\/2\\\/2025\\\/06\\\/Campus-Sabinillas-1.jpg\",\"datePublished\":\"2025-06-25T17:53:59+00:00\",\"breadcrumb\":{\"@id\":\"https:\\\/\\\/www.fundacionunicaja.com\\\/campus\\\/2025\\\/06\\\/25\\\/el-campus-sabinillas-inaugura-la-temporada-de-verano-de-los-campus-fundacion-unicaja\\\/#breadcrumb\"},\"inLanguage\":\"es\",\"potentialAction\":[{\"@type\":\"ReadAction\",\"target\":[\"https:\\\/\\\/www.fundacionunicaja.com\\\/campus\\\/2025\\\/06\\\/25\\\/el-campus-sabinillas-inaugura-la-temporada-de-verano-de-los-campus-fundacion-unicaja\\\/\"]}]},{\"@type\":\"ImageObject\",\"inLanguage\":\"es\",\"@id\":\"https:\\\/\\\/www.fundacionunicaja.com\\\/campus\\\/2025\\\/06\\\/25\\\/el-campus-sabinillas-inaugura-la-temporada-de-verano-de-los-campus-fundacion-unicaja\\\/#primaryimage\",\"url\":\"https:\\\/\\\/www.fundacionunicaja.com\\\/campus\\\/wp-content\\\/uploads\\\/sites\\\/2\\\/2025\\\/06\\\/Campus-Sabinillas-1.jpg\",\"contentUrl\":\"https:\\\/\\\/www.fundacionunicaja.com\\\/campus\\\/wp-content\\\/uploads\\\/sites\\\/2\\\/2025\\\/06\\\/Campus-Sabinillas-1.jpg\",\"width\":1600,\"height\":897},{\"@type\":\"BreadcrumbList\",\"@id\":\"https:\\\/\\\/www.fundacionunicaja.com\\\/campus\\\/2025\\\/06\\\/25\\\/el-campus-sabinillas-inaugura-la-temporada-de-verano-de-los-campus-fundacion-unicaja\\\/#breadcrumb\",\"itemListElement\":[{\"@type\":\"ListItem\",\"position\":1,\"name\":\"Portada\",\"item\":\"https:\\\/\\\/www.fundacionunicaja.com\\\/campus\\\/\"},{\"@type\":\"ListItem\",\"position\":2,\"name\":\"El Campus Sabinillas inaugura la temporada de verano de los Campus Fundaci\u00f3n Unicaja\"}]},{\"@type\":\"WebSite\",\"@id\":\"https:\\\/\\\/www.fundacionunicaja.com\\\/campus\\\/#website\",\"url\":\"https:\\\/\\\/www.fundacionunicaja.com\\\/campus\\\/\",\"name\":\"Campus Fundaci\u00f3n Unicaja\",\"description\":\"\",\"publisher\":{\"@id\":\"https:\\\/\\\/www.fundacionunicaja.com\\\/campus\\\/#organization\"},\"potentialAction\":[{\"@type\":\"SearchAction\",\"target\":{\"@type\":\"EntryPoint\",\"urlTemplate\":\"https:\\\/\\\/www.fundacionunicaja.com\\\/campus\\\/?s={search_term_string}\"},\"query-input\":{\"@type\":\"PropertyValueSpecification\",\"valueRequired\":true,\"valueName\":\"search_term_string\"}}],\"inLanguage\":\"es\"},{\"@type\":\"Organization\",\"@id\":\"https:\\\/\\\/www.fundacionunicaja.com\\\/campus\\\/#organization\",\"name\":\"Campus Fundaci\u00f3n Unicaja\",\"url\":\"https:\\\/\\\/www.fundacionunicaja.com\\\/campus\\\/\",\"logo\":{\"@type\":\"ImageObject\",\"inLanguage\":\"es\",\"@id\":\"https:\\\/\\\/www.fundacionunicaja.com\\\/campus\\\/#\\\/schema\\\/logo\\\/image\\\/\",\"url\":\"https:\\\/\\\/www.fundacionunicaja.com\\\/campus\\\/wp-content\\\/uploads\\\/sites\\\/2\\\/2025\\\/03\\\/LOGO_unicaja-1.png\",\"contentUrl\":\"https:\\\/\\\/www.fundacionunicaja.com\\\/campus\\\/wp-content\\\/uploads\\\/sites\\\/2\\\/2025\\\/03\\\/LOGO_unicaja-1.png\",\"width\":243,\"height\":69,\"caption\":\"Campus Fundaci\u00f3n Unicaja\"},\"image\":{\"@id\":\"https:\\\/\\\/www.fundacionunicaja.com\\\/campus\\\/#\\\/schema\\\/logo\\\/image\\\/\"}},{\"@type\":\"Person\",\"@id\":\"https:\\\/\\\/www.fundacionunicaja.com\\\/campus\\\/#\\\/schema\\\/person\\\/cfce2f10c5bb23c9297229aeea17659c\",\"name\":\"Flor Gomez\",\"image\":{\"@type\":\"ImageObject\",\"inLanguage\":\"es\",\"@id\":\"https:\\\/\\\/secure.gravatar.com\\\/avatar\\\/7574c701c5f75171200284d93481fd80187d29d8f14fc634985b07aaaae93502?s=96&d=mm&r=g\",\"url\":\"https:\\\/\\\/secure.gravatar.com\\\/avatar\\\/7574c701c5f75171200284d93481fd80187d29d8f14fc634985b07aaaae93502?s=96&d=mm&r=g\",\"contentUrl\":\"https:\\\/\\\/secure.gravatar.com\\\/avatar\\\/7574c701c5f75171200284d93481fd80187d29d8f14fc634985b07aaaae93502?s=96&d=mm&r=g\",\"caption\":\"Flor Gomez\"},\"url\":\"https:\\\/\\\/www.fundacionunicaja.com\\\/campus\\\/author\\\/flor\\\/\"}]}<\/script>\n<!-- \/ Yoast SEO plugin. -->","yoast_head_json":{"title":"El Campus Sabinillas inaugura la temporada de verano de los Campus Fundaci\u00f3n Unicaja - Campus Fundaci\u00f3n Unicaja","robots":{"index":"index","follow":"follow","max-snippet":"max-snippet:-1","max-image-preview":"max-image-preview:large","max-video-preview":"max-video-preview:-1"},"canonical":"https:\/\/www.fundacionunicaja.com\/campus\/2025\/06\/25\/el-campus-sabinillas-inaugura-la-temporada-de-verano-de-los-campus-fundacion-unicaja\/","og_locale":"es_ES","og_type":"article","og_title":"El Campus Sabinillas inaugura la temporada de verano de los Campus Fundaci\u00f3n Unicaja - Campus Fundaci\u00f3n Unicaja","og_description":"Los Campus Fundaci\u00f3n Unicaja 2025 han arrancado hoy con la llegada de los participantes del primer turno del Campus Sabinillas, que inaugura la temporada de los cinco campamentos estivales de la instituci\u00f3n, al que este a\u00f1o se suma el Tech&amp;Play Camp. M\u00e1s de 500 j\u00f3venes con edades comprendidas entre los 7 y 16 a\u00f1os est\u00e1n [&hellip;]","og_url":"https:\/\/www.fundacionunicaja.com\/campus\/2025\/06\/25\/el-campus-sabinillas-inaugura-la-temporada-de-verano-de-los-campus-fundacion-unicaja\/","og_site_name":"Campus Fundaci\u00f3n Unicaja","article_published_time":"2025-06-25T17:53:59+00:00","og_image":[{"width":1600,"height":897,"url":"https:\/\/www.fundacionunicaja.com\/campus\/wp-content\/uploads\/sites\/2\/2025\/06\/Campus-Sabinillas-1.jpg","type":"image\/jpeg"}],"author":"Flor Gomez","twitter_card":"summary_large_image","twitter_misc":{"Escrito por":"Flor Gomez","Tiempo de lectura":"3 minutos"},"schema":{"@context":"https:\/\/schema.org","@graph":[{"@type":"Article","@id":"https:\/\/www.fundacionunicaja.com\/campus\/2025\/06\/25\/el-campus-sabinillas-inaugura-la-temporada-de-verano-de-los-campus-fundacion-unicaja\/#article","isPartOf":{"@id":"https:\/\/www.fundacionunicaja.com\/campus\/2025\/06\/25\/el-campus-sabinillas-inaugura-la-temporada-de-verano-de-los-campus-fundacion-unicaja\/"},"author":{"name":"Flor Gomez","@id":"https:\/\/www.fundacionunicaja.com\/campus\/#\/schema\/person\/cfce2f10c5bb23c9297229aeea17659c"},"headline":"El Campus Sabinillas inaugura la temporada de verano de los Campus Fundaci\u00f3n Unicaja","datePublished":"2025-06-25T17:53:59+00:00","mainEntityOfPage":{"@id":"https:\/\/www.fundacionunicaja.com\/campus\/2025\/06\/25\/el-campus-sabinillas-inaugura-la-temporada-de-verano-de-los-campus-fundacion-unicaja\/"},"wordCount":709,"commentCount":0,"publisher":{"@id":"https:\/\/www.fundacionunicaja.com\/campus\/#organization"},"image":{"@id":"https:\/\/www.fundacionunicaja.com\/campus\/2025\/06\/25\/el-campus-sabinillas-inaugura-la-temporada-de-verano-de-los-campus-fundacion-unicaja\/#primaryimage"},"thumbnailUrl":"https:\/\/www.fundacionunicaja.com\/campus\/wp-content\/uploads\/sites\/2\/2025\/06\/Campus-Sabinillas-1.jpg","keywords":["Campus Baloncesto","Campus Fundaci\u00f3n Unicaja 2025","Campus N\u00e1utico","Campus Ronda","Campus Sabinillas","English Camp","Tech&amp;Play Camp"],"articleSection":["Sabinillas"],"inLanguage":"es","potentialAction":[{"@type":"CommentAction","name":"Comment","target":["https:\/\/www.fundacionunicaja.com\/campus\/2025\/06\/25\/el-campus-sabinillas-inaugura-la-temporada-de-verano-de-los-campus-fundacion-unicaja\/#respond"]}]},{"@type":"WebPage","@id":"https:\/\/www.fundacionunicaja.com\/campus\/2025\/06\/25\/el-campus-sabinillas-inaugura-la-temporada-de-verano-de-los-campus-fundacion-unicaja\/","url":"https:\/\/www.fundacionunicaja.com\/campus\/2025\/06\/25\/el-campus-sabinillas-inaugura-la-temporada-de-verano-de-los-campus-fundacion-unicaja\/","name":"El Campus Sabinillas inaugura la temporada de verano de los Campus Fundaci\u00f3n Unicaja - Campus Fundaci\u00f3n Unicaja","isPartOf":{"@id":"https:\/\/www.fundacionunicaja.com\/campus\/#website"},"primaryImageOfPage":{"@id":"https:\/\/www.fundacionunicaja.com\/campus\/2025\/06\/25\/el-campus-sabinillas-inaugura-la-temporada-de-verano-de-los-campus-fundacion-unicaja\/#primaryimage"},"image":{"@id":"https:\/\/www.fundacionunicaja.com\/campus\/2025\/06\/25\/el-campus-sabinillas-inaugura-la-temporada-de-verano-de-los-campus-fundacion-unicaja\/#primaryimage"},"thumbnailUrl":"https:\/\/www.fundacionunicaja.com\/campus\/wp-content\/uploads\/sites\/2\/2025\/06\/Campus-Sabinillas-1.jpg","datePublished":"2025-06-25T17:53:59+00:00","breadcrumb":{"@id":"https:\/\/www.fundacionunicaja.com\/campus\/2025\/06\/25\/el-campus-sabinillas-inaugura-la-temporada-de-verano-de-los-campus-fundacion-unicaja\/#breadcrumb"},"inLanguage":"es","potentialAction":[{"@type":"ReadAction","target":["https:\/\/www.fundacionunicaja.com\/campus\/2025\/06\/25\/el-campus-sabinillas-inaugura-la-temporada-de-verano-de-los-campus-fundacion-unicaja\/"]}]},{"@type":"ImageObject","inLanguage":"es","@id":"https:\/\/www.fundacionunicaja.com\/campus\/2025\/06\/25\/el-campus-sabinillas-inaugura-la-temporada-de-verano-de-los-campus-fundacion-unicaja\/#primaryimage","url":"https:\/\/www.fundacionunicaja.com\/campus\/wp-content\/uploads\/sites\/2\/2025\/06\/Campus-Sabinillas-1.jpg","contentUrl":"https:\/\/www.fundacionunicaja.com\/campus\/wp-content\/uploads\/sites\/2\/2025\/06\/Campus-Sabinillas-1.jpg","width":1600,"height":897},{"@type":"BreadcrumbList","@id":"https:\/\/www.fundacionunicaja.com\/campus\/2025\/06\/25\/el-campus-sabinillas-inaugura-la-temporada-de-verano-de-los-campus-fundacion-unicaja\/#breadcrumb","itemListElement":[{"@type":"ListItem","position":1,"name":"Portada","item":"https:\/\/www.fundacionunicaja.com\/campus\/"},{"@type":"ListItem","position":2,"name":"El Campus Sabinillas inaugura la temporada de verano de los Campus Fundaci\u00f3n Unicaja"}]},{"@type":"WebSite","@id":"https:\/\/www.fundacionunicaja.com\/campus\/#website","url":"https:\/\/www.fundacionunicaja.com\/campus\/","name":"Campus Fundaci\u00f3n Unicaja","description":"","publisher":{"@id":"https:\/\/www.fundacionunicaja.com\/campus\/#organization"},"potentialAction":[{"@type":"SearchAction","target":{"@type":"EntryPoint","urlTemplate":"https:\/\/www.fundacionunicaja.com\/campus\/?s={search_term_string}"},"query-input":{"@type":"PropertyValueSpecification","valueRequired":true,"valueName":"search_term_string"}}],"inLanguage":"es"},{"@type":"Organization","@id":"https:\/\/www.fundacionunicaja.com\/campus\/#organization","name":"Campus Fundaci\u00f3n Unicaja","url":"https:\/\/www.fundacionunicaja.com\/campus\/","logo":{"@type":"ImageObject","inLanguage":"es","@id":"https:\/\/www.fundacionunicaja.com\/campus\/#\/schema\/logo\/image\/","url":"https:\/\/www.fundacionunicaja.com\/campus\/wp-content\/uploads\/sites\/2\/2025\/03\/LOGO_unicaja-1.png","contentUrl":"https:\/\/www.fundacionunicaja.com\/campus\/wp-content\/uploads\/sites\/2\/2025\/03\/LOGO_unicaja-1.png","width":243,"height":69,"caption":"Campus Fundaci\u00f3n Unicaja"},"image":{"@id":"https:\/\/www.fundacionunicaja.com\/campus\/#\/schema\/logo\/image\/"}},{"@type":"Person","@id":"https:\/\/www.fundacionunicaja.com\/campus\/#\/schema\/person\/cfce2f10c5bb23c9297229aeea17659c","name":"Flor Gomez","image":{"@type":"ImageObject","inLanguage":"es","@id":"https:\/\/secure.gravatar.com\/avatar\/7574c701c5f75171200284d93481fd80187d29d8f14fc634985b07aaaae93502?s=96&d=mm&r=g","url":"https:\/\/secure.gravatar.com\/avatar\/7574c701c5f75171200284d93481fd80187d29d8f14fc634985b07aaaae93502?s=96&d=mm&r=g","contentUrl":"https:\/\/secure.gravatar.com\/avatar\/7574c701c5f75171200284d93481fd80187d29d8f14fc634985b07aaaae93502?s=96&d=mm&r=g","caption":"Flor Gomez"},"url":"https:\/\/www.fundacionunicaja.com\/campus\/author\/flor\/"}]}},"_links":{"self":[{"href":"https:\/\/www.fundacionunicaja.com\/campus\/wp-json\/wp\/v2\/posts\/59207","targetHints":{"allow":["GET"]}}],"collection":[{"href":"https:\/\/www.fundacionunicaja.com\/campus\/wp-json\/wp\/v2\/posts"}],"about":[{"href":"https:\/\/www.fundacionunicaja.com\/campus\/wp-json\/wp\/v2\/types\/post"}],"author":[{"embeddable":true,"href":"https:\/\/www.fundacionunicaja.com\/campus\/wp-json\/wp\/v2\/users\/3"}],"replies":[{"embeddable":true,"href":"https:\/\/www.fundacionunicaja.com\/campus\/wp-json\/wp\/v2\/comments?post=59207"}],"version-history":[{"count":1,"href":"https:\/\/www.fundacionunicaja.com\/campus\/wp-json\/wp\/v2\/posts\/59207\/revisions"}],"predecessor-version":[{"id":59212,"href":"https:\/\/www.fundacionunicaja.com\/campus\/wp-json\/wp\/v2\/posts\/59207\/revisions\/59212"}],"wp:featuredmedia":[{"embeddable":true,"href":"https:\/\/www.fundacionunicaja.com\/campus\/wp-json\/wp\/v2\/media\/59208"}],"wp:attachment":[{"href":"https:\/\/www.fundacionunicaja.com\/campus\/wp-json\/wp\/v2\/media?parent=59207"}],"wp:term":[{"taxonomy":"category","embeddable":true,"href":"https:\/\/www.fundacionunicaja.com\/campus\/wp-json\/wp\/v2\/categories?post=59207"},{"taxonomy":"post_tag","embeddable":true,"href":"https:\/\/www.fundacionunicaja.com\/campus\/wp-json\/wp\/v2\/tags?post=59207"}],"curies":[{"name":"wp","href":"https:\/\/api.w.org\/{rel}","templated":true}]}}