{"id":58507,"date":"2024-08-12T12:49:46","date_gmt":"2024-08-12T10:49:46","guid":{"rendered":"https:\/\/www.fundacionunicaja.com\/campus\/?p=58507"},"modified":"2024-08-12T12:49:46","modified_gmt":"2024-08-12T10:49:46","slug":"comienza-la-segunda-semana-de-english-camp","status":"publish","type":"post","link":"https:\/\/www.fundacionunicaja.com\/campus\/2024\/08\/12\/comienza-la-segunda-semana-de-english-camp\/","title":{"rendered":"Comienza la segunda semana de English Camp"},"content":{"rendered":"<p><span style=\"font-weight: 400\">Ayer <\/span><b>recibimos al segundo y \u00faltimo turno<\/b><span style=\"font-weight: 400\"> de la presente edici\u00f3n de 2024 de English Camp. Los ni\u00f1os y ni\u00f1as, que empezaban a llegar a partir de las 17 horas, fueron bienvenidos con un <\/span><b>photocall <\/b><span style=\"font-weight: 400\">donde pudieron inmortalizar el momento y <\/span><b>empezar a realizar alguna de las actividades deportivas<\/b><span style=\"font-weight: 400\"> de las que tanto van a disfrutar los pr\u00f3ximos d\u00edas.\u00a0<\/span><\/p>\n<p><span style=\"font-weight: 400\">La tarde continuaba con una primera toma de contacto con las diferentes caba\u00f1as en las que dormir\u00e1n cada ni\u00f1o y ni\u00f1a para que pudieran deshacer la maleta y <\/span><b>adaptarse a las instalaciones<\/b><span style=\"font-weight: 400\">. Tras ello, tuvo lugar un breve <\/span><b>recibimiento en las gradas<\/b><span style=\"font-weight: 400\"> donde se presentaron los bailes de este verano para que conocieran las coreograf\u00edas.\u00a0<\/span><\/p>\n<p><span style=\"font-weight: 400\">Finalmente, despu\u00e9s de la cena se celebr\u00f3 la <\/span><b>primera de las veladas nocturnas<\/b><span style=\"font-weight: 400\"> en la que se realizaron los primeros juegos y se dieron a conocer algunos de los personajes interpretados por monitores que nos van a acompa\u00f1ar a lo largo de los pr\u00f3ximos d\u00edas.<\/span><\/p>\n<p><img fetchpriority=\"high\" decoding=\"async\" class=\"alignnone wp-image-58522\" src=\"https:\/\/www.fundacionunicaja.com\/campus\/wp-content\/uploads\/sites\/2\/2024\/08\/2_122cl.png\" alt=\"\" width=\"985\" height=\"555\" \/> <img decoding=\"async\" class=\"alignnone wp-image-58523\" src=\"https:\/\/www.fundacionunicaja.com\/campus\/wp-content\/uploads\/sites\/2\/2024\/08\/2_46cl.png\" alt=\"\" width=\"985\" height=\"555\" \/> <img decoding=\"async\" class=\"alignnone wp-image-58524\" src=\"https:\/\/www.fundacionunicaja.com\/campus\/wp-content\/uploads\/sites\/2\/2024\/08\/2_75cl.png\" alt=\"\" width=\"985\" height=\"555\" \/> <img loading=\"lazy\" decoding=\"async\" class=\"alignnone wp-image-58525\" src=\"https:\/\/www.fundacionunicaja.com\/campus\/wp-content\/uploads\/sites\/2\/2024\/08\/2_98cl.png\" alt=\"\" width=\"985\" height=\"555\" \/><\/p>\n","protected":false},"excerpt":{"rendered":"<p>Ayer recibimos al segundo y \u00faltimo turno de la presente edici\u00f3n de 2024 de English Camp. Los ni\u00f1os y ni\u00f1as, que empezaban a llegar a partir de las 17 horas, fueron bienvenidos con un photocall donde pudieron inmortalizar el momento y empezar a realizar alguna de las actividades deportivas de las que tanto van a [&hellip;]<\/p>\n","protected":false},"author":13,"featured_media":58521,"comment_status":"open","ping_status":"open","sticky":false,"template":"","format":"standard","meta":{"_acf_changed":false,"footnotes":""},"categories":[182,19],"tags":[28,177,20],"class_list":["post-58507","post","type-post","status-publish","format-standard","has-post-thumbnail","hentry","category-campus","category-english","tag-campus","tag-campus-fundacion-unicaja","tag-english-camp"],"acf":[],"yoast_head":"<!-- This site is optimized with the Yoast SEO plugin v27.4 - https:\/\/yoast.com\/product\/yoast-seo-wordpress\/ -->\n<title>Comienza la segunda semana de English Camp - Campus Fundaci\u00f3n Unicaja<\/title>\n<meta name=\"robots\" content=\"index, follow, max-snippet:-1, max-image-preview:large, max-video-preview:-1\" \/>\n<link rel=\"canonical\" href=\"https:\/\/www.fundacionunicaja.com\/campus\/2024\/08\/12\/comienza-la-segunda-semana-de-english-camp\/\" \/>\n<meta property=\"og:locale\" content=\"es_ES\" \/>\n<meta property=\"og:type\" content=\"article\" \/>\n<meta property=\"og:title\" content=\"Comienza la segunda semana de English Camp - Campus Fundaci\u00f3n Unicaja\" \/>\n<meta property=\"og:description\" content=\"Ayer recibimos al segundo y \u00faltimo turno de la presente edici\u00f3n de 2024 de English Camp. Los ni\u00f1os y ni\u00f1as, que empezaban a llegar a partir de las 17 horas, fueron bienvenidos con un photocall donde pudieron inmortalizar el momento y empezar a realizar alguna de las actividades deportivas de las que tanto van a [&hellip;]\" \/>\n<meta property=\"og:url\" content=\"https:\/\/www.fundacionunicaja.com\/campus\/2024\/08\/12\/comienza-la-segunda-semana-de-english-camp\/\" \/>\n<meta property=\"og:site_name\" content=\"Campus Fundaci\u00f3n Unicaja\" \/>\n<meta property=\"article:published_time\" content=\"2024-08-12T10:49:46+00:00\" \/>\n<meta property=\"og:image\" content=\"https:\/\/www.fundacionunicaja.com\/campus\/wp-content\/uploads\/sites\/2\/2024\/08\/2_102cl.png\" \/>\n\t<meta property=\"og:image:width\" content=\"800\" \/>\n\t<meta property=\"og:image:height\" content=\"450\" \/>\n\t<meta property=\"og:image:type\" content=\"image\/png\" \/>\n<meta name=\"author\" content=\"unicampus\" \/>\n<meta name=\"twitter:card\" content=\"summary_large_image\" \/>\n<meta name=\"twitter:label1\" content=\"Escrito por\" \/>\n\t<meta name=\"twitter:data1\" content=\"unicampus\" \/>\n\t<meta name=\"twitter:label2\" content=\"Tiempo de lectura\" \/>\n\t<meta name=\"twitter:data2\" content=\"1 minuto\" \/>\n<script type=\"application\/ld+json\" class=\"yoast-schema-graph\">{\"@context\":\"https:\\\/\\\/schema.org\",\"@graph\":[{\"@type\":\"Article\",\"@id\":\"https:\\\/\\\/www.fundacionunicaja.com\\\/campus\\\/2024\\\/08\\\/12\\\/comienza-la-segunda-semana-de-english-camp\\\/#article\",\"isPartOf\":{\"@id\":\"https:\\\/\\\/www.fundacionunicaja.com\\\/campus\\\/2024\\\/08\\\/12\\\/comienza-la-segunda-semana-de-english-camp\\\/\"},\"author\":{\"name\":\"unicampus\",\"@id\":\"https:\\\/\\\/www.fundacionunicaja.com\\\/campus\\\/#\\\/schema\\\/person\\\/0f25eed83aa1529127f97318b1b0dac2\"},\"headline\":\"Comienza la segunda semana de English Camp\",\"datePublished\":\"2024-08-12T10:49:46+00:00\",\"mainEntityOfPage\":{\"@id\":\"https:\\\/\\\/www.fundacionunicaja.com\\\/campus\\\/2024\\\/08\\\/12\\\/comienza-la-segunda-semana-de-english-camp\\\/\"},\"wordCount\":178,\"commentCount\":0,\"publisher\":{\"@id\":\"https:\\\/\\\/www.fundacionunicaja.com\\\/campus\\\/#organization\"},\"image\":{\"@id\":\"https:\\\/\\\/www.fundacionunicaja.com\\\/campus\\\/2024\\\/08\\\/12\\\/comienza-la-segunda-semana-de-english-camp\\\/#primaryimage\"},\"thumbnailUrl\":\"https:\\\/\\\/www.fundacionunicaja.com\\\/campus\\\/wp-content\\\/uploads\\\/sites\\\/2\\\/2024\\\/08\\\/2_102cl.png\",\"keywords\":[\"campus\",\"Campus Fundaci\u00f3n Unicaja\",\"English Camp\"],\"articleSection\":[\"CAMPUS\",\"English\"],\"inLanguage\":\"es\",\"potentialAction\":[{\"@type\":\"CommentAction\",\"name\":\"Comment\",\"target\":[\"https:\\\/\\\/www.fundacionunicaja.com\\\/campus\\\/2024\\\/08\\\/12\\\/comienza-la-segunda-semana-de-english-camp\\\/#respond\"]}]},{\"@type\":\"WebPage\",\"@id\":\"https:\\\/\\\/www.fundacionunicaja.com\\\/campus\\\/2024\\\/08\\\/12\\\/comienza-la-segunda-semana-de-english-camp\\\/\",\"url\":\"https:\\\/\\\/www.fundacionunicaja.com\\\/campus\\\/2024\\\/08\\\/12\\\/comienza-la-segunda-semana-de-english-camp\\\/\",\"name\":\"Comienza la segunda semana de English Camp - Campus Fundaci\u00f3n Unicaja\",\"isPartOf\":{\"@id\":\"https:\\\/\\\/www.fundacionunicaja.com\\\/campus\\\/#website\"},\"primaryImageOfPage\":{\"@id\":\"https:\\\/\\\/www.fundacionunicaja.com\\\/campus\\\/2024\\\/08\\\/12\\\/comienza-la-segunda-semana-de-english-camp\\\/#primaryimage\"},\"image\":{\"@id\":\"https:\\\/\\\/www.fundacionunicaja.com\\\/campus\\\/2024\\\/08\\\/12\\\/comienza-la-segunda-semana-de-english-camp\\\/#primaryimage\"},\"thumbnailUrl\":\"https:\\\/\\\/www.fundacionunicaja.com\\\/campus\\\/wp-content\\\/uploads\\\/sites\\\/2\\\/2024\\\/08\\\/2_102cl.png\",\"datePublished\":\"2024-08-12T10:49:46+00:00\",\"breadcrumb\":{\"@id\":\"https:\\\/\\\/www.fundacionunicaja.com\\\/campus\\\/2024\\\/08\\\/12\\\/comienza-la-segunda-semana-de-english-camp\\\/#breadcrumb\"},\"inLanguage\":\"es\",\"potentialAction\":[{\"@type\":\"ReadAction\",\"target\":[\"https:\\\/\\\/www.fundacionunicaja.com\\\/campus\\\/2024\\\/08\\\/12\\\/comienza-la-segunda-semana-de-english-camp\\\/\"]}]},{\"@type\":\"ImageObject\",\"inLanguage\":\"es\",\"@id\":\"https:\\\/\\\/www.fundacionunicaja.com\\\/campus\\\/2024\\\/08\\\/12\\\/comienza-la-segunda-semana-de-english-camp\\\/#primaryimage\",\"url\":\"https:\\\/\\\/www.fundacionunicaja.com\\\/campus\\\/wp-content\\\/uploads\\\/sites\\\/2\\\/2024\\\/08\\\/2_102cl.png\",\"contentUrl\":\"https:\\\/\\\/www.fundacionunicaja.com\\\/campus\\\/wp-content\\\/uploads\\\/sites\\\/2\\\/2024\\\/08\\\/2_102cl.png\",\"width\":1920,\"height\":1080},{\"@type\":\"BreadcrumbList\",\"@id\":\"https:\\\/\\\/www.fundacionunicaja.com\\\/campus\\\/2024\\\/08\\\/12\\\/comienza-la-segunda-semana-de-english-camp\\\/#breadcrumb\",\"itemListElement\":[{\"@type\":\"ListItem\",\"position\":1,\"name\":\"Portada\",\"item\":\"https:\\\/\\\/www.fundacionunicaja.com\\\/campus\\\/\"},{\"@type\":\"ListItem\",\"position\":2,\"name\":\"Comienza la segunda semana de English Camp\"}]},{\"@type\":\"WebSite\",\"@id\":\"https:\\\/\\\/www.fundacionunicaja.com\\\/campus\\\/#website\",\"url\":\"https:\\\/\\\/www.fundacionunicaja.com\\\/campus\\\/\",\"name\":\"Campus Fundaci\u00f3n Unicaja\",\"description\":\"\",\"publisher\":{\"@id\":\"https:\\\/\\\/www.fundacionunicaja.com\\\/campus\\\/#organization\"},\"potentialAction\":[{\"@type\":\"SearchAction\",\"target\":{\"@type\":\"EntryPoint\",\"urlTemplate\":\"https:\\\/\\\/www.fundacionunicaja.com\\\/campus\\\/?s={search_term_string}\"},\"query-input\":{\"@type\":\"PropertyValueSpecification\",\"valueRequired\":true,\"valueName\":\"search_term_string\"}}],\"inLanguage\":\"es\"},{\"@type\":\"Organization\",\"@id\":\"https:\\\/\\\/www.fundacionunicaja.com\\\/campus\\\/#organization\",\"name\":\"Campus Fundaci\u00f3n Unicaja\",\"url\":\"https:\\\/\\\/www.fundacionunicaja.com\\\/campus\\\/\",\"logo\":{\"@type\":\"ImageObject\",\"inLanguage\":\"es\",\"@id\":\"https:\\\/\\\/www.fundacionunicaja.com\\\/campus\\\/#\\\/schema\\\/logo\\\/image\\\/\",\"url\":\"https:\\\/\\\/www.fundacionunicaja.com\\\/campus\\\/wp-content\\\/uploads\\\/sites\\\/2\\\/2025\\\/03\\\/LOGO_unicaja-1.png\",\"contentUrl\":\"https:\\\/\\\/www.fundacionunicaja.com\\\/campus\\\/wp-content\\\/uploads\\\/sites\\\/2\\\/2025\\\/03\\\/LOGO_unicaja-1.png\",\"width\":243,\"height\":69,\"caption\":\"Campus Fundaci\u00f3n Unicaja\"},\"image\":{\"@id\":\"https:\\\/\\\/www.fundacionunicaja.com\\\/campus\\\/#\\\/schema\\\/logo\\\/image\\\/\"}},{\"@type\":\"Person\",\"@id\":\"https:\\\/\\\/www.fundacionunicaja.com\\\/campus\\\/#\\\/schema\\\/person\\\/0f25eed83aa1529127f97318b1b0dac2\",\"name\":\"unicampus\",\"image\":{\"@type\":\"ImageObject\",\"inLanguage\":\"es\",\"@id\":\"https:\\\/\\\/secure.gravatar.com\\\/avatar\\\/9100a8e4fbc3ced738e01809e3f2b8479cd38d25f89ce42f8abdd64176cbade4?s=96&d=mm&r=g\",\"url\":\"https:\\\/\\\/secure.gravatar.com\\\/avatar\\\/9100a8e4fbc3ced738e01809e3f2b8479cd38d25f89ce42f8abdd64176cbade4?s=96&d=mm&r=g\",\"contentUrl\":\"https:\\\/\\\/secure.gravatar.com\\\/avatar\\\/9100a8e4fbc3ced738e01809e3f2b8479cd38d25f89ce42f8abdd64176cbade4?s=96&d=mm&r=g\",\"caption\":\"unicampus\"},\"url\":\"https:\\\/\\\/www.fundacionunicaja.com\\\/campus\\\/author\\\/unicampus\\\/\"}]}<\/script>\n<!-- \/ Yoast SEO plugin. -->","yoast_head_json":{"title":"Comienza la segunda semana de English Camp - Campus Fundaci\u00f3n Unicaja","robots":{"index":"index","follow":"follow","max-snippet":"max-snippet:-1","max-image-preview":"max-image-preview:large","max-video-preview":"max-video-preview:-1"},"canonical":"https:\/\/www.fundacionunicaja.com\/campus\/2024\/08\/12\/comienza-la-segunda-semana-de-english-camp\/","og_locale":"es_ES","og_type":"article","og_title":"Comienza la segunda semana de English Camp - Campus Fundaci\u00f3n Unicaja","og_description":"Ayer recibimos al segundo y \u00faltimo turno de la presente edici\u00f3n de 2024 de English Camp. Los ni\u00f1os y ni\u00f1as, que empezaban a llegar a partir de las 17 horas, fueron bienvenidos con un photocall donde pudieron inmortalizar el momento y empezar a realizar alguna de las actividades deportivas de las que tanto van a [&hellip;]","og_url":"https:\/\/www.fundacionunicaja.com\/campus\/2024\/08\/12\/comienza-la-segunda-semana-de-english-camp\/","og_site_name":"Campus Fundaci\u00f3n Unicaja","article_published_time":"2024-08-12T10:49:46+00:00","og_image":[{"url":"https:\/\/www.fundacionunicaja.com\/campus\/wp-content\/uploads\/sites\/2\/2024\/08\/2_102cl.png","width":800,"height":450,"type":"image\/png"}],"author":"unicampus","twitter_card":"summary_large_image","twitter_misc":{"Escrito por":"unicampus","Tiempo de lectura":"1 minuto"},"schema":{"@context":"https:\/\/schema.org","@graph":[{"@type":"Article","@id":"https:\/\/www.fundacionunicaja.com\/campus\/2024\/08\/12\/comienza-la-segunda-semana-de-english-camp\/#article","isPartOf":{"@id":"https:\/\/www.fundacionunicaja.com\/campus\/2024\/08\/12\/comienza-la-segunda-semana-de-english-camp\/"},"author":{"name":"unicampus","@id":"https:\/\/www.fundacionunicaja.com\/campus\/#\/schema\/person\/0f25eed83aa1529127f97318b1b0dac2"},"headline":"Comienza la segunda semana de English Camp","datePublished":"2024-08-12T10:49:46+00:00","mainEntityOfPage":{"@id":"https:\/\/www.fundacionunicaja.com\/campus\/2024\/08\/12\/comienza-la-segunda-semana-de-english-camp\/"},"wordCount":178,"commentCount":0,"publisher":{"@id":"https:\/\/www.fundacionunicaja.com\/campus\/#organization"},"image":{"@id":"https:\/\/www.fundacionunicaja.com\/campus\/2024\/08\/12\/comienza-la-segunda-semana-de-english-camp\/#primaryimage"},"thumbnailUrl":"https:\/\/www.fundacionunicaja.com\/campus\/wp-content\/uploads\/sites\/2\/2024\/08\/2_102cl.png","keywords":["campus","Campus Fundaci\u00f3n Unicaja","English Camp"],"articleSection":["CAMPUS","English"],"inLanguage":"es","potentialAction":[{"@type":"CommentAction","name":"Comment","target":["https:\/\/www.fundacionunicaja.com\/campus\/2024\/08\/12\/comienza-la-segunda-semana-de-english-camp\/#respond"]}]},{"@type":"WebPage","@id":"https:\/\/www.fundacionunicaja.com\/campus\/2024\/08\/12\/comienza-la-segunda-semana-de-english-camp\/","url":"https:\/\/www.fundacionunicaja.com\/campus\/2024\/08\/12\/comienza-la-segunda-semana-de-english-camp\/","name":"Comienza la segunda semana de English Camp - Campus Fundaci\u00f3n Unicaja","isPartOf":{"@id":"https:\/\/www.fundacionunicaja.com\/campus\/#website"},"primaryImageOfPage":{"@id":"https:\/\/www.fundacionunicaja.com\/campus\/2024\/08\/12\/comienza-la-segunda-semana-de-english-camp\/#primaryimage"},"image":{"@id":"https:\/\/www.fundacionunicaja.com\/campus\/2024\/08\/12\/comienza-la-segunda-semana-de-english-camp\/#primaryimage"},"thumbnailUrl":"https:\/\/www.fundacionunicaja.com\/campus\/wp-content\/uploads\/sites\/2\/2024\/08\/2_102cl.png","datePublished":"2024-08-12T10:49:46+00:00","breadcrumb":{"@id":"https:\/\/www.fundacionunicaja.com\/campus\/2024\/08\/12\/comienza-la-segunda-semana-de-english-camp\/#breadcrumb"},"inLanguage":"es","potentialAction":[{"@type":"ReadAction","target":["https:\/\/www.fundacionunicaja.com\/campus\/2024\/08\/12\/comienza-la-segunda-semana-de-english-camp\/"]}]},{"@type":"ImageObject","inLanguage":"es","@id":"https:\/\/www.fundacionunicaja.com\/campus\/2024\/08\/12\/comienza-la-segunda-semana-de-english-camp\/#primaryimage","url":"https:\/\/www.fundacionunicaja.com\/campus\/wp-content\/uploads\/sites\/2\/2024\/08\/2_102cl.png","contentUrl":"https:\/\/www.fundacionunicaja.com\/campus\/wp-content\/uploads\/sites\/2\/2024\/08\/2_102cl.png","width":1920,"height":1080},{"@type":"BreadcrumbList","@id":"https:\/\/www.fundacionunicaja.com\/campus\/2024\/08\/12\/comienza-la-segunda-semana-de-english-camp\/#breadcrumb","itemListElement":[{"@type":"ListItem","position":1,"name":"Portada","item":"https:\/\/www.fundacionunicaja.com\/campus\/"},{"@type":"ListItem","position":2,"name":"Comienza la segunda semana de English Camp"}]},{"@type":"WebSite","@id":"https:\/\/www.fundacionunicaja.com\/campus\/#website","url":"https:\/\/www.fundacionunicaja.com\/campus\/","name":"Campus Fundaci\u00f3n Unicaja","description":"","publisher":{"@id":"https:\/\/www.fundacionunicaja.com\/campus\/#organization"},"potentialAction":[{"@type":"SearchAction","target":{"@type":"EntryPoint","urlTemplate":"https:\/\/www.fundacionunicaja.com\/campus\/?s={search_term_string}"},"query-input":{"@type":"PropertyValueSpecification","valueRequired":true,"valueName":"search_term_string"}}],"inLanguage":"es"},{"@type":"Organization","@id":"https:\/\/www.fundacionunicaja.com\/campus\/#organization","name":"Campus Fundaci\u00f3n Unicaja","url":"https:\/\/www.fundacionunicaja.com\/campus\/","logo":{"@type":"ImageObject","inLanguage":"es","@id":"https:\/\/www.fundacionunicaja.com\/campus\/#\/schema\/logo\/image\/","url":"https:\/\/www.fundacionunicaja.com\/campus\/wp-content\/uploads\/sites\/2\/2025\/03\/LOGO_unicaja-1.png","contentUrl":"https:\/\/www.fundacionunicaja.com\/campus\/wp-content\/uploads\/sites\/2\/2025\/03\/LOGO_unicaja-1.png","width":243,"height":69,"caption":"Campus Fundaci\u00f3n Unicaja"},"image":{"@id":"https:\/\/www.fundacionunicaja.com\/campus\/#\/schema\/logo\/image\/"}},{"@type":"Person","@id":"https:\/\/www.fundacionunicaja.com\/campus\/#\/schema\/person\/0f25eed83aa1529127f97318b1b0dac2","name":"unicampus","image":{"@type":"ImageObject","inLanguage":"es","@id":"https:\/\/secure.gravatar.com\/avatar\/9100a8e4fbc3ced738e01809e3f2b8479cd38d25f89ce42f8abdd64176cbade4?s=96&d=mm&r=g","url":"https:\/\/secure.gravatar.com\/avatar\/9100a8e4fbc3ced738e01809e3f2b8479cd38d25f89ce42f8abdd64176cbade4?s=96&d=mm&r=g","contentUrl":"https:\/\/secure.gravatar.com\/avatar\/9100a8e4fbc3ced738e01809e3f2b8479cd38d25f89ce42f8abdd64176cbade4?s=96&d=mm&r=g","caption":"unicampus"},"url":"https:\/\/www.fundacionunicaja.com\/campus\/author\/unicampus\/"}]}},"_links":{"self":[{"href":"https:\/\/www.fundacionunicaja.com\/campus\/wp-json\/wp\/v2\/posts\/58507","targetHints":{"allow":["GET"]}}],"collection":[{"href":"https:\/\/www.fundacionunicaja.com\/campus\/wp-json\/wp\/v2\/posts"}],"about":[{"href":"https:\/\/www.fundacionunicaja.com\/campus\/wp-json\/wp\/v2\/types\/post"}],"author":[{"embeddable":true,"href":"https:\/\/www.fundacionunicaja.com\/campus\/wp-json\/wp\/v2\/users\/13"}],"replies":[{"embeddable":true,"href":"https:\/\/www.fundacionunicaja.com\/campus\/wp-json\/wp\/v2\/comments?post=58507"}],"version-history":[{"count":4,"href":"https:\/\/www.fundacionunicaja.com\/campus\/wp-json\/wp\/v2\/posts\/58507\/revisions"}],"predecessor-version":[{"id":58529,"href":"https:\/\/www.fundacionunicaja.com\/campus\/wp-json\/wp\/v2\/posts\/58507\/revisions\/58529"}],"wp:featuredmedia":[{"embeddable":true,"href":"https:\/\/www.fundacionunicaja.com\/campus\/wp-json\/wp\/v2\/media\/58521"}],"wp:attachment":[{"href":"https:\/\/www.fundacionunicaja.com\/campus\/wp-json\/wp\/v2\/media?parent=58507"}],"wp:term":[{"taxonomy":"category","embeddable":true,"href":"https:\/\/www.fundacionunicaja.com\/campus\/wp-json\/wp\/v2\/categories?post=58507"},{"taxonomy":"post_tag","embeddable":true,"href":"https:\/\/www.fundacionunicaja.com\/campus\/wp-json\/wp\/v2\/tags?post=58507"}],"curies":[{"name":"wp","href":"https:\/\/api.w.org\/{rel}","templated":true}]}}