{"id":58499,"date":"2024-08-11T17:38:25","date_gmt":"2024-08-11T15:38:25","guid":{"rendered":"https:\/\/www.fundacionunicaja.com\/campus\/?p=58499"},"modified":"2024-08-11T17:38:25","modified_gmt":"2024-08-11T15:38:25","slug":"clausura-de-la-primera-semana-de-english-camp","status":"publish","type":"post","link":"https:\/\/www.fundacionunicaja.com\/campus\/2024\/08\/11\/clausura-de-la-primera-semana-de-english-camp\/","title":{"rendered":"Clausura de la primera semana de English Camp"},"content":{"rendered":"<p><span style=\"font-weight: 400\">Ha llegado ya el momento de <\/span><b>despedirnos de todos los chicos y chicas que han formado parte del primer turno de English Camp<\/b><span style=\"font-weight: 400\"> en este verano de 2024 en una ceremonia de clausura celebrada despu\u00e9s de aprovechar durante todo el d\u00eda las actividades deportivas que tanto disfrutan y los ratos de piscina.\u00a0<\/span><\/p>\n<p><span style=\"font-weight: 400\">En esta \u00faltima y muy especial velada nocturna del turno hubo de todo: v\u00eddeo-res\u00famenes de la semana, espect\u00e1culos protagonizados por los propios ni\u00f1os y ni\u00f1as, junto a los \u00faltimos bailes y juegos y las despedidas a algunos de los personajes que les han acompa\u00f1ado en los \u00faltimos siete d\u00edas.\u00a0<\/span><\/p>\n<p><span style=\"font-weight: 400\">De igual forma, se hizo tambi\u00e9n <\/span><b>entrega de la English Camp Cup <\/b><span style=\"font-weight: 400\">una vez se ultimaron las puntuaciones. De este primer turno de English Camp sali\u00f3 <\/span><b>vencedora la casa Sharks<\/b><span style=\"font-weight: 400\">, veremos si consiguen revalidar el triunfo para el segundo turno o si consigue arrebat\u00e1rselo alguna de las otras casas.<\/span><\/p>\n<p><img fetchpriority=\"high\" decoding=\"async\" class=\"alignnone wp-image-58501\" src=\"https:\/\/www.fundacionunicaja.com\/campus\/wp-content\/uploads\/sites\/2\/2024\/08\/1_1203cl.png\" alt=\"\" width=\"992\" height=\"559\" \/> <img decoding=\"async\" class=\"alignnone wp-image-58502\" src=\"https:\/\/www.fundacionunicaja.com\/campus\/wp-content\/uploads\/sites\/2\/2024\/08\/1_1174cl.png\" alt=\"\" width=\"993\" height=\"558\" \/> <img decoding=\"async\" class=\"alignnone wp-image-58503\" src=\"https:\/\/www.fundacionunicaja.com\/campus\/wp-content\/uploads\/sites\/2\/2024\/08\/1_1191cl.png\" alt=\"\" width=\"992\" height=\"559\" \/> <img loading=\"lazy\" decoding=\"async\" class=\"alignnone wp-image-58504\" src=\"https:\/\/www.fundacionunicaja.com\/campus\/wp-content\/uploads\/sites\/2\/2024\/08\/1_1198cl.png\" alt=\"\" width=\"993\" height=\"558\" \/><\/p>\n","protected":false},"excerpt":{"rendered":"<p>Ha llegado ya el momento de despedirnos de todos los chicos y chicas que han formado parte del primer turno de English Camp en este verano de 2024 en una ceremonia de clausura celebrada despu\u00e9s de aprovechar durante todo el d\u00eda las actividades deportivas que tanto disfrutan y los ratos de piscina.\u00a0 En esta \u00faltima [&hellip;]<\/p>\n","protected":false},"author":13,"featured_media":58500,"comment_status":"open","ping_status":"open","sticky":false,"template":"","format":"standard","meta":{"_acf_changed":false,"footnotes":""},"categories":[182,19],"tags":[],"class_list":["post-58499","post","type-post","status-publish","format-standard","has-post-thumbnail","hentry","category-campus","category-english"],"acf":[],"yoast_head":"<!-- This site is optimized with the Yoast SEO plugin v27.4 - https:\/\/yoast.com\/product\/yoast-seo-wordpress\/ -->\n<title>Clausura de la primera semana de English Camp - Campus Fundaci\u00f3n Unicaja<\/title>\n<meta name=\"robots\" content=\"index, follow, max-snippet:-1, max-image-preview:large, max-video-preview:-1\" \/>\n<link rel=\"canonical\" href=\"https:\/\/www.fundacionunicaja.com\/campus\/2024\/08\/11\/clausura-de-la-primera-semana-de-english-camp\/\" \/>\n<meta property=\"og:locale\" content=\"es_ES\" \/>\n<meta property=\"og:type\" content=\"article\" \/>\n<meta property=\"og:title\" content=\"Clausura de la primera semana de English Camp - Campus Fundaci\u00f3n Unicaja\" \/>\n<meta property=\"og:description\" content=\"Ha llegado ya el momento de despedirnos de todos los chicos y chicas que han formado parte del primer turno de English Camp en este verano de 2024 en una ceremonia de clausura celebrada despu\u00e9s de aprovechar durante todo el d\u00eda las actividades deportivas que tanto disfrutan y los ratos de piscina.\u00a0 En esta \u00faltima [&hellip;]\" \/>\n<meta property=\"og:url\" content=\"https:\/\/www.fundacionunicaja.com\/campus\/2024\/08\/11\/clausura-de-la-primera-semana-de-english-camp\/\" \/>\n<meta property=\"og:site_name\" content=\"Campus Fundaci\u00f3n Unicaja\" \/>\n<meta property=\"article:published_time\" content=\"2024-08-11T15:38:25+00:00\" \/>\n<meta property=\"og:image\" content=\"https:\/\/www.fundacionunicaja.com\/campus\/wp-content\/uploads\/sites\/2\/2024\/08\/1_1175cl.png\" \/>\n\t<meta property=\"og:image:width\" content=\"800\" \/>\n\t<meta property=\"og:image:height\" content=\"450\" \/>\n\t<meta property=\"og:image:type\" content=\"image\/png\" \/>\n<meta name=\"author\" content=\"unicampus\" \/>\n<meta name=\"twitter:card\" content=\"summary_large_image\" \/>\n<meta name=\"twitter:label1\" content=\"Escrito por\" \/>\n\t<meta name=\"twitter:data1\" content=\"unicampus\" \/>\n\t<meta name=\"twitter:label2\" content=\"Tiempo de lectura\" \/>\n\t<meta name=\"twitter:data2\" content=\"1 minuto\" \/>\n<script type=\"application\/ld+json\" class=\"yoast-schema-graph\">{\"@context\":\"https:\\\/\\\/schema.org\",\"@graph\":[{\"@type\":\"Article\",\"@id\":\"https:\\\/\\\/www.fundacionunicaja.com\\\/campus\\\/2024\\\/08\\\/11\\\/clausura-de-la-primera-semana-de-english-camp\\\/#article\",\"isPartOf\":{\"@id\":\"https:\\\/\\\/www.fundacionunicaja.com\\\/campus\\\/2024\\\/08\\\/11\\\/clausura-de-la-primera-semana-de-english-camp\\\/\"},\"author\":{\"name\":\"unicampus\",\"@id\":\"https:\\\/\\\/www.fundacionunicaja.com\\\/campus\\\/#\\\/schema\\\/person\\\/0f25eed83aa1529127f97318b1b0dac2\"},\"headline\":\"Clausura de la primera semana de English Camp\",\"datePublished\":\"2024-08-11T15:38:25+00:00\",\"mainEntityOfPage\":{\"@id\":\"https:\\\/\\\/www.fundacionunicaja.com\\\/campus\\\/2024\\\/08\\\/11\\\/clausura-de-la-primera-semana-de-english-camp\\\/\"},\"wordCount\":168,\"commentCount\":0,\"publisher\":{\"@id\":\"https:\\\/\\\/www.fundacionunicaja.com\\\/campus\\\/#organization\"},\"image\":{\"@id\":\"https:\\\/\\\/www.fundacionunicaja.com\\\/campus\\\/2024\\\/08\\\/11\\\/clausura-de-la-primera-semana-de-english-camp\\\/#primaryimage\"},\"thumbnailUrl\":\"https:\\\/\\\/www.fundacionunicaja.com\\\/campus\\\/wp-content\\\/uploads\\\/sites\\\/2\\\/2024\\\/08\\\/1_1175cl.png\",\"articleSection\":[\"CAMPUS\",\"English\"],\"inLanguage\":\"es\",\"potentialAction\":[{\"@type\":\"CommentAction\",\"name\":\"Comment\",\"target\":[\"https:\\\/\\\/www.fundacionunicaja.com\\\/campus\\\/2024\\\/08\\\/11\\\/clausura-de-la-primera-semana-de-english-camp\\\/#respond\"]}]},{\"@type\":\"WebPage\",\"@id\":\"https:\\\/\\\/www.fundacionunicaja.com\\\/campus\\\/2024\\\/08\\\/11\\\/clausura-de-la-primera-semana-de-english-camp\\\/\",\"url\":\"https:\\\/\\\/www.fundacionunicaja.com\\\/campus\\\/2024\\\/08\\\/11\\\/clausura-de-la-primera-semana-de-english-camp\\\/\",\"name\":\"Clausura de la primera semana de English Camp - Campus Fundaci\u00f3n Unicaja\",\"isPartOf\":{\"@id\":\"https:\\\/\\\/www.fundacionunicaja.com\\\/campus\\\/#website\"},\"primaryImageOfPage\":{\"@id\":\"https:\\\/\\\/www.fundacionunicaja.com\\\/campus\\\/2024\\\/08\\\/11\\\/clausura-de-la-primera-semana-de-english-camp\\\/#primaryimage\"},\"image\":{\"@id\":\"https:\\\/\\\/www.fundacionunicaja.com\\\/campus\\\/2024\\\/08\\\/11\\\/clausura-de-la-primera-semana-de-english-camp\\\/#primaryimage\"},\"thumbnailUrl\":\"https:\\\/\\\/www.fundacionunicaja.com\\\/campus\\\/wp-content\\\/uploads\\\/sites\\\/2\\\/2024\\\/08\\\/1_1175cl.png\",\"datePublished\":\"2024-08-11T15:38:25+00:00\",\"breadcrumb\":{\"@id\":\"https:\\\/\\\/www.fundacionunicaja.com\\\/campus\\\/2024\\\/08\\\/11\\\/clausura-de-la-primera-semana-de-english-camp\\\/#breadcrumb\"},\"inLanguage\":\"es\",\"potentialAction\":[{\"@type\":\"ReadAction\",\"target\":[\"https:\\\/\\\/www.fundacionunicaja.com\\\/campus\\\/2024\\\/08\\\/11\\\/clausura-de-la-primera-semana-de-english-camp\\\/\"]}]},{\"@type\":\"ImageObject\",\"inLanguage\":\"es\",\"@id\":\"https:\\\/\\\/www.fundacionunicaja.com\\\/campus\\\/2024\\\/08\\\/11\\\/clausura-de-la-primera-semana-de-english-camp\\\/#primaryimage\",\"url\":\"https:\\\/\\\/www.fundacionunicaja.com\\\/campus\\\/wp-content\\\/uploads\\\/sites\\\/2\\\/2024\\\/08\\\/1_1175cl.png\",\"contentUrl\":\"https:\\\/\\\/www.fundacionunicaja.com\\\/campus\\\/wp-content\\\/uploads\\\/sites\\\/2\\\/2024\\\/08\\\/1_1175cl.png\",\"width\":1920,\"height\":1080},{\"@type\":\"BreadcrumbList\",\"@id\":\"https:\\\/\\\/www.fundacionunicaja.com\\\/campus\\\/2024\\\/08\\\/11\\\/clausura-de-la-primera-semana-de-english-camp\\\/#breadcrumb\",\"itemListElement\":[{\"@type\":\"ListItem\",\"position\":1,\"name\":\"Portada\",\"item\":\"https:\\\/\\\/www.fundacionunicaja.com\\\/campus\\\/\"},{\"@type\":\"ListItem\",\"position\":2,\"name\":\"Clausura de la primera semana de English Camp\"}]},{\"@type\":\"WebSite\",\"@id\":\"https:\\\/\\\/www.fundacionunicaja.com\\\/campus\\\/#website\",\"url\":\"https:\\\/\\\/www.fundacionunicaja.com\\\/campus\\\/\",\"name\":\"Campus Fundaci\u00f3n Unicaja\",\"description\":\"\",\"publisher\":{\"@id\":\"https:\\\/\\\/www.fundacionunicaja.com\\\/campus\\\/#organization\"},\"potentialAction\":[{\"@type\":\"SearchAction\",\"target\":{\"@type\":\"EntryPoint\",\"urlTemplate\":\"https:\\\/\\\/www.fundacionunicaja.com\\\/campus\\\/?s={search_term_string}\"},\"query-input\":{\"@type\":\"PropertyValueSpecification\",\"valueRequired\":true,\"valueName\":\"search_term_string\"}}],\"inLanguage\":\"es\"},{\"@type\":\"Organization\",\"@id\":\"https:\\\/\\\/www.fundacionunicaja.com\\\/campus\\\/#organization\",\"name\":\"Campus Fundaci\u00f3n Unicaja\",\"url\":\"https:\\\/\\\/www.fundacionunicaja.com\\\/campus\\\/\",\"logo\":{\"@type\":\"ImageObject\",\"inLanguage\":\"es\",\"@id\":\"https:\\\/\\\/www.fundacionunicaja.com\\\/campus\\\/#\\\/schema\\\/logo\\\/image\\\/\",\"url\":\"https:\\\/\\\/www.fundacionunicaja.com\\\/campus\\\/wp-content\\\/uploads\\\/sites\\\/2\\\/2025\\\/03\\\/LOGO_unicaja-1.png\",\"contentUrl\":\"https:\\\/\\\/www.fundacionunicaja.com\\\/campus\\\/wp-content\\\/uploads\\\/sites\\\/2\\\/2025\\\/03\\\/LOGO_unicaja-1.png\",\"width\":243,\"height\":69,\"caption\":\"Campus Fundaci\u00f3n Unicaja\"},\"image\":{\"@id\":\"https:\\\/\\\/www.fundacionunicaja.com\\\/campus\\\/#\\\/schema\\\/logo\\\/image\\\/\"}},{\"@type\":\"Person\",\"@id\":\"https:\\\/\\\/www.fundacionunicaja.com\\\/campus\\\/#\\\/schema\\\/person\\\/0f25eed83aa1529127f97318b1b0dac2\",\"name\":\"unicampus\",\"image\":{\"@type\":\"ImageObject\",\"inLanguage\":\"es\",\"@id\":\"https:\\\/\\\/secure.gravatar.com\\\/avatar\\\/9100a8e4fbc3ced738e01809e3f2b8479cd38d25f89ce42f8abdd64176cbade4?s=96&d=mm&r=g\",\"url\":\"https:\\\/\\\/secure.gravatar.com\\\/avatar\\\/9100a8e4fbc3ced738e01809e3f2b8479cd38d25f89ce42f8abdd64176cbade4?s=96&d=mm&r=g\",\"contentUrl\":\"https:\\\/\\\/secure.gravatar.com\\\/avatar\\\/9100a8e4fbc3ced738e01809e3f2b8479cd38d25f89ce42f8abdd64176cbade4?s=96&d=mm&r=g\",\"caption\":\"unicampus\"},\"url\":\"https:\\\/\\\/www.fundacionunicaja.com\\\/campus\\\/author\\\/unicampus\\\/\"}]}<\/script>\n<!-- \/ Yoast SEO plugin. -->","yoast_head_json":{"title":"Clausura de la primera semana de English Camp - Campus Fundaci\u00f3n Unicaja","robots":{"index":"index","follow":"follow","max-snippet":"max-snippet:-1","max-image-preview":"max-image-preview:large","max-video-preview":"max-video-preview:-1"},"canonical":"https:\/\/www.fundacionunicaja.com\/campus\/2024\/08\/11\/clausura-de-la-primera-semana-de-english-camp\/","og_locale":"es_ES","og_type":"article","og_title":"Clausura de la primera semana de English Camp - Campus Fundaci\u00f3n Unicaja","og_description":"Ha llegado ya el momento de despedirnos de todos los chicos y chicas que han formado parte del primer turno de English Camp en este verano de 2024 en una ceremonia de clausura celebrada despu\u00e9s de aprovechar durante todo el d\u00eda las actividades deportivas que tanto disfrutan y los ratos de piscina.\u00a0 En esta \u00faltima [&hellip;]","og_url":"https:\/\/www.fundacionunicaja.com\/campus\/2024\/08\/11\/clausura-de-la-primera-semana-de-english-camp\/","og_site_name":"Campus Fundaci\u00f3n Unicaja","article_published_time":"2024-08-11T15:38:25+00:00","og_image":[{"url":"https:\/\/www.fundacionunicaja.com\/campus\/wp-content\/uploads\/sites\/2\/2024\/08\/1_1175cl.png","width":800,"height":450,"type":"image\/png"}],"author":"unicampus","twitter_card":"summary_large_image","twitter_misc":{"Escrito por":"unicampus","Tiempo de lectura":"1 minuto"},"schema":{"@context":"https:\/\/schema.org","@graph":[{"@type":"Article","@id":"https:\/\/www.fundacionunicaja.com\/campus\/2024\/08\/11\/clausura-de-la-primera-semana-de-english-camp\/#article","isPartOf":{"@id":"https:\/\/www.fundacionunicaja.com\/campus\/2024\/08\/11\/clausura-de-la-primera-semana-de-english-camp\/"},"author":{"name":"unicampus","@id":"https:\/\/www.fundacionunicaja.com\/campus\/#\/schema\/person\/0f25eed83aa1529127f97318b1b0dac2"},"headline":"Clausura de la primera semana de English Camp","datePublished":"2024-08-11T15:38:25+00:00","mainEntityOfPage":{"@id":"https:\/\/www.fundacionunicaja.com\/campus\/2024\/08\/11\/clausura-de-la-primera-semana-de-english-camp\/"},"wordCount":168,"commentCount":0,"publisher":{"@id":"https:\/\/www.fundacionunicaja.com\/campus\/#organization"},"image":{"@id":"https:\/\/www.fundacionunicaja.com\/campus\/2024\/08\/11\/clausura-de-la-primera-semana-de-english-camp\/#primaryimage"},"thumbnailUrl":"https:\/\/www.fundacionunicaja.com\/campus\/wp-content\/uploads\/sites\/2\/2024\/08\/1_1175cl.png","articleSection":["CAMPUS","English"],"inLanguage":"es","potentialAction":[{"@type":"CommentAction","name":"Comment","target":["https:\/\/www.fundacionunicaja.com\/campus\/2024\/08\/11\/clausura-de-la-primera-semana-de-english-camp\/#respond"]}]},{"@type":"WebPage","@id":"https:\/\/www.fundacionunicaja.com\/campus\/2024\/08\/11\/clausura-de-la-primera-semana-de-english-camp\/","url":"https:\/\/www.fundacionunicaja.com\/campus\/2024\/08\/11\/clausura-de-la-primera-semana-de-english-camp\/","name":"Clausura de la primera semana de English Camp - Campus Fundaci\u00f3n Unicaja","isPartOf":{"@id":"https:\/\/www.fundacionunicaja.com\/campus\/#website"},"primaryImageOfPage":{"@id":"https:\/\/www.fundacionunicaja.com\/campus\/2024\/08\/11\/clausura-de-la-primera-semana-de-english-camp\/#primaryimage"},"image":{"@id":"https:\/\/www.fundacionunicaja.com\/campus\/2024\/08\/11\/clausura-de-la-primera-semana-de-english-camp\/#primaryimage"},"thumbnailUrl":"https:\/\/www.fundacionunicaja.com\/campus\/wp-content\/uploads\/sites\/2\/2024\/08\/1_1175cl.png","datePublished":"2024-08-11T15:38:25+00:00","breadcrumb":{"@id":"https:\/\/www.fundacionunicaja.com\/campus\/2024\/08\/11\/clausura-de-la-primera-semana-de-english-camp\/#breadcrumb"},"inLanguage":"es","potentialAction":[{"@type":"ReadAction","target":["https:\/\/www.fundacionunicaja.com\/campus\/2024\/08\/11\/clausura-de-la-primera-semana-de-english-camp\/"]}]},{"@type":"ImageObject","inLanguage":"es","@id":"https:\/\/www.fundacionunicaja.com\/campus\/2024\/08\/11\/clausura-de-la-primera-semana-de-english-camp\/#primaryimage","url":"https:\/\/www.fundacionunicaja.com\/campus\/wp-content\/uploads\/sites\/2\/2024\/08\/1_1175cl.png","contentUrl":"https:\/\/www.fundacionunicaja.com\/campus\/wp-content\/uploads\/sites\/2\/2024\/08\/1_1175cl.png","width":1920,"height":1080},{"@type":"BreadcrumbList","@id":"https:\/\/www.fundacionunicaja.com\/campus\/2024\/08\/11\/clausura-de-la-primera-semana-de-english-camp\/#breadcrumb","itemListElement":[{"@type":"ListItem","position":1,"name":"Portada","item":"https:\/\/www.fundacionunicaja.com\/campus\/"},{"@type":"ListItem","position":2,"name":"Clausura de la primera semana de English Camp"}]},{"@type":"WebSite","@id":"https:\/\/www.fundacionunicaja.com\/campus\/#website","url":"https:\/\/www.fundacionunicaja.com\/campus\/","name":"Campus Fundaci\u00f3n Unicaja","description":"","publisher":{"@id":"https:\/\/www.fundacionunicaja.com\/campus\/#organization"},"potentialAction":[{"@type":"SearchAction","target":{"@type":"EntryPoint","urlTemplate":"https:\/\/www.fundacionunicaja.com\/campus\/?s={search_term_string}"},"query-input":{"@type":"PropertyValueSpecification","valueRequired":true,"valueName":"search_term_string"}}],"inLanguage":"es"},{"@type":"Organization","@id":"https:\/\/www.fundacionunicaja.com\/campus\/#organization","name":"Campus Fundaci\u00f3n Unicaja","url":"https:\/\/www.fundacionunicaja.com\/campus\/","logo":{"@type":"ImageObject","inLanguage":"es","@id":"https:\/\/www.fundacionunicaja.com\/campus\/#\/schema\/logo\/image\/","url":"https:\/\/www.fundacionunicaja.com\/campus\/wp-content\/uploads\/sites\/2\/2025\/03\/LOGO_unicaja-1.png","contentUrl":"https:\/\/www.fundacionunicaja.com\/campus\/wp-content\/uploads\/sites\/2\/2025\/03\/LOGO_unicaja-1.png","width":243,"height":69,"caption":"Campus Fundaci\u00f3n Unicaja"},"image":{"@id":"https:\/\/www.fundacionunicaja.com\/campus\/#\/schema\/logo\/image\/"}},{"@type":"Person","@id":"https:\/\/www.fundacionunicaja.com\/campus\/#\/schema\/person\/0f25eed83aa1529127f97318b1b0dac2","name":"unicampus","image":{"@type":"ImageObject","inLanguage":"es","@id":"https:\/\/secure.gravatar.com\/avatar\/9100a8e4fbc3ced738e01809e3f2b8479cd38d25f89ce42f8abdd64176cbade4?s=96&d=mm&r=g","url":"https:\/\/secure.gravatar.com\/avatar\/9100a8e4fbc3ced738e01809e3f2b8479cd38d25f89ce42f8abdd64176cbade4?s=96&d=mm&r=g","contentUrl":"https:\/\/secure.gravatar.com\/avatar\/9100a8e4fbc3ced738e01809e3f2b8479cd38d25f89ce42f8abdd64176cbade4?s=96&d=mm&r=g","caption":"unicampus"},"url":"https:\/\/www.fundacionunicaja.com\/campus\/author\/unicampus\/"}]}},"_links":{"self":[{"href":"https:\/\/www.fundacionunicaja.com\/campus\/wp-json\/wp\/v2\/posts\/58499","targetHints":{"allow":["GET"]}}],"collection":[{"href":"https:\/\/www.fundacionunicaja.com\/campus\/wp-json\/wp\/v2\/posts"}],"about":[{"href":"https:\/\/www.fundacionunicaja.com\/campus\/wp-json\/wp\/v2\/types\/post"}],"author":[{"embeddable":true,"href":"https:\/\/www.fundacionunicaja.com\/campus\/wp-json\/wp\/v2\/users\/13"}],"replies":[{"embeddable":true,"href":"https:\/\/www.fundacionunicaja.com\/campus\/wp-json\/wp\/v2\/comments?post=58499"}],"version-history":[{"count":2,"href":"https:\/\/www.fundacionunicaja.com\/campus\/wp-json\/wp\/v2\/posts\/58499\/revisions"}],"predecessor-version":[{"id":58506,"href":"https:\/\/www.fundacionunicaja.com\/campus\/wp-json\/wp\/v2\/posts\/58499\/revisions\/58506"}],"wp:featuredmedia":[{"embeddable":true,"href":"https:\/\/www.fundacionunicaja.com\/campus\/wp-json\/wp\/v2\/media\/58500"}],"wp:attachment":[{"href":"https:\/\/www.fundacionunicaja.com\/campus\/wp-json\/wp\/v2\/media?parent=58499"}],"wp:term":[{"taxonomy":"category","embeddable":true,"href":"https:\/\/www.fundacionunicaja.com\/campus\/wp-json\/wp\/v2\/categories?post=58499"},{"taxonomy":"post_tag","embeddable":true,"href":"https:\/\/www.fundacionunicaja.com\/campus\/wp-json\/wp\/v2\/tags?post=58499"}],"curies":[{"name":"wp","href":"https:\/\/api.w.org\/{rel}","templated":true}]}}