{"id":58342,"date":"2024-07-22T18:59:52","date_gmt":"2024-07-22T16:59:52","guid":{"rendered":"https:\/\/www.fundacionunicaja.com\/campus\/?p=58342"},"modified":"2024-07-22T18:59:52","modified_gmt":"2024-07-22T16:59:52","slug":"clausura-del-tercer-turno-de-campus-sabinillas-2024","status":"publish","type":"post","link":"https:\/\/www.fundacionunicaja.com\/campus\/2024\/07\/22\/clausura-del-tercer-turno-de-campus-sabinillas-2024\/","title":{"rendered":"Clausura del tercer turno de Campus Sabinillas 2024"},"content":{"rendered":"<p>Hoy ha concluido el tercer turno de Campus Sabinillas 2024. Los chicos y chicas del campus han vivido unos intensos d\u00edas cuyo recuerdo se llevar\u00e1n con ellos para siempre. Desde el inicio del turno han realizado diversas actividades como partidos en el campo de f\u00fatbol 7, chapuzones en piscinas ol\u00edmpicas y partidos en las pistas de baloncesto, entre otras. Estos son los lugares m\u00e1s disfrutados por los ni\u00f1os y ni\u00f1as de nuestro campus.<\/p>\n<p>Durante estos d\u00edas han disfrutado de espect\u00e1culos de diversa \u00edndole, juegos para todas las edades y <span class=\"error misspelling\" title=\"Se ha encontrado un posible error ortogr\u00e1fico.\" data-type=\"misspelling\" data-suggestions=\"[{&quot;value&quot;:&quot;gincanas&quot;},{&quot;value&quot;:&quot;yin canas&quot;}]\" data-rule=\"MORFOLOGIK_RULE_ES\" data-word=\"yincanas\">yincanas<\/span> tematizadas gracias al gran equipo de animaci\u00f3n. Durante todo el turno y cada d\u00eda se han llevado a cabo actividades variadas que han potenciado diferentes habilidades y experiencias en los ni\u00f1os y ni\u00f1as. El parque acu\u00e1tico en la playa, sumado a kayak, <span class=\"error misspelling\" title=\"Se ha encontrado un posible error ortogr\u00e1fico.\" data-type=\"misspelling\" data-suggestions=\"[]\" data-rule=\"MORFOLOGIK_RULE_ES\" data-word=\"paddlesurf\">paddlesurf<\/span> y deportes de playa exprimen al m\u00e1ximo la primera l\u00ednea de playa de la que disfruta el Campus. Deportes acu\u00e1ticos en las piscinas, baloncesto, f\u00fatbol, <span class=\"error misspelling\" title=\"Se ha encontrado un posible error ortogr\u00e1fico.\" data-type=\"misspelling\" data-suggestions=\"[{&quot;value&quot;:&quot;padre&quot;},{&quot;value&quot;:&quot;padece&quot;},{&quot;value&quot;:&quot;parle&quot;},{&quot;value&quot;:&quot;p\u00eddele&quot;},{&quot;value&quot;:&quot;dadle&quot;},{&quot;value&quot;:&quot;parl\u00e9&quot;},{&quot;value&quot;:&quot;pandee&quot;}]\" data-rule=\"MORFOLOGIK_RULE_ES\" data-word=\"paddle\">paddle<\/span>, pickleball<span class=\"grammar correction\" title=\"En una tipograf\u00eda cuidada, use el car\u00e1cter de puntos suspensivos.\" data-type=\"grammar\" data-suggestions=\"[{&quot;value&quot;:&quot;\u2026&quot;}]\" data-rule=\"PUNTOS_SUSPENSIVOS\" data-word=\"...\">\u2026<\/span> se realizan a diario en las instalaciones del campamento. Adem\u00e1s, tambi\u00e9n han podido disfrutar de actividades relacionadas con la coordinaci\u00f3n y el trabajo en equipo como orientaci\u00f3n, danza, roc\u00f3dromo<span class=\"grammar correction\" title=\"En una tipograf\u00eda cuidada, use el car\u00e1cter de puntos suspensivos.\" data-type=\"grammar\" data-suggestions=\"[{&quot;value&quot;:&quot;\u2026&quot;}]\" data-rule=\"PUNTOS_SUSPENSIVOS\" data-word=\"...\">\u2026<\/span><\/p>\n<p>Tras unos d\u00edas incre\u00edbles, hemos puesto la guinda a este turno con una gala de clausura que ha tocado la fibra sensible de padres, madres, monitores y por supuesto de las chicas y chicos de este tercer turno, que ha culminado con una avalancha de abrazos. El inicio de una despedida de viejas y nuevas amistades que deseamos que se reencuentren el pr\u00f3ximo a\u00f1o en el campamento m\u00e1s grande de Espa\u00f1a.<\/p>\n<div id='gallery-1' class='gallery galleryid-58342 gallery-columns-1 gallery-size-large'><figure class='gallery-item'>\n\t\t\t<div class='gallery-icon landscape'>\n\t\t\t\t<a href='https:\/\/www.fundacionunicaja.com\/campus\/2024\/07\/22\/clausura-del-tercer-turno-de-campus-sabinillas-2024\/img_0164\/'><img fetchpriority=\"high\" decoding=\"async\" width=\"800\" height=\"533\" src=\"https:\/\/www.fundacionunicaja.com\/campus\/wp-content\/uploads\/sites\/2\/2024\/07\/IMG_0164.jpg\" class=\"attachment-large size-large\" alt=\"\" \/><\/a>\n\t\t\t<\/div><\/figure><figure class='gallery-item'>\n\t\t\t<div class='gallery-icon landscape'>\n\t\t\t\t<a href='https:\/\/www.fundacionunicaja.com\/campus\/2024\/07\/22\/clausura-del-tercer-turno-de-campus-sabinillas-2024\/_mg_3462\/'><img decoding=\"async\" width=\"800\" height=\"533\" src=\"https:\/\/www.fundacionunicaja.com\/campus\/wp-content\/uploads\/sites\/2\/2024\/07\/MG_3462.jpg\" class=\"attachment-large size-large\" alt=\"\" \/><\/a>\n\t\t\t<\/div><\/figure><figure class='gallery-item'>\n\t\t\t<div class='gallery-icon landscape'>\n\t\t\t\t<a href='https:\/\/www.fundacionunicaja.com\/campus\/2024\/07\/22\/clausura-del-tercer-turno-de-campus-sabinillas-2024\/_mg_3410\/'><img decoding=\"async\" width=\"800\" height=\"533\" src=\"https:\/\/www.fundacionunicaja.com\/campus\/wp-content\/uploads\/sites\/2\/2024\/07\/MG_3410.jpg\" class=\"attachment-large size-large\" alt=\"\" \/><\/a>\n\t\t\t<\/div><\/figure><figure class='gallery-item'>\n\t\t\t<div class='gallery-icon landscape'>\n\t\t\t\t<a href='https:\/\/www.fundacionunicaja.com\/campus\/2024\/07\/22\/clausura-del-tercer-turno-de-campus-sabinillas-2024\/img_0129\/'><img loading=\"lazy\" decoding=\"async\" width=\"800\" height=\"533\" src=\"https:\/\/www.fundacionunicaja.com\/campus\/wp-content\/uploads\/sites\/2\/2024\/07\/IMG_0129.jpg\" class=\"attachment-large size-large\" alt=\"\" \/><\/a>\n\t\t\t<\/div><\/figure><figure class='gallery-item'>\n\t\t\t<div class='gallery-icon landscape'>\n\t\t\t\t<a href='https:\/\/www.fundacionunicaja.com\/campus\/2024\/07\/22\/clausura-del-tercer-turno-de-campus-sabinillas-2024\/_mg_3347\/'><img loading=\"lazy\" decoding=\"async\" width=\"800\" height=\"533\" src=\"https:\/\/www.fundacionunicaja.com\/campus\/wp-content\/uploads\/sites\/2\/2024\/07\/MG_3347.jpg\" class=\"attachment-large size-large\" alt=\"\" \/><\/a>\n\t\t\t<\/div><\/figure>\n\t\t<\/div>\n\n<p>&nbsp;<\/p>\n<p>&nbsp;<\/p>\n<p>&nbsp;<\/p>\n<p>&nbsp;<\/p>\n","protected":false},"excerpt":{"rendered":"<p>Hoy ha concluido el tercer turno de Campus Sabinillas 2024. Los chicos y chicas del campus han vivido unos intensos d\u00edas cuyo recuerdo se llevar\u00e1n con ellos para siempre. Desde el inicio del turno han realizado diversas actividades como partidos en el campo de f\u00fatbol 7, chapuzones en piscinas ol\u00edmpicas y partidos en las pistas [&hellip;]<\/p>\n","protected":false},"author":13,"featured_media":58343,"comment_status":"open","ping_status":"open","sticky":false,"template":"","format":"standard","meta":{"_acf_changed":false,"footnotes":""},"categories":[182,12],"tags":[],"class_list":["post-58342","post","type-post","status-publish","format-standard","has-post-thumbnail","hentry","category-campus","category-sabinillas"],"acf":[],"yoast_head":"<!-- This site is optimized with the Yoast SEO plugin v27.4 - https:\/\/yoast.com\/product\/yoast-seo-wordpress\/ -->\n<title>Clausura del tercer turno de Campus Sabinillas 2024 - Campus Fundaci\u00f3n Unicaja<\/title>\n<meta name=\"robots\" content=\"index, follow, max-snippet:-1, max-image-preview:large, max-video-preview:-1\" \/>\n<link rel=\"canonical\" href=\"https:\/\/www.fundacionunicaja.com\/campus\/2024\/07\/22\/clausura-del-tercer-turno-de-campus-sabinillas-2024\/\" \/>\n<meta property=\"og:locale\" content=\"es_ES\" \/>\n<meta property=\"og:type\" content=\"article\" \/>\n<meta property=\"og:title\" content=\"Clausura del tercer turno de Campus Sabinillas 2024 - Campus Fundaci\u00f3n Unicaja\" \/>\n<meta property=\"og:description\" content=\"Hoy ha concluido el tercer turno de Campus Sabinillas 2024. Los chicos y chicas del campus han vivido unos intensos d\u00edas cuyo recuerdo se llevar\u00e1n con ellos para siempre. Desde el inicio del turno han realizado diversas actividades como partidos en el campo de f\u00fatbol 7, chapuzones en piscinas ol\u00edmpicas y partidos en las pistas [&hellip;]\" \/>\n<meta property=\"og:url\" content=\"https:\/\/www.fundacionunicaja.com\/campus\/2024\/07\/22\/clausura-del-tercer-turno-de-campus-sabinillas-2024\/\" \/>\n<meta property=\"og:site_name\" content=\"Campus Fundaci\u00f3n Unicaja\" \/>\n<meta property=\"article:published_time\" content=\"2024-07-22T16:59:52+00:00\" \/>\n<meta property=\"og:image\" content=\"https:\/\/www.fundacionunicaja.com\/campus\/wp-content\/uploads\/sites\/2\/2024\/07\/IMG_0124.jpg\" \/>\n\t<meta property=\"og:image:width\" content=\"800\" \/>\n\t<meta property=\"og:image:height\" content=\"533\" \/>\n\t<meta property=\"og:image:type\" content=\"image\/jpeg\" \/>\n<meta name=\"author\" content=\"unicampus\" \/>\n<meta name=\"twitter:card\" content=\"summary_large_image\" \/>\n<meta name=\"twitter:label1\" content=\"Escrito por\" \/>\n\t<meta name=\"twitter:data1\" content=\"unicampus\" \/>\n\t<meta name=\"twitter:label2\" content=\"Tiempo de lectura\" \/>\n\t<meta name=\"twitter:data2\" content=\"1 minuto\" \/>\n<script type=\"application\/ld+json\" class=\"yoast-schema-graph\">{\"@context\":\"https:\\\/\\\/schema.org\",\"@graph\":[{\"@type\":\"Article\",\"@id\":\"https:\\\/\\\/www.fundacionunicaja.com\\\/campus\\\/2024\\\/07\\\/22\\\/clausura-del-tercer-turno-de-campus-sabinillas-2024\\\/#article\",\"isPartOf\":{\"@id\":\"https:\\\/\\\/www.fundacionunicaja.com\\\/campus\\\/2024\\\/07\\\/22\\\/clausura-del-tercer-turno-de-campus-sabinillas-2024\\\/\"},\"author\":{\"name\":\"unicampus\",\"@id\":\"https:\\\/\\\/www.fundacionunicaja.com\\\/campus\\\/#\\\/schema\\\/person\\\/0f25eed83aa1529127f97318b1b0dac2\"},\"headline\":\"Clausura del tercer turno de Campus Sabinillas 2024\",\"datePublished\":\"2024-07-22T16:59:52+00:00\",\"mainEntityOfPage\":{\"@id\":\"https:\\\/\\\/www.fundacionunicaja.com\\\/campus\\\/2024\\\/07\\\/22\\\/clausura-del-tercer-turno-de-campus-sabinillas-2024\\\/\"},\"wordCount\":303,\"commentCount\":0,\"publisher\":{\"@id\":\"https:\\\/\\\/www.fundacionunicaja.com\\\/campus\\\/#organization\"},\"image\":{\"@id\":\"https:\\\/\\\/www.fundacionunicaja.com\\\/campus\\\/2024\\\/07\\\/22\\\/clausura-del-tercer-turno-de-campus-sabinillas-2024\\\/#primaryimage\"},\"thumbnailUrl\":\"https:\\\/\\\/www.fundacionunicaja.com\\\/campus\\\/wp-content\\\/uploads\\\/sites\\\/2\\\/2024\\\/07\\\/IMG_0124.jpg\",\"articleSection\":[\"CAMPUS\",\"Sabinillas\"],\"inLanguage\":\"es\",\"potentialAction\":[{\"@type\":\"CommentAction\",\"name\":\"Comment\",\"target\":[\"https:\\\/\\\/www.fundacionunicaja.com\\\/campus\\\/2024\\\/07\\\/22\\\/clausura-del-tercer-turno-de-campus-sabinillas-2024\\\/#respond\"]}]},{\"@type\":\"WebPage\",\"@id\":\"https:\\\/\\\/www.fundacionunicaja.com\\\/campus\\\/2024\\\/07\\\/22\\\/clausura-del-tercer-turno-de-campus-sabinillas-2024\\\/\",\"url\":\"https:\\\/\\\/www.fundacionunicaja.com\\\/campus\\\/2024\\\/07\\\/22\\\/clausura-del-tercer-turno-de-campus-sabinillas-2024\\\/\",\"name\":\"Clausura del tercer turno de Campus Sabinillas 2024 - Campus Fundaci\u00f3n Unicaja\",\"isPartOf\":{\"@id\":\"https:\\\/\\\/www.fundacionunicaja.com\\\/campus\\\/#website\"},\"primaryImageOfPage\":{\"@id\":\"https:\\\/\\\/www.fundacionunicaja.com\\\/campus\\\/2024\\\/07\\\/22\\\/clausura-del-tercer-turno-de-campus-sabinillas-2024\\\/#primaryimage\"},\"image\":{\"@id\":\"https:\\\/\\\/www.fundacionunicaja.com\\\/campus\\\/2024\\\/07\\\/22\\\/clausura-del-tercer-turno-de-campus-sabinillas-2024\\\/#primaryimage\"},\"thumbnailUrl\":\"https:\\\/\\\/www.fundacionunicaja.com\\\/campus\\\/wp-content\\\/uploads\\\/sites\\\/2\\\/2024\\\/07\\\/IMG_0124.jpg\",\"datePublished\":\"2024-07-22T16:59:52+00:00\",\"breadcrumb\":{\"@id\":\"https:\\\/\\\/www.fundacionunicaja.com\\\/campus\\\/2024\\\/07\\\/22\\\/clausura-del-tercer-turno-de-campus-sabinillas-2024\\\/#breadcrumb\"},\"inLanguage\":\"es\",\"potentialAction\":[{\"@type\":\"ReadAction\",\"target\":[\"https:\\\/\\\/www.fundacionunicaja.com\\\/campus\\\/2024\\\/07\\\/22\\\/clausura-del-tercer-turno-de-campus-sabinillas-2024\\\/\"]}]},{\"@type\":\"ImageObject\",\"inLanguage\":\"es\",\"@id\":\"https:\\\/\\\/www.fundacionunicaja.com\\\/campus\\\/2024\\\/07\\\/22\\\/clausura-del-tercer-turno-de-campus-sabinillas-2024\\\/#primaryimage\",\"url\":\"https:\\\/\\\/www.fundacionunicaja.com\\\/campus\\\/wp-content\\\/uploads\\\/sites\\\/2\\\/2024\\\/07\\\/IMG_0124.jpg\",\"contentUrl\":\"https:\\\/\\\/www.fundacionunicaja.com\\\/campus\\\/wp-content\\\/uploads\\\/sites\\\/2\\\/2024\\\/07\\\/IMG_0124.jpg\",\"width\":6960,\"height\":4640},{\"@type\":\"BreadcrumbList\",\"@id\":\"https:\\\/\\\/www.fundacionunicaja.com\\\/campus\\\/2024\\\/07\\\/22\\\/clausura-del-tercer-turno-de-campus-sabinillas-2024\\\/#breadcrumb\",\"itemListElement\":[{\"@type\":\"ListItem\",\"position\":1,\"name\":\"Portada\",\"item\":\"https:\\\/\\\/www.fundacionunicaja.com\\\/campus\\\/\"},{\"@type\":\"ListItem\",\"position\":2,\"name\":\"Clausura del tercer turno de Campus Sabinillas 2024\"}]},{\"@type\":\"WebSite\",\"@id\":\"https:\\\/\\\/www.fundacionunicaja.com\\\/campus\\\/#website\",\"url\":\"https:\\\/\\\/www.fundacionunicaja.com\\\/campus\\\/\",\"name\":\"Campus Fundaci\u00f3n Unicaja\",\"description\":\"\",\"publisher\":{\"@id\":\"https:\\\/\\\/www.fundacionunicaja.com\\\/campus\\\/#organization\"},\"potentialAction\":[{\"@type\":\"SearchAction\",\"target\":{\"@type\":\"EntryPoint\",\"urlTemplate\":\"https:\\\/\\\/www.fundacionunicaja.com\\\/campus\\\/?s={search_term_string}\"},\"query-input\":{\"@type\":\"PropertyValueSpecification\",\"valueRequired\":true,\"valueName\":\"search_term_string\"}}],\"inLanguage\":\"es\"},{\"@type\":\"Organization\",\"@id\":\"https:\\\/\\\/www.fundacionunicaja.com\\\/campus\\\/#organization\",\"name\":\"Campus Fundaci\u00f3n Unicaja\",\"url\":\"https:\\\/\\\/www.fundacionunicaja.com\\\/campus\\\/\",\"logo\":{\"@type\":\"ImageObject\",\"inLanguage\":\"es\",\"@id\":\"https:\\\/\\\/www.fundacionunicaja.com\\\/campus\\\/#\\\/schema\\\/logo\\\/image\\\/\",\"url\":\"https:\\\/\\\/www.fundacionunicaja.com\\\/campus\\\/wp-content\\\/uploads\\\/sites\\\/2\\\/2025\\\/03\\\/LOGO_unicaja-1.png\",\"contentUrl\":\"https:\\\/\\\/www.fundacionunicaja.com\\\/campus\\\/wp-content\\\/uploads\\\/sites\\\/2\\\/2025\\\/03\\\/LOGO_unicaja-1.png\",\"width\":243,\"height\":69,\"caption\":\"Campus Fundaci\u00f3n Unicaja\"},\"image\":{\"@id\":\"https:\\\/\\\/www.fundacionunicaja.com\\\/campus\\\/#\\\/schema\\\/logo\\\/image\\\/\"}},{\"@type\":\"Person\",\"@id\":\"https:\\\/\\\/www.fundacionunicaja.com\\\/campus\\\/#\\\/schema\\\/person\\\/0f25eed83aa1529127f97318b1b0dac2\",\"name\":\"unicampus\",\"image\":{\"@type\":\"ImageObject\",\"inLanguage\":\"es\",\"@id\":\"https:\\\/\\\/secure.gravatar.com\\\/avatar\\\/9100a8e4fbc3ced738e01809e3f2b8479cd38d25f89ce42f8abdd64176cbade4?s=96&d=mm&r=g\",\"url\":\"https:\\\/\\\/secure.gravatar.com\\\/avatar\\\/9100a8e4fbc3ced738e01809e3f2b8479cd38d25f89ce42f8abdd64176cbade4?s=96&d=mm&r=g\",\"contentUrl\":\"https:\\\/\\\/secure.gravatar.com\\\/avatar\\\/9100a8e4fbc3ced738e01809e3f2b8479cd38d25f89ce42f8abdd64176cbade4?s=96&d=mm&r=g\",\"caption\":\"unicampus\"},\"url\":\"https:\\\/\\\/www.fundacionunicaja.com\\\/campus\\\/author\\\/unicampus\\\/\"}]}<\/script>\n<!-- \/ Yoast SEO plugin. -->","yoast_head_json":{"title":"Clausura del tercer turno de Campus Sabinillas 2024 - Campus Fundaci\u00f3n Unicaja","robots":{"index":"index","follow":"follow","max-snippet":"max-snippet:-1","max-image-preview":"max-image-preview:large","max-video-preview":"max-video-preview:-1"},"canonical":"https:\/\/www.fundacionunicaja.com\/campus\/2024\/07\/22\/clausura-del-tercer-turno-de-campus-sabinillas-2024\/","og_locale":"es_ES","og_type":"article","og_title":"Clausura del tercer turno de Campus Sabinillas 2024 - Campus Fundaci\u00f3n Unicaja","og_description":"Hoy ha concluido el tercer turno de Campus Sabinillas 2024. Los chicos y chicas del campus han vivido unos intensos d\u00edas cuyo recuerdo se llevar\u00e1n con ellos para siempre. Desde el inicio del turno han realizado diversas actividades como partidos en el campo de f\u00fatbol 7, chapuzones en piscinas ol\u00edmpicas y partidos en las pistas [&hellip;]","og_url":"https:\/\/www.fundacionunicaja.com\/campus\/2024\/07\/22\/clausura-del-tercer-turno-de-campus-sabinillas-2024\/","og_site_name":"Campus Fundaci\u00f3n Unicaja","article_published_time":"2024-07-22T16:59:52+00:00","og_image":[{"url":"https:\/\/www.fundacionunicaja.com\/campus\/wp-content\/uploads\/sites\/2\/2024\/07\/IMG_0124.jpg","width":800,"height":533,"type":"image\/jpeg"}],"author":"unicampus","twitter_card":"summary_large_image","twitter_misc":{"Escrito por":"unicampus","Tiempo de lectura":"1 minuto"},"schema":{"@context":"https:\/\/schema.org","@graph":[{"@type":"Article","@id":"https:\/\/www.fundacionunicaja.com\/campus\/2024\/07\/22\/clausura-del-tercer-turno-de-campus-sabinillas-2024\/#article","isPartOf":{"@id":"https:\/\/www.fundacionunicaja.com\/campus\/2024\/07\/22\/clausura-del-tercer-turno-de-campus-sabinillas-2024\/"},"author":{"name":"unicampus","@id":"https:\/\/www.fundacionunicaja.com\/campus\/#\/schema\/person\/0f25eed83aa1529127f97318b1b0dac2"},"headline":"Clausura del tercer turno de Campus Sabinillas 2024","datePublished":"2024-07-22T16:59:52+00:00","mainEntityOfPage":{"@id":"https:\/\/www.fundacionunicaja.com\/campus\/2024\/07\/22\/clausura-del-tercer-turno-de-campus-sabinillas-2024\/"},"wordCount":303,"commentCount":0,"publisher":{"@id":"https:\/\/www.fundacionunicaja.com\/campus\/#organization"},"image":{"@id":"https:\/\/www.fundacionunicaja.com\/campus\/2024\/07\/22\/clausura-del-tercer-turno-de-campus-sabinillas-2024\/#primaryimage"},"thumbnailUrl":"https:\/\/www.fundacionunicaja.com\/campus\/wp-content\/uploads\/sites\/2\/2024\/07\/IMG_0124.jpg","articleSection":["CAMPUS","Sabinillas"],"inLanguage":"es","potentialAction":[{"@type":"CommentAction","name":"Comment","target":["https:\/\/www.fundacionunicaja.com\/campus\/2024\/07\/22\/clausura-del-tercer-turno-de-campus-sabinillas-2024\/#respond"]}]},{"@type":"WebPage","@id":"https:\/\/www.fundacionunicaja.com\/campus\/2024\/07\/22\/clausura-del-tercer-turno-de-campus-sabinillas-2024\/","url":"https:\/\/www.fundacionunicaja.com\/campus\/2024\/07\/22\/clausura-del-tercer-turno-de-campus-sabinillas-2024\/","name":"Clausura del tercer turno de Campus Sabinillas 2024 - Campus Fundaci\u00f3n Unicaja","isPartOf":{"@id":"https:\/\/www.fundacionunicaja.com\/campus\/#website"},"primaryImageOfPage":{"@id":"https:\/\/www.fundacionunicaja.com\/campus\/2024\/07\/22\/clausura-del-tercer-turno-de-campus-sabinillas-2024\/#primaryimage"},"image":{"@id":"https:\/\/www.fundacionunicaja.com\/campus\/2024\/07\/22\/clausura-del-tercer-turno-de-campus-sabinillas-2024\/#primaryimage"},"thumbnailUrl":"https:\/\/www.fundacionunicaja.com\/campus\/wp-content\/uploads\/sites\/2\/2024\/07\/IMG_0124.jpg","datePublished":"2024-07-22T16:59:52+00:00","breadcrumb":{"@id":"https:\/\/www.fundacionunicaja.com\/campus\/2024\/07\/22\/clausura-del-tercer-turno-de-campus-sabinillas-2024\/#breadcrumb"},"inLanguage":"es","potentialAction":[{"@type":"ReadAction","target":["https:\/\/www.fundacionunicaja.com\/campus\/2024\/07\/22\/clausura-del-tercer-turno-de-campus-sabinillas-2024\/"]}]},{"@type":"ImageObject","inLanguage":"es","@id":"https:\/\/www.fundacionunicaja.com\/campus\/2024\/07\/22\/clausura-del-tercer-turno-de-campus-sabinillas-2024\/#primaryimage","url":"https:\/\/www.fundacionunicaja.com\/campus\/wp-content\/uploads\/sites\/2\/2024\/07\/IMG_0124.jpg","contentUrl":"https:\/\/www.fundacionunicaja.com\/campus\/wp-content\/uploads\/sites\/2\/2024\/07\/IMG_0124.jpg","width":6960,"height":4640},{"@type":"BreadcrumbList","@id":"https:\/\/www.fundacionunicaja.com\/campus\/2024\/07\/22\/clausura-del-tercer-turno-de-campus-sabinillas-2024\/#breadcrumb","itemListElement":[{"@type":"ListItem","position":1,"name":"Portada","item":"https:\/\/www.fundacionunicaja.com\/campus\/"},{"@type":"ListItem","position":2,"name":"Clausura del tercer turno de Campus Sabinillas 2024"}]},{"@type":"WebSite","@id":"https:\/\/www.fundacionunicaja.com\/campus\/#website","url":"https:\/\/www.fundacionunicaja.com\/campus\/","name":"Campus Fundaci\u00f3n Unicaja","description":"","publisher":{"@id":"https:\/\/www.fundacionunicaja.com\/campus\/#organization"},"potentialAction":[{"@type":"SearchAction","target":{"@type":"EntryPoint","urlTemplate":"https:\/\/www.fundacionunicaja.com\/campus\/?s={search_term_string}"},"query-input":{"@type":"PropertyValueSpecification","valueRequired":true,"valueName":"search_term_string"}}],"inLanguage":"es"},{"@type":"Organization","@id":"https:\/\/www.fundacionunicaja.com\/campus\/#organization","name":"Campus Fundaci\u00f3n Unicaja","url":"https:\/\/www.fundacionunicaja.com\/campus\/","logo":{"@type":"ImageObject","inLanguage":"es","@id":"https:\/\/www.fundacionunicaja.com\/campus\/#\/schema\/logo\/image\/","url":"https:\/\/www.fundacionunicaja.com\/campus\/wp-content\/uploads\/sites\/2\/2025\/03\/LOGO_unicaja-1.png","contentUrl":"https:\/\/www.fundacionunicaja.com\/campus\/wp-content\/uploads\/sites\/2\/2025\/03\/LOGO_unicaja-1.png","width":243,"height":69,"caption":"Campus Fundaci\u00f3n Unicaja"},"image":{"@id":"https:\/\/www.fundacionunicaja.com\/campus\/#\/schema\/logo\/image\/"}},{"@type":"Person","@id":"https:\/\/www.fundacionunicaja.com\/campus\/#\/schema\/person\/0f25eed83aa1529127f97318b1b0dac2","name":"unicampus","image":{"@type":"ImageObject","inLanguage":"es","@id":"https:\/\/secure.gravatar.com\/avatar\/9100a8e4fbc3ced738e01809e3f2b8479cd38d25f89ce42f8abdd64176cbade4?s=96&d=mm&r=g","url":"https:\/\/secure.gravatar.com\/avatar\/9100a8e4fbc3ced738e01809e3f2b8479cd38d25f89ce42f8abdd64176cbade4?s=96&d=mm&r=g","contentUrl":"https:\/\/secure.gravatar.com\/avatar\/9100a8e4fbc3ced738e01809e3f2b8479cd38d25f89ce42f8abdd64176cbade4?s=96&d=mm&r=g","caption":"unicampus"},"url":"https:\/\/www.fundacionunicaja.com\/campus\/author\/unicampus\/"}]}},"_links":{"self":[{"href":"https:\/\/www.fundacionunicaja.com\/campus\/wp-json\/wp\/v2\/posts\/58342","targetHints":{"allow":["GET"]}}],"collection":[{"href":"https:\/\/www.fundacionunicaja.com\/campus\/wp-json\/wp\/v2\/posts"}],"about":[{"href":"https:\/\/www.fundacionunicaja.com\/campus\/wp-json\/wp\/v2\/types\/post"}],"author":[{"embeddable":true,"href":"https:\/\/www.fundacionunicaja.com\/campus\/wp-json\/wp\/v2\/users\/13"}],"replies":[{"embeddable":true,"href":"https:\/\/www.fundacionunicaja.com\/campus\/wp-json\/wp\/v2\/comments?post=58342"}],"version-history":[{"count":22,"href":"https:\/\/www.fundacionunicaja.com\/campus\/wp-json\/wp\/v2\/posts\/58342\/revisions"}],"predecessor-version":[{"id":58375,"href":"https:\/\/www.fundacionunicaja.com\/campus\/wp-json\/wp\/v2\/posts\/58342\/revisions\/58375"}],"wp:featuredmedia":[{"embeddable":true,"href":"https:\/\/www.fundacionunicaja.com\/campus\/wp-json\/wp\/v2\/media\/58343"}],"wp:attachment":[{"href":"https:\/\/www.fundacionunicaja.com\/campus\/wp-json\/wp\/v2\/media?parent=58342"}],"wp:term":[{"taxonomy":"category","embeddable":true,"href":"https:\/\/www.fundacionunicaja.com\/campus\/wp-json\/wp\/v2\/categories?post=58342"},{"taxonomy":"post_tag","embeddable":true,"href":"https:\/\/www.fundacionunicaja.com\/campus\/wp-json\/wp\/v2\/tags?post=58342"}],"curies":[{"name":"wp","href":"https:\/\/api.w.org\/{rel}","templated":true}]}}