{"id":58299,"date":"2024-07-19T13:06:18","date_gmt":"2024-07-19T11:06:18","guid":{"rendered":"https:\/\/www.fundacionunicaja.com\/campus\/?p=58299"},"modified":"2024-07-19T13:07:24","modified_gmt":"2024-07-19T11:07:24","slug":"salida-al-pueblo-del-turno-3-de-campus-sabinillas","status":"publish","type":"post","link":"https:\/\/www.fundacionunicaja.com\/campus\/2024\/07\/19\/salida-al-pueblo-del-turno-3-de-campus-sabinillas\/","title":{"rendered":"Salida al pueblo del turno 3 de Campus Sabinillas"},"content":{"rendered":"<p>Ayer los chicos y chicas del turno 3 de Campus Sabinillas disfrutaron de un d\u00eda muy completo que comenz\u00f3 con la Spartan Sabirace, un conjunto de pruebas deportivas ubicadas en el campo de f\u00fatbol, la piscina y la playa, en las que los ni\u00f1os y ni\u00f1as se organizan por dormitorios y compiten para conseguir que su dormitorio sea el ganador.<\/p>\n<p>Despu\u00e9s del esfuerzo, disfrutaron de la hora del\u00a0 ba\u00f1o donde se relajaron, bailaron y jugaron junto con los compa\u00f1eros.<\/p>\n<p><img fetchpriority=\"high\" decoding=\"async\" class=\"wp-image-58301 alignleft\" src=\"https:\/\/www.fundacionunicaja.com\/campus\/wp-content\/uploads\/sites\/2\/2024\/07\/IMG_3910.jpg\" alt=\"\" width=\"350\" height=\"233\" \/> \u00a0<img decoding=\"async\" class=\"wp-image-58302 alignleft\" src=\"https:\/\/www.fundacionunicaja.com\/campus\/wp-content\/uploads\/sites\/2\/2024\/07\/IMG_3713.jpg\" alt=\"\" width=\"347\" height=\"231\" \/><\/p>\n<p>&nbsp;<\/p>\n<p>&nbsp;<\/p>\n<p>&nbsp;<\/p>\n<p>&nbsp;<\/p>\n<p>&nbsp;<\/p>\n<p>&nbsp;<\/p>\n<p>Por la tarde, los componentes de cada dormitorio se hicieron fotograf\u00edas antes de salir al pueblo. Durante el paseo, los ni\u00f1os y ni\u00f1as aprovecharon para disfrutar de la brisa del mar con sus amigos, compraron helados o batidos. Tanto ellos como los monitores mantuvieron un comportamiento responsable hacia el medio ambiente, recogiendo los distintos residuos de las consumiciones.<\/p>\n<p><img decoding=\"async\" class=\"wp-image-58303 alignleft\" src=\"https:\/\/www.fundacionunicaja.com\/campus\/wp-content\/uploads\/sites\/2\/2024\/07\/IMG_4031.jpg\" alt=\"\" width=\"350\" height=\"233\" \/> <img loading=\"lazy\" decoding=\"async\" class=\"wp-image-58304 alignleft\" src=\"https:\/\/www.fundacionunicaja.com\/campus\/wp-content\/uploads\/sites\/2\/2024\/07\/IMG_4139.jpg\" alt=\"\" width=\"350\" height=\"233\" \/><\/p>\n<p>&nbsp;<\/p>\n<p>&nbsp;<\/p>\n<p>&nbsp;<\/p>\n<p>&nbsp;<\/p>\n<p>&nbsp;<\/p>\n<p>&nbsp;<\/p>\n<p>&nbsp;<\/p>\n<p>A la vuelta, al atardecer, les esperaba una Radio Seta, una radiof\u00f3rmula \u00fanica de este Campus, que normalmente disfrutan por las ma\u00f1anas, pero debido a la excepcionalidad de la jornada se hab\u00eda pospuesto a la tarde-noche, y que tuvo una acogida incre\u00edblemente buena. Por \u00faltimo, la noche culmin\u00f3 con la ya tradicional Sabicolors, una fiesta muy en\u00e9rgica donde los chicos y chicas disfrutan de sus canciones favoritas bailando y lanzando polvos de colores en el campo de f\u00fatbol del Campus.<\/p>\n<p><img loading=\"lazy\" decoding=\"async\" class=\"wp-image-58306 alignleft\" src=\"https:\/\/www.fundacionunicaja.com\/campus\/wp-content\/uploads\/sites\/2\/2024\/07\/IMG_8308-Mejorado-NR.jpg\" alt=\"\" width=\"350\" height=\"233\" \/><img loading=\"lazy\" decoding=\"async\" class=\" wp-image-58308 alignleft\" src=\"https:\/\/www.fundacionunicaja.com\/campus\/wp-content\/uploads\/sites\/2\/2024\/07\/IMG_8308.jpg\" alt=\"\" width=\"350\" height=\"233\" \/><\/p>\n<p>&nbsp;<\/p>\n","protected":false},"excerpt":{"rendered":"<p>Ayer los chicos y chicas del turno 3 de Campus Sabinillas disfrutaron de un d\u00eda muy completo que comenz\u00f3 con la Spartan Sabirace, un conjunto de pruebas deportivas ubicadas en el campo de f\u00fatbol, la piscina y la playa, en las que los ni\u00f1os y ni\u00f1as se organizan por dormitorios y compiten para conseguir que [&hellip;]<\/p>\n","protected":false},"author":13,"featured_media":58305,"comment_status":"open","ping_status":"open","sticky":false,"template":"","format":"standard","meta":{"_acf_changed":false,"footnotes":""},"categories":[182,12],"tags":[],"class_list":["post-58299","post","type-post","status-publish","format-standard","has-post-thumbnail","hentry","category-campus","category-sabinillas"],"acf":[],"yoast_head":"<!-- This site is optimized with the Yoast SEO plugin v27.4 - https:\/\/yoast.com\/product\/yoast-seo-wordpress\/ -->\n<title>Salida al pueblo del turno 3 de Campus Sabinillas - Campus Fundaci\u00f3n Unicaja<\/title>\n<meta name=\"robots\" content=\"index, follow, max-snippet:-1, max-image-preview:large, max-video-preview:-1\" \/>\n<link rel=\"canonical\" href=\"https:\/\/www.fundacionunicaja.com\/campus\/2024\/07\/19\/salida-al-pueblo-del-turno-3-de-campus-sabinillas\/\" \/>\n<meta property=\"og:locale\" content=\"es_ES\" \/>\n<meta property=\"og:type\" content=\"article\" \/>\n<meta property=\"og:title\" content=\"Salida al pueblo del turno 3 de Campus Sabinillas - Campus Fundaci\u00f3n Unicaja\" \/>\n<meta property=\"og:description\" content=\"Ayer los chicos y chicas del turno 3 de Campus Sabinillas disfrutaron de un d\u00eda muy completo que comenz\u00f3 con la Spartan Sabirace, un conjunto de pruebas deportivas ubicadas en el campo de f\u00fatbol, la piscina y la playa, en las que los ni\u00f1os y ni\u00f1as se organizan por dormitorios y compiten para conseguir que [&hellip;]\" \/>\n<meta property=\"og:url\" content=\"https:\/\/www.fundacionunicaja.com\/campus\/2024\/07\/19\/salida-al-pueblo-del-turno-3-de-campus-sabinillas\/\" \/>\n<meta property=\"og:site_name\" content=\"Campus Fundaci\u00f3n Unicaja\" \/>\n<meta property=\"article:published_time\" content=\"2024-07-19T11:06:18+00:00\" \/>\n<meta property=\"article:modified_time\" content=\"2024-07-19T11:07:24+00:00\" \/>\n<meta property=\"og:image\" content=\"https:\/\/www.fundacionunicaja.com\/campus\/wp-content\/uploads\/sites\/2\/2024\/07\/IMG_4348.jpg\" \/>\n\t<meta property=\"og:image:width\" content=\"800\" \/>\n\t<meta property=\"og:image:height\" content=\"533\" \/>\n\t<meta property=\"og:image:type\" content=\"image\/jpeg\" \/>\n<meta name=\"author\" content=\"unicampus\" \/>\n<meta name=\"twitter:card\" content=\"summary_large_image\" \/>\n<meta name=\"twitter:label1\" content=\"Escrito por\" \/>\n\t<meta name=\"twitter:data1\" content=\"unicampus\" \/>\n\t<meta name=\"twitter:label2\" content=\"Tiempo de lectura\" \/>\n\t<meta name=\"twitter:data2\" content=\"1 minuto\" \/>\n<script type=\"application\/ld+json\" class=\"yoast-schema-graph\">{\"@context\":\"https:\\\/\\\/schema.org\",\"@graph\":[{\"@type\":\"Article\",\"@id\":\"https:\\\/\\\/www.fundacionunicaja.com\\\/campus\\\/2024\\\/07\\\/19\\\/salida-al-pueblo-del-turno-3-de-campus-sabinillas\\\/#article\",\"isPartOf\":{\"@id\":\"https:\\\/\\\/www.fundacionunicaja.com\\\/campus\\\/2024\\\/07\\\/19\\\/salida-al-pueblo-del-turno-3-de-campus-sabinillas\\\/\"},\"author\":{\"name\":\"unicampus\",\"@id\":\"https:\\\/\\\/www.fundacionunicaja.com\\\/campus\\\/#\\\/schema\\\/person\\\/0f25eed83aa1529127f97318b1b0dac2\"},\"headline\":\"Salida al pueblo del turno 3 de Campus Sabinillas\",\"datePublished\":\"2024-07-19T11:06:18+00:00\",\"dateModified\":\"2024-07-19T11:07:24+00:00\",\"mainEntityOfPage\":{\"@id\":\"https:\\\/\\\/www.fundacionunicaja.com\\\/campus\\\/2024\\\/07\\\/19\\\/salida-al-pueblo-del-turno-3-de-campus-sabinillas\\\/\"},\"wordCount\":254,\"commentCount\":0,\"publisher\":{\"@id\":\"https:\\\/\\\/www.fundacionunicaja.com\\\/campus\\\/#organization\"},\"image\":{\"@id\":\"https:\\\/\\\/www.fundacionunicaja.com\\\/campus\\\/2024\\\/07\\\/19\\\/salida-al-pueblo-del-turno-3-de-campus-sabinillas\\\/#primaryimage\"},\"thumbnailUrl\":\"https:\\\/\\\/www.fundacionunicaja.com\\\/campus\\\/wp-content\\\/uploads\\\/sites\\\/2\\\/2024\\\/07\\\/IMG_4348.jpg\",\"articleSection\":[\"CAMPUS\",\"Sabinillas\"],\"inLanguage\":\"es\",\"potentialAction\":[{\"@type\":\"CommentAction\",\"name\":\"Comment\",\"target\":[\"https:\\\/\\\/www.fundacionunicaja.com\\\/campus\\\/2024\\\/07\\\/19\\\/salida-al-pueblo-del-turno-3-de-campus-sabinillas\\\/#respond\"]}]},{\"@type\":\"WebPage\",\"@id\":\"https:\\\/\\\/www.fundacionunicaja.com\\\/campus\\\/2024\\\/07\\\/19\\\/salida-al-pueblo-del-turno-3-de-campus-sabinillas\\\/\",\"url\":\"https:\\\/\\\/www.fundacionunicaja.com\\\/campus\\\/2024\\\/07\\\/19\\\/salida-al-pueblo-del-turno-3-de-campus-sabinillas\\\/\",\"name\":\"Salida al pueblo del turno 3 de Campus Sabinillas - Campus Fundaci\u00f3n Unicaja\",\"isPartOf\":{\"@id\":\"https:\\\/\\\/www.fundacionunicaja.com\\\/campus\\\/#website\"},\"primaryImageOfPage\":{\"@id\":\"https:\\\/\\\/www.fundacionunicaja.com\\\/campus\\\/2024\\\/07\\\/19\\\/salida-al-pueblo-del-turno-3-de-campus-sabinillas\\\/#primaryimage\"},\"image\":{\"@id\":\"https:\\\/\\\/www.fundacionunicaja.com\\\/campus\\\/2024\\\/07\\\/19\\\/salida-al-pueblo-del-turno-3-de-campus-sabinillas\\\/#primaryimage\"},\"thumbnailUrl\":\"https:\\\/\\\/www.fundacionunicaja.com\\\/campus\\\/wp-content\\\/uploads\\\/sites\\\/2\\\/2024\\\/07\\\/IMG_4348.jpg\",\"datePublished\":\"2024-07-19T11:06:18+00:00\",\"dateModified\":\"2024-07-19T11:07:24+00:00\",\"breadcrumb\":{\"@id\":\"https:\\\/\\\/www.fundacionunicaja.com\\\/campus\\\/2024\\\/07\\\/19\\\/salida-al-pueblo-del-turno-3-de-campus-sabinillas\\\/#breadcrumb\"},\"inLanguage\":\"es\",\"potentialAction\":[{\"@type\":\"ReadAction\",\"target\":[\"https:\\\/\\\/www.fundacionunicaja.com\\\/campus\\\/2024\\\/07\\\/19\\\/salida-al-pueblo-del-turno-3-de-campus-sabinillas\\\/\"]}]},{\"@type\":\"ImageObject\",\"inLanguage\":\"es\",\"@id\":\"https:\\\/\\\/www.fundacionunicaja.com\\\/campus\\\/2024\\\/07\\\/19\\\/salida-al-pueblo-del-turno-3-de-campus-sabinillas\\\/#primaryimage\",\"url\":\"https:\\\/\\\/www.fundacionunicaja.com\\\/campus\\\/wp-content\\\/uploads\\\/sites\\\/2\\\/2024\\\/07\\\/IMG_4348.jpg\",\"contentUrl\":\"https:\\\/\\\/www.fundacionunicaja.com\\\/campus\\\/wp-content\\\/uploads\\\/sites\\\/2\\\/2024\\\/07\\\/IMG_4348.jpg\",\"width\":6960,\"height\":4640},{\"@type\":\"BreadcrumbList\",\"@id\":\"https:\\\/\\\/www.fundacionunicaja.com\\\/campus\\\/2024\\\/07\\\/19\\\/salida-al-pueblo-del-turno-3-de-campus-sabinillas\\\/#breadcrumb\",\"itemListElement\":[{\"@type\":\"ListItem\",\"position\":1,\"name\":\"Portada\",\"item\":\"https:\\\/\\\/www.fundacionunicaja.com\\\/campus\\\/\"},{\"@type\":\"ListItem\",\"position\":2,\"name\":\"Salida al pueblo del turno 3 de Campus Sabinillas\"}]},{\"@type\":\"WebSite\",\"@id\":\"https:\\\/\\\/www.fundacionunicaja.com\\\/campus\\\/#website\",\"url\":\"https:\\\/\\\/www.fundacionunicaja.com\\\/campus\\\/\",\"name\":\"Campus Fundaci\u00f3n Unicaja\",\"description\":\"\",\"publisher\":{\"@id\":\"https:\\\/\\\/www.fundacionunicaja.com\\\/campus\\\/#organization\"},\"potentialAction\":[{\"@type\":\"SearchAction\",\"target\":{\"@type\":\"EntryPoint\",\"urlTemplate\":\"https:\\\/\\\/www.fundacionunicaja.com\\\/campus\\\/?s={search_term_string}\"},\"query-input\":{\"@type\":\"PropertyValueSpecification\",\"valueRequired\":true,\"valueName\":\"search_term_string\"}}],\"inLanguage\":\"es\"},{\"@type\":\"Organization\",\"@id\":\"https:\\\/\\\/www.fundacionunicaja.com\\\/campus\\\/#organization\",\"name\":\"Campus Fundaci\u00f3n Unicaja\",\"url\":\"https:\\\/\\\/www.fundacionunicaja.com\\\/campus\\\/\",\"logo\":{\"@type\":\"ImageObject\",\"inLanguage\":\"es\",\"@id\":\"https:\\\/\\\/www.fundacionunicaja.com\\\/campus\\\/#\\\/schema\\\/logo\\\/image\\\/\",\"url\":\"https:\\\/\\\/www.fundacionunicaja.com\\\/campus\\\/wp-content\\\/uploads\\\/sites\\\/2\\\/2025\\\/03\\\/LOGO_unicaja-1.png\",\"contentUrl\":\"https:\\\/\\\/www.fundacionunicaja.com\\\/campus\\\/wp-content\\\/uploads\\\/sites\\\/2\\\/2025\\\/03\\\/LOGO_unicaja-1.png\",\"width\":243,\"height\":69,\"caption\":\"Campus Fundaci\u00f3n Unicaja\"},\"image\":{\"@id\":\"https:\\\/\\\/www.fundacionunicaja.com\\\/campus\\\/#\\\/schema\\\/logo\\\/image\\\/\"}},{\"@type\":\"Person\",\"@id\":\"https:\\\/\\\/www.fundacionunicaja.com\\\/campus\\\/#\\\/schema\\\/person\\\/0f25eed83aa1529127f97318b1b0dac2\",\"name\":\"unicampus\",\"image\":{\"@type\":\"ImageObject\",\"inLanguage\":\"es\",\"@id\":\"https:\\\/\\\/secure.gravatar.com\\\/avatar\\\/9100a8e4fbc3ced738e01809e3f2b8479cd38d25f89ce42f8abdd64176cbade4?s=96&d=mm&r=g\",\"url\":\"https:\\\/\\\/secure.gravatar.com\\\/avatar\\\/9100a8e4fbc3ced738e01809e3f2b8479cd38d25f89ce42f8abdd64176cbade4?s=96&d=mm&r=g\",\"contentUrl\":\"https:\\\/\\\/secure.gravatar.com\\\/avatar\\\/9100a8e4fbc3ced738e01809e3f2b8479cd38d25f89ce42f8abdd64176cbade4?s=96&d=mm&r=g\",\"caption\":\"unicampus\"},\"url\":\"https:\\\/\\\/www.fundacionunicaja.com\\\/campus\\\/author\\\/unicampus\\\/\"}]}<\/script>\n<!-- \/ Yoast SEO plugin. -->","yoast_head_json":{"title":"Salida al pueblo del turno 3 de Campus Sabinillas - Campus Fundaci\u00f3n Unicaja","robots":{"index":"index","follow":"follow","max-snippet":"max-snippet:-1","max-image-preview":"max-image-preview:large","max-video-preview":"max-video-preview:-1"},"canonical":"https:\/\/www.fundacionunicaja.com\/campus\/2024\/07\/19\/salida-al-pueblo-del-turno-3-de-campus-sabinillas\/","og_locale":"es_ES","og_type":"article","og_title":"Salida al pueblo del turno 3 de Campus Sabinillas - Campus Fundaci\u00f3n Unicaja","og_description":"Ayer los chicos y chicas del turno 3 de Campus Sabinillas disfrutaron de un d\u00eda muy completo que comenz\u00f3 con la Spartan Sabirace, un conjunto de pruebas deportivas ubicadas en el campo de f\u00fatbol, la piscina y la playa, en las que los ni\u00f1os y ni\u00f1as se organizan por dormitorios y compiten para conseguir que [&hellip;]","og_url":"https:\/\/www.fundacionunicaja.com\/campus\/2024\/07\/19\/salida-al-pueblo-del-turno-3-de-campus-sabinillas\/","og_site_name":"Campus Fundaci\u00f3n Unicaja","article_published_time":"2024-07-19T11:06:18+00:00","article_modified_time":"2024-07-19T11:07:24+00:00","og_image":[{"url":"https:\/\/www.fundacionunicaja.com\/campus\/wp-content\/uploads\/sites\/2\/2024\/07\/IMG_4348.jpg","width":800,"height":533,"type":"image\/jpeg"}],"author":"unicampus","twitter_card":"summary_large_image","twitter_misc":{"Escrito por":"unicampus","Tiempo de lectura":"1 minuto"},"schema":{"@context":"https:\/\/schema.org","@graph":[{"@type":"Article","@id":"https:\/\/www.fundacionunicaja.com\/campus\/2024\/07\/19\/salida-al-pueblo-del-turno-3-de-campus-sabinillas\/#article","isPartOf":{"@id":"https:\/\/www.fundacionunicaja.com\/campus\/2024\/07\/19\/salida-al-pueblo-del-turno-3-de-campus-sabinillas\/"},"author":{"name":"unicampus","@id":"https:\/\/www.fundacionunicaja.com\/campus\/#\/schema\/person\/0f25eed83aa1529127f97318b1b0dac2"},"headline":"Salida al pueblo del turno 3 de Campus Sabinillas","datePublished":"2024-07-19T11:06:18+00:00","dateModified":"2024-07-19T11:07:24+00:00","mainEntityOfPage":{"@id":"https:\/\/www.fundacionunicaja.com\/campus\/2024\/07\/19\/salida-al-pueblo-del-turno-3-de-campus-sabinillas\/"},"wordCount":254,"commentCount":0,"publisher":{"@id":"https:\/\/www.fundacionunicaja.com\/campus\/#organization"},"image":{"@id":"https:\/\/www.fundacionunicaja.com\/campus\/2024\/07\/19\/salida-al-pueblo-del-turno-3-de-campus-sabinillas\/#primaryimage"},"thumbnailUrl":"https:\/\/www.fundacionunicaja.com\/campus\/wp-content\/uploads\/sites\/2\/2024\/07\/IMG_4348.jpg","articleSection":["CAMPUS","Sabinillas"],"inLanguage":"es","potentialAction":[{"@type":"CommentAction","name":"Comment","target":["https:\/\/www.fundacionunicaja.com\/campus\/2024\/07\/19\/salida-al-pueblo-del-turno-3-de-campus-sabinillas\/#respond"]}]},{"@type":"WebPage","@id":"https:\/\/www.fundacionunicaja.com\/campus\/2024\/07\/19\/salida-al-pueblo-del-turno-3-de-campus-sabinillas\/","url":"https:\/\/www.fundacionunicaja.com\/campus\/2024\/07\/19\/salida-al-pueblo-del-turno-3-de-campus-sabinillas\/","name":"Salida al pueblo del turno 3 de Campus Sabinillas - Campus Fundaci\u00f3n Unicaja","isPartOf":{"@id":"https:\/\/www.fundacionunicaja.com\/campus\/#website"},"primaryImageOfPage":{"@id":"https:\/\/www.fundacionunicaja.com\/campus\/2024\/07\/19\/salida-al-pueblo-del-turno-3-de-campus-sabinillas\/#primaryimage"},"image":{"@id":"https:\/\/www.fundacionunicaja.com\/campus\/2024\/07\/19\/salida-al-pueblo-del-turno-3-de-campus-sabinillas\/#primaryimage"},"thumbnailUrl":"https:\/\/www.fundacionunicaja.com\/campus\/wp-content\/uploads\/sites\/2\/2024\/07\/IMG_4348.jpg","datePublished":"2024-07-19T11:06:18+00:00","dateModified":"2024-07-19T11:07:24+00:00","breadcrumb":{"@id":"https:\/\/www.fundacionunicaja.com\/campus\/2024\/07\/19\/salida-al-pueblo-del-turno-3-de-campus-sabinillas\/#breadcrumb"},"inLanguage":"es","potentialAction":[{"@type":"ReadAction","target":["https:\/\/www.fundacionunicaja.com\/campus\/2024\/07\/19\/salida-al-pueblo-del-turno-3-de-campus-sabinillas\/"]}]},{"@type":"ImageObject","inLanguage":"es","@id":"https:\/\/www.fundacionunicaja.com\/campus\/2024\/07\/19\/salida-al-pueblo-del-turno-3-de-campus-sabinillas\/#primaryimage","url":"https:\/\/www.fundacionunicaja.com\/campus\/wp-content\/uploads\/sites\/2\/2024\/07\/IMG_4348.jpg","contentUrl":"https:\/\/www.fundacionunicaja.com\/campus\/wp-content\/uploads\/sites\/2\/2024\/07\/IMG_4348.jpg","width":6960,"height":4640},{"@type":"BreadcrumbList","@id":"https:\/\/www.fundacionunicaja.com\/campus\/2024\/07\/19\/salida-al-pueblo-del-turno-3-de-campus-sabinillas\/#breadcrumb","itemListElement":[{"@type":"ListItem","position":1,"name":"Portada","item":"https:\/\/www.fundacionunicaja.com\/campus\/"},{"@type":"ListItem","position":2,"name":"Salida al pueblo del turno 3 de Campus Sabinillas"}]},{"@type":"WebSite","@id":"https:\/\/www.fundacionunicaja.com\/campus\/#website","url":"https:\/\/www.fundacionunicaja.com\/campus\/","name":"Campus Fundaci\u00f3n Unicaja","description":"","publisher":{"@id":"https:\/\/www.fundacionunicaja.com\/campus\/#organization"},"potentialAction":[{"@type":"SearchAction","target":{"@type":"EntryPoint","urlTemplate":"https:\/\/www.fundacionunicaja.com\/campus\/?s={search_term_string}"},"query-input":{"@type":"PropertyValueSpecification","valueRequired":true,"valueName":"search_term_string"}}],"inLanguage":"es"},{"@type":"Organization","@id":"https:\/\/www.fundacionunicaja.com\/campus\/#organization","name":"Campus Fundaci\u00f3n Unicaja","url":"https:\/\/www.fundacionunicaja.com\/campus\/","logo":{"@type":"ImageObject","inLanguage":"es","@id":"https:\/\/www.fundacionunicaja.com\/campus\/#\/schema\/logo\/image\/","url":"https:\/\/www.fundacionunicaja.com\/campus\/wp-content\/uploads\/sites\/2\/2025\/03\/LOGO_unicaja-1.png","contentUrl":"https:\/\/www.fundacionunicaja.com\/campus\/wp-content\/uploads\/sites\/2\/2025\/03\/LOGO_unicaja-1.png","width":243,"height":69,"caption":"Campus Fundaci\u00f3n Unicaja"},"image":{"@id":"https:\/\/www.fundacionunicaja.com\/campus\/#\/schema\/logo\/image\/"}},{"@type":"Person","@id":"https:\/\/www.fundacionunicaja.com\/campus\/#\/schema\/person\/0f25eed83aa1529127f97318b1b0dac2","name":"unicampus","image":{"@type":"ImageObject","inLanguage":"es","@id":"https:\/\/secure.gravatar.com\/avatar\/9100a8e4fbc3ced738e01809e3f2b8479cd38d25f89ce42f8abdd64176cbade4?s=96&d=mm&r=g","url":"https:\/\/secure.gravatar.com\/avatar\/9100a8e4fbc3ced738e01809e3f2b8479cd38d25f89ce42f8abdd64176cbade4?s=96&d=mm&r=g","contentUrl":"https:\/\/secure.gravatar.com\/avatar\/9100a8e4fbc3ced738e01809e3f2b8479cd38d25f89ce42f8abdd64176cbade4?s=96&d=mm&r=g","caption":"unicampus"},"url":"https:\/\/www.fundacionunicaja.com\/campus\/author\/unicampus\/"}]}},"_links":{"self":[{"href":"https:\/\/www.fundacionunicaja.com\/campus\/wp-json\/wp\/v2\/posts\/58299","targetHints":{"allow":["GET"]}}],"collection":[{"href":"https:\/\/www.fundacionunicaja.com\/campus\/wp-json\/wp\/v2\/posts"}],"about":[{"href":"https:\/\/www.fundacionunicaja.com\/campus\/wp-json\/wp\/v2\/types\/post"}],"author":[{"embeddable":true,"href":"https:\/\/www.fundacionunicaja.com\/campus\/wp-json\/wp\/v2\/users\/13"}],"replies":[{"embeddable":true,"href":"https:\/\/www.fundacionunicaja.com\/campus\/wp-json\/wp\/v2\/comments?post=58299"}],"version-history":[{"count":9,"href":"https:\/\/www.fundacionunicaja.com\/campus\/wp-json\/wp\/v2\/posts\/58299\/revisions"}],"predecessor-version":[{"id":58319,"href":"https:\/\/www.fundacionunicaja.com\/campus\/wp-json\/wp\/v2\/posts\/58299\/revisions\/58319"}],"wp:featuredmedia":[{"embeddable":true,"href":"https:\/\/www.fundacionunicaja.com\/campus\/wp-json\/wp\/v2\/media\/58305"}],"wp:attachment":[{"href":"https:\/\/www.fundacionunicaja.com\/campus\/wp-json\/wp\/v2\/media?parent=58299"}],"wp:term":[{"taxonomy":"category","embeddable":true,"href":"https:\/\/www.fundacionunicaja.com\/campus\/wp-json\/wp\/v2\/categories?post=58299"},{"taxonomy":"post_tag","embeddable":true,"href":"https:\/\/www.fundacionunicaja.com\/campus\/wp-json\/wp\/v2\/tags?post=58299"}],"curies":[{"name":"wp","href":"https:\/\/api.w.org\/{rel}","templated":true}]}}