{"id":58154,"date":"2024-07-02T11:19:06","date_gmt":"2024-07-02T09:19:06","guid":{"rendered":"https:\/\/www.fundacionunicaja.com\/campus\/?p=58154"},"modified":"2024-07-02T11:19:06","modified_gmt":"2024-07-02T09:19:06","slug":"clausura-del-primer-turno-del-campus-sabinillas-2024","status":"publish","type":"post","link":"https:\/\/www.fundacionunicaja.com\/campus\/2024\/07\/02\/clausura-del-primer-turno-del-campus-sabinillas-2024\/","title":{"rendered":"Clausura del primer turno del Campus Sabinillas 2024"},"content":{"rendered":"<p>Hoy ha concluido el primer turno de Campus Sabinillas 2024. Un inicio de verano inolvidable para los chicos y chicas del Campus que disfrutaron junto a monitores, padres y madres de una gala de clausura muy emotiva.<\/p>\n<p>Una noche que quedar\u00e1 para el recuerdo y que alcanz\u00f3 su culmen con los abrazos y l\u00e1grimas por los distintos caminos que se abren entre las nuevas amistades y otras que se han reencontrado un a\u00f1o despu\u00e9s en el campamento m\u00e1s grande de Espa\u00f1a.<\/p>\n<p><img fetchpriority=\"high\" decoding=\"async\" class=\"alignnone wp-image-58161 size-large\" src=\"https:\/\/www.fundacionunicaja.com\/campus\/wp-content\/uploads\/sites\/2\/2024\/07\/IMG_9349-1024x683.jpg\" alt=\"\" width=\"800\" height=\"534\" srcset=\"https:\/\/www.fundacionunicaja.com\/campus\/wp-content\/uploads\/sites\/2\/2024\/07\/IMG_9349-1024x683.jpg 1024w, https:\/\/www.fundacionunicaja.com\/campus\/wp-content\/uploads\/sites\/2\/2024\/07\/IMG_9349-300x200.jpg 300w, https:\/\/www.fundacionunicaja.com\/campus\/wp-content\/uploads\/sites\/2\/2024\/07\/IMG_9349-768x512.jpg 768w, https:\/\/www.fundacionunicaja.com\/campus\/wp-content\/uploads\/sites\/2\/2024\/07\/IMG_9349-1536x1024.jpg 1536w, https:\/\/www.fundacionunicaja.com\/campus\/wp-content\/uploads\/sites\/2\/2024\/07\/IMG_9349-2048x1365.jpg 2048w\" sizes=\"(max-width: 800px) 100vw, 800px\" \/> <img decoding=\"async\" class=\"wp-image-58162 size-large alignleft\" src=\"https:\/\/www.fundacionunicaja.com\/campus\/wp-content\/uploads\/sites\/2\/2024\/07\/IMG_9356-1024x683.jpg\" alt=\"\" width=\"800\" height=\"534\" srcset=\"https:\/\/www.fundacionunicaja.com\/campus\/wp-content\/uploads\/sites\/2\/2024\/07\/IMG_9356-1024x683.jpg 1024w, https:\/\/www.fundacionunicaja.com\/campus\/wp-content\/uploads\/sites\/2\/2024\/07\/IMG_9356-300x200.jpg 300w, https:\/\/www.fundacionunicaja.com\/campus\/wp-content\/uploads\/sites\/2\/2024\/07\/IMG_9356-768x512.jpg 768w, https:\/\/www.fundacionunicaja.com\/campus\/wp-content\/uploads\/sites\/2\/2024\/07\/IMG_9356-1536x1024.jpg 1536w, https:\/\/www.fundacionunicaja.com\/campus\/wp-content\/uploads\/sites\/2\/2024\/07\/IMG_9356-2048x1365.jpg 2048w\" sizes=\"(max-width: 800px) 100vw, 800px\" \/> <img decoding=\"async\" class=\"alignleft wp-image-58160 size-large\" src=\"https:\/\/www.fundacionunicaja.com\/campus\/wp-content\/uploads\/sites\/2\/2024\/07\/IMG_9309-1024x683.jpg\" alt=\"\" width=\"800\" height=\"534\" srcset=\"https:\/\/www.fundacionunicaja.com\/campus\/wp-content\/uploads\/sites\/2\/2024\/07\/IMG_9309-1024x683.jpg 1024w, https:\/\/www.fundacionunicaja.com\/campus\/wp-content\/uploads\/sites\/2\/2024\/07\/IMG_9309-300x200.jpg 300w, https:\/\/www.fundacionunicaja.com\/campus\/wp-content\/uploads\/sites\/2\/2024\/07\/IMG_9309-768x512.jpg 768w, https:\/\/www.fundacionunicaja.com\/campus\/wp-content\/uploads\/sites\/2\/2024\/07\/IMG_9309-1536x1024.jpg 1536w, https:\/\/www.fundacionunicaja.com\/campus\/wp-content\/uploads\/sites\/2\/2024\/07\/IMG_9309-2048x1365.jpg 2048w\" sizes=\"(max-width: 800px) 100vw, 800px\" \/> <img loading=\"lazy\" decoding=\"async\" class=\"alignleft wp-image-58159 size-large\" src=\"https:\/\/www.fundacionunicaja.com\/campus\/wp-content\/uploads\/sites\/2\/2024\/07\/IMG_9250-1024x683.jpg\" alt=\"\" width=\"800\" height=\"534\" srcset=\"https:\/\/www.fundacionunicaja.com\/campus\/wp-content\/uploads\/sites\/2\/2024\/07\/IMG_9250-1024x683.jpg 1024w, https:\/\/www.fundacionunicaja.com\/campus\/wp-content\/uploads\/sites\/2\/2024\/07\/IMG_9250-300x200.jpg 300w, https:\/\/www.fundacionunicaja.com\/campus\/wp-content\/uploads\/sites\/2\/2024\/07\/IMG_9250-768x512.jpg 768w, https:\/\/www.fundacionunicaja.com\/campus\/wp-content\/uploads\/sites\/2\/2024\/07\/IMG_9250-1536x1024.jpg 1536w, https:\/\/www.fundacionunicaja.com\/campus\/wp-content\/uploads\/sites\/2\/2024\/07\/IMG_9250-2048x1365.jpg 2048w\" sizes=\"(max-width: 800px) 100vw, 800px\" \/> <img loading=\"lazy\" decoding=\"async\" class=\"alignleft wp-image-58158 size-large\" src=\"https:\/\/www.fundacionunicaja.com\/campus\/wp-content\/uploads\/sites\/2\/2024\/07\/IMG_9203-1024x683.jpg\" alt=\"\" width=\"800\" height=\"534\" srcset=\"https:\/\/www.fundacionunicaja.com\/campus\/wp-content\/uploads\/sites\/2\/2024\/07\/IMG_9203-1024x683.jpg 1024w, https:\/\/www.fundacionunicaja.com\/campus\/wp-content\/uploads\/sites\/2\/2024\/07\/IMG_9203-300x200.jpg 300w, https:\/\/www.fundacionunicaja.com\/campus\/wp-content\/uploads\/sites\/2\/2024\/07\/IMG_9203-768x512.jpg 768w, https:\/\/www.fundacionunicaja.com\/campus\/wp-content\/uploads\/sites\/2\/2024\/07\/IMG_9203-1536x1024.jpg 1536w, https:\/\/www.fundacionunicaja.com\/campus\/wp-content\/uploads\/sites\/2\/2024\/07\/IMG_9203-2048x1365.jpg 2048w\" sizes=\"(max-width: 800px) 100vw, 800px\" \/> <img loading=\"lazy\" decoding=\"async\" class=\"alignleft wp-image-58156 size-large\" src=\"https:\/\/www.fundacionunicaja.com\/campus\/wp-content\/uploads\/sites\/2\/2024\/07\/MG_9057-1024x683.jpg\" alt=\"\" width=\"800\" height=\"534\" srcset=\"https:\/\/www.fundacionunicaja.com\/campus\/wp-content\/uploads\/sites\/2\/2024\/07\/MG_9057-1024x683.jpg 1024w, https:\/\/www.fundacionunicaja.com\/campus\/wp-content\/uploads\/sites\/2\/2024\/07\/MG_9057-300x200.jpg 300w, https:\/\/www.fundacionunicaja.com\/campus\/wp-content\/uploads\/sites\/2\/2024\/07\/MG_9057-768x512.jpg 768w, https:\/\/www.fundacionunicaja.com\/campus\/wp-content\/uploads\/sites\/2\/2024\/07\/MG_9057-1536x1024.jpg 1536w, https:\/\/www.fundacionunicaja.com\/campus\/wp-content\/uploads\/sites\/2\/2024\/07\/MG_9057-2048x1365.jpg 2048w\" sizes=\"(max-width: 800px) 100vw, 800px\" \/> <img loading=\"lazy\" decoding=\"async\" class=\"alignleft wp-image-58163 size-large\" src=\"https:\/\/www.fundacionunicaja.com\/campus\/wp-content\/uploads\/sites\/2\/2024\/07\/IMG_9413-1024x683.jpg\" alt=\"\" width=\"800\" height=\"534\" srcset=\"https:\/\/www.fundacionunicaja.com\/campus\/wp-content\/uploads\/sites\/2\/2024\/07\/IMG_9413-1024x683.jpg 1024w, https:\/\/www.fundacionunicaja.com\/campus\/wp-content\/uploads\/sites\/2\/2024\/07\/IMG_9413-300x200.jpg 300w, https:\/\/www.fundacionunicaja.com\/campus\/wp-content\/uploads\/sites\/2\/2024\/07\/IMG_9413-768x512.jpg 768w, https:\/\/www.fundacionunicaja.com\/campus\/wp-content\/uploads\/sites\/2\/2024\/07\/IMG_9413-1536x1024.jpg 1536w, https:\/\/www.fundacionunicaja.com\/campus\/wp-content\/uploads\/sites\/2\/2024\/07\/IMG_9413-2048x1365.jpg 2048w\" sizes=\"(max-width: 800px) 100vw, 800px\" \/><\/p>\n","protected":false},"excerpt":{"rendered":"<p>Hoy ha concluido el primer turno de Campus Sabinillas 2024. Un inicio de verano inolvidable para los chicos y chicas del Campus que disfrutaron junto a monitores, padres y madres de una gala de clausura muy emotiva. Una noche que quedar\u00e1 para el recuerdo y que alcanz\u00f3 su culmen con los abrazos y l\u00e1grimas por [&hellip;]<\/p>\n","protected":false},"author":13,"featured_media":58155,"comment_status":"open","ping_status":"open","sticky":false,"template":"","format":"standard","meta":{"_acf_changed":false,"footnotes":""},"categories":[182,12],"tags":[28,177,16,22,184,43],"class_list":["post-58154","post","type-post","status-publish","format-standard","has-post-thumbnail","hentry","category-campus","category-sabinillas","tag-campus","tag-campus-fundacion-unicaja","tag-campus-sabinillas","tag-malaga","tag-ocio","tag-sabinillas"],"acf":[],"yoast_head":"<!-- This site is optimized with the Yoast SEO plugin v27.4 - https:\/\/yoast.com\/product\/yoast-seo-wordpress\/ -->\n<title>Clausura del primer turno del Campus Sabinillas 2024 - Campus Fundaci\u00f3n Unicaja<\/title>\n<meta name=\"robots\" content=\"index, follow, max-snippet:-1, max-image-preview:large, max-video-preview:-1\" \/>\n<link rel=\"canonical\" href=\"https:\/\/www.fundacionunicaja.com\/campus\/2024\/07\/02\/clausura-del-primer-turno-del-campus-sabinillas-2024\/\" \/>\n<meta property=\"og:locale\" content=\"es_ES\" \/>\n<meta property=\"og:type\" content=\"article\" \/>\n<meta property=\"og:title\" content=\"Clausura del primer turno del Campus Sabinillas 2024 - Campus Fundaci\u00f3n Unicaja\" \/>\n<meta property=\"og:description\" content=\"Hoy ha concluido el primer turno de Campus Sabinillas 2024. Un inicio de verano inolvidable para los chicos y chicas del Campus que disfrutaron junto a monitores, padres y madres de una gala de clausura muy emotiva. Una noche que quedar\u00e1 para el recuerdo y que alcanz\u00f3 su culmen con los abrazos y l\u00e1grimas por [&hellip;]\" \/>\n<meta property=\"og:url\" content=\"https:\/\/www.fundacionunicaja.com\/campus\/2024\/07\/02\/clausura-del-primer-turno-del-campus-sabinillas-2024\/\" \/>\n<meta property=\"og:site_name\" content=\"Campus Fundaci\u00f3n Unicaja\" \/>\n<meta property=\"article:published_time\" content=\"2024-07-02T09:19:06+00:00\" \/>\n<meta property=\"og:image\" content=\"https:\/\/www.fundacionunicaja.com\/campus\/wp-content\/uploads\/sites\/2\/2024\/07\/IMG_9216-scaled.jpg\" \/>\n\t<meta property=\"og:image:width\" content=\"2560\" \/>\n\t<meta property=\"og:image:height\" content=\"1707\" \/>\n\t<meta property=\"og:image:type\" content=\"image\/jpeg\" \/>\n<meta name=\"author\" content=\"unicampus\" \/>\n<meta name=\"twitter:card\" content=\"summary_large_image\" \/>\n<meta name=\"twitter:label1\" content=\"Escrito por\" \/>\n\t<meta name=\"twitter:data1\" content=\"unicampus\" \/>\n<script type=\"application\/ld+json\" class=\"yoast-schema-graph\">{\"@context\":\"https:\\\/\\\/schema.org\",\"@graph\":[{\"@type\":\"Article\",\"@id\":\"https:\\\/\\\/www.fundacionunicaja.com\\\/campus\\\/2024\\\/07\\\/02\\\/clausura-del-primer-turno-del-campus-sabinillas-2024\\\/#article\",\"isPartOf\":{\"@id\":\"https:\\\/\\\/www.fundacionunicaja.com\\\/campus\\\/2024\\\/07\\\/02\\\/clausura-del-primer-turno-del-campus-sabinillas-2024\\\/\"},\"author\":{\"name\":\"unicampus\",\"@id\":\"https:\\\/\\\/www.fundacionunicaja.com\\\/campus\\\/#\\\/schema\\\/person\\\/0f25eed83aa1529127f97318b1b0dac2\"},\"headline\":\"Clausura del primer turno del Campus Sabinillas 2024\",\"datePublished\":\"2024-07-02T09:19:06+00:00\",\"mainEntityOfPage\":{\"@id\":\"https:\\\/\\\/www.fundacionunicaja.com\\\/campus\\\/2024\\\/07\\\/02\\\/clausura-del-primer-turno-del-campus-sabinillas-2024\\\/\"},\"wordCount\":92,\"commentCount\":0,\"publisher\":{\"@id\":\"https:\\\/\\\/www.fundacionunicaja.com\\\/campus\\\/#organization\"},\"image\":{\"@id\":\"https:\\\/\\\/www.fundacionunicaja.com\\\/campus\\\/2024\\\/07\\\/02\\\/clausura-del-primer-turno-del-campus-sabinillas-2024\\\/#primaryimage\"},\"thumbnailUrl\":\"https:\\\/\\\/www.fundacionunicaja.com\\\/campus\\\/wp-content\\\/uploads\\\/sites\\\/2\\\/2024\\\/07\\\/IMG_9216-scaled.jpg\",\"keywords\":[\"campus\",\"Campus Fundaci\u00f3n Unicaja\",\"Campus Sabinillas\",\"M\u00e1laga\",\"ocio\",\"sabinillas\"],\"articleSection\":[\"CAMPUS\",\"Sabinillas\"],\"inLanguage\":\"es\",\"potentialAction\":[{\"@type\":\"CommentAction\",\"name\":\"Comment\",\"target\":[\"https:\\\/\\\/www.fundacionunicaja.com\\\/campus\\\/2024\\\/07\\\/02\\\/clausura-del-primer-turno-del-campus-sabinillas-2024\\\/#respond\"]}]},{\"@type\":\"WebPage\",\"@id\":\"https:\\\/\\\/www.fundacionunicaja.com\\\/campus\\\/2024\\\/07\\\/02\\\/clausura-del-primer-turno-del-campus-sabinillas-2024\\\/\",\"url\":\"https:\\\/\\\/www.fundacionunicaja.com\\\/campus\\\/2024\\\/07\\\/02\\\/clausura-del-primer-turno-del-campus-sabinillas-2024\\\/\",\"name\":\"Clausura del primer turno del Campus Sabinillas 2024 - Campus Fundaci\u00f3n Unicaja\",\"isPartOf\":{\"@id\":\"https:\\\/\\\/www.fundacionunicaja.com\\\/campus\\\/#website\"},\"primaryImageOfPage\":{\"@id\":\"https:\\\/\\\/www.fundacionunicaja.com\\\/campus\\\/2024\\\/07\\\/02\\\/clausura-del-primer-turno-del-campus-sabinillas-2024\\\/#primaryimage\"},\"image\":{\"@id\":\"https:\\\/\\\/www.fundacionunicaja.com\\\/campus\\\/2024\\\/07\\\/02\\\/clausura-del-primer-turno-del-campus-sabinillas-2024\\\/#primaryimage\"},\"thumbnailUrl\":\"https:\\\/\\\/www.fundacionunicaja.com\\\/campus\\\/wp-content\\\/uploads\\\/sites\\\/2\\\/2024\\\/07\\\/IMG_9216-scaled.jpg\",\"datePublished\":\"2024-07-02T09:19:06+00:00\",\"breadcrumb\":{\"@id\":\"https:\\\/\\\/www.fundacionunicaja.com\\\/campus\\\/2024\\\/07\\\/02\\\/clausura-del-primer-turno-del-campus-sabinillas-2024\\\/#breadcrumb\"},\"inLanguage\":\"es\",\"potentialAction\":[{\"@type\":\"ReadAction\",\"target\":[\"https:\\\/\\\/www.fundacionunicaja.com\\\/campus\\\/2024\\\/07\\\/02\\\/clausura-del-primer-turno-del-campus-sabinillas-2024\\\/\"]}]},{\"@type\":\"ImageObject\",\"inLanguage\":\"es\",\"@id\":\"https:\\\/\\\/www.fundacionunicaja.com\\\/campus\\\/2024\\\/07\\\/02\\\/clausura-del-primer-turno-del-campus-sabinillas-2024\\\/#primaryimage\",\"url\":\"https:\\\/\\\/www.fundacionunicaja.com\\\/campus\\\/wp-content\\\/uploads\\\/sites\\\/2\\\/2024\\\/07\\\/IMG_9216-scaled.jpg\",\"contentUrl\":\"https:\\\/\\\/www.fundacionunicaja.com\\\/campus\\\/wp-content\\\/uploads\\\/sites\\\/2\\\/2024\\\/07\\\/IMG_9216-scaled.jpg\",\"width\":2560,\"height\":1707},{\"@type\":\"BreadcrumbList\",\"@id\":\"https:\\\/\\\/www.fundacionunicaja.com\\\/campus\\\/2024\\\/07\\\/02\\\/clausura-del-primer-turno-del-campus-sabinillas-2024\\\/#breadcrumb\",\"itemListElement\":[{\"@type\":\"ListItem\",\"position\":1,\"name\":\"Portada\",\"item\":\"https:\\\/\\\/www.fundacionunicaja.com\\\/campus\\\/\"},{\"@type\":\"ListItem\",\"position\":2,\"name\":\"Clausura del primer turno del Campus Sabinillas 2024\"}]},{\"@type\":\"WebSite\",\"@id\":\"https:\\\/\\\/www.fundacionunicaja.com\\\/campus\\\/#website\",\"url\":\"https:\\\/\\\/www.fundacionunicaja.com\\\/campus\\\/\",\"name\":\"Campus Fundaci\u00f3n Unicaja\",\"description\":\"\",\"publisher\":{\"@id\":\"https:\\\/\\\/www.fundacionunicaja.com\\\/campus\\\/#organization\"},\"potentialAction\":[{\"@type\":\"SearchAction\",\"target\":{\"@type\":\"EntryPoint\",\"urlTemplate\":\"https:\\\/\\\/www.fundacionunicaja.com\\\/campus\\\/?s={search_term_string}\"},\"query-input\":{\"@type\":\"PropertyValueSpecification\",\"valueRequired\":true,\"valueName\":\"search_term_string\"}}],\"inLanguage\":\"es\"},{\"@type\":\"Organization\",\"@id\":\"https:\\\/\\\/www.fundacionunicaja.com\\\/campus\\\/#organization\",\"name\":\"Campus Fundaci\u00f3n Unicaja\",\"url\":\"https:\\\/\\\/www.fundacionunicaja.com\\\/campus\\\/\",\"logo\":{\"@type\":\"ImageObject\",\"inLanguage\":\"es\",\"@id\":\"https:\\\/\\\/www.fundacionunicaja.com\\\/campus\\\/#\\\/schema\\\/logo\\\/image\\\/\",\"url\":\"https:\\\/\\\/www.fundacionunicaja.com\\\/campus\\\/wp-content\\\/uploads\\\/sites\\\/2\\\/2025\\\/03\\\/LOGO_unicaja-1.png\",\"contentUrl\":\"https:\\\/\\\/www.fundacionunicaja.com\\\/campus\\\/wp-content\\\/uploads\\\/sites\\\/2\\\/2025\\\/03\\\/LOGO_unicaja-1.png\",\"width\":243,\"height\":69,\"caption\":\"Campus Fundaci\u00f3n Unicaja\"},\"image\":{\"@id\":\"https:\\\/\\\/www.fundacionunicaja.com\\\/campus\\\/#\\\/schema\\\/logo\\\/image\\\/\"}},{\"@type\":\"Person\",\"@id\":\"https:\\\/\\\/www.fundacionunicaja.com\\\/campus\\\/#\\\/schema\\\/person\\\/0f25eed83aa1529127f97318b1b0dac2\",\"name\":\"unicampus\",\"image\":{\"@type\":\"ImageObject\",\"inLanguage\":\"es\",\"@id\":\"https:\\\/\\\/secure.gravatar.com\\\/avatar\\\/9100a8e4fbc3ced738e01809e3f2b8479cd38d25f89ce42f8abdd64176cbade4?s=96&d=mm&r=g\",\"url\":\"https:\\\/\\\/secure.gravatar.com\\\/avatar\\\/9100a8e4fbc3ced738e01809e3f2b8479cd38d25f89ce42f8abdd64176cbade4?s=96&d=mm&r=g\",\"contentUrl\":\"https:\\\/\\\/secure.gravatar.com\\\/avatar\\\/9100a8e4fbc3ced738e01809e3f2b8479cd38d25f89ce42f8abdd64176cbade4?s=96&d=mm&r=g\",\"caption\":\"unicampus\"},\"url\":\"https:\\\/\\\/www.fundacionunicaja.com\\\/campus\\\/author\\\/unicampus\\\/\"}]}<\/script>\n<!-- \/ Yoast SEO plugin. -->","yoast_head_json":{"title":"Clausura del primer turno del Campus Sabinillas 2024 - Campus Fundaci\u00f3n Unicaja","robots":{"index":"index","follow":"follow","max-snippet":"max-snippet:-1","max-image-preview":"max-image-preview:large","max-video-preview":"max-video-preview:-1"},"canonical":"https:\/\/www.fundacionunicaja.com\/campus\/2024\/07\/02\/clausura-del-primer-turno-del-campus-sabinillas-2024\/","og_locale":"es_ES","og_type":"article","og_title":"Clausura del primer turno del Campus Sabinillas 2024 - Campus Fundaci\u00f3n Unicaja","og_description":"Hoy ha concluido el primer turno de Campus Sabinillas 2024. Un inicio de verano inolvidable para los chicos y chicas del Campus que disfrutaron junto a monitores, padres y madres de una gala de clausura muy emotiva. Una noche que quedar\u00e1 para el recuerdo y que alcanz\u00f3 su culmen con los abrazos y l\u00e1grimas por [&hellip;]","og_url":"https:\/\/www.fundacionunicaja.com\/campus\/2024\/07\/02\/clausura-del-primer-turno-del-campus-sabinillas-2024\/","og_site_name":"Campus Fundaci\u00f3n Unicaja","article_published_time":"2024-07-02T09:19:06+00:00","og_image":[{"width":2560,"height":1707,"url":"https:\/\/www.fundacionunicaja.com\/campus\/wp-content\/uploads\/sites\/2\/2024\/07\/IMG_9216-scaled.jpg","type":"image\/jpeg"}],"author":"unicampus","twitter_card":"summary_large_image","twitter_misc":{"Escrito por":"unicampus"},"schema":{"@context":"https:\/\/schema.org","@graph":[{"@type":"Article","@id":"https:\/\/www.fundacionunicaja.com\/campus\/2024\/07\/02\/clausura-del-primer-turno-del-campus-sabinillas-2024\/#article","isPartOf":{"@id":"https:\/\/www.fundacionunicaja.com\/campus\/2024\/07\/02\/clausura-del-primer-turno-del-campus-sabinillas-2024\/"},"author":{"name":"unicampus","@id":"https:\/\/www.fundacionunicaja.com\/campus\/#\/schema\/person\/0f25eed83aa1529127f97318b1b0dac2"},"headline":"Clausura del primer turno del Campus Sabinillas 2024","datePublished":"2024-07-02T09:19:06+00:00","mainEntityOfPage":{"@id":"https:\/\/www.fundacionunicaja.com\/campus\/2024\/07\/02\/clausura-del-primer-turno-del-campus-sabinillas-2024\/"},"wordCount":92,"commentCount":0,"publisher":{"@id":"https:\/\/www.fundacionunicaja.com\/campus\/#organization"},"image":{"@id":"https:\/\/www.fundacionunicaja.com\/campus\/2024\/07\/02\/clausura-del-primer-turno-del-campus-sabinillas-2024\/#primaryimage"},"thumbnailUrl":"https:\/\/www.fundacionunicaja.com\/campus\/wp-content\/uploads\/sites\/2\/2024\/07\/IMG_9216-scaled.jpg","keywords":["campus","Campus Fundaci\u00f3n Unicaja","Campus Sabinillas","M\u00e1laga","ocio","sabinillas"],"articleSection":["CAMPUS","Sabinillas"],"inLanguage":"es","potentialAction":[{"@type":"CommentAction","name":"Comment","target":["https:\/\/www.fundacionunicaja.com\/campus\/2024\/07\/02\/clausura-del-primer-turno-del-campus-sabinillas-2024\/#respond"]}]},{"@type":"WebPage","@id":"https:\/\/www.fundacionunicaja.com\/campus\/2024\/07\/02\/clausura-del-primer-turno-del-campus-sabinillas-2024\/","url":"https:\/\/www.fundacionunicaja.com\/campus\/2024\/07\/02\/clausura-del-primer-turno-del-campus-sabinillas-2024\/","name":"Clausura del primer turno del Campus Sabinillas 2024 - Campus Fundaci\u00f3n Unicaja","isPartOf":{"@id":"https:\/\/www.fundacionunicaja.com\/campus\/#website"},"primaryImageOfPage":{"@id":"https:\/\/www.fundacionunicaja.com\/campus\/2024\/07\/02\/clausura-del-primer-turno-del-campus-sabinillas-2024\/#primaryimage"},"image":{"@id":"https:\/\/www.fundacionunicaja.com\/campus\/2024\/07\/02\/clausura-del-primer-turno-del-campus-sabinillas-2024\/#primaryimage"},"thumbnailUrl":"https:\/\/www.fundacionunicaja.com\/campus\/wp-content\/uploads\/sites\/2\/2024\/07\/IMG_9216-scaled.jpg","datePublished":"2024-07-02T09:19:06+00:00","breadcrumb":{"@id":"https:\/\/www.fundacionunicaja.com\/campus\/2024\/07\/02\/clausura-del-primer-turno-del-campus-sabinillas-2024\/#breadcrumb"},"inLanguage":"es","potentialAction":[{"@type":"ReadAction","target":["https:\/\/www.fundacionunicaja.com\/campus\/2024\/07\/02\/clausura-del-primer-turno-del-campus-sabinillas-2024\/"]}]},{"@type":"ImageObject","inLanguage":"es","@id":"https:\/\/www.fundacionunicaja.com\/campus\/2024\/07\/02\/clausura-del-primer-turno-del-campus-sabinillas-2024\/#primaryimage","url":"https:\/\/www.fundacionunicaja.com\/campus\/wp-content\/uploads\/sites\/2\/2024\/07\/IMG_9216-scaled.jpg","contentUrl":"https:\/\/www.fundacionunicaja.com\/campus\/wp-content\/uploads\/sites\/2\/2024\/07\/IMG_9216-scaled.jpg","width":2560,"height":1707},{"@type":"BreadcrumbList","@id":"https:\/\/www.fundacionunicaja.com\/campus\/2024\/07\/02\/clausura-del-primer-turno-del-campus-sabinillas-2024\/#breadcrumb","itemListElement":[{"@type":"ListItem","position":1,"name":"Portada","item":"https:\/\/www.fundacionunicaja.com\/campus\/"},{"@type":"ListItem","position":2,"name":"Clausura del primer turno del Campus Sabinillas 2024"}]},{"@type":"WebSite","@id":"https:\/\/www.fundacionunicaja.com\/campus\/#website","url":"https:\/\/www.fundacionunicaja.com\/campus\/","name":"Campus Fundaci\u00f3n Unicaja","description":"","publisher":{"@id":"https:\/\/www.fundacionunicaja.com\/campus\/#organization"},"potentialAction":[{"@type":"SearchAction","target":{"@type":"EntryPoint","urlTemplate":"https:\/\/www.fundacionunicaja.com\/campus\/?s={search_term_string}"},"query-input":{"@type":"PropertyValueSpecification","valueRequired":true,"valueName":"search_term_string"}}],"inLanguage":"es"},{"@type":"Organization","@id":"https:\/\/www.fundacionunicaja.com\/campus\/#organization","name":"Campus Fundaci\u00f3n Unicaja","url":"https:\/\/www.fundacionunicaja.com\/campus\/","logo":{"@type":"ImageObject","inLanguage":"es","@id":"https:\/\/www.fundacionunicaja.com\/campus\/#\/schema\/logo\/image\/","url":"https:\/\/www.fundacionunicaja.com\/campus\/wp-content\/uploads\/sites\/2\/2025\/03\/LOGO_unicaja-1.png","contentUrl":"https:\/\/www.fundacionunicaja.com\/campus\/wp-content\/uploads\/sites\/2\/2025\/03\/LOGO_unicaja-1.png","width":243,"height":69,"caption":"Campus Fundaci\u00f3n Unicaja"},"image":{"@id":"https:\/\/www.fundacionunicaja.com\/campus\/#\/schema\/logo\/image\/"}},{"@type":"Person","@id":"https:\/\/www.fundacionunicaja.com\/campus\/#\/schema\/person\/0f25eed83aa1529127f97318b1b0dac2","name":"unicampus","image":{"@type":"ImageObject","inLanguage":"es","@id":"https:\/\/secure.gravatar.com\/avatar\/9100a8e4fbc3ced738e01809e3f2b8479cd38d25f89ce42f8abdd64176cbade4?s=96&d=mm&r=g","url":"https:\/\/secure.gravatar.com\/avatar\/9100a8e4fbc3ced738e01809e3f2b8479cd38d25f89ce42f8abdd64176cbade4?s=96&d=mm&r=g","contentUrl":"https:\/\/secure.gravatar.com\/avatar\/9100a8e4fbc3ced738e01809e3f2b8479cd38d25f89ce42f8abdd64176cbade4?s=96&d=mm&r=g","caption":"unicampus"},"url":"https:\/\/www.fundacionunicaja.com\/campus\/author\/unicampus\/"}]}},"_links":{"self":[{"href":"https:\/\/www.fundacionunicaja.com\/campus\/wp-json\/wp\/v2\/posts\/58154","targetHints":{"allow":["GET"]}}],"collection":[{"href":"https:\/\/www.fundacionunicaja.com\/campus\/wp-json\/wp\/v2\/posts"}],"about":[{"href":"https:\/\/www.fundacionunicaja.com\/campus\/wp-json\/wp\/v2\/types\/post"}],"author":[{"embeddable":true,"href":"https:\/\/www.fundacionunicaja.com\/campus\/wp-json\/wp\/v2\/users\/13"}],"replies":[{"embeddable":true,"href":"https:\/\/www.fundacionunicaja.com\/campus\/wp-json\/wp\/v2\/comments?post=58154"}],"version-history":[{"count":3,"href":"https:\/\/www.fundacionunicaja.com\/campus\/wp-json\/wp\/v2\/posts\/58154\/revisions"}],"predecessor-version":[{"id":58167,"href":"https:\/\/www.fundacionunicaja.com\/campus\/wp-json\/wp\/v2\/posts\/58154\/revisions\/58167"}],"wp:featuredmedia":[{"embeddable":true,"href":"https:\/\/www.fundacionunicaja.com\/campus\/wp-json\/wp\/v2\/media\/58155"}],"wp:attachment":[{"href":"https:\/\/www.fundacionunicaja.com\/campus\/wp-json\/wp\/v2\/media?parent=58154"}],"wp:term":[{"taxonomy":"category","embeddable":true,"href":"https:\/\/www.fundacionunicaja.com\/campus\/wp-json\/wp\/v2\/categories?post=58154"},{"taxonomy":"post_tag","embeddable":true,"href":"https:\/\/www.fundacionunicaja.com\/campus\/wp-json\/wp\/v2\/tags?post=58154"}],"curies":[{"name":"wp","href":"https:\/\/api.w.org\/{rel}","templated":true}]}}