{"id":58138,"date":"2024-06-30T18:00:47","date_gmt":"2024-06-30T16:00:47","guid":{"rendered":"https:\/\/www.fundacionunicaja.com\/campus\/?p=58138"},"modified":"2024-07-02T11:25:45","modified_gmt":"2024-07-02T09:25:45","slug":"arranca-el-turno-1-de-campus-ronda-2024","status":"publish","type":"post","link":"https:\/\/www.fundacionunicaja.com\/campus\/2024\/06\/30\/arranca-el-turno-1-de-campus-ronda-2024\/","title":{"rendered":"Arranca el Turno 1 de Campus Ronda 2024"},"content":{"rendered":"<p><span style=\"font-weight: 400\">El s\u00e1bado 29 de junio, el <\/span><b>Campus Ronda de Fundaci\u00f3n Unicaja 2024 volvi\u00f3 a abrir sus puertas<\/b><span style=\"font-weight: 400\"> para <\/span><b>celebrar el primer turno<\/b><span style=\"font-weight: 400\"> de este verano. Los ni\u00f1os y ni\u00f1as empezaron a llegar a las instalaciones en torno a las 17:00 horas de la tarde y, con muchas ganas de empezar a pas\u00e1rselo bien, han podido probar algunas de las actividades de las que van a disfrutar en la gran semana que les espera: sky jumper, mini-golf o f\u00fatbol 3&#215;3 entre muchas otras.\u00a0<\/span><\/p>\n<p><span style=\"font-weight: 400\">Tras la recepci\u00f3n y cena, se celebr\u00f3 la<\/span><b> primera de las veladas nocturnas<\/b><span style=\"font-weight: 400\"> en la que, repitiendo la exitosa experiencia del a\u00f1o pasado, los ni\u00f1os y ni\u00f1as han quedado divididos por casas (Pegaso, Hidra, Cerbero y F\u00e9nix) al m\u00e1s puro estilo de <em>Harry Potter<\/em>. De esta manera, intentar\u00e1n conseguir los puntos necesarios a lo largo de los pr\u00f3ximos d\u00edas para as\u00ed poder <\/span><b>conseguir la tan preciada Copa Campus al final del turno<\/b><span style=\"font-weight: 400\">.\u00a0<\/span><\/p>\n<p><span style=\"font-weight: 400\">Por delante <\/span><b>les esperan siete d\u00edas en los que van a poder disfrutar a lo grande <\/b><span style=\"font-weight: 400\">gracias a todas las veladas tanto nocturnas como matinales, el gran repertorio de actividades deportivas, la refrescante piscina, una excursi\u00f3n a Ronda para poder conocer mejor la ciudad y un sinf\u00edn m\u00e1s de experiencias \u00fanicas. Todo ello, acompa\u00f1ados de nuevas amistades (y antiguas para los que vinieron en a\u00f1os anteriores) con las que poder aprovechar cada uno de los d\u00edas y crear recuerdos.<\/span><\/p>\n<div id='gallery-1' class='gallery galleryid-58138 gallery-columns-3 gallery-size-large'><figure class='gallery-item'>\n\t\t\t<div class='gallery-icon landscape'>\n\t\t\t\t<a href='https:\/\/www.fundacionunicaja.com\/campus\/2024\/06\/30\/arranca-el-turno-1-de-campus-ronda-2024\/1_117cl\/'><img fetchpriority=\"high\" decoding=\"async\" width=\"800\" height=\"450\" src=\"https:\/\/www.fundacionunicaja.com\/campus\/wp-content\/uploads\/sites\/2\/2024\/06\/1_117cl-1024x576.png\" class=\"attachment-large size-large\" alt=\"\" srcset=\"https:\/\/www.fundacionunicaja.com\/campus\/wp-content\/uploads\/sites\/2\/2024\/06\/1_117cl-1024x576.png 1024w, https:\/\/www.fundacionunicaja.com\/campus\/wp-content\/uploads\/sites\/2\/2024\/06\/1_117cl-300x169.png 300w, https:\/\/www.fundacionunicaja.com\/campus\/wp-content\/uploads\/sites\/2\/2024\/06\/1_117cl-768x432.png 768w, https:\/\/www.fundacionunicaja.com\/campus\/wp-content\/uploads\/sites\/2\/2024\/06\/1_117cl-1536x864.png 1536w, https:\/\/www.fundacionunicaja.com\/campus\/wp-content\/uploads\/sites\/2\/2024\/06\/1_117cl.png 1920w\" sizes=\"(max-width: 800px) 100vw, 800px\" \/><\/a>\n\t\t\t<\/div><\/figure><figure class='gallery-item'>\n\t\t\t<div class='gallery-icon landscape'>\n\t\t\t\t<a href='https:\/\/www.fundacionunicaja.com\/campus\/2024\/06\/30\/arranca-el-turno-1-de-campus-ronda-2024\/1_78cl\/'><img decoding=\"async\" width=\"800\" height=\"450\" src=\"https:\/\/www.fundacionunicaja.com\/campus\/wp-content\/uploads\/sites\/2\/2024\/06\/1_78cl-1024x576.png\" class=\"attachment-large size-large\" alt=\"\" srcset=\"https:\/\/www.fundacionunicaja.com\/campus\/wp-content\/uploads\/sites\/2\/2024\/06\/1_78cl-1024x576.png 1024w, https:\/\/www.fundacionunicaja.com\/campus\/wp-content\/uploads\/sites\/2\/2024\/06\/1_78cl-300x169.png 300w, https:\/\/www.fundacionunicaja.com\/campus\/wp-content\/uploads\/sites\/2\/2024\/06\/1_78cl-768x432.png 768w, https:\/\/www.fundacionunicaja.com\/campus\/wp-content\/uploads\/sites\/2\/2024\/06\/1_78cl-1536x864.png 1536w, https:\/\/www.fundacionunicaja.com\/campus\/wp-content\/uploads\/sites\/2\/2024\/06\/1_78cl.png 1920w\" sizes=\"(max-width: 800px) 100vw, 800px\" \/><\/a>\n\t\t\t<\/div><\/figure><figure class='gallery-item'>\n\t\t\t<div class='gallery-icon landscape'>\n\t\t\t\t<a href='https:\/\/www.fundacionunicaja.com\/campus\/2024\/06\/30\/arranca-el-turno-1-de-campus-ronda-2024\/1_144cl\/'><img decoding=\"async\" width=\"800\" height=\"450\" src=\"https:\/\/www.fundacionunicaja.com\/campus\/wp-content\/uploads\/sites\/2\/2024\/06\/1_144cl-1024x576.png\" class=\"attachment-large size-large\" alt=\"\" srcset=\"https:\/\/www.fundacionunicaja.com\/campus\/wp-content\/uploads\/sites\/2\/2024\/06\/1_144cl-1024x576.png 1024w, https:\/\/www.fundacionunicaja.com\/campus\/wp-content\/uploads\/sites\/2\/2024\/06\/1_144cl-300x169.png 300w, https:\/\/www.fundacionunicaja.com\/campus\/wp-content\/uploads\/sites\/2\/2024\/06\/1_144cl-768x432.png 768w, https:\/\/www.fundacionunicaja.com\/campus\/wp-content\/uploads\/sites\/2\/2024\/06\/1_144cl-1536x864.png 1536w, https:\/\/www.fundacionunicaja.com\/campus\/wp-content\/uploads\/sites\/2\/2024\/06\/1_144cl.png 1920w\" sizes=\"(max-width: 800px) 100vw, 800px\" \/><\/a>\n\t\t\t<\/div><\/figure>\n\t\t<\/div>\n\n","protected":false},"excerpt":{"rendered":"<p>El s\u00e1bado 29 de junio, el Campus Ronda de Fundaci\u00f3n Unicaja 2024 volvi\u00f3 a abrir sus puertas para celebrar el primer turno de este verano. Los ni\u00f1os y ni\u00f1as empezaron a llegar a las instalaciones en torno a las 17:00 horas de la tarde y, con muchas ganas de empezar a pas\u00e1rselo bien, han podido [&hellip;]<\/p>\n","protected":false},"author":13,"featured_media":58140,"comment_status":"open","ping_status":"open","sticky":false,"template":"","format":"standard","meta":{"_acf_changed":false,"footnotes":""},"categories":[182,25],"tags":[185,177,15],"class_list":["post-58138","post","type-post","status-publish","format-standard","has-post-thumbnail","hentry","category-campus","category-ronda","tag-1o-turno","tag-campus-fundacion-unicaja","tag-campus-ronda"],"acf":[],"yoast_head":"<!-- This site is optimized with the Yoast SEO plugin v27.4 - https:\/\/yoast.com\/product\/yoast-seo-wordpress\/ -->\n<title>Arranca el Turno 1 de Campus Ronda 2024 - Campus Fundaci\u00f3n Unicaja<\/title>\n<meta name=\"robots\" content=\"index, follow, max-snippet:-1, max-image-preview:large, max-video-preview:-1\" \/>\n<link rel=\"canonical\" href=\"https:\/\/www.fundacionunicaja.com\/campus\/2024\/06\/30\/arranca-el-turno-1-de-campus-ronda-2024\/\" \/>\n<meta property=\"og:locale\" content=\"es_ES\" \/>\n<meta property=\"og:type\" content=\"article\" \/>\n<meta property=\"og:title\" content=\"Arranca el Turno 1 de Campus Ronda 2024 - Campus Fundaci\u00f3n Unicaja\" \/>\n<meta property=\"og:description\" content=\"El s\u00e1bado 29 de junio, el Campus Ronda de Fundaci\u00f3n Unicaja 2024 volvi\u00f3 a abrir sus puertas para celebrar el primer turno de este verano. Los ni\u00f1os y ni\u00f1as empezaron a llegar a las instalaciones en torno a las 17:00 horas de la tarde y, con muchas ganas de empezar a pas\u00e1rselo bien, han podido [&hellip;]\" \/>\n<meta property=\"og:url\" content=\"https:\/\/www.fundacionunicaja.com\/campus\/2024\/06\/30\/arranca-el-turno-1-de-campus-ronda-2024\/\" \/>\n<meta property=\"og:site_name\" content=\"Campus Fundaci\u00f3n Unicaja\" \/>\n<meta property=\"article:published_time\" content=\"2024-06-30T16:00:47+00:00\" \/>\n<meta property=\"article:modified_time\" content=\"2024-07-02T09:25:45+00:00\" \/>\n<meta property=\"og:image\" content=\"https:\/\/www.fundacionunicaja.com\/campus\/wp-content\/uploads\/sites\/2\/2024\/06\/1_70cl-1024x576.png\" \/>\n\t<meta property=\"og:image:width\" content=\"1024\" \/>\n\t<meta property=\"og:image:height\" content=\"576\" \/>\n\t<meta property=\"og:image:type\" content=\"image\/png\" \/>\n<meta name=\"author\" content=\"unicampus\" \/>\n<meta name=\"twitter:card\" content=\"summary_large_image\" \/>\n<meta name=\"twitter:label1\" content=\"Escrito por\" \/>\n\t<meta name=\"twitter:data1\" content=\"unicampus\" \/>\n\t<meta name=\"twitter:label2\" content=\"Tiempo de lectura\" \/>\n\t<meta name=\"twitter:data2\" content=\"1 minuto\" \/>\n<script type=\"application\/ld+json\" class=\"yoast-schema-graph\">{\"@context\":\"https:\\\/\\\/schema.org\",\"@graph\":[{\"@type\":\"Article\",\"@id\":\"https:\\\/\\\/www.fundacionunicaja.com\\\/campus\\\/2024\\\/06\\\/30\\\/arranca-el-turno-1-de-campus-ronda-2024\\\/#article\",\"isPartOf\":{\"@id\":\"https:\\\/\\\/www.fundacionunicaja.com\\\/campus\\\/2024\\\/06\\\/30\\\/arranca-el-turno-1-de-campus-ronda-2024\\\/\"},\"author\":{\"name\":\"unicampus\",\"@id\":\"https:\\\/\\\/www.fundacionunicaja.com\\\/campus\\\/#\\\/schema\\\/person\\\/0f25eed83aa1529127f97318b1b0dac2\"},\"headline\":\"Arranca el Turno 1 de Campus Ronda 2024\",\"datePublished\":\"2024-06-30T16:00:47+00:00\",\"dateModified\":\"2024-07-02T09:25:45+00:00\",\"mainEntityOfPage\":{\"@id\":\"https:\\\/\\\/www.fundacionunicaja.com\\\/campus\\\/2024\\\/06\\\/30\\\/arranca-el-turno-1-de-campus-ronda-2024\\\/\"},\"wordCount\":262,\"commentCount\":0,\"publisher\":{\"@id\":\"https:\\\/\\\/www.fundacionunicaja.com\\\/campus\\\/#organization\"},\"image\":{\"@id\":\"https:\\\/\\\/www.fundacionunicaja.com\\\/campus\\\/2024\\\/06\\\/30\\\/arranca-el-turno-1-de-campus-ronda-2024\\\/#primaryimage\"},\"thumbnailUrl\":\"https:\\\/\\\/www.fundacionunicaja.com\\\/campus\\\/wp-content\\\/uploads\\\/sites\\\/2\\\/2024\\\/06\\\/1_70cl.png\",\"keywords\":[\"1\u00ba turno\",\"Campus Fundaci\u00f3n Unicaja\",\"Campus Ronda\"],\"articleSection\":[\"CAMPUS\",\"Ronda\"],\"inLanguage\":\"es\",\"potentialAction\":[{\"@type\":\"CommentAction\",\"name\":\"Comment\",\"target\":[\"https:\\\/\\\/www.fundacionunicaja.com\\\/campus\\\/2024\\\/06\\\/30\\\/arranca-el-turno-1-de-campus-ronda-2024\\\/#respond\"]}]},{\"@type\":\"WebPage\",\"@id\":\"https:\\\/\\\/www.fundacionunicaja.com\\\/campus\\\/2024\\\/06\\\/30\\\/arranca-el-turno-1-de-campus-ronda-2024\\\/\",\"url\":\"https:\\\/\\\/www.fundacionunicaja.com\\\/campus\\\/2024\\\/06\\\/30\\\/arranca-el-turno-1-de-campus-ronda-2024\\\/\",\"name\":\"Arranca el Turno 1 de Campus Ronda 2024 - Campus Fundaci\u00f3n Unicaja\",\"isPartOf\":{\"@id\":\"https:\\\/\\\/www.fundacionunicaja.com\\\/campus\\\/#website\"},\"primaryImageOfPage\":{\"@id\":\"https:\\\/\\\/www.fundacionunicaja.com\\\/campus\\\/2024\\\/06\\\/30\\\/arranca-el-turno-1-de-campus-ronda-2024\\\/#primaryimage\"},\"image\":{\"@id\":\"https:\\\/\\\/www.fundacionunicaja.com\\\/campus\\\/2024\\\/06\\\/30\\\/arranca-el-turno-1-de-campus-ronda-2024\\\/#primaryimage\"},\"thumbnailUrl\":\"https:\\\/\\\/www.fundacionunicaja.com\\\/campus\\\/wp-content\\\/uploads\\\/sites\\\/2\\\/2024\\\/06\\\/1_70cl.png\",\"datePublished\":\"2024-06-30T16:00:47+00:00\",\"dateModified\":\"2024-07-02T09:25:45+00:00\",\"breadcrumb\":{\"@id\":\"https:\\\/\\\/www.fundacionunicaja.com\\\/campus\\\/2024\\\/06\\\/30\\\/arranca-el-turno-1-de-campus-ronda-2024\\\/#breadcrumb\"},\"inLanguage\":\"es\",\"potentialAction\":[{\"@type\":\"ReadAction\",\"target\":[\"https:\\\/\\\/www.fundacionunicaja.com\\\/campus\\\/2024\\\/06\\\/30\\\/arranca-el-turno-1-de-campus-ronda-2024\\\/\"]}]},{\"@type\":\"ImageObject\",\"inLanguage\":\"es\",\"@id\":\"https:\\\/\\\/www.fundacionunicaja.com\\\/campus\\\/2024\\\/06\\\/30\\\/arranca-el-turno-1-de-campus-ronda-2024\\\/#primaryimage\",\"url\":\"https:\\\/\\\/www.fundacionunicaja.com\\\/campus\\\/wp-content\\\/uploads\\\/sites\\\/2\\\/2024\\\/06\\\/1_70cl.png\",\"contentUrl\":\"https:\\\/\\\/www.fundacionunicaja.com\\\/campus\\\/wp-content\\\/uploads\\\/sites\\\/2\\\/2024\\\/06\\\/1_70cl.png\",\"width\":1920,\"height\":1080},{\"@type\":\"BreadcrumbList\",\"@id\":\"https:\\\/\\\/www.fundacionunicaja.com\\\/campus\\\/2024\\\/06\\\/30\\\/arranca-el-turno-1-de-campus-ronda-2024\\\/#breadcrumb\",\"itemListElement\":[{\"@type\":\"ListItem\",\"position\":1,\"name\":\"Portada\",\"item\":\"https:\\\/\\\/www.fundacionunicaja.com\\\/campus\\\/\"},{\"@type\":\"ListItem\",\"position\":2,\"name\":\"Arranca el Turno 1 de Campus Ronda 2024\"}]},{\"@type\":\"WebSite\",\"@id\":\"https:\\\/\\\/www.fundacionunicaja.com\\\/campus\\\/#website\",\"url\":\"https:\\\/\\\/www.fundacionunicaja.com\\\/campus\\\/\",\"name\":\"Campus Fundaci\u00f3n Unicaja\",\"description\":\"\",\"publisher\":{\"@id\":\"https:\\\/\\\/www.fundacionunicaja.com\\\/campus\\\/#organization\"},\"potentialAction\":[{\"@type\":\"SearchAction\",\"target\":{\"@type\":\"EntryPoint\",\"urlTemplate\":\"https:\\\/\\\/www.fundacionunicaja.com\\\/campus\\\/?s={search_term_string}\"},\"query-input\":{\"@type\":\"PropertyValueSpecification\",\"valueRequired\":true,\"valueName\":\"search_term_string\"}}],\"inLanguage\":\"es\"},{\"@type\":\"Organization\",\"@id\":\"https:\\\/\\\/www.fundacionunicaja.com\\\/campus\\\/#organization\",\"name\":\"Campus Fundaci\u00f3n Unicaja\",\"url\":\"https:\\\/\\\/www.fundacionunicaja.com\\\/campus\\\/\",\"logo\":{\"@type\":\"ImageObject\",\"inLanguage\":\"es\",\"@id\":\"https:\\\/\\\/www.fundacionunicaja.com\\\/campus\\\/#\\\/schema\\\/logo\\\/image\\\/\",\"url\":\"https:\\\/\\\/www.fundacionunicaja.com\\\/campus\\\/wp-content\\\/uploads\\\/sites\\\/2\\\/2025\\\/03\\\/LOGO_unicaja-1.png\",\"contentUrl\":\"https:\\\/\\\/www.fundacionunicaja.com\\\/campus\\\/wp-content\\\/uploads\\\/sites\\\/2\\\/2025\\\/03\\\/LOGO_unicaja-1.png\",\"width\":243,\"height\":69,\"caption\":\"Campus Fundaci\u00f3n Unicaja\"},\"image\":{\"@id\":\"https:\\\/\\\/www.fundacionunicaja.com\\\/campus\\\/#\\\/schema\\\/logo\\\/image\\\/\"}},{\"@type\":\"Person\",\"@id\":\"https:\\\/\\\/www.fundacionunicaja.com\\\/campus\\\/#\\\/schema\\\/person\\\/0f25eed83aa1529127f97318b1b0dac2\",\"name\":\"unicampus\",\"image\":{\"@type\":\"ImageObject\",\"inLanguage\":\"es\",\"@id\":\"https:\\\/\\\/secure.gravatar.com\\\/avatar\\\/9100a8e4fbc3ced738e01809e3f2b8479cd38d25f89ce42f8abdd64176cbade4?s=96&d=mm&r=g\",\"url\":\"https:\\\/\\\/secure.gravatar.com\\\/avatar\\\/9100a8e4fbc3ced738e01809e3f2b8479cd38d25f89ce42f8abdd64176cbade4?s=96&d=mm&r=g\",\"contentUrl\":\"https:\\\/\\\/secure.gravatar.com\\\/avatar\\\/9100a8e4fbc3ced738e01809e3f2b8479cd38d25f89ce42f8abdd64176cbade4?s=96&d=mm&r=g\",\"caption\":\"unicampus\"},\"url\":\"https:\\\/\\\/www.fundacionunicaja.com\\\/campus\\\/author\\\/unicampus\\\/\"}]}<\/script>\n<!-- \/ Yoast SEO plugin. -->","yoast_head_json":{"title":"Arranca el Turno 1 de Campus Ronda 2024 - Campus Fundaci\u00f3n Unicaja","robots":{"index":"index","follow":"follow","max-snippet":"max-snippet:-1","max-image-preview":"max-image-preview:large","max-video-preview":"max-video-preview:-1"},"canonical":"https:\/\/www.fundacionunicaja.com\/campus\/2024\/06\/30\/arranca-el-turno-1-de-campus-ronda-2024\/","og_locale":"es_ES","og_type":"article","og_title":"Arranca el Turno 1 de Campus Ronda 2024 - Campus Fundaci\u00f3n Unicaja","og_description":"El s\u00e1bado 29 de junio, el Campus Ronda de Fundaci\u00f3n Unicaja 2024 volvi\u00f3 a abrir sus puertas para celebrar el primer turno de este verano. Los ni\u00f1os y ni\u00f1as empezaron a llegar a las instalaciones en torno a las 17:00 horas de la tarde y, con muchas ganas de empezar a pas\u00e1rselo bien, han podido [&hellip;]","og_url":"https:\/\/www.fundacionunicaja.com\/campus\/2024\/06\/30\/arranca-el-turno-1-de-campus-ronda-2024\/","og_site_name":"Campus Fundaci\u00f3n Unicaja","article_published_time":"2024-06-30T16:00:47+00:00","article_modified_time":"2024-07-02T09:25:45+00:00","og_image":[{"width":1024,"height":576,"url":"https:\/\/www.fundacionunicaja.com\/campus\/wp-content\/uploads\/sites\/2\/2024\/06\/1_70cl-1024x576.png","type":"image\/png"}],"author":"unicampus","twitter_card":"summary_large_image","twitter_misc":{"Escrito por":"unicampus","Tiempo de lectura":"1 minuto"},"schema":{"@context":"https:\/\/schema.org","@graph":[{"@type":"Article","@id":"https:\/\/www.fundacionunicaja.com\/campus\/2024\/06\/30\/arranca-el-turno-1-de-campus-ronda-2024\/#article","isPartOf":{"@id":"https:\/\/www.fundacionunicaja.com\/campus\/2024\/06\/30\/arranca-el-turno-1-de-campus-ronda-2024\/"},"author":{"name":"unicampus","@id":"https:\/\/www.fundacionunicaja.com\/campus\/#\/schema\/person\/0f25eed83aa1529127f97318b1b0dac2"},"headline":"Arranca el Turno 1 de Campus Ronda 2024","datePublished":"2024-06-30T16:00:47+00:00","dateModified":"2024-07-02T09:25:45+00:00","mainEntityOfPage":{"@id":"https:\/\/www.fundacionunicaja.com\/campus\/2024\/06\/30\/arranca-el-turno-1-de-campus-ronda-2024\/"},"wordCount":262,"commentCount":0,"publisher":{"@id":"https:\/\/www.fundacionunicaja.com\/campus\/#organization"},"image":{"@id":"https:\/\/www.fundacionunicaja.com\/campus\/2024\/06\/30\/arranca-el-turno-1-de-campus-ronda-2024\/#primaryimage"},"thumbnailUrl":"https:\/\/www.fundacionunicaja.com\/campus\/wp-content\/uploads\/sites\/2\/2024\/06\/1_70cl.png","keywords":["1\u00ba turno","Campus Fundaci\u00f3n Unicaja","Campus Ronda"],"articleSection":["CAMPUS","Ronda"],"inLanguage":"es","potentialAction":[{"@type":"CommentAction","name":"Comment","target":["https:\/\/www.fundacionunicaja.com\/campus\/2024\/06\/30\/arranca-el-turno-1-de-campus-ronda-2024\/#respond"]}]},{"@type":"WebPage","@id":"https:\/\/www.fundacionunicaja.com\/campus\/2024\/06\/30\/arranca-el-turno-1-de-campus-ronda-2024\/","url":"https:\/\/www.fundacionunicaja.com\/campus\/2024\/06\/30\/arranca-el-turno-1-de-campus-ronda-2024\/","name":"Arranca el Turno 1 de Campus Ronda 2024 - Campus Fundaci\u00f3n Unicaja","isPartOf":{"@id":"https:\/\/www.fundacionunicaja.com\/campus\/#website"},"primaryImageOfPage":{"@id":"https:\/\/www.fundacionunicaja.com\/campus\/2024\/06\/30\/arranca-el-turno-1-de-campus-ronda-2024\/#primaryimage"},"image":{"@id":"https:\/\/www.fundacionunicaja.com\/campus\/2024\/06\/30\/arranca-el-turno-1-de-campus-ronda-2024\/#primaryimage"},"thumbnailUrl":"https:\/\/www.fundacionunicaja.com\/campus\/wp-content\/uploads\/sites\/2\/2024\/06\/1_70cl.png","datePublished":"2024-06-30T16:00:47+00:00","dateModified":"2024-07-02T09:25:45+00:00","breadcrumb":{"@id":"https:\/\/www.fundacionunicaja.com\/campus\/2024\/06\/30\/arranca-el-turno-1-de-campus-ronda-2024\/#breadcrumb"},"inLanguage":"es","potentialAction":[{"@type":"ReadAction","target":["https:\/\/www.fundacionunicaja.com\/campus\/2024\/06\/30\/arranca-el-turno-1-de-campus-ronda-2024\/"]}]},{"@type":"ImageObject","inLanguage":"es","@id":"https:\/\/www.fundacionunicaja.com\/campus\/2024\/06\/30\/arranca-el-turno-1-de-campus-ronda-2024\/#primaryimage","url":"https:\/\/www.fundacionunicaja.com\/campus\/wp-content\/uploads\/sites\/2\/2024\/06\/1_70cl.png","contentUrl":"https:\/\/www.fundacionunicaja.com\/campus\/wp-content\/uploads\/sites\/2\/2024\/06\/1_70cl.png","width":1920,"height":1080},{"@type":"BreadcrumbList","@id":"https:\/\/www.fundacionunicaja.com\/campus\/2024\/06\/30\/arranca-el-turno-1-de-campus-ronda-2024\/#breadcrumb","itemListElement":[{"@type":"ListItem","position":1,"name":"Portada","item":"https:\/\/www.fundacionunicaja.com\/campus\/"},{"@type":"ListItem","position":2,"name":"Arranca el Turno 1 de Campus Ronda 2024"}]},{"@type":"WebSite","@id":"https:\/\/www.fundacionunicaja.com\/campus\/#website","url":"https:\/\/www.fundacionunicaja.com\/campus\/","name":"Campus Fundaci\u00f3n Unicaja","description":"","publisher":{"@id":"https:\/\/www.fundacionunicaja.com\/campus\/#organization"},"potentialAction":[{"@type":"SearchAction","target":{"@type":"EntryPoint","urlTemplate":"https:\/\/www.fundacionunicaja.com\/campus\/?s={search_term_string}"},"query-input":{"@type":"PropertyValueSpecification","valueRequired":true,"valueName":"search_term_string"}}],"inLanguage":"es"},{"@type":"Organization","@id":"https:\/\/www.fundacionunicaja.com\/campus\/#organization","name":"Campus Fundaci\u00f3n Unicaja","url":"https:\/\/www.fundacionunicaja.com\/campus\/","logo":{"@type":"ImageObject","inLanguage":"es","@id":"https:\/\/www.fundacionunicaja.com\/campus\/#\/schema\/logo\/image\/","url":"https:\/\/www.fundacionunicaja.com\/campus\/wp-content\/uploads\/sites\/2\/2025\/03\/LOGO_unicaja-1.png","contentUrl":"https:\/\/www.fundacionunicaja.com\/campus\/wp-content\/uploads\/sites\/2\/2025\/03\/LOGO_unicaja-1.png","width":243,"height":69,"caption":"Campus Fundaci\u00f3n Unicaja"},"image":{"@id":"https:\/\/www.fundacionunicaja.com\/campus\/#\/schema\/logo\/image\/"}},{"@type":"Person","@id":"https:\/\/www.fundacionunicaja.com\/campus\/#\/schema\/person\/0f25eed83aa1529127f97318b1b0dac2","name":"unicampus","image":{"@type":"ImageObject","inLanguage":"es","@id":"https:\/\/secure.gravatar.com\/avatar\/9100a8e4fbc3ced738e01809e3f2b8479cd38d25f89ce42f8abdd64176cbade4?s=96&d=mm&r=g","url":"https:\/\/secure.gravatar.com\/avatar\/9100a8e4fbc3ced738e01809e3f2b8479cd38d25f89ce42f8abdd64176cbade4?s=96&d=mm&r=g","contentUrl":"https:\/\/secure.gravatar.com\/avatar\/9100a8e4fbc3ced738e01809e3f2b8479cd38d25f89ce42f8abdd64176cbade4?s=96&d=mm&r=g","caption":"unicampus"},"url":"https:\/\/www.fundacionunicaja.com\/campus\/author\/unicampus\/"}]}},"_links":{"self":[{"href":"https:\/\/www.fundacionunicaja.com\/campus\/wp-json\/wp\/v2\/posts\/58138","targetHints":{"allow":["GET"]}}],"collection":[{"href":"https:\/\/www.fundacionunicaja.com\/campus\/wp-json\/wp\/v2\/posts"}],"about":[{"href":"https:\/\/www.fundacionunicaja.com\/campus\/wp-json\/wp\/v2\/types\/post"}],"author":[{"embeddable":true,"href":"https:\/\/www.fundacionunicaja.com\/campus\/wp-json\/wp\/v2\/users\/13"}],"replies":[{"embeddable":true,"href":"https:\/\/www.fundacionunicaja.com\/campus\/wp-json\/wp\/v2\/comments?post=58138"}],"version-history":[{"count":4,"href":"https:\/\/www.fundacionunicaja.com\/campus\/wp-json\/wp\/v2\/posts\/58138\/revisions"}],"predecessor-version":[{"id":58153,"href":"https:\/\/www.fundacionunicaja.com\/campus\/wp-json\/wp\/v2\/posts\/58138\/revisions\/58153"}],"wp:featuredmedia":[{"embeddable":true,"href":"https:\/\/www.fundacionunicaja.com\/campus\/wp-json\/wp\/v2\/media\/58140"}],"wp:attachment":[{"href":"https:\/\/www.fundacionunicaja.com\/campus\/wp-json\/wp\/v2\/media?parent=58138"}],"wp:term":[{"taxonomy":"category","embeddable":true,"href":"https:\/\/www.fundacionunicaja.com\/campus\/wp-json\/wp\/v2\/categories?post=58138"},{"taxonomy":"post_tag","embeddable":true,"href":"https:\/\/www.fundacionunicaja.com\/campus\/wp-json\/wp\/v2\/tags?post=58138"}],"curies":[{"name":"wp","href":"https:\/\/api.w.org\/{rel}","templated":true}]}}