{"id":58114,"date":"2024-06-24T12:53:21","date_gmt":"2024-06-24T10:53:21","guid":{"rendered":"https:\/\/www.fundacionunicaja.com\/?p=58114"},"modified":"2024-06-24T12:53:21","modified_gmt":"2024-06-24T10:53:21","slug":"comienza-la-temporada-de-verano-de-los-campus-de-la-fundacion-unicaja-2","status":"publish","type":"post","link":"https:\/\/www.fundacionunicaja.com\/campus\/2024\/06\/24\/comienza-la-temporada-de-verano-de-los-campus-de-la-fundacion-unicaja-2\/","title":{"rendered":"Comienza la temporada de verano de los Campus de la Fundaci\u00f3n Unicaja"},"content":{"rendered":"\t\t<div data-elementor-type=\"wp-post\" data-elementor-id=\"58114\" class=\"elementor elementor-58114\" data-elementor-post-type=\"post\">\n\t\t\t\t<div class=\"elementor-element elementor-element-2f5edc0e e-flex e-con-boxed e-con e-parent\" data-id=\"2f5edc0e\" data-element_type=\"container\" data-e-type=\"container\">\n\t\t\t\t\t<div class=\"e-con-inner\">\n\t\t\t\t<div class=\"elementor-element elementor-element-419626b0 elementor-widget elementor-widget-text-editor\" data-id=\"419626b0\" data-element_type=\"widget\" data-e-type=\"widget\" data-widget_type=\"text-editor.default\">\n\t\t\t\t<div class=\"elementor-widget-container\">\n\t\t\t\t\t\t\t\t\t<p>Los <strong>Campus Fundaci\u00f3n Unicaja 2024<\/strong> han comenzado hoy con la llegada de los participantes del primer turno del <strong>Campus Sabinillas<\/strong>, que inaugura la temporada de los cinco campamentos estivales de la instituci\u00f3n. M\u00e1s de 500 j\u00f3venes con edades comprendidas entre los 7 y 16 a\u00f1os est\u00e1n disfrutando ya de una experiencia de convivencia basada en el ocio, el tiempo libre y el contacto con el mar. Este a\u00f1o este Campus se ampl\u00eda adem\u00e1s hasta el 31 de agosto con un s\u00e9ptimo turno.<\/p><p>\u00a0<\/p><p>El pr\u00f3ximo 29 de junio comenzar\u00e1n tambi\u00e9n el <strong>Campus Ronda<\/strong> y el <strong>Campus Baloncesto<\/strong>. En el primer turno del cl\u00e1sico campamento en Las Delicias, que este a\u00f1o contar\u00e1 con un quinto turno finalizando el 3 de agosto, participando 330 j\u00f3venes, mientras que 300 asistir\u00e1n al campamento dedicado al baloncesto que se celebra en la Residencia Escolar Andaluc\u00eda de la capital malague\u00f1a. As\u00ed, contando con los participantes del Campus Sabinillas, m\u00e1s de un millar de j\u00f3venes disfrutar\u00e1n de estas jornadas l\u00fadicas en los pr\u00f3ximos d\u00edas en tres puntos diferentes de la provincia de M\u00e1laga.<\/p><p>\u00a0<\/p><p>En el mes de julio arrancar\u00e1 el <strong>Campus N\u00e1utico<\/strong>, que se desarrollar\u00e1 en dos turnos del 27 de julio al 10 de agosto en Coto de la Isleta en El Puerto de Santa Mar\u00eda (C\u00e1diz). En \u00e9l los participantes podr\u00e1n practicar todo tipo de deportes n\u00e1uticos como surf, vela, p\u00e1del-surf y paseos en lancha a motor. Finalmente, en el mes de agosto tendr\u00e1 lugar el <strong>English Camp<\/strong>, que se celebrar\u00e1 en dos turnos del 4 al 18 de agosto, y en el que los participantes perfeccionar\u00e1n su nivel de ingl\u00e9s con profesores nativos a trav\u00e9s de todo tipo de actividades l\u00fadicas.<\/p><p>\u00a0<\/p><p>Como novedad este a\u00f1o se har\u00e1 part\u00edcipes a los menores de la iniciativa<strong> \u2018Un ni\u00f1@, un \u00e1rbol\u2019<\/strong>, que plantar\u00e1 un \u00e1rbol en los municipios donde se desarrollan los Campus por cada uno de sus inscritos. Asimismo, y durante todo el verano, se llevar\u00e1n a cabo actividades relacionadas con el deporte, el ocio y el tiempo libre como veladas, escape room, bailes, realidad virtual, talleres de reciclaje, patinetes el\u00e9ctricos, y nuevos deportes como touchball, orientaci\u00f3n, footbasket, pickleball y multivoley, entre otras muchas.<\/p><p>\u00a0<\/p><p>Los <strong>Campus Fundaci\u00f3n Unicaja<\/strong> son una de las actividades m\u00e1s representativas del compromiso de la instituci\u00f3n con la educaci\u00f3n integral de la infancia y la juventud. Cada a\u00f1o incluyen nuevas propuestas de ocio, que adem\u00e1s est\u00e1n en consonancia con los Objetivos de Desarrollo Sostenible (ODS), presentes tanto en el dise\u00f1o de la programaci\u00f3n de cada campamento como en los procesos de gesti\u00f3n y actividades.<\/p><p>\u00a0<\/p><p>Un total de 6.500 j\u00f3venes podr\u00e1n disfrutar este a\u00f1o de la oferta estival de los Campus Fundaci\u00f3n Unicaja a trav\u00e9s de sus cinco campamentos: Sabinillas, Ronda, Baloncesto (M\u00e1laga), N\u00e1utico (El Puerto de Santa Mar\u00eda) y English Camp (Ronda). Y a los miles de j\u00f3venes que pasar\u00e1n por ellos hay que sumar el centenar que ya disfrutaron en febrero de la oferta del Campus Nieve en Sierra Nevada (Granada).<\/p>\t\t\t\t\t\t\t\t<\/div>\n\t\t\t\t<\/div>\n\t\t\t\t\t<\/div>\n\t\t\t\t<\/div>\n\t\t<div class=\"elementor-element elementor-element-329064a e-flex e-con-boxed e-con e-parent\" data-id=\"329064a\" data-element_type=\"container\" data-e-type=\"container\">\n\t\t\t\t\t<div class=\"e-con-inner\">\n\t\t\t\t\t<\/div>\n\t\t\t\t<\/div>\n\t\t\t\t<\/div>\n\t\t","protected":false},"excerpt":{"rendered":"<p>Los Campus Fundaci\u00f3n Unicaja 2024 han comenzado hoy con la llegada de los participantes del primer turno del Campus Sabinillas, que inaugura la temporada de los cinco campamentos estivales de la instituci\u00f3n. M\u00e1s de 500 j\u00f3venes con edades comprendidas entre los 7 y 16 a\u00f1os est\u00e1n disfrutando ya de una experiencia de convivencia basada en [&hellip;]<\/p>\n","protected":false},"author":1,"featured_media":58089,"comment_status":"closed","ping_status":"open","sticky":false,"template":"","format":"standard","meta":{"_acf_changed":false,"footnotes":""},"categories":[182],"tags":[155,177,136,15,16,170,183,20,184,29],"class_list":["post-58114","post","type-post","status-publish","format-standard","has-post-thumbnail","hentry","category-campus","tag-campus-baloncesto","tag-campus-fundacion-unicaja","tag-campus-nautico-2","tag-campus-ronda","tag-campus-sabinillas","tag-diversion","tag-educacion","tag-english-camp","tag-ocio","tag-verano"],"acf":[],"yoast_head":"<!-- This site is optimized with the Yoast SEO plugin v27.4 - https:\/\/yoast.com\/product\/yoast-seo-wordpress\/ -->\n<title>Comienza la temporada de verano de los Campus de la Fundaci\u00f3n Unicaja - Campus Fundaci\u00f3n Unicaja<\/title>\n<meta name=\"robots\" content=\"index, follow, max-snippet:-1, max-image-preview:large, max-video-preview:-1\" \/>\n<link rel=\"canonical\" href=\"https:\/\/www.fundacionunicaja.com\/campus\/2024\/06\/24\/comienza-la-temporada-de-verano-de-los-campus-de-la-fundacion-unicaja-2\/\" \/>\n<meta property=\"og:locale\" content=\"es_ES\" \/>\n<meta property=\"og:type\" content=\"article\" \/>\n<meta property=\"og:title\" content=\"Comienza la temporada de verano de los Campus de la Fundaci\u00f3n Unicaja - Campus Fundaci\u00f3n Unicaja\" \/>\n<meta property=\"og:description\" content=\"Los Campus Fundaci\u00f3n Unicaja 2024 han comenzado hoy con la llegada de los participantes del primer turno del Campus Sabinillas, que inaugura la temporada de los cinco campamentos estivales de la instituci\u00f3n. M\u00e1s de 500 j\u00f3venes con edades comprendidas entre los 7 y 16 a\u00f1os est\u00e1n disfrutando ya de una experiencia de convivencia basada en [&hellip;]\" \/>\n<meta property=\"og:url\" content=\"https:\/\/www.fundacionunicaja.com\/campus\/2024\/06\/24\/comienza-la-temporada-de-verano-de-los-campus-de-la-fundacion-unicaja-2\/\" \/>\n<meta property=\"og:site_name\" content=\"Campus Fundaci\u00f3n Unicaja\" \/>\n<meta property=\"article:published_time\" content=\"2024-06-24T10:53:21+00:00\" \/>\n<meta property=\"og:image\" content=\"https:\/\/www.fundacionunicaja.com\/campus\/wp-content\/uploads\/sites\/2\/2024\/06\/DSC01971-scaled-e1719228475757.jpg\" \/>\n\t<meta property=\"og:image:width\" content=\"2560\" \/>\n\t<meta property=\"og:image:height\" content=\"1177\" \/>\n\t<meta property=\"og:image:type\" content=\"image\/jpeg\" \/>\n<meta name=\"author\" content=\"admin\" \/>\n<meta name=\"twitter:card\" content=\"summary_large_image\" \/>\n<meta name=\"twitter:label1\" content=\"Escrito por\" \/>\n\t<meta name=\"twitter:data1\" content=\"admin\" \/>\n\t<meta name=\"twitter:label2\" content=\"Tiempo de lectura\" \/>\n\t<meta name=\"twitter:data2\" content=\"4 minutos\" \/>\n<script type=\"application\/ld+json\" class=\"yoast-schema-graph\">{\"@context\":\"https:\\\/\\\/schema.org\",\"@graph\":[{\"@type\":\"Article\",\"@id\":\"https:\\\/\\\/www.fundacionunicaja.com\\\/campus\\\/2024\\\/06\\\/24\\\/comienza-la-temporada-de-verano-de-los-campus-de-la-fundacion-unicaja-2\\\/#article\",\"isPartOf\":{\"@id\":\"https:\\\/\\\/www.fundacionunicaja.com\\\/campus\\\/2024\\\/06\\\/24\\\/comienza-la-temporada-de-verano-de-los-campus-de-la-fundacion-unicaja-2\\\/\"},\"author\":{\"name\":\"admin\",\"@id\":\"https:\\\/\\\/www.fundacionunicaja.com\\\/campus\\\/#\\\/schema\\\/person\\\/16c011016170405833b64248beaca4c1\"},\"headline\":\"Comienza la temporada de verano de los Campus de la Fundaci\u00f3n Unicaja\",\"datePublished\":\"2024-06-24T10:53:21+00:00\",\"mainEntityOfPage\":{\"@id\":\"https:\\\/\\\/www.fundacionunicaja.com\\\/campus\\\/2024\\\/06\\\/24\\\/comienza-la-temporada-de-verano-de-los-campus-de-la-fundacion-unicaja-2\\\/\"},\"wordCount\":549,\"publisher\":{\"@id\":\"https:\\\/\\\/www.fundacionunicaja.com\\\/campus\\\/#organization\"},\"image\":{\"@id\":\"https:\\\/\\\/www.fundacionunicaja.com\\\/campus\\\/2024\\\/06\\\/24\\\/comienza-la-temporada-de-verano-de-los-campus-de-la-fundacion-unicaja-2\\\/#primaryimage\"},\"thumbnailUrl\":\"https:\\\/\\\/www.fundacionunicaja.com\\\/campus\\\/wp-content\\\/uploads\\\/sites\\\/2\\\/2024\\\/06\\\/DSC01971-scaled-e1719228475757.jpg\",\"keywords\":[\"Campus Baloncesto\",\"Campus Fundaci\u00f3n Unicaja\",\"campus nautico\",\"Campus Ronda\",\"Campus Sabinillas\",\"Diversi\u00f3n\",\"educaci\u00f3n\",\"English Camp\",\"ocio\",\"verano\"],\"articleSection\":[\"CAMPUS\"],\"inLanguage\":\"es\"},{\"@type\":\"WebPage\",\"@id\":\"https:\\\/\\\/www.fundacionunicaja.com\\\/campus\\\/2024\\\/06\\\/24\\\/comienza-la-temporada-de-verano-de-los-campus-de-la-fundacion-unicaja-2\\\/\",\"url\":\"https:\\\/\\\/www.fundacionunicaja.com\\\/campus\\\/2024\\\/06\\\/24\\\/comienza-la-temporada-de-verano-de-los-campus-de-la-fundacion-unicaja-2\\\/\",\"name\":\"Comienza la temporada de verano de los Campus de la Fundaci\u00f3n Unicaja - Campus Fundaci\u00f3n Unicaja\",\"isPartOf\":{\"@id\":\"https:\\\/\\\/www.fundacionunicaja.com\\\/campus\\\/#website\"},\"primaryImageOfPage\":{\"@id\":\"https:\\\/\\\/www.fundacionunicaja.com\\\/campus\\\/2024\\\/06\\\/24\\\/comienza-la-temporada-de-verano-de-los-campus-de-la-fundacion-unicaja-2\\\/#primaryimage\"},\"image\":{\"@id\":\"https:\\\/\\\/www.fundacionunicaja.com\\\/campus\\\/2024\\\/06\\\/24\\\/comienza-la-temporada-de-verano-de-los-campus-de-la-fundacion-unicaja-2\\\/#primaryimage\"},\"thumbnailUrl\":\"https:\\\/\\\/www.fundacionunicaja.com\\\/campus\\\/wp-content\\\/uploads\\\/sites\\\/2\\\/2024\\\/06\\\/DSC01971-scaled-e1719228475757.jpg\",\"datePublished\":\"2024-06-24T10:53:21+00:00\",\"breadcrumb\":{\"@id\":\"https:\\\/\\\/www.fundacionunicaja.com\\\/campus\\\/2024\\\/06\\\/24\\\/comienza-la-temporada-de-verano-de-los-campus-de-la-fundacion-unicaja-2\\\/#breadcrumb\"},\"inLanguage\":\"es\",\"potentialAction\":[{\"@type\":\"ReadAction\",\"target\":[\"https:\\\/\\\/www.fundacionunicaja.com\\\/campus\\\/2024\\\/06\\\/24\\\/comienza-la-temporada-de-verano-de-los-campus-de-la-fundacion-unicaja-2\\\/\"]}]},{\"@type\":\"ImageObject\",\"inLanguage\":\"es\",\"@id\":\"https:\\\/\\\/www.fundacionunicaja.com\\\/campus\\\/2024\\\/06\\\/24\\\/comienza-la-temporada-de-verano-de-los-campus-de-la-fundacion-unicaja-2\\\/#primaryimage\",\"url\":\"https:\\\/\\\/www.fundacionunicaja.com\\\/campus\\\/wp-content\\\/uploads\\\/sites\\\/2\\\/2024\\\/06\\\/DSC01971-scaled-e1719228475757.jpg\",\"contentUrl\":\"https:\\\/\\\/www.fundacionunicaja.com\\\/campus\\\/wp-content\\\/uploads\\\/sites\\\/2\\\/2024\\\/06\\\/DSC01971-scaled-e1719228475757.jpg\",\"width\":2560,\"height\":1177},{\"@type\":\"BreadcrumbList\",\"@id\":\"https:\\\/\\\/www.fundacionunicaja.com\\\/campus\\\/2024\\\/06\\\/24\\\/comienza-la-temporada-de-verano-de-los-campus-de-la-fundacion-unicaja-2\\\/#breadcrumb\",\"itemListElement\":[{\"@type\":\"ListItem\",\"position\":1,\"name\":\"Portada\",\"item\":\"https:\\\/\\\/www.fundacionunicaja.com\\\/campus\\\/\"},{\"@type\":\"ListItem\",\"position\":2,\"name\":\"Comienza la temporada de verano de los Campus de la Fundaci\u00f3n Unicaja\"}]},{\"@type\":\"WebSite\",\"@id\":\"https:\\\/\\\/www.fundacionunicaja.com\\\/campus\\\/#website\",\"url\":\"https:\\\/\\\/www.fundacionunicaja.com\\\/campus\\\/\",\"name\":\"Campus Fundaci\u00f3n Unicaja\",\"description\":\"\",\"publisher\":{\"@id\":\"https:\\\/\\\/www.fundacionunicaja.com\\\/campus\\\/#organization\"},\"potentialAction\":[{\"@type\":\"SearchAction\",\"target\":{\"@type\":\"EntryPoint\",\"urlTemplate\":\"https:\\\/\\\/www.fundacionunicaja.com\\\/campus\\\/?s={search_term_string}\"},\"query-input\":{\"@type\":\"PropertyValueSpecification\",\"valueRequired\":true,\"valueName\":\"search_term_string\"}}],\"inLanguage\":\"es\"},{\"@type\":\"Organization\",\"@id\":\"https:\\\/\\\/www.fundacionunicaja.com\\\/campus\\\/#organization\",\"name\":\"Campus Fundaci\u00f3n Unicaja\",\"url\":\"https:\\\/\\\/www.fundacionunicaja.com\\\/campus\\\/\",\"logo\":{\"@type\":\"ImageObject\",\"inLanguage\":\"es\",\"@id\":\"https:\\\/\\\/www.fundacionunicaja.com\\\/campus\\\/#\\\/schema\\\/logo\\\/image\\\/\",\"url\":\"https:\\\/\\\/www.fundacionunicaja.com\\\/campus\\\/wp-content\\\/uploads\\\/sites\\\/2\\\/2025\\\/03\\\/LOGO_unicaja-1.png\",\"contentUrl\":\"https:\\\/\\\/www.fundacionunicaja.com\\\/campus\\\/wp-content\\\/uploads\\\/sites\\\/2\\\/2025\\\/03\\\/LOGO_unicaja-1.png\",\"width\":243,\"height\":69,\"caption\":\"Campus Fundaci\u00f3n Unicaja\"},\"image\":{\"@id\":\"https:\\\/\\\/www.fundacionunicaja.com\\\/campus\\\/#\\\/schema\\\/logo\\\/image\\\/\"}},{\"@type\":\"Person\",\"@id\":\"https:\\\/\\\/www.fundacionunicaja.com\\\/campus\\\/#\\\/schema\\\/person\\\/16c011016170405833b64248beaca4c1\",\"name\":\"admin\",\"image\":{\"@type\":\"ImageObject\",\"inLanguage\":\"es\",\"@id\":\"https:\\\/\\\/secure.gravatar.com\\\/avatar\\\/53fe2ed3b30640367a30f4b4978313b87fe50c8c5859f22378ec2886d080b954?s=96&d=mm&r=g\",\"url\":\"https:\\\/\\\/secure.gravatar.com\\\/avatar\\\/53fe2ed3b30640367a30f4b4978313b87fe50c8c5859f22378ec2886d080b954?s=96&d=mm&r=g\",\"contentUrl\":\"https:\\\/\\\/secure.gravatar.com\\\/avatar\\\/53fe2ed3b30640367a30f4b4978313b87fe50c8c5859f22378ec2886d080b954?s=96&d=mm&r=g\",\"caption\":\"admin\"},\"sameAs\":[\"https:\\\/\\\/www.fundacionunicaja.com\\\/\"],\"url\":\"https:\\\/\\\/www.fundacionunicaja.com\\\/campus\\\/author\\\/admin\\\/\"}]}<\/script>\n<!-- \/ Yoast SEO plugin. -->","yoast_head_json":{"title":"Comienza la temporada de verano de los Campus de la Fundaci\u00f3n Unicaja - Campus Fundaci\u00f3n Unicaja","robots":{"index":"index","follow":"follow","max-snippet":"max-snippet:-1","max-image-preview":"max-image-preview:large","max-video-preview":"max-video-preview:-1"},"canonical":"https:\/\/www.fundacionunicaja.com\/campus\/2024\/06\/24\/comienza-la-temporada-de-verano-de-los-campus-de-la-fundacion-unicaja-2\/","og_locale":"es_ES","og_type":"article","og_title":"Comienza la temporada de verano de los Campus de la Fundaci\u00f3n Unicaja - Campus Fundaci\u00f3n Unicaja","og_description":"Los Campus Fundaci\u00f3n Unicaja 2024 han comenzado hoy con la llegada de los participantes del primer turno del Campus Sabinillas, que inaugura la temporada de los cinco campamentos estivales de la instituci\u00f3n. M\u00e1s de 500 j\u00f3venes con edades comprendidas entre los 7 y 16 a\u00f1os est\u00e1n disfrutando ya de una experiencia de convivencia basada en [&hellip;]","og_url":"https:\/\/www.fundacionunicaja.com\/campus\/2024\/06\/24\/comienza-la-temporada-de-verano-de-los-campus-de-la-fundacion-unicaja-2\/","og_site_name":"Campus Fundaci\u00f3n Unicaja","article_published_time":"2024-06-24T10:53:21+00:00","og_image":[{"width":2560,"height":1177,"url":"https:\/\/www.fundacionunicaja.com\/campus\/wp-content\/uploads\/sites\/2\/2024\/06\/DSC01971-scaled-e1719228475757.jpg","type":"image\/jpeg"}],"author":"admin","twitter_card":"summary_large_image","twitter_misc":{"Escrito por":"admin","Tiempo de lectura":"4 minutos"},"schema":{"@context":"https:\/\/schema.org","@graph":[{"@type":"Article","@id":"https:\/\/www.fundacionunicaja.com\/campus\/2024\/06\/24\/comienza-la-temporada-de-verano-de-los-campus-de-la-fundacion-unicaja-2\/#article","isPartOf":{"@id":"https:\/\/www.fundacionunicaja.com\/campus\/2024\/06\/24\/comienza-la-temporada-de-verano-de-los-campus-de-la-fundacion-unicaja-2\/"},"author":{"name":"admin","@id":"https:\/\/www.fundacionunicaja.com\/campus\/#\/schema\/person\/16c011016170405833b64248beaca4c1"},"headline":"Comienza la temporada de verano de los Campus de la Fundaci\u00f3n Unicaja","datePublished":"2024-06-24T10:53:21+00:00","mainEntityOfPage":{"@id":"https:\/\/www.fundacionunicaja.com\/campus\/2024\/06\/24\/comienza-la-temporada-de-verano-de-los-campus-de-la-fundacion-unicaja-2\/"},"wordCount":549,"publisher":{"@id":"https:\/\/www.fundacionunicaja.com\/campus\/#organization"},"image":{"@id":"https:\/\/www.fundacionunicaja.com\/campus\/2024\/06\/24\/comienza-la-temporada-de-verano-de-los-campus-de-la-fundacion-unicaja-2\/#primaryimage"},"thumbnailUrl":"https:\/\/www.fundacionunicaja.com\/campus\/wp-content\/uploads\/sites\/2\/2024\/06\/DSC01971-scaled-e1719228475757.jpg","keywords":["Campus Baloncesto","Campus Fundaci\u00f3n Unicaja","campus nautico","Campus Ronda","Campus Sabinillas","Diversi\u00f3n","educaci\u00f3n","English Camp","ocio","verano"],"articleSection":["CAMPUS"],"inLanguage":"es"},{"@type":"WebPage","@id":"https:\/\/www.fundacionunicaja.com\/campus\/2024\/06\/24\/comienza-la-temporada-de-verano-de-los-campus-de-la-fundacion-unicaja-2\/","url":"https:\/\/www.fundacionunicaja.com\/campus\/2024\/06\/24\/comienza-la-temporada-de-verano-de-los-campus-de-la-fundacion-unicaja-2\/","name":"Comienza la temporada de verano de los Campus de la Fundaci\u00f3n Unicaja - Campus Fundaci\u00f3n Unicaja","isPartOf":{"@id":"https:\/\/www.fundacionunicaja.com\/campus\/#website"},"primaryImageOfPage":{"@id":"https:\/\/www.fundacionunicaja.com\/campus\/2024\/06\/24\/comienza-la-temporada-de-verano-de-los-campus-de-la-fundacion-unicaja-2\/#primaryimage"},"image":{"@id":"https:\/\/www.fundacionunicaja.com\/campus\/2024\/06\/24\/comienza-la-temporada-de-verano-de-los-campus-de-la-fundacion-unicaja-2\/#primaryimage"},"thumbnailUrl":"https:\/\/www.fundacionunicaja.com\/campus\/wp-content\/uploads\/sites\/2\/2024\/06\/DSC01971-scaled-e1719228475757.jpg","datePublished":"2024-06-24T10:53:21+00:00","breadcrumb":{"@id":"https:\/\/www.fundacionunicaja.com\/campus\/2024\/06\/24\/comienza-la-temporada-de-verano-de-los-campus-de-la-fundacion-unicaja-2\/#breadcrumb"},"inLanguage":"es","potentialAction":[{"@type":"ReadAction","target":["https:\/\/www.fundacionunicaja.com\/campus\/2024\/06\/24\/comienza-la-temporada-de-verano-de-los-campus-de-la-fundacion-unicaja-2\/"]}]},{"@type":"ImageObject","inLanguage":"es","@id":"https:\/\/www.fundacionunicaja.com\/campus\/2024\/06\/24\/comienza-la-temporada-de-verano-de-los-campus-de-la-fundacion-unicaja-2\/#primaryimage","url":"https:\/\/www.fundacionunicaja.com\/campus\/wp-content\/uploads\/sites\/2\/2024\/06\/DSC01971-scaled-e1719228475757.jpg","contentUrl":"https:\/\/www.fundacionunicaja.com\/campus\/wp-content\/uploads\/sites\/2\/2024\/06\/DSC01971-scaled-e1719228475757.jpg","width":2560,"height":1177},{"@type":"BreadcrumbList","@id":"https:\/\/www.fundacionunicaja.com\/campus\/2024\/06\/24\/comienza-la-temporada-de-verano-de-los-campus-de-la-fundacion-unicaja-2\/#breadcrumb","itemListElement":[{"@type":"ListItem","position":1,"name":"Portada","item":"https:\/\/www.fundacionunicaja.com\/campus\/"},{"@type":"ListItem","position":2,"name":"Comienza la temporada de verano de los Campus de la Fundaci\u00f3n Unicaja"}]},{"@type":"WebSite","@id":"https:\/\/www.fundacionunicaja.com\/campus\/#website","url":"https:\/\/www.fundacionunicaja.com\/campus\/","name":"Campus Fundaci\u00f3n Unicaja","description":"","publisher":{"@id":"https:\/\/www.fundacionunicaja.com\/campus\/#organization"},"potentialAction":[{"@type":"SearchAction","target":{"@type":"EntryPoint","urlTemplate":"https:\/\/www.fundacionunicaja.com\/campus\/?s={search_term_string}"},"query-input":{"@type":"PropertyValueSpecification","valueRequired":true,"valueName":"search_term_string"}}],"inLanguage":"es"},{"@type":"Organization","@id":"https:\/\/www.fundacionunicaja.com\/campus\/#organization","name":"Campus Fundaci\u00f3n Unicaja","url":"https:\/\/www.fundacionunicaja.com\/campus\/","logo":{"@type":"ImageObject","inLanguage":"es","@id":"https:\/\/www.fundacionunicaja.com\/campus\/#\/schema\/logo\/image\/","url":"https:\/\/www.fundacionunicaja.com\/campus\/wp-content\/uploads\/sites\/2\/2025\/03\/LOGO_unicaja-1.png","contentUrl":"https:\/\/www.fundacionunicaja.com\/campus\/wp-content\/uploads\/sites\/2\/2025\/03\/LOGO_unicaja-1.png","width":243,"height":69,"caption":"Campus Fundaci\u00f3n Unicaja"},"image":{"@id":"https:\/\/www.fundacionunicaja.com\/campus\/#\/schema\/logo\/image\/"}},{"@type":"Person","@id":"https:\/\/www.fundacionunicaja.com\/campus\/#\/schema\/person\/16c011016170405833b64248beaca4c1","name":"admin","image":{"@type":"ImageObject","inLanguage":"es","@id":"https:\/\/secure.gravatar.com\/avatar\/53fe2ed3b30640367a30f4b4978313b87fe50c8c5859f22378ec2886d080b954?s=96&d=mm&r=g","url":"https:\/\/secure.gravatar.com\/avatar\/53fe2ed3b30640367a30f4b4978313b87fe50c8c5859f22378ec2886d080b954?s=96&d=mm&r=g","contentUrl":"https:\/\/secure.gravatar.com\/avatar\/53fe2ed3b30640367a30f4b4978313b87fe50c8c5859f22378ec2886d080b954?s=96&d=mm&r=g","caption":"admin"},"sameAs":["https:\/\/www.fundacionunicaja.com\/"],"url":"https:\/\/www.fundacionunicaja.com\/campus\/author\/admin\/"}]}},"_links":{"self":[{"href":"https:\/\/www.fundacionunicaja.com\/campus\/wp-json\/wp\/v2\/posts\/58114","targetHints":{"allow":["GET"]}}],"collection":[{"href":"https:\/\/www.fundacionunicaja.com\/campus\/wp-json\/wp\/v2\/posts"}],"about":[{"href":"https:\/\/www.fundacionunicaja.com\/campus\/wp-json\/wp\/v2\/types\/post"}],"author":[{"embeddable":true,"href":"https:\/\/www.fundacionunicaja.com\/campus\/wp-json\/wp\/v2\/users\/1"}],"replies":[{"embeddable":true,"href":"https:\/\/www.fundacionunicaja.com\/campus\/wp-json\/wp\/v2\/comments?post=58114"}],"version-history":[{"count":0,"href":"https:\/\/www.fundacionunicaja.com\/campus\/wp-json\/wp\/v2\/posts\/58114\/revisions"}],"wp:featuredmedia":[{"embeddable":true,"href":"https:\/\/www.fundacionunicaja.com\/campus\/wp-json\/wp\/v2\/media\/58089"}],"wp:attachment":[{"href":"https:\/\/www.fundacionunicaja.com\/campus\/wp-json\/wp\/v2\/media?parent=58114"}],"wp:term":[{"taxonomy":"category","embeddable":true,"href":"https:\/\/www.fundacionunicaja.com\/campus\/wp-json\/wp\/v2\/categories?post=58114"},{"taxonomy":"post_tag","embeddable":true,"href":"https:\/\/www.fundacionunicaja.com\/campus\/wp-json\/wp\/v2\/tags?post=58114"}],"curies":[{"name":"wp","href":"https:\/\/api.w.org\/{rel}","templated":true}]}}