{"id":54577,"date":"2023-07-29T11:20:59","date_gmt":"2023-07-29T11:20:59","guid":{"rendered":"https:\/\/fundacionunicaja.oletecnologia.com\/?p=6088"},"modified":"2023-07-29T11:20:59","modified_gmt":"2023-07-29T11:20:59","slug":"el-cuarto-y-ultimo-de-campus-baloncesto-2023-termina-por-todo-lo-alto","status":"publish","type":"post","link":"https:\/\/www.fundacionunicaja.com\/campus\/2023\/07\/29\/el-cuarto-y-ultimo-de-campus-baloncesto-2023-termina-por-todo-lo-alto\/","title":{"rendered":"El cuarto y \u00faltimo turno de Campus Baloncesto 2023 termina por todo lo alto"},"content":{"rendered":"\n<p><br \/>Finaliza un verano de ensue\u00f1o en el Campus Baloncesto de la Fundaci\u00f3n Unicaja, que cerr\u00f3 anoche su \u00faltimo y cuarto turno con una clausura espectacular, a la altura de lo que ha sido este verano para los chicos y chicas que han pasado por este Campus, situado en la Residencia Andaluc\u00eda.<\/p>\n\n\n\n<p>Los chicos y chicas inscritos en el cuarto turno han disfrutado de todas las actividades programadas para cada uno de los d\u00edas. Entre ellas, han podido practicar su t\u00e9cnica de juego en baloncesto, el deporte estrella del Campus, de manos de monitores especializados, pero tambi\u00e9n han disfrutado de muchas otras actividades y deportes, as\u00ed como de la\u00a0visita de jugadores del Unicaja Baloncesto, el D\u00eda Especial y las veladas nocturnas, algunas novedosas de este a\u00f1o, como el Monopoly o la Feria, y la cl\u00e1sica Mon King League, la Silent Party o los Juegos de la Tele.<\/p>\n\n\n\n<p>De este modo, damos por finalizado el Campus Baloncesto 2023 con la ilusi\u00f3n de volver a ir descontando los d\u00edas que quedan para disfrutar de un nuevo verano en el Campus Baloncesto.<\/p>\n\n\n\n<p>\u00a1Hasta el a\u00f1o que viene!<\/p>\n\n\n\n<figure class=\"wp-block-gallery columns-3 is-cropped wp-block-gallery-1 is-layout-flex wp-block-gallery-is-layout-flex\">\n<ul class=\"blocks-gallery-grid\">\n<li class=\"blocks-gallery-item\">\n<figure><img decoding=\"async\" class=\"wp-image-6096\" src=\"https:\/\/fundacionunicaja.oletecnologia.com\/wp-content\/uploads\/2023\/07\/363336512_675443184624257_9100175760378020371_n-2-1024x576.jpg\" alt=\"\" data-id=\"6096\" data-link=\"https:\/\/fundacionunicaja.oletecnologia.com\/?attachment_id=6096\" \/><\/figure>\n<\/li>\n<li class=\"blocks-gallery-item\">\n<figure><img decoding=\"async\" class=\"wp-image-6100\" src=\"https:\/\/fundacionunicaja.oletecnologia.com\/wp-content\/uploads\/2023\/07\/363356058_677589594409616_7095726674235992156_n-1024x683.jpg\" alt=\"\" data-id=\"6100\" data-link=\"https:\/\/fundacionunicaja.oletecnologia.com\/?attachment_id=6100\" \/><\/figure>\n<\/li>\n<li class=\"blocks-gallery-item\">\n<figure><img decoding=\"async\" class=\"wp-image-6098\" src=\"https:\/\/fundacionunicaja.oletecnologia.com\/wp-content\/uploads\/2023\/07\/363367178_677601891075053_9035294669488046796_n-1-1024x683.jpg\" alt=\"\" data-id=\"6098\" data-link=\"https:\/\/fundacionunicaja.oletecnologia.com\/?attachment_id=6098\" \/><\/figure>\n<\/li>\n<li class=\"blocks-gallery-item\">\n<figure><img decoding=\"async\" class=\"wp-image-6099\" src=\"https:\/\/fundacionunicaja.oletecnologia.com\/wp-content\/uploads\/2023\/07\/362301375_675442537957655_7886089017032763313_n-1-1024x576.jpg\" alt=\"\" data-id=\"6099\" data-link=\"https:\/\/fundacionunicaja.oletecnologia.com\/?attachment_id=6099\" \/><\/figure>\n<\/li>\n<li class=\"blocks-gallery-item\">\n<figure><img decoding=\"async\" class=\"wp-image-6101\" src=\"https:\/\/fundacionunicaja.oletecnologia.com\/wp-content\/uploads\/2023\/07\/363421309_678157014352874_5699918943128356194_n-2-1024x683.jpg\" alt=\"\" data-id=\"6101\" data-full-url=\"https:\/\/fundacionunicaja.oletecnologia.com\/wp-content\/uploads\/2023\/07\/363421309_678157014352874_5699918943128356194_n-2.jpg\" data-link=\"https:\/\/fundacionunicaja.oletecnologia.com\/?attachment_id=6101\" \/><\/figure>\n<\/li>\n<li class=\"blocks-gallery-item\">\n<figure><img decoding=\"async\" class=\"wp-image-6102\" src=\"https:\/\/fundacionunicaja.oletecnologia.com\/wp-content\/uploads\/2023\/07\/363349871_675383824630193_2876937155493508746_n-1-1024x683.jpg\" alt=\"\" data-id=\"6102\" data-full-url=\"https:\/\/fundacionunicaja.oletecnologia.com\/wp-content\/uploads\/2023\/07\/363349871_675383824630193_2876937155493508746_n-1.jpg\" data-link=\"https:\/\/fundacionunicaja.oletecnologia.com\/?attachment_id=6102\" \/><\/figure>\n<\/li>\n<\/ul>\n<\/figure>\n","protected":false},"excerpt":{"rendered":"<p>Finaliza un verano de ensue\u00f1o en el Campus Baloncesto de la Fundaci\u00f3n Unicaja, que cerr\u00f3 anoche su \u00faltimo y cuarto turno con una clausura espectacular, a la altura de lo que ha sido este verano para los chicos y chicas que han pasado por este Campus, situado en la Residencia Andaluc\u00eda. Los chicos y chicas [&hellip;]<\/p>\n","protected":false},"author":1,"featured_media":54652,"comment_status":"open","ping_status":"open","sticky":false,"template":"","format":"standard","meta":{"_acf_changed":false,"footnotes":""},"categories":[13],"tags":[],"class_list":["post-54577","post","type-post","status-publish","format-standard","has-post-thumbnail","hentry","category-baloncesto"],"acf":[],"yoast_head":"<!-- This site is optimized with the Yoast SEO plugin v27.4 - https:\/\/yoast.com\/product\/yoast-seo-wordpress\/ -->\n<title>El cuarto y \u00faltimo turno de Campus Baloncesto 2023 termina por todo lo alto - Campus Fundaci\u00f3n Unicaja<\/title>\n<meta name=\"robots\" content=\"index, follow, max-snippet:-1, max-image-preview:large, max-video-preview:-1\" \/>\n<link rel=\"canonical\" href=\"https:\/\/www.fundacionunicaja.com\/campus\/2023\/07\/29\/el-cuarto-y-ultimo-de-campus-baloncesto-2023-termina-por-todo-lo-alto\/\" \/>\n<meta property=\"og:locale\" content=\"es_ES\" \/>\n<meta property=\"og:type\" content=\"article\" \/>\n<meta property=\"og:title\" content=\"El cuarto y \u00faltimo turno de Campus Baloncesto 2023 termina por todo lo alto - Campus Fundaci\u00f3n Unicaja\" \/>\n<meta property=\"og:description\" content=\"Finaliza un verano de ensue\u00f1o en el Campus Baloncesto de la Fundaci\u00f3n Unicaja, que cerr\u00f3 anoche su \u00faltimo y cuarto turno con una clausura espectacular, a la altura de lo que ha sido este verano para los chicos y chicas que han pasado por este Campus, situado en la Residencia Andaluc\u00eda. Los chicos y chicas [&hellip;]\" \/>\n<meta property=\"og:url\" content=\"https:\/\/www.fundacionunicaja.com\/campus\/2023\/07\/29\/el-cuarto-y-ultimo-de-campus-baloncesto-2023-termina-por-todo-lo-alto\/\" \/>\n<meta property=\"og:site_name\" content=\"Campus Fundaci\u00f3n Unicaja\" \/>\n<meta property=\"article:published_time\" content=\"2023-07-29T11:20:59+00:00\" \/>\n<meta property=\"og:image\" content=\"https:\/\/www.fundacionunicaja.com\/campus\/wp-content\/uploads\/sites\/2\/2023\/07\/363348247_677254061109836_7433104850064325963_n.jpeg\" \/>\n\t<meta property=\"og:image:width\" content=\"2048\" \/>\n\t<meta property=\"og:image:height\" content=\"1365\" \/>\n\t<meta property=\"og:image:type\" content=\"image\/jpeg\" \/>\n<meta name=\"author\" content=\"admin\" \/>\n<meta name=\"twitter:card\" content=\"summary_large_image\" \/>\n<meta name=\"twitter:label1\" content=\"Escrito por\" \/>\n\t<meta name=\"twitter:data1\" content=\"admin\" \/>\n\t<meta name=\"twitter:label2\" content=\"Tiempo de lectura\" \/>\n\t<meta name=\"twitter:data2\" content=\"3 minutos\" \/>\n<script type=\"application\/ld+json\" class=\"yoast-schema-graph\">{\"@context\":\"https:\\\/\\\/schema.org\",\"@graph\":[{\"@type\":\"Article\",\"@id\":\"https:\\\/\\\/www.fundacionunicaja.com\\\/campus\\\/2023\\\/07\\\/29\\\/el-cuarto-y-ultimo-de-campus-baloncesto-2023-termina-por-todo-lo-alto\\\/#article\",\"isPartOf\":{\"@id\":\"https:\\\/\\\/www.fundacionunicaja.com\\\/campus\\\/2023\\\/07\\\/29\\\/el-cuarto-y-ultimo-de-campus-baloncesto-2023-termina-por-todo-lo-alto\\\/\"},\"author\":{\"name\":\"admin\",\"@id\":\"https:\\\/\\\/www.fundacionunicaja.com\\\/campus\\\/#\\\/schema\\\/person\\\/16c011016170405833b64248beaca4c1\"},\"headline\":\"El cuarto y \u00faltimo turno de Campus Baloncesto 2023 termina por todo lo alto\",\"datePublished\":\"2023-07-29T11:20:59+00:00\",\"mainEntityOfPage\":{\"@id\":\"https:\\\/\\\/www.fundacionunicaja.com\\\/campus\\\/2023\\\/07\\\/29\\\/el-cuarto-y-ultimo-de-campus-baloncesto-2023-termina-por-todo-lo-alto\\\/\"},\"wordCount\":208,\"commentCount\":0,\"publisher\":{\"@id\":\"https:\\\/\\\/www.fundacionunicaja.com\\\/campus\\\/#organization\"},\"image\":{\"@id\":\"https:\\\/\\\/www.fundacionunicaja.com\\\/campus\\\/2023\\\/07\\\/29\\\/el-cuarto-y-ultimo-de-campus-baloncesto-2023-termina-por-todo-lo-alto\\\/#primaryimage\"},\"thumbnailUrl\":\"https:\\\/\\\/www.fundacionunicaja.com\\\/campus\\\/wp-content\\\/uploads\\\/sites\\\/2\\\/2023\\\/07\\\/363348247_677254061109836_7433104850064325963_n.jpeg\",\"articleSection\":[\"Baloncesto\"],\"inLanguage\":\"es\",\"potentialAction\":[{\"@type\":\"CommentAction\",\"name\":\"Comment\",\"target\":[\"https:\\\/\\\/www.fundacionunicaja.com\\\/campus\\\/2023\\\/07\\\/29\\\/el-cuarto-y-ultimo-de-campus-baloncesto-2023-termina-por-todo-lo-alto\\\/#respond\"]}]},{\"@type\":\"WebPage\",\"@id\":\"https:\\\/\\\/www.fundacionunicaja.com\\\/campus\\\/2023\\\/07\\\/29\\\/el-cuarto-y-ultimo-de-campus-baloncesto-2023-termina-por-todo-lo-alto\\\/\",\"url\":\"https:\\\/\\\/www.fundacionunicaja.com\\\/campus\\\/2023\\\/07\\\/29\\\/el-cuarto-y-ultimo-de-campus-baloncesto-2023-termina-por-todo-lo-alto\\\/\",\"name\":\"El cuarto y \u00faltimo turno de Campus Baloncesto 2023 termina por todo lo alto - Campus Fundaci\u00f3n Unicaja\",\"isPartOf\":{\"@id\":\"https:\\\/\\\/www.fundacionunicaja.com\\\/campus\\\/#website\"},\"primaryImageOfPage\":{\"@id\":\"https:\\\/\\\/www.fundacionunicaja.com\\\/campus\\\/2023\\\/07\\\/29\\\/el-cuarto-y-ultimo-de-campus-baloncesto-2023-termina-por-todo-lo-alto\\\/#primaryimage\"},\"image\":{\"@id\":\"https:\\\/\\\/www.fundacionunicaja.com\\\/campus\\\/2023\\\/07\\\/29\\\/el-cuarto-y-ultimo-de-campus-baloncesto-2023-termina-por-todo-lo-alto\\\/#primaryimage\"},\"thumbnailUrl\":\"https:\\\/\\\/www.fundacionunicaja.com\\\/campus\\\/wp-content\\\/uploads\\\/sites\\\/2\\\/2023\\\/07\\\/363348247_677254061109836_7433104850064325963_n.jpeg\",\"datePublished\":\"2023-07-29T11:20:59+00:00\",\"breadcrumb\":{\"@id\":\"https:\\\/\\\/www.fundacionunicaja.com\\\/campus\\\/2023\\\/07\\\/29\\\/el-cuarto-y-ultimo-de-campus-baloncesto-2023-termina-por-todo-lo-alto\\\/#breadcrumb\"},\"inLanguage\":\"es\",\"potentialAction\":[{\"@type\":\"ReadAction\",\"target\":[\"https:\\\/\\\/www.fundacionunicaja.com\\\/campus\\\/2023\\\/07\\\/29\\\/el-cuarto-y-ultimo-de-campus-baloncesto-2023-termina-por-todo-lo-alto\\\/\"]}]},{\"@type\":\"ImageObject\",\"inLanguage\":\"es\",\"@id\":\"https:\\\/\\\/www.fundacionunicaja.com\\\/campus\\\/2023\\\/07\\\/29\\\/el-cuarto-y-ultimo-de-campus-baloncesto-2023-termina-por-todo-lo-alto\\\/#primaryimage\",\"url\":\"https:\\\/\\\/www.fundacionunicaja.com\\\/campus\\\/wp-content\\\/uploads\\\/sites\\\/2\\\/2023\\\/07\\\/363348247_677254061109836_7433104850064325963_n.jpeg\",\"contentUrl\":\"https:\\\/\\\/www.fundacionunicaja.com\\\/campus\\\/wp-content\\\/uploads\\\/sites\\\/2\\\/2023\\\/07\\\/363348247_677254061109836_7433104850064325963_n.jpeg\",\"width\":2048,\"height\":1365},{\"@type\":\"BreadcrumbList\",\"@id\":\"https:\\\/\\\/www.fundacionunicaja.com\\\/campus\\\/2023\\\/07\\\/29\\\/el-cuarto-y-ultimo-de-campus-baloncesto-2023-termina-por-todo-lo-alto\\\/#breadcrumb\",\"itemListElement\":[{\"@type\":\"ListItem\",\"position\":1,\"name\":\"Portada\",\"item\":\"https:\\\/\\\/www.fundacionunicaja.com\\\/campus\\\/\"},{\"@type\":\"ListItem\",\"position\":2,\"name\":\"El cuarto y \u00faltimo turno de Campus Baloncesto 2023 termina por todo lo alto\"}]},{\"@type\":\"WebSite\",\"@id\":\"https:\\\/\\\/www.fundacionunicaja.com\\\/campus\\\/#website\",\"url\":\"https:\\\/\\\/www.fundacionunicaja.com\\\/campus\\\/\",\"name\":\"Campus Fundaci\u00f3n Unicaja\",\"description\":\"\",\"publisher\":{\"@id\":\"https:\\\/\\\/www.fundacionunicaja.com\\\/campus\\\/#organization\"},\"potentialAction\":[{\"@type\":\"SearchAction\",\"target\":{\"@type\":\"EntryPoint\",\"urlTemplate\":\"https:\\\/\\\/www.fundacionunicaja.com\\\/campus\\\/?s={search_term_string}\"},\"query-input\":{\"@type\":\"PropertyValueSpecification\",\"valueRequired\":true,\"valueName\":\"search_term_string\"}}],\"inLanguage\":\"es\"},{\"@type\":\"Organization\",\"@id\":\"https:\\\/\\\/www.fundacionunicaja.com\\\/campus\\\/#organization\",\"name\":\"Campus Fundaci\u00f3n Unicaja\",\"url\":\"https:\\\/\\\/www.fundacionunicaja.com\\\/campus\\\/\",\"logo\":{\"@type\":\"ImageObject\",\"inLanguage\":\"es\",\"@id\":\"https:\\\/\\\/www.fundacionunicaja.com\\\/campus\\\/#\\\/schema\\\/logo\\\/image\\\/\",\"url\":\"https:\\\/\\\/www.fundacionunicaja.com\\\/campus\\\/wp-content\\\/uploads\\\/sites\\\/2\\\/2025\\\/03\\\/LOGO_unicaja-1.png\",\"contentUrl\":\"https:\\\/\\\/www.fundacionunicaja.com\\\/campus\\\/wp-content\\\/uploads\\\/sites\\\/2\\\/2025\\\/03\\\/LOGO_unicaja-1.png\",\"width\":243,\"height\":69,\"caption\":\"Campus Fundaci\u00f3n Unicaja\"},\"image\":{\"@id\":\"https:\\\/\\\/www.fundacionunicaja.com\\\/campus\\\/#\\\/schema\\\/logo\\\/image\\\/\"}},{\"@type\":\"Person\",\"@id\":\"https:\\\/\\\/www.fundacionunicaja.com\\\/campus\\\/#\\\/schema\\\/person\\\/16c011016170405833b64248beaca4c1\",\"name\":\"admin\",\"image\":{\"@type\":\"ImageObject\",\"inLanguage\":\"es\",\"@id\":\"https:\\\/\\\/secure.gravatar.com\\\/avatar\\\/53fe2ed3b30640367a30f4b4978313b87fe50c8c5859f22378ec2886d080b954?s=96&d=mm&r=g\",\"url\":\"https:\\\/\\\/secure.gravatar.com\\\/avatar\\\/53fe2ed3b30640367a30f4b4978313b87fe50c8c5859f22378ec2886d080b954?s=96&d=mm&r=g\",\"contentUrl\":\"https:\\\/\\\/secure.gravatar.com\\\/avatar\\\/53fe2ed3b30640367a30f4b4978313b87fe50c8c5859f22378ec2886d080b954?s=96&d=mm&r=g\",\"caption\":\"admin\"},\"sameAs\":[\"https:\\\/\\\/www.fundacionunicaja.com\\\/\"],\"url\":\"https:\\\/\\\/www.fundacionunicaja.com\\\/campus\\\/author\\\/admin\\\/\"}]}<\/script>\n<!-- \/ Yoast SEO plugin. -->","yoast_head_json":{"title":"El cuarto y \u00faltimo turno de Campus Baloncesto 2023 termina por todo lo alto - Campus Fundaci\u00f3n Unicaja","robots":{"index":"index","follow":"follow","max-snippet":"max-snippet:-1","max-image-preview":"max-image-preview:large","max-video-preview":"max-video-preview:-1"},"canonical":"https:\/\/www.fundacionunicaja.com\/campus\/2023\/07\/29\/el-cuarto-y-ultimo-de-campus-baloncesto-2023-termina-por-todo-lo-alto\/","og_locale":"es_ES","og_type":"article","og_title":"El cuarto y \u00faltimo turno de Campus Baloncesto 2023 termina por todo lo alto - Campus Fundaci\u00f3n Unicaja","og_description":"Finaliza un verano de ensue\u00f1o en el Campus Baloncesto de la Fundaci\u00f3n Unicaja, que cerr\u00f3 anoche su \u00faltimo y cuarto turno con una clausura espectacular, a la altura de lo que ha sido este verano para los chicos y chicas que han pasado por este Campus, situado en la Residencia Andaluc\u00eda. Los chicos y chicas [&hellip;]","og_url":"https:\/\/www.fundacionunicaja.com\/campus\/2023\/07\/29\/el-cuarto-y-ultimo-de-campus-baloncesto-2023-termina-por-todo-lo-alto\/","og_site_name":"Campus Fundaci\u00f3n Unicaja","article_published_time":"2023-07-29T11:20:59+00:00","og_image":[{"width":2048,"height":1365,"url":"https:\/\/www.fundacionunicaja.com\/campus\/wp-content\/uploads\/sites\/2\/2023\/07\/363348247_677254061109836_7433104850064325963_n.jpeg","type":"image\/jpeg"}],"author":"admin","twitter_card":"summary_large_image","twitter_misc":{"Escrito por":"admin","Tiempo de lectura":"3 minutos"},"schema":{"@context":"https:\/\/schema.org","@graph":[{"@type":"Article","@id":"https:\/\/www.fundacionunicaja.com\/campus\/2023\/07\/29\/el-cuarto-y-ultimo-de-campus-baloncesto-2023-termina-por-todo-lo-alto\/#article","isPartOf":{"@id":"https:\/\/www.fundacionunicaja.com\/campus\/2023\/07\/29\/el-cuarto-y-ultimo-de-campus-baloncesto-2023-termina-por-todo-lo-alto\/"},"author":{"name":"admin","@id":"https:\/\/www.fundacionunicaja.com\/campus\/#\/schema\/person\/16c011016170405833b64248beaca4c1"},"headline":"El cuarto y \u00faltimo turno de Campus Baloncesto 2023 termina por todo lo alto","datePublished":"2023-07-29T11:20:59+00:00","mainEntityOfPage":{"@id":"https:\/\/www.fundacionunicaja.com\/campus\/2023\/07\/29\/el-cuarto-y-ultimo-de-campus-baloncesto-2023-termina-por-todo-lo-alto\/"},"wordCount":208,"commentCount":0,"publisher":{"@id":"https:\/\/www.fundacionunicaja.com\/campus\/#organization"},"image":{"@id":"https:\/\/www.fundacionunicaja.com\/campus\/2023\/07\/29\/el-cuarto-y-ultimo-de-campus-baloncesto-2023-termina-por-todo-lo-alto\/#primaryimage"},"thumbnailUrl":"https:\/\/www.fundacionunicaja.com\/campus\/wp-content\/uploads\/sites\/2\/2023\/07\/363348247_677254061109836_7433104850064325963_n.jpeg","articleSection":["Baloncesto"],"inLanguage":"es","potentialAction":[{"@type":"CommentAction","name":"Comment","target":["https:\/\/www.fundacionunicaja.com\/campus\/2023\/07\/29\/el-cuarto-y-ultimo-de-campus-baloncesto-2023-termina-por-todo-lo-alto\/#respond"]}]},{"@type":"WebPage","@id":"https:\/\/www.fundacionunicaja.com\/campus\/2023\/07\/29\/el-cuarto-y-ultimo-de-campus-baloncesto-2023-termina-por-todo-lo-alto\/","url":"https:\/\/www.fundacionunicaja.com\/campus\/2023\/07\/29\/el-cuarto-y-ultimo-de-campus-baloncesto-2023-termina-por-todo-lo-alto\/","name":"El cuarto y \u00faltimo turno de Campus Baloncesto 2023 termina por todo lo alto - Campus Fundaci\u00f3n Unicaja","isPartOf":{"@id":"https:\/\/www.fundacionunicaja.com\/campus\/#website"},"primaryImageOfPage":{"@id":"https:\/\/www.fundacionunicaja.com\/campus\/2023\/07\/29\/el-cuarto-y-ultimo-de-campus-baloncesto-2023-termina-por-todo-lo-alto\/#primaryimage"},"image":{"@id":"https:\/\/www.fundacionunicaja.com\/campus\/2023\/07\/29\/el-cuarto-y-ultimo-de-campus-baloncesto-2023-termina-por-todo-lo-alto\/#primaryimage"},"thumbnailUrl":"https:\/\/www.fundacionunicaja.com\/campus\/wp-content\/uploads\/sites\/2\/2023\/07\/363348247_677254061109836_7433104850064325963_n.jpeg","datePublished":"2023-07-29T11:20:59+00:00","breadcrumb":{"@id":"https:\/\/www.fundacionunicaja.com\/campus\/2023\/07\/29\/el-cuarto-y-ultimo-de-campus-baloncesto-2023-termina-por-todo-lo-alto\/#breadcrumb"},"inLanguage":"es","potentialAction":[{"@type":"ReadAction","target":["https:\/\/www.fundacionunicaja.com\/campus\/2023\/07\/29\/el-cuarto-y-ultimo-de-campus-baloncesto-2023-termina-por-todo-lo-alto\/"]}]},{"@type":"ImageObject","inLanguage":"es","@id":"https:\/\/www.fundacionunicaja.com\/campus\/2023\/07\/29\/el-cuarto-y-ultimo-de-campus-baloncesto-2023-termina-por-todo-lo-alto\/#primaryimage","url":"https:\/\/www.fundacionunicaja.com\/campus\/wp-content\/uploads\/sites\/2\/2023\/07\/363348247_677254061109836_7433104850064325963_n.jpeg","contentUrl":"https:\/\/www.fundacionunicaja.com\/campus\/wp-content\/uploads\/sites\/2\/2023\/07\/363348247_677254061109836_7433104850064325963_n.jpeg","width":2048,"height":1365},{"@type":"BreadcrumbList","@id":"https:\/\/www.fundacionunicaja.com\/campus\/2023\/07\/29\/el-cuarto-y-ultimo-de-campus-baloncesto-2023-termina-por-todo-lo-alto\/#breadcrumb","itemListElement":[{"@type":"ListItem","position":1,"name":"Portada","item":"https:\/\/www.fundacionunicaja.com\/campus\/"},{"@type":"ListItem","position":2,"name":"El cuarto y \u00faltimo turno de Campus Baloncesto 2023 termina por todo lo alto"}]},{"@type":"WebSite","@id":"https:\/\/www.fundacionunicaja.com\/campus\/#website","url":"https:\/\/www.fundacionunicaja.com\/campus\/","name":"Campus Fundaci\u00f3n Unicaja","description":"","publisher":{"@id":"https:\/\/www.fundacionunicaja.com\/campus\/#organization"},"potentialAction":[{"@type":"SearchAction","target":{"@type":"EntryPoint","urlTemplate":"https:\/\/www.fundacionunicaja.com\/campus\/?s={search_term_string}"},"query-input":{"@type":"PropertyValueSpecification","valueRequired":true,"valueName":"search_term_string"}}],"inLanguage":"es"},{"@type":"Organization","@id":"https:\/\/www.fundacionunicaja.com\/campus\/#organization","name":"Campus Fundaci\u00f3n Unicaja","url":"https:\/\/www.fundacionunicaja.com\/campus\/","logo":{"@type":"ImageObject","inLanguage":"es","@id":"https:\/\/www.fundacionunicaja.com\/campus\/#\/schema\/logo\/image\/","url":"https:\/\/www.fundacionunicaja.com\/campus\/wp-content\/uploads\/sites\/2\/2025\/03\/LOGO_unicaja-1.png","contentUrl":"https:\/\/www.fundacionunicaja.com\/campus\/wp-content\/uploads\/sites\/2\/2025\/03\/LOGO_unicaja-1.png","width":243,"height":69,"caption":"Campus Fundaci\u00f3n Unicaja"},"image":{"@id":"https:\/\/www.fundacionunicaja.com\/campus\/#\/schema\/logo\/image\/"}},{"@type":"Person","@id":"https:\/\/www.fundacionunicaja.com\/campus\/#\/schema\/person\/16c011016170405833b64248beaca4c1","name":"admin","image":{"@type":"ImageObject","inLanguage":"es","@id":"https:\/\/secure.gravatar.com\/avatar\/53fe2ed3b30640367a30f4b4978313b87fe50c8c5859f22378ec2886d080b954?s=96&d=mm&r=g","url":"https:\/\/secure.gravatar.com\/avatar\/53fe2ed3b30640367a30f4b4978313b87fe50c8c5859f22378ec2886d080b954?s=96&d=mm&r=g","contentUrl":"https:\/\/secure.gravatar.com\/avatar\/53fe2ed3b30640367a30f4b4978313b87fe50c8c5859f22378ec2886d080b954?s=96&d=mm&r=g","caption":"admin"},"sameAs":["https:\/\/www.fundacionunicaja.com\/"],"url":"https:\/\/www.fundacionunicaja.com\/campus\/author\/admin\/"}]}},"_links":{"self":[{"href":"https:\/\/www.fundacionunicaja.com\/campus\/wp-json\/wp\/v2\/posts\/54577","targetHints":{"allow":["GET"]}}],"collection":[{"href":"https:\/\/www.fundacionunicaja.com\/campus\/wp-json\/wp\/v2\/posts"}],"about":[{"href":"https:\/\/www.fundacionunicaja.com\/campus\/wp-json\/wp\/v2\/types\/post"}],"author":[{"embeddable":true,"href":"https:\/\/www.fundacionunicaja.com\/campus\/wp-json\/wp\/v2\/users\/1"}],"replies":[{"embeddable":true,"href":"https:\/\/www.fundacionunicaja.com\/campus\/wp-json\/wp\/v2\/comments?post=54577"}],"version-history":[{"count":0,"href":"https:\/\/www.fundacionunicaja.com\/campus\/wp-json\/wp\/v2\/posts\/54577\/revisions"}],"wp:featuredmedia":[{"embeddable":true,"href":"https:\/\/www.fundacionunicaja.com\/campus\/wp-json\/wp\/v2\/media\/54652"}],"wp:attachment":[{"href":"https:\/\/www.fundacionunicaja.com\/campus\/wp-json\/wp\/v2\/media?parent=54577"}],"wp:term":[{"taxonomy":"category","embeddable":true,"href":"https:\/\/www.fundacionunicaja.com\/campus\/wp-json\/wp\/v2\/categories?post=54577"},{"taxonomy":"post_tag","embeddable":true,"href":"https:\/\/www.fundacionunicaja.com\/campus\/wp-json\/wp\/v2\/tags?post=54577"}],"curies":[{"name":"wp","href":"https:\/\/api.w.org\/{rel}","templated":true}]}}