{"id":54576,"date":"2023-07-29T08:36:48","date_gmt":"2023-07-29T08:36:48","guid":{"rendered":"https:\/\/fundacionunicaja.oletecnologia.com\/?p=6084"},"modified":"2023-07-29T08:36:48","modified_gmt":"2023-07-29T08:36:48","slug":"nos-despedimos-de-campus-ronda-hasta-el-proximo-verano","status":"publish","type":"post","link":"https:\/\/www.fundacionunicaja.com\/campus\/2023\/07\/29\/nos-despedimos-de-campus-ronda-hasta-el-proximo-verano\/","title":{"rendered":"Nos despedimos de Campus Ronda hasta el pr\u00f3ximo verano"},"content":{"rendered":"\n<p>Ha llegado el momento de decir adi\u00f3s a esta edici\u00f3n de Campus Ronda. Los chicos y chicas de este turno 4 sab\u00edan muy bien eso y por ello se propusieron desde el primer d\u00eda pas\u00e1rselo en grande, y vaya si lo han conseguido. Tras una semana conociendo a nuevos amigos o reencontr\u00e1ndose con nuevos, no ha habido actividad que no hayan podido disfrutar.\u00a0<\/p>\n\n\n\n<p>Adem\u00e1s del cl\u00e1sico repertorio de actividades que ofrece Campus Ronda durante todo el d\u00eda, cada noche los ni\u00f1os y ni\u00f1as se iban a la cama con un gran sabor de boca despu\u00e9s de disfrutar de todas las veladas, el que era sin duda el momento m\u00e1s esperado. Ya fuera en la noche en blanco, la fiesta ibicenca o en la gymkana de Ronda Corps, los protagonistas del Campus siempre estaban listos y listas para llevarse muy buenos recuerdos.\u00a0<\/p>\n\n\n\n<p>Quienes recordar\u00e1n seguro estos d\u00edas con mucho cari\u00f1o ser\u00e1n los ni\u00f1os y ni\u00f1as que han conformado la casa F\u00e9nix pues \u00e9sta ha sido la que ha conseguido levantar la preciada Copa Campus despu\u00e9s de una semana estando todo muy igualado. Pero no os preocup\u00e9is porque el a\u00f1o que viene tendr\u00e9is otra oportunidad para alzaros con la Copa, \u00a1os estamos esperando ya para el verano de 2024!<\/p>\n\n\n\n<figure class=\"wp-block-image size-large\"><img decoding=\"async\" class=\"wp-image-6086\" src=\"https:\/\/fundacionunicaja.oletecnologia.com\/wp-content\/uploads\/2023\/07\/4_935_c-1024x576.png\" alt=\"\" \/><\/figure>\n","protected":false},"excerpt":{"rendered":"<p>Ha llegado el momento de decir adi\u00f3s a esta edici\u00f3n de Campus Ronda. Los chicos y chicas de este turno 4 sab\u00edan muy bien eso y por ello se propusieron desde el primer d\u00eda pas\u00e1rselo en grande, y vaya si lo han conseguido. Tras una semana conociendo a nuevos amigos o reencontr\u00e1ndose con nuevos, no [&hellip;]<\/p>\n","protected":false},"author":1,"featured_media":54654,"comment_status":"open","ping_status":"open","sticky":false,"template":"","format":"standard","meta":{"_acf_changed":false,"footnotes":""},"categories":[25],"tags":[],"class_list":["post-54576","post","type-post","status-publish","format-standard","has-post-thumbnail","hentry","category-ronda"],"acf":[],"yoast_head":"<!-- This site is optimized with the Yoast SEO plugin v27.4 - https:\/\/yoast.com\/product\/yoast-seo-wordpress\/ -->\n<title>Nos despedimos de Campus Ronda hasta el pr\u00f3ximo verano - Campus Fundaci\u00f3n Unicaja<\/title>\n<meta name=\"robots\" content=\"index, follow, max-snippet:-1, max-image-preview:large, max-video-preview:-1\" \/>\n<link rel=\"canonical\" href=\"https:\/\/www.fundacionunicaja.com\/campus\/2023\/07\/29\/nos-despedimos-de-campus-ronda-hasta-el-proximo-verano\/\" \/>\n<meta property=\"og:locale\" content=\"es_ES\" \/>\n<meta property=\"og:type\" content=\"article\" \/>\n<meta property=\"og:title\" content=\"Nos despedimos de Campus Ronda hasta el pr\u00f3ximo verano - Campus Fundaci\u00f3n Unicaja\" \/>\n<meta property=\"og:description\" content=\"Ha llegado el momento de decir adi\u00f3s a esta edici\u00f3n de Campus Ronda. Los chicos y chicas de este turno 4 sab\u00edan muy bien eso y por ello se propusieron desde el primer d\u00eda pas\u00e1rselo en grande, y vaya si lo han conseguido. Tras una semana conociendo a nuevos amigos o reencontr\u00e1ndose con nuevos, no [&hellip;]\" \/>\n<meta property=\"og:url\" content=\"https:\/\/www.fundacionunicaja.com\/campus\/2023\/07\/29\/nos-despedimos-de-campus-ronda-hasta-el-proximo-verano\/\" \/>\n<meta property=\"og:site_name\" content=\"Campus Fundaci\u00f3n Unicaja\" \/>\n<meta property=\"article:published_time\" content=\"2023-07-29T08:36:48+00:00\" \/>\n<meta property=\"og:image\" content=\"https:\/\/www.fundacionunicaja.com\/campus\/wp-content\/uploads\/sites\/2\/2023\/07\/4_934_c-1024x576.png\" \/>\n\t<meta property=\"og:image:width\" content=\"1024\" \/>\n\t<meta property=\"og:image:height\" content=\"576\" \/>\n\t<meta property=\"og:image:type\" content=\"image\/png\" \/>\n<meta name=\"author\" content=\"admin\" \/>\n<meta name=\"twitter:card\" content=\"summary_large_image\" \/>\n<meta name=\"twitter:label1\" content=\"Escrito por\" \/>\n\t<meta name=\"twitter:data1\" content=\"admin\" \/>\n\t<meta name=\"twitter:label2\" content=\"Tiempo de lectura\" \/>\n\t<meta name=\"twitter:data2\" content=\"2 minutos\" \/>\n<script type=\"application\/ld+json\" class=\"yoast-schema-graph\">{\"@context\":\"https:\\\/\\\/schema.org\",\"@graph\":[{\"@type\":\"Article\",\"@id\":\"https:\\\/\\\/www.fundacionunicaja.com\\\/campus\\\/2023\\\/07\\\/29\\\/nos-despedimos-de-campus-ronda-hasta-el-proximo-verano\\\/#article\",\"isPartOf\":{\"@id\":\"https:\\\/\\\/www.fundacionunicaja.com\\\/campus\\\/2023\\\/07\\\/29\\\/nos-despedimos-de-campus-ronda-hasta-el-proximo-verano\\\/\"},\"author\":{\"name\":\"admin\",\"@id\":\"https:\\\/\\\/www.fundacionunicaja.com\\\/campus\\\/#\\\/schema\\\/person\\\/16c011016170405833b64248beaca4c1\"},\"headline\":\"Nos despedimos de Campus Ronda hasta el pr\u00f3ximo verano\",\"datePublished\":\"2023-07-29T08:36:48+00:00\",\"mainEntityOfPage\":{\"@id\":\"https:\\\/\\\/www.fundacionunicaja.com\\\/campus\\\/2023\\\/07\\\/29\\\/nos-despedimos-de-campus-ronda-hasta-el-proximo-verano\\\/\"},\"wordCount\":239,\"commentCount\":0,\"publisher\":{\"@id\":\"https:\\\/\\\/www.fundacionunicaja.com\\\/campus\\\/#organization\"},\"image\":{\"@id\":\"https:\\\/\\\/www.fundacionunicaja.com\\\/campus\\\/2023\\\/07\\\/29\\\/nos-despedimos-de-campus-ronda-hasta-el-proximo-verano\\\/#primaryimage\"},\"thumbnailUrl\":\"https:\\\/\\\/www.fundacionunicaja.com\\\/campus\\\/wp-content\\\/uploads\\\/sites\\\/2\\\/2023\\\/07\\\/4_934_c.png\",\"articleSection\":[\"Ronda\"],\"inLanguage\":\"es\",\"potentialAction\":[{\"@type\":\"CommentAction\",\"name\":\"Comment\",\"target\":[\"https:\\\/\\\/www.fundacionunicaja.com\\\/campus\\\/2023\\\/07\\\/29\\\/nos-despedimos-de-campus-ronda-hasta-el-proximo-verano\\\/#respond\"]}]},{\"@type\":\"WebPage\",\"@id\":\"https:\\\/\\\/www.fundacionunicaja.com\\\/campus\\\/2023\\\/07\\\/29\\\/nos-despedimos-de-campus-ronda-hasta-el-proximo-verano\\\/\",\"url\":\"https:\\\/\\\/www.fundacionunicaja.com\\\/campus\\\/2023\\\/07\\\/29\\\/nos-despedimos-de-campus-ronda-hasta-el-proximo-verano\\\/\",\"name\":\"Nos despedimos de Campus Ronda hasta el pr\u00f3ximo verano - Campus Fundaci\u00f3n Unicaja\",\"isPartOf\":{\"@id\":\"https:\\\/\\\/www.fundacionunicaja.com\\\/campus\\\/#website\"},\"primaryImageOfPage\":{\"@id\":\"https:\\\/\\\/www.fundacionunicaja.com\\\/campus\\\/2023\\\/07\\\/29\\\/nos-despedimos-de-campus-ronda-hasta-el-proximo-verano\\\/#primaryimage\"},\"image\":{\"@id\":\"https:\\\/\\\/www.fundacionunicaja.com\\\/campus\\\/2023\\\/07\\\/29\\\/nos-despedimos-de-campus-ronda-hasta-el-proximo-verano\\\/#primaryimage\"},\"thumbnailUrl\":\"https:\\\/\\\/www.fundacionunicaja.com\\\/campus\\\/wp-content\\\/uploads\\\/sites\\\/2\\\/2023\\\/07\\\/4_934_c.png\",\"datePublished\":\"2023-07-29T08:36:48+00:00\",\"breadcrumb\":{\"@id\":\"https:\\\/\\\/www.fundacionunicaja.com\\\/campus\\\/2023\\\/07\\\/29\\\/nos-despedimos-de-campus-ronda-hasta-el-proximo-verano\\\/#breadcrumb\"},\"inLanguage\":\"es\",\"potentialAction\":[{\"@type\":\"ReadAction\",\"target\":[\"https:\\\/\\\/www.fundacionunicaja.com\\\/campus\\\/2023\\\/07\\\/29\\\/nos-despedimos-de-campus-ronda-hasta-el-proximo-verano\\\/\"]}]},{\"@type\":\"ImageObject\",\"inLanguage\":\"es\",\"@id\":\"https:\\\/\\\/www.fundacionunicaja.com\\\/campus\\\/2023\\\/07\\\/29\\\/nos-despedimos-de-campus-ronda-hasta-el-proximo-verano\\\/#primaryimage\",\"url\":\"https:\\\/\\\/www.fundacionunicaja.com\\\/campus\\\/wp-content\\\/uploads\\\/sites\\\/2\\\/2023\\\/07\\\/4_934_c.png\",\"contentUrl\":\"https:\\\/\\\/www.fundacionunicaja.com\\\/campus\\\/wp-content\\\/uploads\\\/sites\\\/2\\\/2023\\\/07\\\/4_934_c.png\",\"width\":1920,\"height\":1080},{\"@type\":\"BreadcrumbList\",\"@id\":\"https:\\\/\\\/www.fundacionunicaja.com\\\/campus\\\/2023\\\/07\\\/29\\\/nos-despedimos-de-campus-ronda-hasta-el-proximo-verano\\\/#breadcrumb\",\"itemListElement\":[{\"@type\":\"ListItem\",\"position\":1,\"name\":\"Portada\",\"item\":\"https:\\\/\\\/www.fundacionunicaja.com\\\/campus\\\/\"},{\"@type\":\"ListItem\",\"position\":2,\"name\":\"Nos despedimos de Campus Ronda hasta el pr\u00f3ximo verano\"}]},{\"@type\":\"WebSite\",\"@id\":\"https:\\\/\\\/www.fundacionunicaja.com\\\/campus\\\/#website\",\"url\":\"https:\\\/\\\/www.fundacionunicaja.com\\\/campus\\\/\",\"name\":\"Campus Fundaci\u00f3n Unicaja\",\"description\":\"\",\"publisher\":{\"@id\":\"https:\\\/\\\/www.fundacionunicaja.com\\\/campus\\\/#organization\"},\"potentialAction\":[{\"@type\":\"SearchAction\",\"target\":{\"@type\":\"EntryPoint\",\"urlTemplate\":\"https:\\\/\\\/www.fundacionunicaja.com\\\/campus\\\/?s={search_term_string}\"},\"query-input\":{\"@type\":\"PropertyValueSpecification\",\"valueRequired\":true,\"valueName\":\"search_term_string\"}}],\"inLanguage\":\"es\"},{\"@type\":\"Organization\",\"@id\":\"https:\\\/\\\/www.fundacionunicaja.com\\\/campus\\\/#organization\",\"name\":\"Campus Fundaci\u00f3n Unicaja\",\"url\":\"https:\\\/\\\/www.fundacionunicaja.com\\\/campus\\\/\",\"logo\":{\"@type\":\"ImageObject\",\"inLanguage\":\"es\",\"@id\":\"https:\\\/\\\/www.fundacionunicaja.com\\\/campus\\\/#\\\/schema\\\/logo\\\/image\\\/\",\"url\":\"https:\\\/\\\/www.fundacionunicaja.com\\\/campus\\\/wp-content\\\/uploads\\\/sites\\\/2\\\/2025\\\/03\\\/LOGO_unicaja-1.png\",\"contentUrl\":\"https:\\\/\\\/www.fundacionunicaja.com\\\/campus\\\/wp-content\\\/uploads\\\/sites\\\/2\\\/2025\\\/03\\\/LOGO_unicaja-1.png\",\"width\":243,\"height\":69,\"caption\":\"Campus Fundaci\u00f3n Unicaja\"},\"image\":{\"@id\":\"https:\\\/\\\/www.fundacionunicaja.com\\\/campus\\\/#\\\/schema\\\/logo\\\/image\\\/\"}},{\"@type\":\"Person\",\"@id\":\"https:\\\/\\\/www.fundacionunicaja.com\\\/campus\\\/#\\\/schema\\\/person\\\/16c011016170405833b64248beaca4c1\",\"name\":\"admin\",\"image\":{\"@type\":\"ImageObject\",\"inLanguage\":\"es\",\"@id\":\"https:\\\/\\\/secure.gravatar.com\\\/avatar\\\/53fe2ed3b30640367a30f4b4978313b87fe50c8c5859f22378ec2886d080b954?s=96&d=mm&r=g\",\"url\":\"https:\\\/\\\/secure.gravatar.com\\\/avatar\\\/53fe2ed3b30640367a30f4b4978313b87fe50c8c5859f22378ec2886d080b954?s=96&d=mm&r=g\",\"contentUrl\":\"https:\\\/\\\/secure.gravatar.com\\\/avatar\\\/53fe2ed3b30640367a30f4b4978313b87fe50c8c5859f22378ec2886d080b954?s=96&d=mm&r=g\",\"caption\":\"admin\"},\"sameAs\":[\"https:\\\/\\\/www.fundacionunicaja.com\\\/\"],\"url\":\"https:\\\/\\\/www.fundacionunicaja.com\\\/campus\\\/author\\\/admin\\\/\"}]}<\/script>\n<!-- \/ Yoast SEO plugin. -->","yoast_head_json":{"title":"Nos despedimos de Campus Ronda hasta el pr\u00f3ximo verano - Campus Fundaci\u00f3n Unicaja","robots":{"index":"index","follow":"follow","max-snippet":"max-snippet:-1","max-image-preview":"max-image-preview:large","max-video-preview":"max-video-preview:-1"},"canonical":"https:\/\/www.fundacionunicaja.com\/campus\/2023\/07\/29\/nos-despedimos-de-campus-ronda-hasta-el-proximo-verano\/","og_locale":"es_ES","og_type":"article","og_title":"Nos despedimos de Campus Ronda hasta el pr\u00f3ximo verano - Campus Fundaci\u00f3n Unicaja","og_description":"Ha llegado el momento de decir adi\u00f3s a esta edici\u00f3n de Campus Ronda. Los chicos y chicas de este turno 4 sab\u00edan muy bien eso y por ello se propusieron desde el primer d\u00eda pas\u00e1rselo en grande, y vaya si lo han conseguido. Tras una semana conociendo a nuevos amigos o reencontr\u00e1ndose con nuevos, no [&hellip;]","og_url":"https:\/\/www.fundacionunicaja.com\/campus\/2023\/07\/29\/nos-despedimos-de-campus-ronda-hasta-el-proximo-verano\/","og_site_name":"Campus Fundaci\u00f3n Unicaja","article_published_time":"2023-07-29T08:36:48+00:00","og_image":[{"width":1024,"height":576,"url":"https:\/\/www.fundacionunicaja.com\/campus\/wp-content\/uploads\/sites\/2\/2023\/07\/4_934_c-1024x576.png","type":"image\/png"}],"author":"admin","twitter_card":"summary_large_image","twitter_misc":{"Escrito por":"admin","Tiempo de lectura":"2 minutos"},"schema":{"@context":"https:\/\/schema.org","@graph":[{"@type":"Article","@id":"https:\/\/www.fundacionunicaja.com\/campus\/2023\/07\/29\/nos-despedimos-de-campus-ronda-hasta-el-proximo-verano\/#article","isPartOf":{"@id":"https:\/\/www.fundacionunicaja.com\/campus\/2023\/07\/29\/nos-despedimos-de-campus-ronda-hasta-el-proximo-verano\/"},"author":{"name":"admin","@id":"https:\/\/www.fundacionunicaja.com\/campus\/#\/schema\/person\/16c011016170405833b64248beaca4c1"},"headline":"Nos despedimos de Campus Ronda hasta el pr\u00f3ximo verano","datePublished":"2023-07-29T08:36:48+00:00","mainEntityOfPage":{"@id":"https:\/\/www.fundacionunicaja.com\/campus\/2023\/07\/29\/nos-despedimos-de-campus-ronda-hasta-el-proximo-verano\/"},"wordCount":239,"commentCount":0,"publisher":{"@id":"https:\/\/www.fundacionunicaja.com\/campus\/#organization"},"image":{"@id":"https:\/\/www.fundacionunicaja.com\/campus\/2023\/07\/29\/nos-despedimos-de-campus-ronda-hasta-el-proximo-verano\/#primaryimage"},"thumbnailUrl":"https:\/\/www.fundacionunicaja.com\/campus\/wp-content\/uploads\/sites\/2\/2023\/07\/4_934_c.png","articleSection":["Ronda"],"inLanguage":"es","potentialAction":[{"@type":"CommentAction","name":"Comment","target":["https:\/\/www.fundacionunicaja.com\/campus\/2023\/07\/29\/nos-despedimos-de-campus-ronda-hasta-el-proximo-verano\/#respond"]}]},{"@type":"WebPage","@id":"https:\/\/www.fundacionunicaja.com\/campus\/2023\/07\/29\/nos-despedimos-de-campus-ronda-hasta-el-proximo-verano\/","url":"https:\/\/www.fundacionunicaja.com\/campus\/2023\/07\/29\/nos-despedimos-de-campus-ronda-hasta-el-proximo-verano\/","name":"Nos despedimos de Campus Ronda hasta el pr\u00f3ximo verano - Campus Fundaci\u00f3n Unicaja","isPartOf":{"@id":"https:\/\/www.fundacionunicaja.com\/campus\/#website"},"primaryImageOfPage":{"@id":"https:\/\/www.fundacionunicaja.com\/campus\/2023\/07\/29\/nos-despedimos-de-campus-ronda-hasta-el-proximo-verano\/#primaryimage"},"image":{"@id":"https:\/\/www.fundacionunicaja.com\/campus\/2023\/07\/29\/nos-despedimos-de-campus-ronda-hasta-el-proximo-verano\/#primaryimage"},"thumbnailUrl":"https:\/\/www.fundacionunicaja.com\/campus\/wp-content\/uploads\/sites\/2\/2023\/07\/4_934_c.png","datePublished":"2023-07-29T08:36:48+00:00","breadcrumb":{"@id":"https:\/\/www.fundacionunicaja.com\/campus\/2023\/07\/29\/nos-despedimos-de-campus-ronda-hasta-el-proximo-verano\/#breadcrumb"},"inLanguage":"es","potentialAction":[{"@type":"ReadAction","target":["https:\/\/www.fundacionunicaja.com\/campus\/2023\/07\/29\/nos-despedimos-de-campus-ronda-hasta-el-proximo-verano\/"]}]},{"@type":"ImageObject","inLanguage":"es","@id":"https:\/\/www.fundacionunicaja.com\/campus\/2023\/07\/29\/nos-despedimos-de-campus-ronda-hasta-el-proximo-verano\/#primaryimage","url":"https:\/\/www.fundacionunicaja.com\/campus\/wp-content\/uploads\/sites\/2\/2023\/07\/4_934_c.png","contentUrl":"https:\/\/www.fundacionunicaja.com\/campus\/wp-content\/uploads\/sites\/2\/2023\/07\/4_934_c.png","width":1920,"height":1080},{"@type":"BreadcrumbList","@id":"https:\/\/www.fundacionunicaja.com\/campus\/2023\/07\/29\/nos-despedimos-de-campus-ronda-hasta-el-proximo-verano\/#breadcrumb","itemListElement":[{"@type":"ListItem","position":1,"name":"Portada","item":"https:\/\/www.fundacionunicaja.com\/campus\/"},{"@type":"ListItem","position":2,"name":"Nos despedimos de Campus Ronda hasta el pr\u00f3ximo verano"}]},{"@type":"WebSite","@id":"https:\/\/www.fundacionunicaja.com\/campus\/#website","url":"https:\/\/www.fundacionunicaja.com\/campus\/","name":"Campus Fundaci\u00f3n Unicaja","description":"","publisher":{"@id":"https:\/\/www.fundacionunicaja.com\/campus\/#organization"},"potentialAction":[{"@type":"SearchAction","target":{"@type":"EntryPoint","urlTemplate":"https:\/\/www.fundacionunicaja.com\/campus\/?s={search_term_string}"},"query-input":{"@type":"PropertyValueSpecification","valueRequired":true,"valueName":"search_term_string"}}],"inLanguage":"es"},{"@type":"Organization","@id":"https:\/\/www.fundacionunicaja.com\/campus\/#organization","name":"Campus Fundaci\u00f3n Unicaja","url":"https:\/\/www.fundacionunicaja.com\/campus\/","logo":{"@type":"ImageObject","inLanguage":"es","@id":"https:\/\/www.fundacionunicaja.com\/campus\/#\/schema\/logo\/image\/","url":"https:\/\/www.fundacionunicaja.com\/campus\/wp-content\/uploads\/sites\/2\/2025\/03\/LOGO_unicaja-1.png","contentUrl":"https:\/\/www.fundacionunicaja.com\/campus\/wp-content\/uploads\/sites\/2\/2025\/03\/LOGO_unicaja-1.png","width":243,"height":69,"caption":"Campus Fundaci\u00f3n Unicaja"},"image":{"@id":"https:\/\/www.fundacionunicaja.com\/campus\/#\/schema\/logo\/image\/"}},{"@type":"Person","@id":"https:\/\/www.fundacionunicaja.com\/campus\/#\/schema\/person\/16c011016170405833b64248beaca4c1","name":"admin","image":{"@type":"ImageObject","inLanguage":"es","@id":"https:\/\/secure.gravatar.com\/avatar\/53fe2ed3b30640367a30f4b4978313b87fe50c8c5859f22378ec2886d080b954?s=96&d=mm&r=g","url":"https:\/\/secure.gravatar.com\/avatar\/53fe2ed3b30640367a30f4b4978313b87fe50c8c5859f22378ec2886d080b954?s=96&d=mm&r=g","contentUrl":"https:\/\/secure.gravatar.com\/avatar\/53fe2ed3b30640367a30f4b4978313b87fe50c8c5859f22378ec2886d080b954?s=96&d=mm&r=g","caption":"admin"},"sameAs":["https:\/\/www.fundacionunicaja.com\/"],"url":"https:\/\/www.fundacionunicaja.com\/campus\/author\/admin\/"}]}},"_links":{"self":[{"href":"https:\/\/www.fundacionunicaja.com\/campus\/wp-json\/wp\/v2\/posts\/54576","targetHints":{"allow":["GET"]}}],"collection":[{"href":"https:\/\/www.fundacionunicaja.com\/campus\/wp-json\/wp\/v2\/posts"}],"about":[{"href":"https:\/\/www.fundacionunicaja.com\/campus\/wp-json\/wp\/v2\/types\/post"}],"author":[{"embeddable":true,"href":"https:\/\/www.fundacionunicaja.com\/campus\/wp-json\/wp\/v2\/users\/1"}],"replies":[{"embeddable":true,"href":"https:\/\/www.fundacionunicaja.com\/campus\/wp-json\/wp\/v2\/comments?post=54576"}],"version-history":[{"count":0,"href":"https:\/\/www.fundacionunicaja.com\/campus\/wp-json\/wp\/v2\/posts\/54576\/revisions"}],"wp:featuredmedia":[{"embeddable":true,"href":"https:\/\/www.fundacionunicaja.com\/campus\/wp-json\/wp\/v2\/media\/54654"}],"wp:attachment":[{"href":"https:\/\/www.fundacionunicaja.com\/campus\/wp-json\/wp\/v2\/media?parent=54576"}],"wp:term":[{"taxonomy":"category","embeddable":true,"href":"https:\/\/www.fundacionunicaja.com\/campus\/wp-json\/wp\/v2\/categories?post=54576"},{"taxonomy":"post_tag","embeddable":true,"href":"https:\/\/www.fundacionunicaja.com\/campus\/wp-json\/wp\/v2\/tags?post=54576"}],"curies":[{"name":"wp","href":"https:\/\/api.w.org\/{rel}","templated":true}]}}