{"id":54573,"date":"2023-07-23T10:09:05","date_gmt":"2023-07-23T10:09:05","guid":{"rendered":"https:\/\/fundacionunicaja.oletecnologia.com\/?p=6048"},"modified":"2023-07-23T10:09:05","modified_gmt":"2023-07-23T10:09:05","slug":"arranca-el-ultimo-turno-de-campus-ronda-2023","status":"publish","type":"post","link":"https:\/\/www.fundacionunicaja.com\/campus\/2023\/07\/23\/arranca-el-ultimo-turno-de-campus-ronda-2023\/","title":{"rendered":"Arranca el \u00faltimo turno de Campus Ronda 2023"},"content":{"rendered":"\n<p>Poco a poco nos vamos acercando al final del mes de julio. Despu\u00e9s de que hayan pasado por\u00a0 Campus Ronda 3 turnos diferentes, ayer recibimos al cuarto y \u00faltimo turno del verano. Todos los chicos y chicas comenzaban a llegar a partir de las 17:00, y con una gran sonrisa aprovechaban estos primeros momentos para realizar algunas de las actividades que los acompa\u00f1ar\u00e1n durante el resto de d\u00edas. Todo ello mientras hacen nuevos amigos o se reencuentran con caras conocidas de veranos anteriores.\u00a0<\/p>\n\n\n\n<p>Tras la recepci\u00f3n y una necesaria cena para coger fuerzas para el resto de la semana, los ni\u00f1os y ni\u00f1as pudieron disfrutar de la primera de las veladas nocturnas en este turno 4. Sin embargo, este a\u00f1o estaba preparada una nueva din\u00e1mica que har\u00e1 que todos los j\u00f3venes le dediquen m\u00e1s fuerza e ilusi\u00f3n si cabe a todas las actividades diarias: la Copa Campus.\u00a0<\/p>\n\n\n\n<p>Al m\u00e1s puro estilo de Harry Potter, los chicos y chicas han quedado divididos en 4 casas diferentes (Cerberos, Hidras, F\u00e9nix y Pegaso) seg\u00fan sus dormitorios y caba\u00f1as. De esta forma, van a intentar como equipo recolectar el m\u00e1ximo n\u00famero de puntos posibles en el d\u00eda a d\u00eda del Campus mientras se divierten realizando sus actividades favoritas. En esta primera noche fue la casa Cerberos la que consigui\u00f3 alzarse con la victoria moment\u00e1nea, pero no deben confiarse porque el resto de casas tambi\u00e9n est\u00e1n deseosas de levantar la Copa Campus al final del turno.<\/p>\n\n\n\n<figure class=\"wp-block-image size-large\"><img decoding=\"async\" class=\"wp-image-6050\" src=\"https:\/\/fundacionunicaja.oletecnologia.com\/wp-content\/uploads\/2023\/07\/4_41_c-1024x576.png\" alt=\"\" \/><\/figure>\n","protected":false},"excerpt":{"rendered":"<p>Poco a poco nos vamos acercando al final del mes de julio. Despu\u00e9s de que hayan pasado por\u00a0 Campus Ronda 3 turnos diferentes, ayer recibimos al cuarto y \u00faltimo turno del verano. Todos los chicos y chicas comenzaban a llegar a partir de las 17:00, y con una gran sonrisa aprovechaban estos primeros momentos para [&hellip;]<\/p>\n","protected":false},"author":1,"featured_media":54647,"comment_status":"open","ping_status":"open","sticky":false,"template":"","format":"standard","meta":{"_acf_changed":false,"footnotes":""},"categories":[25],"tags":[],"class_list":["post-54573","post","type-post","status-publish","format-standard","has-post-thumbnail","hentry","category-ronda"],"acf":[],"yoast_head":"<!-- This site is optimized with the Yoast SEO plugin v27.4 - https:\/\/yoast.com\/product\/yoast-seo-wordpress\/ -->\n<title>Arranca el \u00faltimo turno de Campus Ronda 2023 - Campus Fundaci\u00f3n Unicaja<\/title>\n<meta name=\"robots\" content=\"index, follow, max-snippet:-1, max-image-preview:large, max-video-preview:-1\" \/>\n<link rel=\"canonical\" href=\"https:\/\/www.fundacionunicaja.com\/campus\/2023\/07\/23\/arranca-el-ultimo-turno-de-campus-ronda-2023\/\" \/>\n<meta property=\"og:locale\" content=\"es_ES\" \/>\n<meta property=\"og:type\" content=\"article\" \/>\n<meta property=\"og:title\" content=\"Arranca el \u00faltimo turno de Campus Ronda 2023 - Campus Fundaci\u00f3n Unicaja\" \/>\n<meta property=\"og:description\" content=\"Poco a poco nos vamos acercando al final del mes de julio. Despu\u00e9s de que hayan pasado por\u00a0 Campus Ronda 3 turnos diferentes, ayer recibimos al cuarto y \u00faltimo turno del verano. Todos los chicos y chicas comenzaban a llegar a partir de las 17:00, y con una gran sonrisa aprovechaban estos primeros momentos para [&hellip;]\" \/>\n<meta property=\"og:url\" content=\"https:\/\/www.fundacionunicaja.com\/campus\/2023\/07\/23\/arranca-el-ultimo-turno-de-campus-ronda-2023\/\" \/>\n<meta property=\"og:site_name\" content=\"Campus Fundaci\u00f3n Unicaja\" \/>\n<meta property=\"article:published_time\" content=\"2023-07-23T10:09:05+00:00\" \/>\n<meta property=\"og:image\" content=\"https:\/\/www.fundacionunicaja.com\/campus\/wp-content\/uploads\/sites\/2\/2023\/07\/4_48_s-1024x576.png\" \/>\n\t<meta property=\"og:image:width\" content=\"1024\" \/>\n\t<meta property=\"og:image:height\" content=\"576\" \/>\n\t<meta property=\"og:image:type\" content=\"image\/png\" \/>\n<meta name=\"author\" content=\"admin\" \/>\n<meta name=\"twitter:card\" content=\"summary_large_image\" \/>\n<meta name=\"twitter:label1\" content=\"Escrito por\" \/>\n\t<meta name=\"twitter:data1\" content=\"admin\" \/>\n\t<meta name=\"twitter:label2\" content=\"Tiempo de lectura\" \/>\n\t<meta name=\"twitter:data2\" content=\"2 minutos\" \/>\n<script type=\"application\/ld+json\" class=\"yoast-schema-graph\">{\"@context\":\"https:\\\/\\\/schema.org\",\"@graph\":[{\"@type\":\"Article\",\"@id\":\"https:\\\/\\\/www.fundacionunicaja.com\\\/campus\\\/2023\\\/07\\\/23\\\/arranca-el-ultimo-turno-de-campus-ronda-2023\\\/#article\",\"isPartOf\":{\"@id\":\"https:\\\/\\\/www.fundacionunicaja.com\\\/campus\\\/2023\\\/07\\\/23\\\/arranca-el-ultimo-turno-de-campus-ronda-2023\\\/\"},\"author\":{\"name\":\"admin\",\"@id\":\"https:\\\/\\\/www.fundacionunicaja.com\\\/campus\\\/#\\\/schema\\\/person\\\/16c011016170405833b64248beaca4c1\"},\"headline\":\"Arranca el \u00faltimo turno de Campus Ronda 2023\",\"datePublished\":\"2023-07-23T10:09:05+00:00\",\"mainEntityOfPage\":{\"@id\":\"https:\\\/\\\/www.fundacionunicaja.com\\\/campus\\\/2023\\\/07\\\/23\\\/arranca-el-ultimo-turno-de-campus-ronda-2023\\\/\"},\"wordCount\":267,\"commentCount\":0,\"publisher\":{\"@id\":\"https:\\\/\\\/www.fundacionunicaja.com\\\/campus\\\/#organization\"},\"image\":{\"@id\":\"https:\\\/\\\/www.fundacionunicaja.com\\\/campus\\\/2023\\\/07\\\/23\\\/arranca-el-ultimo-turno-de-campus-ronda-2023\\\/#primaryimage\"},\"thumbnailUrl\":\"https:\\\/\\\/www.fundacionunicaja.com\\\/campus\\\/wp-content\\\/uploads\\\/sites\\\/2\\\/2023\\\/07\\\/4_48_s.png\",\"articleSection\":[\"Ronda\"],\"inLanguage\":\"es\",\"potentialAction\":[{\"@type\":\"CommentAction\",\"name\":\"Comment\",\"target\":[\"https:\\\/\\\/www.fundacionunicaja.com\\\/campus\\\/2023\\\/07\\\/23\\\/arranca-el-ultimo-turno-de-campus-ronda-2023\\\/#respond\"]}]},{\"@type\":\"WebPage\",\"@id\":\"https:\\\/\\\/www.fundacionunicaja.com\\\/campus\\\/2023\\\/07\\\/23\\\/arranca-el-ultimo-turno-de-campus-ronda-2023\\\/\",\"url\":\"https:\\\/\\\/www.fundacionunicaja.com\\\/campus\\\/2023\\\/07\\\/23\\\/arranca-el-ultimo-turno-de-campus-ronda-2023\\\/\",\"name\":\"Arranca el \u00faltimo turno de Campus Ronda 2023 - Campus Fundaci\u00f3n Unicaja\",\"isPartOf\":{\"@id\":\"https:\\\/\\\/www.fundacionunicaja.com\\\/campus\\\/#website\"},\"primaryImageOfPage\":{\"@id\":\"https:\\\/\\\/www.fundacionunicaja.com\\\/campus\\\/2023\\\/07\\\/23\\\/arranca-el-ultimo-turno-de-campus-ronda-2023\\\/#primaryimage\"},\"image\":{\"@id\":\"https:\\\/\\\/www.fundacionunicaja.com\\\/campus\\\/2023\\\/07\\\/23\\\/arranca-el-ultimo-turno-de-campus-ronda-2023\\\/#primaryimage\"},\"thumbnailUrl\":\"https:\\\/\\\/www.fundacionunicaja.com\\\/campus\\\/wp-content\\\/uploads\\\/sites\\\/2\\\/2023\\\/07\\\/4_48_s.png\",\"datePublished\":\"2023-07-23T10:09:05+00:00\",\"breadcrumb\":{\"@id\":\"https:\\\/\\\/www.fundacionunicaja.com\\\/campus\\\/2023\\\/07\\\/23\\\/arranca-el-ultimo-turno-de-campus-ronda-2023\\\/#breadcrumb\"},\"inLanguage\":\"es\",\"potentialAction\":[{\"@type\":\"ReadAction\",\"target\":[\"https:\\\/\\\/www.fundacionunicaja.com\\\/campus\\\/2023\\\/07\\\/23\\\/arranca-el-ultimo-turno-de-campus-ronda-2023\\\/\"]}]},{\"@type\":\"ImageObject\",\"inLanguage\":\"es\",\"@id\":\"https:\\\/\\\/www.fundacionunicaja.com\\\/campus\\\/2023\\\/07\\\/23\\\/arranca-el-ultimo-turno-de-campus-ronda-2023\\\/#primaryimage\",\"url\":\"https:\\\/\\\/www.fundacionunicaja.com\\\/campus\\\/wp-content\\\/uploads\\\/sites\\\/2\\\/2023\\\/07\\\/4_48_s.png\",\"contentUrl\":\"https:\\\/\\\/www.fundacionunicaja.com\\\/campus\\\/wp-content\\\/uploads\\\/sites\\\/2\\\/2023\\\/07\\\/4_48_s.png\",\"width\":1920,\"height\":1080},{\"@type\":\"BreadcrumbList\",\"@id\":\"https:\\\/\\\/www.fundacionunicaja.com\\\/campus\\\/2023\\\/07\\\/23\\\/arranca-el-ultimo-turno-de-campus-ronda-2023\\\/#breadcrumb\",\"itemListElement\":[{\"@type\":\"ListItem\",\"position\":1,\"name\":\"Portada\",\"item\":\"https:\\\/\\\/www.fundacionunicaja.com\\\/campus\\\/\"},{\"@type\":\"ListItem\",\"position\":2,\"name\":\"Arranca el \u00faltimo turno de Campus Ronda 2023\"}]},{\"@type\":\"WebSite\",\"@id\":\"https:\\\/\\\/www.fundacionunicaja.com\\\/campus\\\/#website\",\"url\":\"https:\\\/\\\/www.fundacionunicaja.com\\\/campus\\\/\",\"name\":\"Campus Fundaci\u00f3n Unicaja\",\"description\":\"\",\"publisher\":{\"@id\":\"https:\\\/\\\/www.fundacionunicaja.com\\\/campus\\\/#organization\"},\"potentialAction\":[{\"@type\":\"SearchAction\",\"target\":{\"@type\":\"EntryPoint\",\"urlTemplate\":\"https:\\\/\\\/www.fundacionunicaja.com\\\/campus\\\/?s={search_term_string}\"},\"query-input\":{\"@type\":\"PropertyValueSpecification\",\"valueRequired\":true,\"valueName\":\"search_term_string\"}}],\"inLanguage\":\"es\"},{\"@type\":\"Organization\",\"@id\":\"https:\\\/\\\/www.fundacionunicaja.com\\\/campus\\\/#organization\",\"name\":\"Campus Fundaci\u00f3n Unicaja\",\"url\":\"https:\\\/\\\/www.fundacionunicaja.com\\\/campus\\\/\",\"logo\":{\"@type\":\"ImageObject\",\"inLanguage\":\"es\",\"@id\":\"https:\\\/\\\/www.fundacionunicaja.com\\\/campus\\\/#\\\/schema\\\/logo\\\/image\\\/\",\"url\":\"https:\\\/\\\/www.fundacionunicaja.com\\\/campus\\\/wp-content\\\/uploads\\\/sites\\\/2\\\/2025\\\/03\\\/LOGO_unicaja-1.png\",\"contentUrl\":\"https:\\\/\\\/www.fundacionunicaja.com\\\/campus\\\/wp-content\\\/uploads\\\/sites\\\/2\\\/2025\\\/03\\\/LOGO_unicaja-1.png\",\"width\":243,\"height\":69,\"caption\":\"Campus Fundaci\u00f3n Unicaja\"},\"image\":{\"@id\":\"https:\\\/\\\/www.fundacionunicaja.com\\\/campus\\\/#\\\/schema\\\/logo\\\/image\\\/\"}},{\"@type\":\"Person\",\"@id\":\"https:\\\/\\\/www.fundacionunicaja.com\\\/campus\\\/#\\\/schema\\\/person\\\/16c011016170405833b64248beaca4c1\",\"name\":\"admin\",\"image\":{\"@type\":\"ImageObject\",\"inLanguage\":\"es\",\"@id\":\"https:\\\/\\\/secure.gravatar.com\\\/avatar\\\/53fe2ed3b30640367a30f4b4978313b87fe50c8c5859f22378ec2886d080b954?s=96&d=mm&r=g\",\"url\":\"https:\\\/\\\/secure.gravatar.com\\\/avatar\\\/53fe2ed3b30640367a30f4b4978313b87fe50c8c5859f22378ec2886d080b954?s=96&d=mm&r=g\",\"contentUrl\":\"https:\\\/\\\/secure.gravatar.com\\\/avatar\\\/53fe2ed3b30640367a30f4b4978313b87fe50c8c5859f22378ec2886d080b954?s=96&d=mm&r=g\",\"caption\":\"admin\"},\"sameAs\":[\"https:\\\/\\\/www.fundacionunicaja.com\\\/\"],\"url\":\"https:\\\/\\\/www.fundacionunicaja.com\\\/campus\\\/author\\\/admin\\\/\"}]}<\/script>\n<!-- \/ Yoast SEO plugin. -->","yoast_head_json":{"title":"Arranca el \u00faltimo turno de Campus Ronda 2023 - Campus Fundaci\u00f3n Unicaja","robots":{"index":"index","follow":"follow","max-snippet":"max-snippet:-1","max-image-preview":"max-image-preview:large","max-video-preview":"max-video-preview:-1"},"canonical":"https:\/\/www.fundacionunicaja.com\/campus\/2023\/07\/23\/arranca-el-ultimo-turno-de-campus-ronda-2023\/","og_locale":"es_ES","og_type":"article","og_title":"Arranca el \u00faltimo turno de Campus Ronda 2023 - Campus Fundaci\u00f3n Unicaja","og_description":"Poco a poco nos vamos acercando al final del mes de julio. Despu\u00e9s de que hayan pasado por\u00a0 Campus Ronda 3 turnos diferentes, ayer recibimos al cuarto y \u00faltimo turno del verano. Todos los chicos y chicas comenzaban a llegar a partir de las 17:00, y con una gran sonrisa aprovechaban estos primeros momentos para [&hellip;]","og_url":"https:\/\/www.fundacionunicaja.com\/campus\/2023\/07\/23\/arranca-el-ultimo-turno-de-campus-ronda-2023\/","og_site_name":"Campus Fundaci\u00f3n Unicaja","article_published_time":"2023-07-23T10:09:05+00:00","og_image":[{"width":1024,"height":576,"url":"https:\/\/www.fundacionunicaja.com\/campus\/wp-content\/uploads\/sites\/2\/2023\/07\/4_48_s-1024x576.png","type":"image\/png"}],"author":"admin","twitter_card":"summary_large_image","twitter_misc":{"Escrito por":"admin","Tiempo de lectura":"2 minutos"},"schema":{"@context":"https:\/\/schema.org","@graph":[{"@type":"Article","@id":"https:\/\/www.fundacionunicaja.com\/campus\/2023\/07\/23\/arranca-el-ultimo-turno-de-campus-ronda-2023\/#article","isPartOf":{"@id":"https:\/\/www.fundacionunicaja.com\/campus\/2023\/07\/23\/arranca-el-ultimo-turno-de-campus-ronda-2023\/"},"author":{"name":"admin","@id":"https:\/\/www.fundacionunicaja.com\/campus\/#\/schema\/person\/16c011016170405833b64248beaca4c1"},"headline":"Arranca el \u00faltimo turno de Campus Ronda 2023","datePublished":"2023-07-23T10:09:05+00:00","mainEntityOfPage":{"@id":"https:\/\/www.fundacionunicaja.com\/campus\/2023\/07\/23\/arranca-el-ultimo-turno-de-campus-ronda-2023\/"},"wordCount":267,"commentCount":0,"publisher":{"@id":"https:\/\/www.fundacionunicaja.com\/campus\/#organization"},"image":{"@id":"https:\/\/www.fundacionunicaja.com\/campus\/2023\/07\/23\/arranca-el-ultimo-turno-de-campus-ronda-2023\/#primaryimage"},"thumbnailUrl":"https:\/\/www.fundacionunicaja.com\/campus\/wp-content\/uploads\/sites\/2\/2023\/07\/4_48_s.png","articleSection":["Ronda"],"inLanguage":"es","potentialAction":[{"@type":"CommentAction","name":"Comment","target":["https:\/\/www.fundacionunicaja.com\/campus\/2023\/07\/23\/arranca-el-ultimo-turno-de-campus-ronda-2023\/#respond"]}]},{"@type":"WebPage","@id":"https:\/\/www.fundacionunicaja.com\/campus\/2023\/07\/23\/arranca-el-ultimo-turno-de-campus-ronda-2023\/","url":"https:\/\/www.fundacionunicaja.com\/campus\/2023\/07\/23\/arranca-el-ultimo-turno-de-campus-ronda-2023\/","name":"Arranca el \u00faltimo turno de Campus Ronda 2023 - Campus Fundaci\u00f3n Unicaja","isPartOf":{"@id":"https:\/\/www.fundacionunicaja.com\/campus\/#website"},"primaryImageOfPage":{"@id":"https:\/\/www.fundacionunicaja.com\/campus\/2023\/07\/23\/arranca-el-ultimo-turno-de-campus-ronda-2023\/#primaryimage"},"image":{"@id":"https:\/\/www.fundacionunicaja.com\/campus\/2023\/07\/23\/arranca-el-ultimo-turno-de-campus-ronda-2023\/#primaryimage"},"thumbnailUrl":"https:\/\/www.fundacionunicaja.com\/campus\/wp-content\/uploads\/sites\/2\/2023\/07\/4_48_s.png","datePublished":"2023-07-23T10:09:05+00:00","breadcrumb":{"@id":"https:\/\/www.fundacionunicaja.com\/campus\/2023\/07\/23\/arranca-el-ultimo-turno-de-campus-ronda-2023\/#breadcrumb"},"inLanguage":"es","potentialAction":[{"@type":"ReadAction","target":["https:\/\/www.fundacionunicaja.com\/campus\/2023\/07\/23\/arranca-el-ultimo-turno-de-campus-ronda-2023\/"]}]},{"@type":"ImageObject","inLanguage":"es","@id":"https:\/\/www.fundacionunicaja.com\/campus\/2023\/07\/23\/arranca-el-ultimo-turno-de-campus-ronda-2023\/#primaryimage","url":"https:\/\/www.fundacionunicaja.com\/campus\/wp-content\/uploads\/sites\/2\/2023\/07\/4_48_s.png","contentUrl":"https:\/\/www.fundacionunicaja.com\/campus\/wp-content\/uploads\/sites\/2\/2023\/07\/4_48_s.png","width":1920,"height":1080},{"@type":"BreadcrumbList","@id":"https:\/\/www.fundacionunicaja.com\/campus\/2023\/07\/23\/arranca-el-ultimo-turno-de-campus-ronda-2023\/#breadcrumb","itemListElement":[{"@type":"ListItem","position":1,"name":"Portada","item":"https:\/\/www.fundacionunicaja.com\/campus\/"},{"@type":"ListItem","position":2,"name":"Arranca el \u00faltimo turno de Campus Ronda 2023"}]},{"@type":"WebSite","@id":"https:\/\/www.fundacionunicaja.com\/campus\/#website","url":"https:\/\/www.fundacionunicaja.com\/campus\/","name":"Campus Fundaci\u00f3n Unicaja","description":"","publisher":{"@id":"https:\/\/www.fundacionunicaja.com\/campus\/#organization"},"potentialAction":[{"@type":"SearchAction","target":{"@type":"EntryPoint","urlTemplate":"https:\/\/www.fundacionunicaja.com\/campus\/?s={search_term_string}"},"query-input":{"@type":"PropertyValueSpecification","valueRequired":true,"valueName":"search_term_string"}}],"inLanguage":"es"},{"@type":"Organization","@id":"https:\/\/www.fundacionunicaja.com\/campus\/#organization","name":"Campus Fundaci\u00f3n Unicaja","url":"https:\/\/www.fundacionunicaja.com\/campus\/","logo":{"@type":"ImageObject","inLanguage":"es","@id":"https:\/\/www.fundacionunicaja.com\/campus\/#\/schema\/logo\/image\/","url":"https:\/\/www.fundacionunicaja.com\/campus\/wp-content\/uploads\/sites\/2\/2025\/03\/LOGO_unicaja-1.png","contentUrl":"https:\/\/www.fundacionunicaja.com\/campus\/wp-content\/uploads\/sites\/2\/2025\/03\/LOGO_unicaja-1.png","width":243,"height":69,"caption":"Campus Fundaci\u00f3n Unicaja"},"image":{"@id":"https:\/\/www.fundacionunicaja.com\/campus\/#\/schema\/logo\/image\/"}},{"@type":"Person","@id":"https:\/\/www.fundacionunicaja.com\/campus\/#\/schema\/person\/16c011016170405833b64248beaca4c1","name":"admin","image":{"@type":"ImageObject","inLanguage":"es","@id":"https:\/\/secure.gravatar.com\/avatar\/53fe2ed3b30640367a30f4b4978313b87fe50c8c5859f22378ec2886d080b954?s=96&d=mm&r=g","url":"https:\/\/secure.gravatar.com\/avatar\/53fe2ed3b30640367a30f4b4978313b87fe50c8c5859f22378ec2886d080b954?s=96&d=mm&r=g","contentUrl":"https:\/\/secure.gravatar.com\/avatar\/53fe2ed3b30640367a30f4b4978313b87fe50c8c5859f22378ec2886d080b954?s=96&d=mm&r=g","caption":"admin"},"sameAs":["https:\/\/www.fundacionunicaja.com\/"],"url":"https:\/\/www.fundacionunicaja.com\/campus\/author\/admin\/"}]}},"_links":{"self":[{"href":"https:\/\/www.fundacionunicaja.com\/campus\/wp-json\/wp\/v2\/posts\/54573","targetHints":{"allow":["GET"]}}],"collection":[{"href":"https:\/\/www.fundacionunicaja.com\/campus\/wp-json\/wp\/v2\/posts"}],"about":[{"href":"https:\/\/www.fundacionunicaja.com\/campus\/wp-json\/wp\/v2\/types\/post"}],"author":[{"embeddable":true,"href":"https:\/\/www.fundacionunicaja.com\/campus\/wp-json\/wp\/v2\/users\/1"}],"replies":[{"embeddable":true,"href":"https:\/\/www.fundacionunicaja.com\/campus\/wp-json\/wp\/v2\/comments?post=54573"}],"version-history":[{"count":0,"href":"https:\/\/www.fundacionunicaja.com\/campus\/wp-json\/wp\/v2\/posts\/54573\/revisions"}],"wp:featuredmedia":[{"embeddable":true,"href":"https:\/\/www.fundacionunicaja.com\/campus\/wp-json\/wp\/v2\/media\/54647"}],"wp:attachment":[{"href":"https:\/\/www.fundacionunicaja.com\/campus\/wp-json\/wp\/v2\/media?parent=54573"}],"wp:term":[{"taxonomy":"category","embeddable":true,"href":"https:\/\/www.fundacionunicaja.com\/campus\/wp-json\/wp\/v2\/categories?post=54573"},{"taxonomy":"post_tag","embeddable":true,"href":"https:\/\/www.fundacionunicaja.com\/campus\/wp-json\/wp\/v2\/tags?post=54573"}],"curies":[{"name":"wp","href":"https:\/\/api.w.org\/{rel}","templated":true}]}}