{"id":54567,"date":"2023-07-16T09:57:43","date_gmt":"2023-07-16T09:57:43","guid":{"rendered":"https:\/\/fundacionunicaja.oletecnologia.com\/?p=6010"},"modified":"2023-07-16T09:57:43","modified_gmt":"2023-07-16T09:57:43","slug":"da-comienzo-el-tercer-turno-de-campus-ronda-de-2023","status":"publish","type":"post","link":"https:\/\/www.fundacionunicaja.com\/campus\/2023\/07\/16\/da-comienzo-el-tercer-turno-de-campus-ronda-de-2023\/","title":{"rendered":"Da comienzo el tercer turno de Campus Ronda de 2023"},"content":{"rendered":"\n<p>El mes de julio sigue su curso y ayer s\u00e1bado d\u00eda 15 d\u00e1bamos la bienvenida al tercer turno del verano de 2023 en Campus Ronda. Tan pronto como los chicos y chicas iban dejando sus maletas y despidi\u00e9ndose de sus padres, empezaban a poder disfrutar de algunas de las muchas actividades que los van a acompa\u00f1ar durante toda la semana venidera, por ejemplo, ping pong, sky jumping o f\u00fatbol 3&#215;3.<\/p>\n\n\n\n<p>Pero el primer d\u00eda no acab\u00f3 aqu\u00ed, pues despu\u00e9s de recargar pilas cenando en nuestra cantina, pudieron asistir a la primera de las veladas nocturnas de este turno 3. En ella, como si de Harry Potter se tratase, los ni\u00f1os y ni\u00f1as se dividieron en distintas casas (Cerberos, Hidras, F\u00e9nix y Pegaso) seg\u00fan sus dormitorios o caba\u00f1as para as\u00ed poder disputar la Copa Campus y alzarse vencedores al final del turno.\u00a0<\/p>\n\n\n\n<p>Pero ello no va a ser f\u00e1cil, pues durante toda la semana las distintas casas van a necesitar recolectar los puntos necesarios mientras se divierten realizando sus actividades favoritas. En esta primera noche, la casa Hidra consigui\u00f3 colocarse en cabeza, pero no deben confiarse porque el resto est\u00e1n tambi\u00e9n muy deseosas de poder levantar la Copa Campus.<\/p>\n\n\n\n<figure class=\"wp-block-image size-large\"><img decoding=\"async\" class=\"wp-image-6012\" src=\"https:\/\/fundacionunicaja.oletecnologia.com\/wp-content\/uploads\/2023\/07\/3_68_cl-1024x576.png\" alt=\"\" \/><\/figure>\n","protected":false},"excerpt":{"rendered":"<p>El mes de julio sigue su curso y ayer s\u00e1bado d\u00eda 15 d\u00e1bamos la bienvenida al tercer turno del verano de 2023 en Campus Ronda. Tan pronto como los chicos y chicas iban dejando sus maletas y despidi\u00e9ndose de sus padres, empezaban a poder disfrutar de algunas de las muchas actividades que los van a [&hellip;]<\/p>\n","protected":false},"author":1,"featured_media":54691,"comment_status":"open","ping_status":"open","sticky":false,"template":"","format":"standard","meta":{"_acf_changed":false,"footnotes":""},"categories":[25],"tags":[],"class_list":["post-54567","post","type-post","status-publish","format-standard","has-post-thumbnail","hentry","category-ronda"],"acf":[],"yoast_head":"<!-- This site is optimized with the Yoast SEO plugin v27.4 - https:\/\/yoast.com\/product\/yoast-seo-wordpress\/ -->\n<title>Da comienzo el tercer turno de Campus Ronda de 2023 - Campus Fundaci\u00f3n Unicaja<\/title>\n<meta name=\"robots\" content=\"index, follow, max-snippet:-1, max-image-preview:large, max-video-preview:-1\" \/>\n<link rel=\"canonical\" href=\"https:\/\/www.fundacionunicaja.com\/campus\/2023\/07\/16\/da-comienzo-el-tercer-turno-de-campus-ronda-de-2023\/\" \/>\n<meta property=\"og:locale\" content=\"es_ES\" \/>\n<meta property=\"og:type\" content=\"article\" \/>\n<meta property=\"og:title\" content=\"Da comienzo el tercer turno de Campus Ronda de 2023 - Campus Fundaci\u00f3n Unicaja\" \/>\n<meta property=\"og:description\" content=\"El mes de julio sigue su curso y ayer s\u00e1bado d\u00eda 15 d\u00e1bamos la bienvenida al tercer turno del verano de 2023 en Campus Ronda. Tan pronto como los chicos y chicas iban dejando sus maletas y despidi\u00e9ndose de sus padres, empezaban a poder disfrutar de algunas de las muchas actividades que los van a [&hellip;]\" \/>\n<meta property=\"og:url\" content=\"https:\/\/www.fundacionunicaja.com\/campus\/2023\/07\/16\/da-comienzo-el-tercer-turno-de-campus-ronda-de-2023\/\" \/>\n<meta property=\"og:site_name\" content=\"Campus Fundaci\u00f3n Unicaja\" \/>\n<meta property=\"article:published_time\" content=\"2023-07-16T09:57:43+00:00\" \/>\n<meta property=\"og:image\" content=\"https:\/\/www.fundacionunicaja.com\/campus\/wp-content\/uploads\/sites\/2\/2023\/07\/3_26_cl-1024x576.png\" \/>\n\t<meta property=\"og:image:width\" content=\"1024\" \/>\n\t<meta property=\"og:image:height\" content=\"576\" \/>\n\t<meta property=\"og:image:type\" content=\"image\/png\" \/>\n<meta name=\"author\" content=\"admin\" \/>\n<meta name=\"twitter:card\" content=\"summary_large_image\" \/>\n<meta name=\"twitter:label1\" content=\"Escrito por\" \/>\n\t<meta name=\"twitter:data1\" content=\"admin\" \/>\n\t<meta name=\"twitter:label2\" content=\"Tiempo de lectura\" \/>\n\t<meta name=\"twitter:data2\" content=\"2 minutos\" \/>\n<script type=\"application\/ld+json\" class=\"yoast-schema-graph\">{\"@context\":\"https:\\\/\\\/schema.org\",\"@graph\":[{\"@type\":\"Article\",\"@id\":\"https:\\\/\\\/www.fundacionunicaja.com\\\/campus\\\/2023\\\/07\\\/16\\\/da-comienzo-el-tercer-turno-de-campus-ronda-de-2023\\\/#article\",\"isPartOf\":{\"@id\":\"https:\\\/\\\/www.fundacionunicaja.com\\\/campus\\\/2023\\\/07\\\/16\\\/da-comienzo-el-tercer-turno-de-campus-ronda-de-2023\\\/\"},\"author\":{\"name\":\"admin\",\"@id\":\"https:\\\/\\\/www.fundacionunicaja.com\\\/campus\\\/#\\\/schema\\\/person\\\/16c011016170405833b64248beaca4c1\"},\"headline\":\"Da comienzo el tercer turno de Campus Ronda de 2023\",\"datePublished\":\"2023-07-16T09:57:43+00:00\",\"mainEntityOfPage\":{\"@id\":\"https:\\\/\\\/www.fundacionunicaja.com\\\/campus\\\/2023\\\/07\\\/16\\\/da-comienzo-el-tercer-turno-de-campus-ronda-de-2023\\\/\"},\"wordCount\":220,\"commentCount\":0,\"publisher\":{\"@id\":\"https:\\\/\\\/www.fundacionunicaja.com\\\/campus\\\/#organization\"},\"image\":{\"@id\":\"https:\\\/\\\/www.fundacionunicaja.com\\\/campus\\\/2023\\\/07\\\/16\\\/da-comienzo-el-tercer-turno-de-campus-ronda-de-2023\\\/#primaryimage\"},\"thumbnailUrl\":\"https:\\\/\\\/www.fundacionunicaja.com\\\/campus\\\/wp-content\\\/uploads\\\/sites\\\/2\\\/2023\\\/07\\\/3_26_cl.png\",\"articleSection\":[\"Ronda\"],\"inLanguage\":\"es\",\"potentialAction\":[{\"@type\":\"CommentAction\",\"name\":\"Comment\",\"target\":[\"https:\\\/\\\/www.fundacionunicaja.com\\\/campus\\\/2023\\\/07\\\/16\\\/da-comienzo-el-tercer-turno-de-campus-ronda-de-2023\\\/#respond\"]}]},{\"@type\":\"WebPage\",\"@id\":\"https:\\\/\\\/www.fundacionunicaja.com\\\/campus\\\/2023\\\/07\\\/16\\\/da-comienzo-el-tercer-turno-de-campus-ronda-de-2023\\\/\",\"url\":\"https:\\\/\\\/www.fundacionunicaja.com\\\/campus\\\/2023\\\/07\\\/16\\\/da-comienzo-el-tercer-turno-de-campus-ronda-de-2023\\\/\",\"name\":\"Da comienzo el tercer turno de Campus Ronda de 2023 - Campus Fundaci\u00f3n Unicaja\",\"isPartOf\":{\"@id\":\"https:\\\/\\\/www.fundacionunicaja.com\\\/campus\\\/#website\"},\"primaryImageOfPage\":{\"@id\":\"https:\\\/\\\/www.fundacionunicaja.com\\\/campus\\\/2023\\\/07\\\/16\\\/da-comienzo-el-tercer-turno-de-campus-ronda-de-2023\\\/#primaryimage\"},\"image\":{\"@id\":\"https:\\\/\\\/www.fundacionunicaja.com\\\/campus\\\/2023\\\/07\\\/16\\\/da-comienzo-el-tercer-turno-de-campus-ronda-de-2023\\\/#primaryimage\"},\"thumbnailUrl\":\"https:\\\/\\\/www.fundacionunicaja.com\\\/campus\\\/wp-content\\\/uploads\\\/sites\\\/2\\\/2023\\\/07\\\/3_26_cl.png\",\"datePublished\":\"2023-07-16T09:57:43+00:00\",\"breadcrumb\":{\"@id\":\"https:\\\/\\\/www.fundacionunicaja.com\\\/campus\\\/2023\\\/07\\\/16\\\/da-comienzo-el-tercer-turno-de-campus-ronda-de-2023\\\/#breadcrumb\"},\"inLanguage\":\"es\",\"potentialAction\":[{\"@type\":\"ReadAction\",\"target\":[\"https:\\\/\\\/www.fundacionunicaja.com\\\/campus\\\/2023\\\/07\\\/16\\\/da-comienzo-el-tercer-turno-de-campus-ronda-de-2023\\\/\"]}]},{\"@type\":\"ImageObject\",\"inLanguage\":\"es\",\"@id\":\"https:\\\/\\\/www.fundacionunicaja.com\\\/campus\\\/2023\\\/07\\\/16\\\/da-comienzo-el-tercer-turno-de-campus-ronda-de-2023\\\/#primaryimage\",\"url\":\"https:\\\/\\\/www.fundacionunicaja.com\\\/campus\\\/wp-content\\\/uploads\\\/sites\\\/2\\\/2023\\\/07\\\/3_26_cl.png\",\"contentUrl\":\"https:\\\/\\\/www.fundacionunicaja.com\\\/campus\\\/wp-content\\\/uploads\\\/sites\\\/2\\\/2023\\\/07\\\/3_26_cl.png\",\"width\":1920,\"height\":1080},{\"@type\":\"BreadcrumbList\",\"@id\":\"https:\\\/\\\/www.fundacionunicaja.com\\\/campus\\\/2023\\\/07\\\/16\\\/da-comienzo-el-tercer-turno-de-campus-ronda-de-2023\\\/#breadcrumb\",\"itemListElement\":[{\"@type\":\"ListItem\",\"position\":1,\"name\":\"Portada\",\"item\":\"https:\\\/\\\/www.fundacionunicaja.com\\\/campus\\\/\"},{\"@type\":\"ListItem\",\"position\":2,\"name\":\"Da comienzo el tercer turno de Campus Ronda de 2023\"}]},{\"@type\":\"WebSite\",\"@id\":\"https:\\\/\\\/www.fundacionunicaja.com\\\/campus\\\/#website\",\"url\":\"https:\\\/\\\/www.fundacionunicaja.com\\\/campus\\\/\",\"name\":\"Campus Fundaci\u00f3n Unicaja\",\"description\":\"\",\"publisher\":{\"@id\":\"https:\\\/\\\/www.fundacionunicaja.com\\\/campus\\\/#organization\"},\"potentialAction\":[{\"@type\":\"SearchAction\",\"target\":{\"@type\":\"EntryPoint\",\"urlTemplate\":\"https:\\\/\\\/www.fundacionunicaja.com\\\/campus\\\/?s={search_term_string}\"},\"query-input\":{\"@type\":\"PropertyValueSpecification\",\"valueRequired\":true,\"valueName\":\"search_term_string\"}}],\"inLanguage\":\"es\"},{\"@type\":\"Organization\",\"@id\":\"https:\\\/\\\/www.fundacionunicaja.com\\\/campus\\\/#organization\",\"name\":\"Campus Fundaci\u00f3n Unicaja\",\"url\":\"https:\\\/\\\/www.fundacionunicaja.com\\\/campus\\\/\",\"logo\":{\"@type\":\"ImageObject\",\"inLanguage\":\"es\",\"@id\":\"https:\\\/\\\/www.fundacionunicaja.com\\\/campus\\\/#\\\/schema\\\/logo\\\/image\\\/\",\"url\":\"https:\\\/\\\/www.fundacionunicaja.com\\\/campus\\\/wp-content\\\/uploads\\\/sites\\\/2\\\/2025\\\/03\\\/LOGO_unicaja-1.png\",\"contentUrl\":\"https:\\\/\\\/www.fundacionunicaja.com\\\/campus\\\/wp-content\\\/uploads\\\/sites\\\/2\\\/2025\\\/03\\\/LOGO_unicaja-1.png\",\"width\":243,\"height\":69,\"caption\":\"Campus Fundaci\u00f3n Unicaja\"},\"image\":{\"@id\":\"https:\\\/\\\/www.fundacionunicaja.com\\\/campus\\\/#\\\/schema\\\/logo\\\/image\\\/\"}},{\"@type\":\"Person\",\"@id\":\"https:\\\/\\\/www.fundacionunicaja.com\\\/campus\\\/#\\\/schema\\\/person\\\/16c011016170405833b64248beaca4c1\",\"name\":\"admin\",\"image\":{\"@type\":\"ImageObject\",\"inLanguage\":\"es\",\"@id\":\"https:\\\/\\\/secure.gravatar.com\\\/avatar\\\/53fe2ed3b30640367a30f4b4978313b87fe50c8c5859f22378ec2886d080b954?s=96&d=mm&r=g\",\"url\":\"https:\\\/\\\/secure.gravatar.com\\\/avatar\\\/53fe2ed3b30640367a30f4b4978313b87fe50c8c5859f22378ec2886d080b954?s=96&d=mm&r=g\",\"contentUrl\":\"https:\\\/\\\/secure.gravatar.com\\\/avatar\\\/53fe2ed3b30640367a30f4b4978313b87fe50c8c5859f22378ec2886d080b954?s=96&d=mm&r=g\",\"caption\":\"admin\"},\"sameAs\":[\"https:\\\/\\\/www.fundacionunicaja.com\\\/\"],\"url\":\"https:\\\/\\\/www.fundacionunicaja.com\\\/campus\\\/author\\\/admin\\\/\"}]}<\/script>\n<!-- \/ Yoast SEO plugin. -->","yoast_head_json":{"title":"Da comienzo el tercer turno de Campus Ronda de 2023 - Campus Fundaci\u00f3n Unicaja","robots":{"index":"index","follow":"follow","max-snippet":"max-snippet:-1","max-image-preview":"max-image-preview:large","max-video-preview":"max-video-preview:-1"},"canonical":"https:\/\/www.fundacionunicaja.com\/campus\/2023\/07\/16\/da-comienzo-el-tercer-turno-de-campus-ronda-de-2023\/","og_locale":"es_ES","og_type":"article","og_title":"Da comienzo el tercer turno de Campus Ronda de 2023 - Campus Fundaci\u00f3n Unicaja","og_description":"El mes de julio sigue su curso y ayer s\u00e1bado d\u00eda 15 d\u00e1bamos la bienvenida al tercer turno del verano de 2023 en Campus Ronda. Tan pronto como los chicos y chicas iban dejando sus maletas y despidi\u00e9ndose de sus padres, empezaban a poder disfrutar de algunas de las muchas actividades que los van a [&hellip;]","og_url":"https:\/\/www.fundacionunicaja.com\/campus\/2023\/07\/16\/da-comienzo-el-tercer-turno-de-campus-ronda-de-2023\/","og_site_name":"Campus Fundaci\u00f3n Unicaja","article_published_time":"2023-07-16T09:57:43+00:00","og_image":[{"width":1024,"height":576,"url":"https:\/\/www.fundacionunicaja.com\/campus\/wp-content\/uploads\/sites\/2\/2023\/07\/3_26_cl-1024x576.png","type":"image\/png"}],"author":"admin","twitter_card":"summary_large_image","twitter_misc":{"Escrito por":"admin","Tiempo de lectura":"2 minutos"},"schema":{"@context":"https:\/\/schema.org","@graph":[{"@type":"Article","@id":"https:\/\/www.fundacionunicaja.com\/campus\/2023\/07\/16\/da-comienzo-el-tercer-turno-de-campus-ronda-de-2023\/#article","isPartOf":{"@id":"https:\/\/www.fundacionunicaja.com\/campus\/2023\/07\/16\/da-comienzo-el-tercer-turno-de-campus-ronda-de-2023\/"},"author":{"name":"admin","@id":"https:\/\/www.fundacionunicaja.com\/campus\/#\/schema\/person\/16c011016170405833b64248beaca4c1"},"headline":"Da comienzo el tercer turno de Campus Ronda de 2023","datePublished":"2023-07-16T09:57:43+00:00","mainEntityOfPage":{"@id":"https:\/\/www.fundacionunicaja.com\/campus\/2023\/07\/16\/da-comienzo-el-tercer-turno-de-campus-ronda-de-2023\/"},"wordCount":220,"commentCount":0,"publisher":{"@id":"https:\/\/www.fundacionunicaja.com\/campus\/#organization"},"image":{"@id":"https:\/\/www.fundacionunicaja.com\/campus\/2023\/07\/16\/da-comienzo-el-tercer-turno-de-campus-ronda-de-2023\/#primaryimage"},"thumbnailUrl":"https:\/\/www.fundacionunicaja.com\/campus\/wp-content\/uploads\/sites\/2\/2023\/07\/3_26_cl.png","articleSection":["Ronda"],"inLanguage":"es","potentialAction":[{"@type":"CommentAction","name":"Comment","target":["https:\/\/www.fundacionunicaja.com\/campus\/2023\/07\/16\/da-comienzo-el-tercer-turno-de-campus-ronda-de-2023\/#respond"]}]},{"@type":"WebPage","@id":"https:\/\/www.fundacionunicaja.com\/campus\/2023\/07\/16\/da-comienzo-el-tercer-turno-de-campus-ronda-de-2023\/","url":"https:\/\/www.fundacionunicaja.com\/campus\/2023\/07\/16\/da-comienzo-el-tercer-turno-de-campus-ronda-de-2023\/","name":"Da comienzo el tercer turno de Campus Ronda de 2023 - Campus Fundaci\u00f3n Unicaja","isPartOf":{"@id":"https:\/\/www.fundacionunicaja.com\/campus\/#website"},"primaryImageOfPage":{"@id":"https:\/\/www.fundacionunicaja.com\/campus\/2023\/07\/16\/da-comienzo-el-tercer-turno-de-campus-ronda-de-2023\/#primaryimage"},"image":{"@id":"https:\/\/www.fundacionunicaja.com\/campus\/2023\/07\/16\/da-comienzo-el-tercer-turno-de-campus-ronda-de-2023\/#primaryimage"},"thumbnailUrl":"https:\/\/www.fundacionunicaja.com\/campus\/wp-content\/uploads\/sites\/2\/2023\/07\/3_26_cl.png","datePublished":"2023-07-16T09:57:43+00:00","breadcrumb":{"@id":"https:\/\/www.fundacionunicaja.com\/campus\/2023\/07\/16\/da-comienzo-el-tercer-turno-de-campus-ronda-de-2023\/#breadcrumb"},"inLanguage":"es","potentialAction":[{"@type":"ReadAction","target":["https:\/\/www.fundacionunicaja.com\/campus\/2023\/07\/16\/da-comienzo-el-tercer-turno-de-campus-ronda-de-2023\/"]}]},{"@type":"ImageObject","inLanguage":"es","@id":"https:\/\/www.fundacionunicaja.com\/campus\/2023\/07\/16\/da-comienzo-el-tercer-turno-de-campus-ronda-de-2023\/#primaryimage","url":"https:\/\/www.fundacionunicaja.com\/campus\/wp-content\/uploads\/sites\/2\/2023\/07\/3_26_cl.png","contentUrl":"https:\/\/www.fundacionunicaja.com\/campus\/wp-content\/uploads\/sites\/2\/2023\/07\/3_26_cl.png","width":1920,"height":1080},{"@type":"BreadcrumbList","@id":"https:\/\/www.fundacionunicaja.com\/campus\/2023\/07\/16\/da-comienzo-el-tercer-turno-de-campus-ronda-de-2023\/#breadcrumb","itemListElement":[{"@type":"ListItem","position":1,"name":"Portada","item":"https:\/\/www.fundacionunicaja.com\/campus\/"},{"@type":"ListItem","position":2,"name":"Da comienzo el tercer turno de Campus Ronda de 2023"}]},{"@type":"WebSite","@id":"https:\/\/www.fundacionunicaja.com\/campus\/#website","url":"https:\/\/www.fundacionunicaja.com\/campus\/","name":"Campus Fundaci\u00f3n Unicaja","description":"","publisher":{"@id":"https:\/\/www.fundacionunicaja.com\/campus\/#organization"},"potentialAction":[{"@type":"SearchAction","target":{"@type":"EntryPoint","urlTemplate":"https:\/\/www.fundacionunicaja.com\/campus\/?s={search_term_string}"},"query-input":{"@type":"PropertyValueSpecification","valueRequired":true,"valueName":"search_term_string"}}],"inLanguage":"es"},{"@type":"Organization","@id":"https:\/\/www.fundacionunicaja.com\/campus\/#organization","name":"Campus Fundaci\u00f3n Unicaja","url":"https:\/\/www.fundacionunicaja.com\/campus\/","logo":{"@type":"ImageObject","inLanguage":"es","@id":"https:\/\/www.fundacionunicaja.com\/campus\/#\/schema\/logo\/image\/","url":"https:\/\/www.fundacionunicaja.com\/campus\/wp-content\/uploads\/sites\/2\/2025\/03\/LOGO_unicaja-1.png","contentUrl":"https:\/\/www.fundacionunicaja.com\/campus\/wp-content\/uploads\/sites\/2\/2025\/03\/LOGO_unicaja-1.png","width":243,"height":69,"caption":"Campus Fundaci\u00f3n Unicaja"},"image":{"@id":"https:\/\/www.fundacionunicaja.com\/campus\/#\/schema\/logo\/image\/"}},{"@type":"Person","@id":"https:\/\/www.fundacionunicaja.com\/campus\/#\/schema\/person\/16c011016170405833b64248beaca4c1","name":"admin","image":{"@type":"ImageObject","inLanguage":"es","@id":"https:\/\/secure.gravatar.com\/avatar\/53fe2ed3b30640367a30f4b4978313b87fe50c8c5859f22378ec2886d080b954?s=96&d=mm&r=g","url":"https:\/\/secure.gravatar.com\/avatar\/53fe2ed3b30640367a30f4b4978313b87fe50c8c5859f22378ec2886d080b954?s=96&d=mm&r=g","contentUrl":"https:\/\/secure.gravatar.com\/avatar\/53fe2ed3b30640367a30f4b4978313b87fe50c8c5859f22378ec2886d080b954?s=96&d=mm&r=g","caption":"admin"},"sameAs":["https:\/\/www.fundacionunicaja.com\/"],"url":"https:\/\/www.fundacionunicaja.com\/campus\/author\/admin\/"}]}},"_links":{"self":[{"href":"https:\/\/www.fundacionunicaja.com\/campus\/wp-json\/wp\/v2\/posts\/54567","targetHints":{"allow":["GET"]}}],"collection":[{"href":"https:\/\/www.fundacionunicaja.com\/campus\/wp-json\/wp\/v2\/posts"}],"about":[{"href":"https:\/\/www.fundacionunicaja.com\/campus\/wp-json\/wp\/v2\/types\/post"}],"author":[{"embeddable":true,"href":"https:\/\/www.fundacionunicaja.com\/campus\/wp-json\/wp\/v2\/users\/1"}],"replies":[{"embeddable":true,"href":"https:\/\/www.fundacionunicaja.com\/campus\/wp-json\/wp\/v2\/comments?post=54567"}],"version-history":[{"count":0,"href":"https:\/\/www.fundacionunicaja.com\/campus\/wp-json\/wp\/v2\/posts\/54567\/revisions"}],"wp:featuredmedia":[{"embeddable":true,"href":"https:\/\/www.fundacionunicaja.com\/campus\/wp-json\/wp\/v2\/media\/54691"}],"wp:attachment":[{"href":"https:\/\/www.fundacionunicaja.com\/campus\/wp-json\/wp\/v2\/media?parent=54567"}],"wp:term":[{"taxonomy":"category","embeddable":true,"href":"https:\/\/www.fundacionunicaja.com\/campus\/wp-json\/wp\/v2\/categories?post=54567"},{"taxonomy":"post_tag","embeddable":true,"href":"https:\/\/www.fundacionunicaja.com\/campus\/wp-json\/wp\/v2\/tags?post=54567"}],"curies":[{"name":"wp","href":"https:\/\/api.w.org\/{rel}","templated":true}]}}