{"id":54565,"date":"2023-07-13T15:37:20","date_gmt":"2023-07-13T15:37:20","guid":{"rendered":"https:\/\/fundacionunicaja.oletecnologia.com\/?p=5991"},"modified":"2023-07-13T15:37:20","modified_gmt":"2023-07-13T15:37:20","slug":"el-turno-2-de-campus-ronda-ha-visitado-esta-manana-la-ciudad","status":"publish","type":"post","link":"https:\/\/www.fundacionunicaja.com\/campus\/2023\/07\/13\/el-turno-2-de-campus-ronda-ha-visitado-esta-manana-la-ciudad\/","title":{"rendered":"El turno 2 de Campus Ronda ha visitado esta ma\u00f1ana la ciudad"},"content":{"rendered":"\n<p>Esta ma\u00f1ana hemos cambiado un poco nuestra hasta ahora usual rutina de inicio de cada d\u00eda en este segundo turno de Campus Ronda 2023. Hemos dejado aparcados por un momento los ratos de piscina y de realizaci\u00f3n de las distintas actividades para dedicar toda la ma\u00f1ana a visitar la ciudad de Ronda.\u00a0<\/p>\n\n\n\n<p>En torno a las 10:15 los chicos y chicas del turno 2 se han puesto sus zapatillas de deporte para hacer una visita a esta ciudad malague\u00f1a tan bonita que cada verano nos acoge a todos. M\u00e1s all\u00e1 de dar un paseo por el centro de la ciudad, los ni\u00f1os y ni\u00f1as han aprovechado la ocasi\u00f3n junto con todos los monitores y monitoras para bailar las canciones del verano, pasar un rato de compras o tomarse un helado.\u00a0<\/p>\n\n\n\n<p>Una vez regresamos al Campus, los j\u00f3venes pudieron reponer fuerzas con el almuerzo para aprovechar la tarde y seguir haciendo el resto de actividades que tanto disfrutan, destacando hoy las Olimpiadas o la fiesta de Ronda Colors.<\/p>\n\n\n\n<figure class=\"wp-block-image size-large\"><img decoding=\"async\" class=\"wp-image-5993\" src=\"https:\/\/fundacionunicaja.oletecnologia.com\/wp-content\/uploads\/2023\/07\/2_471_con-logo-1024x576.png\" alt=\"\" \/><\/figure>\n","protected":false},"excerpt":{"rendered":"<p>Esta ma\u00f1ana hemos cambiado un poco nuestra hasta ahora usual rutina de inicio de cada d\u00eda en este segundo turno de Campus Ronda 2023. Hemos dejado aparcados por un momento los ratos de piscina y de realizaci\u00f3n de las distintas actividades para dedicar toda la ma\u00f1ana a visitar la ciudad de Ronda.\u00a0 En torno a [&hellip;]<\/p>\n","protected":false},"author":1,"featured_media":54703,"comment_status":"open","ping_status":"open","sticky":false,"template":"","format":"standard","meta":{"_acf_changed":false,"footnotes":""},"categories":[25],"tags":[],"class_list":["post-54565","post","type-post","status-publish","format-standard","has-post-thumbnail","hentry","category-ronda"],"acf":[],"yoast_head":"<!-- This site is optimized with the Yoast SEO plugin v27.4 - https:\/\/yoast.com\/product\/yoast-seo-wordpress\/ -->\n<title>El turno 2 de Campus Ronda ha visitado esta ma\u00f1ana la ciudad - Campus Fundaci\u00f3n Unicaja<\/title>\n<meta name=\"robots\" content=\"index, follow, max-snippet:-1, max-image-preview:large, max-video-preview:-1\" \/>\n<link rel=\"canonical\" href=\"https:\/\/www.fundacionunicaja.com\/campus\/2023\/07\/13\/el-turno-2-de-campus-ronda-ha-visitado-esta-manana-la-ciudad\/\" \/>\n<meta property=\"og:locale\" content=\"es_ES\" \/>\n<meta property=\"og:type\" content=\"article\" \/>\n<meta property=\"og:title\" content=\"El turno 2 de Campus Ronda ha visitado esta ma\u00f1ana la ciudad - Campus Fundaci\u00f3n Unicaja\" \/>\n<meta property=\"og:description\" content=\"Esta ma\u00f1ana hemos cambiado un poco nuestra hasta ahora usual rutina de inicio de cada d\u00eda en este segundo turno de Campus Ronda 2023. Hemos dejado aparcados por un momento los ratos de piscina y de realizaci\u00f3n de las distintas actividades para dedicar toda la ma\u00f1ana a visitar la ciudad de Ronda.\u00a0 En torno a [&hellip;]\" \/>\n<meta property=\"og:url\" content=\"https:\/\/www.fundacionunicaja.com\/campus\/2023\/07\/13\/el-turno-2-de-campus-ronda-ha-visitado-esta-manana-la-ciudad\/\" \/>\n<meta property=\"og:site_name\" content=\"Campus Fundaci\u00f3n Unicaja\" \/>\n<meta property=\"article:published_time\" content=\"2023-07-13T15:37:20+00:00\" \/>\n<meta property=\"og:image\" content=\"https:\/\/www.fundacionunicaja.com\/campus\/wp-content\/uploads\/sites\/2\/2023\/07\/Foto-2-1024x576.png\" \/>\n\t<meta property=\"og:image:width\" content=\"1024\" \/>\n\t<meta property=\"og:image:height\" content=\"576\" \/>\n\t<meta property=\"og:image:type\" content=\"image\/png\" \/>\n<meta name=\"author\" content=\"admin\" \/>\n<meta name=\"twitter:card\" content=\"summary_large_image\" \/>\n<meta name=\"twitter:label1\" content=\"Escrito por\" \/>\n\t<meta name=\"twitter:data1\" content=\"admin\" \/>\n\t<meta name=\"twitter:label2\" content=\"Tiempo de lectura\" \/>\n\t<meta name=\"twitter:data2\" content=\"2 minutos\" \/>\n<script type=\"application\/ld+json\" class=\"yoast-schema-graph\">{\"@context\":\"https:\\\/\\\/schema.org\",\"@graph\":[{\"@type\":\"Article\",\"@id\":\"https:\\\/\\\/www.fundacionunicaja.com\\\/campus\\\/2023\\\/07\\\/13\\\/el-turno-2-de-campus-ronda-ha-visitado-esta-manana-la-ciudad\\\/#article\",\"isPartOf\":{\"@id\":\"https:\\\/\\\/www.fundacionunicaja.com\\\/campus\\\/2023\\\/07\\\/13\\\/el-turno-2-de-campus-ronda-ha-visitado-esta-manana-la-ciudad\\\/\"},\"author\":{\"name\":\"admin\",\"@id\":\"https:\\\/\\\/www.fundacionunicaja.com\\\/campus\\\/#\\\/schema\\\/person\\\/16c011016170405833b64248beaca4c1\"},\"headline\":\"El turno 2 de Campus Ronda ha visitado esta ma\u00f1ana la ciudad\",\"datePublished\":\"2023-07-13T15:37:20+00:00\",\"mainEntityOfPage\":{\"@id\":\"https:\\\/\\\/www.fundacionunicaja.com\\\/campus\\\/2023\\\/07\\\/13\\\/el-turno-2-de-campus-ronda-ha-visitado-esta-manana-la-ciudad\\\/\"},\"wordCount\":186,\"commentCount\":0,\"publisher\":{\"@id\":\"https:\\\/\\\/www.fundacionunicaja.com\\\/campus\\\/#organization\"},\"image\":{\"@id\":\"https:\\\/\\\/www.fundacionunicaja.com\\\/campus\\\/2023\\\/07\\\/13\\\/el-turno-2-de-campus-ronda-ha-visitado-esta-manana-la-ciudad\\\/#primaryimage\"},\"thumbnailUrl\":\"https:\\\/\\\/www.fundacionunicaja.com\\\/campus\\\/wp-content\\\/uploads\\\/sites\\\/2\\\/2023\\\/07\\\/Foto-2.png\",\"articleSection\":[\"Ronda\"],\"inLanguage\":\"es\",\"potentialAction\":[{\"@type\":\"CommentAction\",\"name\":\"Comment\",\"target\":[\"https:\\\/\\\/www.fundacionunicaja.com\\\/campus\\\/2023\\\/07\\\/13\\\/el-turno-2-de-campus-ronda-ha-visitado-esta-manana-la-ciudad\\\/#respond\"]}]},{\"@type\":\"WebPage\",\"@id\":\"https:\\\/\\\/www.fundacionunicaja.com\\\/campus\\\/2023\\\/07\\\/13\\\/el-turno-2-de-campus-ronda-ha-visitado-esta-manana-la-ciudad\\\/\",\"url\":\"https:\\\/\\\/www.fundacionunicaja.com\\\/campus\\\/2023\\\/07\\\/13\\\/el-turno-2-de-campus-ronda-ha-visitado-esta-manana-la-ciudad\\\/\",\"name\":\"El turno 2 de Campus Ronda ha visitado esta ma\u00f1ana la ciudad - Campus Fundaci\u00f3n Unicaja\",\"isPartOf\":{\"@id\":\"https:\\\/\\\/www.fundacionunicaja.com\\\/campus\\\/#website\"},\"primaryImageOfPage\":{\"@id\":\"https:\\\/\\\/www.fundacionunicaja.com\\\/campus\\\/2023\\\/07\\\/13\\\/el-turno-2-de-campus-ronda-ha-visitado-esta-manana-la-ciudad\\\/#primaryimage\"},\"image\":{\"@id\":\"https:\\\/\\\/www.fundacionunicaja.com\\\/campus\\\/2023\\\/07\\\/13\\\/el-turno-2-de-campus-ronda-ha-visitado-esta-manana-la-ciudad\\\/#primaryimage\"},\"thumbnailUrl\":\"https:\\\/\\\/www.fundacionunicaja.com\\\/campus\\\/wp-content\\\/uploads\\\/sites\\\/2\\\/2023\\\/07\\\/Foto-2.png\",\"datePublished\":\"2023-07-13T15:37:20+00:00\",\"breadcrumb\":{\"@id\":\"https:\\\/\\\/www.fundacionunicaja.com\\\/campus\\\/2023\\\/07\\\/13\\\/el-turno-2-de-campus-ronda-ha-visitado-esta-manana-la-ciudad\\\/#breadcrumb\"},\"inLanguage\":\"es\",\"potentialAction\":[{\"@type\":\"ReadAction\",\"target\":[\"https:\\\/\\\/www.fundacionunicaja.com\\\/campus\\\/2023\\\/07\\\/13\\\/el-turno-2-de-campus-ronda-ha-visitado-esta-manana-la-ciudad\\\/\"]}]},{\"@type\":\"ImageObject\",\"inLanguage\":\"es\",\"@id\":\"https:\\\/\\\/www.fundacionunicaja.com\\\/campus\\\/2023\\\/07\\\/13\\\/el-turno-2-de-campus-ronda-ha-visitado-esta-manana-la-ciudad\\\/#primaryimage\",\"url\":\"https:\\\/\\\/www.fundacionunicaja.com\\\/campus\\\/wp-content\\\/uploads\\\/sites\\\/2\\\/2023\\\/07\\\/Foto-2.png\",\"contentUrl\":\"https:\\\/\\\/www.fundacionunicaja.com\\\/campus\\\/wp-content\\\/uploads\\\/sites\\\/2\\\/2023\\\/07\\\/Foto-2.png\",\"width\":1920,\"height\":1080},{\"@type\":\"BreadcrumbList\",\"@id\":\"https:\\\/\\\/www.fundacionunicaja.com\\\/campus\\\/2023\\\/07\\\/13\\\/el-turno-2-de-campus-ronda-ha-visitado-esta-manana-la-ciudad\\\/#breadcrumb\",\"itemListElement\":[{\"@type\":\"ListItem\",\"position\":1,\"name\":\"Portada\",\"item\":\"https:\\\/\\\/www.fundacionunicaja.com\\\/campus\\\/\"},{\"@type\":\"ListItem\",\"position\":2,\"name\":\"El turno 2 de Campus Ronda ha visitado esta ma\u00f1ana la ciudad\"}]},{\"@type\":\"WebSite\",\"@id\":\"https:\\\/\\\/www.fundacionunicaja.com\\\/campus\\\/#website\",\"url\":\"https:\\\/\\\/www.fundacionunicaja.com\\\/campus\\\/\",\"name\":\"Campus Fundaci\u00f3n Unicaja\",\"description\":\"\",\"publisher\":{\"@id\":\"https:\\\/\\\/www.fundacionunicaja.com\\\/campus\\\/#organization\"},\"potentialAction\":[{\"@type\":\"SearchAction\",\"target\":{\"@type\":\"EntryPoint\",\"urlTemplate\":\"https:\\\/\\\/www.fundacionunicaja.com\\\/campus\\\/?s={search_term_string}\"},\"query-input\":{\"@type\":\"PropertyValueSpecification\",\"valueRequired\":true,\"valueName\":\"search_term_string\"}}],\"inLanguage\":\"es\"},{\"@type\":\"Organization\",\"@id\":\"https:\\\/\\\/www.fundacionunicaja.com\\\/campus\\\/#organization\",\"name\":\"Campus Fundaci\u00f3n Unicaja\",\"url\":\"https:\\\/\\\/www.fundacionunicaja.com\\\/campus\\\/\",\"logo\":{\"@type\":\"ImageObject\",\"inLanguage\":\"es\",\"@id\":\"https:\\\/\\\/www.fundacionunicaja.com\\\/campus\\\/#\\\/schema\\\/logo\\\/image\\\/\",\"url\":\"https:\\\/\\\/www.fundacionunicaja.com\\\/campus\\\/wp-content\\\/uploads\\\/sites\\\/2\\\/2025\\\/03\\\/LOGO_unicaja-1.png\",\"contentUrl\":\"https:\\\/\\\/www.fundacionunicaja.com\\\/campus\\\/wp-content\\\/uploads\\\/sites\\\/2\\\/2025\\\/03\\\/LOGO_unicaja-1.png\",\"width\":243,\"height\":69,\"caption\":\"Campus Fundaci\u00f3n Unicaja\"},\"image\":{\"@id\":\"https:\\\/\\\/www.fundacionunicaja.com\\\/campus\\\/#\\\/schema\\\/logo\\\/image\\\/\"}},{\"@type\":\"Person\",\"@id\":\"https:\\\/\\\/www.fundacionunicaja.com\\\/campus\\\/#\\\/schema\\\/person\\\/16c011016170405833b64248beaca4c1\",\"name\":\"admin\",\"image\":{\"@type\":\"ImageObject\",\"inLanguage\":\"es\",\"@id\":\"https:\\\/\\\/secure.gravatar.com\\\/avatar\\\/53fe2ed3b30640367a30f4b4978313b87fe50c8c5859f22378ec2886d080b954?s=96&d=mm&r=g\",\"url\":\"https:\\\/\\\/secure.gravatar.com\\\/avatar\\\/53fe2ed3b30640367a30f4b4978313b87fe50c8c5859f22378ec2886d080b954?s=96&d=mm&r=g\",\"contentUrl\":\"https:\\\/\\\/secure.gravatar.com\\\/avatar\\\/53fe2ed3b30640367a30f4b4978313b87fe50c8c5859f22378ec2886d080b954?s=96&d=mm&r=g\",\"caption\":\"admin\"},\"sameAs\":[\"https:\\\/\\\/www.fundacionunicaja.com\\\/\"],\"url\":\"https:\\\/\\\/www.fundacionunicaja.com\\\/campus\\\/author\\\/admin\\\/\"}]}<\/script>\n<!-- \/ Yoast SEO plugin. -->","yoast_head_json":{"title":"El turno 2 de Campus Ronda ha visitado esta ma\u00f1ana la ciudad - Campus Fundaci\u00f3n Unicaja","robots":{"index":"index","follow":"follow","max-snippet":"max-snippet:-1","max-image-preview":"max-image-preview:large","max-video-preview":"max-video-preview:-1"},"canonical":"https:\/\/www.fundacionunicaja.com\/campus\/2023\/07\/13\/el-turno-2-de-campus-ronda-ha-visitado-esta-manana-la-ciudad\/","og_locale":"es_ES","og_type":"article","og_title":"El turno 2 de Campus Ronda ha visitado esta ma\u00f1ana la ciudad - Campus Fundaci\u00f3n Unicaja","og_description":"Esta ma\u00f1ana hemos cambiado un poco nuestra hasta ahora usual rutina de inicio de cada d\u00eda en este segundo turno de Campus Ronda 2023. Hemos dejado aparcados por un momento los ratos de piscina y de realizaci\u00f3n de las distintas actividades para dedicar toda la ma\u00f1ana a visitar la ciudad de Ronda.\u00a0 En torno a [&hellip;]","og_url":"https:\/\/www.fundacionunicaja.com\/campus\/2023\/07\/13\/el-turno-2-de-campus-ronda-ha-visitado-esta-manana-la-ciudad\/","og_site_name":"Campus Fundaci\u00f3n Unicaja","article_published_time":"2023-07-13T15:37:20+00:00","og_image":[{"width":1024,"height":576,"url":"https:\/\/www.fundacionunicaja.com\/campus\/wp-content\/uploads\/sites\/2\/2023\/07\/Foto-2-1024x576.png","type":"image\/png"}],"author":"admin","twitter_card":"summary_large_image","twitter_misc":{"Escrito por":"admin","Tiempo de lectura":"2 minutos"},"schema":{"@context":"https:\/\/schema.org","@graph":[{"@type":"Article","@id":"https:\/\/www.fundacionunicaja.com\/campus\/2023\/07\/13\/el-turno-2-de-campus-ronda-ha-visitado-esta-manana-la-ciudad\/#article","isPartOf":{"@id":"https:\/\/www.fundacionunicaja.com\/campus\/2023\/07\/13\/el-turno-2-de-campus-ronda-ha-visitado-esta-manana-la-ciudad\/"},"author":{"name":"admin","@id":"https:\/\/www.fundacionunicaja.com\/campus\/#\/schema\/person\/16c011016170405833b64248beaca4c1"},"headline":"El turno 2 de Campus Ronda ha visitado esta ma\u00f1ana la ciudad","datePublished":"2023-07-13T15:37:20+00:00","mainEntityOfPage":{"@id":"https:\/\/www.fundacionunicaja.com\/campus\/2023\/07\/13\/el-turno-2-de-campus-ronda-ha-visitado-esta-manana-la-ciudad\/"},"wordCount":186,"commentCount":0,"publisher":{"@id":"https:\/\/www.fundacionunicaja.com\/campus\/#organization"},"image":{"@id":"https:\/\/www.fundacionunicaja.com\/campus\/2023\/07\/13\/el-turno-2-de-campus-ronda-ha-visitado-esta-manana-la-ciudad\/#primaryimage"},"thumbnailUrl":"https:\/\/www.fundacionunicaja.com\/campus\/wp-content\/uploads\/sites\/2\/2023\/07\/Foto-2.png","articleSection":["Ronda"],"inLanguage":"es","potentialAction":[{"@type":"CommentAction","name":"Comment","target":["https:\/\/www.fundacionunicaja.com\/campus\/2023\/07\/13\/el-turno-2-de-campus-ronda-ha-visitado-esta-manana-la-ciudad\/#respond"]}]},{"@type":"WebPage","@id":"https:\/\/www.fundacionunicaja.com\/campus\/2023\/07\/13\/el-turno-2-de-campus-ronda-ha-visitado-esta-manana-la-ciudad\/","url":"https:\/\/www.fundacionunicaja.com\/campus\/2023\/07\/13\/el-turno-2-de-campus-ronda-ha-visitado-esta-manana-la-ciudad\/","name":"El turno 2 de Campus Ronda ha visitado esta ma\u00f1ana la ciudad - Campus Fundaci\u00f3n Unicaja","isPartOf":{"@id":"https:\/\/www.fundacionunicaja.com\/campus\/#website"},"primaryImageOfPage":{"@id":"https:\/\/www.fundacionunicaja.com\/campus\/2023\/07\/13\/el-turno-2-de-campus-ronda-ha-visitado-esta-manana-la-ciudad\/#primaryimage"},"image":{"@id":"https:\/\/www.fundacionunicaja.com\/campus\/2023\/07\/13\/el-turno-2-de-campus-ronda-ha-visitado-esta-manana-la-ciudad\/#primaryimage"},"thumbnailUrl":"https:\/\/www.fundacionunicaja.com\/campus\/wp-content\/uploads\/sites\/2\/2023\/07\/Foto-2.png","datePublished":"2023-07-13T15:37:20+00:00","breadcrumb":{"@id":"https:\/\/www.fundacionunicaja.com\/campus\/2023\/07\/13\/el-turno-2-de-campus-ronda-ha-visitado-esta-manana-la-ciudad\/#breadcrumb"},"inLanguage":"es","potentialAction":[{"@type":"ReadAction","target":["https:\/\/www.fundacionunicaja.com\/campus\/2023\/07\/13\/el-turno-2-de-campus-ronda-ha-visitado-esta-manana-la-ciudad\/"]}]},{"@type":"ImageObject","inLanguage":"es","@id":"https:\/\/www.fundacionunicaja.com\/campus\/2023\/07\/13\/el-turno-2-de-campus-ronda-ha-visitado-esta-manana-la-ciudad\/#primaryimage","url":"https:\/\/www.fundacionunicaja.com\/campus\/wp-content\/uploads\/sites\/2\/2023\/07\/Foto-2.png","contentUrl":"https:\/\/www.fundacionunicaja.com\/campus\/wp-content\/uploads\/sites\/2\/2023\/07\/Foto-2.png","width":1920,"height":1080},{"@type":"BreadcrumbList","@id":"https:\/\/www.fundacionunicaja.com\/campus\/2023\/07\/13\/el-turno-2-de-campus-ronda-ha-visitado-esta-manana-la-ciudad\/#breadcrumb","itemListElement":[{"@type":"ListItem","position":1,"name":"Portada","item":"https:\/\/www.fundacionunicaja.com\/campus\/"},{"@type":"ListItem","position":2,"name":"El turno 2 de Campus Ronda ha visitado esta ma\u00f1ana la ciudad"}]},{"@type":"WebSite","@id":"https:\/\/www.fundacionunicaja.com\/campus\/#website","url":"https:\/\/www.fundacionunicaja.com\/campus\/","name":"Campus Fundaci\u00f3n Unicaja","description":"","publisher":{"@id":"https:\/\/www.fundacionunicaja.com\/campus\/#organization"},"potentialAction":[{"@type":"SearchAction","target":{"@type":"EntryPoint","urlTemplate":"https:\/\/www.fundacionunicaja.com\/campus\/?s={search_term_string}"},"query-input":{"@type":"PropertyValueSpecification","valueRequired":true,"valueName":"search_term_string"}}],"inLanguage":"es"},{"@type":"Organization","@id":"https:\/\/www.fundacionunicaja.com\/campus\/#organization","name":"Campus Fundaci\u00f3n Unicaja","url":"https:\/\/www.fundacionunicaja.com\/campus\/","logo":{"@type":"ImageObject","inLanguage":"es","@id":"https:\/\/www.fundacionunicaja.com\/campus\/#\/schema\/logo\/image\/","url":"https:\/\/www.fundacionunicaja.com\/campus\/wp-content\/uploads\/sites\/2\/2025\/03\/LOGO_unicaja-1.png","contentUrl":"https:\/\/www.fundacionunicaja.com\/campus\/wp-content\/uploads\/sites\/2\/2025\/03\/LOGO_unicaja-1.png","width":243,"height":69,"caption":"Campus Fundaci\u00f3n Unicaja"},"image":{"@id":"https:\/\/www.fundacionunicaja.com\/campus\/#\/schema\/logo\/image\/"}},{"@type":"Person","@id":"https:\/\/www.fundacionunicaja.com\/campus\/#\/schema\/person\/16c011016170405833b64248beaca4c1","name":"admin","image":{"@type":"ImageObject","inLanguage":"es","@id":"https:\/\/secure.gravatar.com\/avatar\/53fe2ed3b30640367a30f4b4978313b87fe50c8c5859f22378ec2886d080b954?s=96&d=mm&r=g","url":"https:\/\/secure.gravatar.com\/avatar\/53fe2ed3b30640367a30f4b4978313b87fe50c8c5859f22378ec2886d080b954?s=96&d=mm&r=g","contentUrl":"https:\/\/secure.gravatar.com\/avatar\/53fe2ed3b30640367a30f4b4978313b87fe50c8c5859f22378ec2886d080b954?s=96&d=mm&r=g","caption":"admin"},"sameAs":["https:\/\/www.fundacionunicaja.com\/"],"url":"https:\/\/www.fundacionunicaja.com\/campus\/author\/admin\/"}]}},"_links":{"self":[{"href":"https:\/\/www.fundacionunicaja.com\/campus\/wp-json\/wp\/v2\/posts\/54565","targetHints":{"allow":["GET"]}}],"collection":[{"href":"https:\/\/www.fundacionunicaja.com\/campus\/wp-json\/wp\/v2\/posts"}],"about":[{"href":"https:\/\/www.fundacionunicaja.com\/campus\/wp-json\/wp\/v2\/types\/post"}],"author":[{"embeddable":true,"href":"https:\/\/www.fundacionunicaja.com\/campus\/wp-json\/wp\/v2\/users\/1"}],"replies":[{"embeddable":true,"href":"https:\/\/www.fundacionunicaja.com\/campus\/wp-json\/wp\/v2\/comments?post=54565"}],"version-history":[{"count":0,"href":"https:\/\/www.fundacionunicaja.com\/campus\/wp-json\/wp\/v2\/posts\/54565\/revisions"}],"wp:featuredmedia":[{"embeddable":true,"href":"https:\/\/www.fundacionunicaja.com\/campus\/wp-json\/wp\/v2\/media\/54703"}],"wp:attachment":[{"href":"https:\/\/www.fundacionunicaja.com\/campus\/wp-json\/wp\/v2\/media?parent=54565"}],"wp:term":[{"taxonomy":"category","embeddable":true,"href":"https:\/\/www.fundacionunicaja.com\/campus\/wp-json\/wp\/v2\/categories?post=54565"},{"taxonomy":"post_tag","embeddable":true,"href":"https:\/\/www.fundacionunicaja.com\/campus\/wp-json\/wp\/v2\/tags?post=54565"}],"curies":[{"name":"wp","href":"https:\/\/api.w.org\/{rel}","templated":true}]}}