{"id":54556,"date":"2023-06-30T15:26:37","date_gmt":"2023-06-30T15:26:37","guid":{"rendered":"https:\/\/fundacionunicaja.oletecnologia.com\/?p=5881"},"modified":"2023-06-30T15:26:37","modified_gmt":"2023-06-30T15:26:37","slug":"dia-especial-en-el-turno-1-de-campus-sabinillas-2023","status":"publish","type":"post","link":"https:\/\/www.fundacionunicaja.com\/campus\/2023\/06\/30\/dia-especial-en-el-turno-1-de-campus-sabinillas-2023\/","title":{"rendered":"D\u00eda especial en el turno 1 de Campus Sabinillas 2023"},"content":{"rendered":"\n<p>Ayer celebramos el <strong>D\u00eda Especial<\/strong> en el turno 1 de Campus Sabinillas. El d\u00eda comenz\u00f3 con el despertar de los chicos y chicas con las canciones del Campus y caramelos. En la <strong>Velada matinal<\/strong>, los ni\u00f1os continuaron cantando canciones junto a los monitores. <\/p>\n\n\n\n<p>Despu\u00e9s, celebramos <strong>Sabicolors<\/strong> en el campo de f\u00fatbol, donde los chicos\/as tiraron los polvos de colores. Por la tarde, los participantes en este primer turno de Campus Sabinillas, lo pasaron en grande jugando en los castillos hinchables gigantes en la <strong>Fiesta del Agua<\/strong> y, a continuaci\u00f3n, se divirtieron en la gran <strong>Fiesta de la Espuma.<\/strong><\/p>\n\n\n\n<p>Por la noche, celebramos la <strong>Fiesta Ibicenca<\/strong>, en la que todos los chicos y chicas se vistieron de blanco para bailar en la playa.<\/p>\n\n\n\n<figure class=\"wp-block-gallery columns-3 is-cropped wp-block-gallery-1 is-layout-flex wp-block-gallery-is-layout-flex\"><ul class=\"blocks-gallery-grid\"><li class=\"blocks-gallery-item\"><figure><img decoding=\"async\" src=\"https:\/\/fundacionunicaja.oletecnologia.com\/wp-content\/uploads\/2023\/06\/MG_2411-1024x574.jpg\" alt=\"\" data-id=\"5884\" data-full-url=\"https:\/\/fundacionunicaja.oletecnologia.com\/wp-content\/uploads\/2023\/06\/MG_2411.jpg\" data-link=\"https:\/\/fundacionunicaja.oletecnologia.com\/dia-especial-en-el-turno-1-de-campus-sabinillas-2023\/mg_2411\/\" class=\"wp-image-5884\" \/><\/figure><\/li><li class=\"blocks-gallery-item\"><figure><img decoding=\"async\" src=\"https:\/\/fundacionunicaja.oletecnologia.com\/wp-content\/uploads\/2023\/06\/Fotos_Sabicolors_T1-12reducida-1024x574.jpg\" alt=\"\" data-id=\"5885\" data-full-url=\"https:\/\/fundacionunicaja.oletecnologia.com\/wp-content\/uploads\/2023\/06\/Fotos_Sabicolors_T1-12reducida.jpg\" data-link=\"https:\/\/fundacionunicaja.oletecnologia.com\/dia-especial-en-el-turno-1-de-campus-sabinillas-2023\/fotos_sabicolors_t1-12reducida\/\" class=\"wp-image-5885\" \/><\/figure><\/li><li class=\"blocks-gallery-item\"><figure><img decoding=\"async\" src=\"https:\/\/fundacionunicaja.oletecnologia.com\/wp-content\/uploads\/2023\/06\/Fotos_Sabicolors_T1-3-1024x574.jpg\" alt=\"\" data-id=\"5886\" data-full-url=\"https:\/\/fundacionunicaja.oletecnologia.com\/wp-content\/uploads\/2023\/06\/Fotos_Sabicolors_T1-3.jpg\" data-link=\"https:\/\/fundacionunicaja.oletecnologia.com\/dia-especial-en-el-turno-1-de-campus-sabinillas-2023\/fotos_sabicolors_t1-3\/\" class=\"wp-image-5886\" \/><\/figure><\/li><li class=\"blocks-gallery-item\"><figure><img decoding=\"async\" src=\"https:\/\/fundacionunicaja.oletecnologia.com\/wp-content\/uploads\/2023\/06\/Fotos_Sabicolors_T1-34-1024x574.jpg\" alt=\"\" data-id=\"5892\" data-full-url=\"https:\/\/fundacionunicaja.oletecnologia.com\/wp-content\/uploads\/2023\/06\/Fotos_Sabicolors_T1-34.jpg\" data-link=\"https:\/\/fundacionunicaja.oletecnologia.com\/dia-especial-en-el-turno-1-de-campus-sabinillas-2023\/fotos_sabicolors_t1-34\/\" class=\"wp-image-5892\" \/><\/figure><\/li><\/ul><\/figure>\n\n\n\n<p><\/p>\n\n\n\n<p><\/p>\n","protected":false},"excerpt":{"rendered":"<p>Ayer celebramos el D\u00eda Especial en el turno 1 de Campus Sabinillas. El d\u00eda comenz\u00f3 con el despertar de los chicos y chicas con las canciones del Campus y caramelos. En la Velada matinal, los ni\u00f1os continuaron cantando canciones junto a los monitores. Despu\u00e9s, celebramos Sabicolors en el campo de f\u00fatbol, donde los chicos\/as tiraron [&hellip;]<\/p>\n","protected":false},"author":1,"featured_media":5882,"comment_status":"open","ping_status":"open","sticky":false,"template":"","format":"standard","meta":{"_acf_changed":false,"footnotes":""},"categories":[12],"tags":[],"class_list":["post-54556","post","type-post","status-publish","format-standard","has-post-thumbnail","hentry","category-sabinillas"],"acf":[],"yoast_head":"<!-- This site is optimized with the Yoast SEO plugin v27.4 - https:\/\/yoast.com\/product\/yoast-seo-wordpress\/ -->\n<title>D\u00eda especial en el turno 1 de Campus Sabinillas 2023 - Campus Fundaci\u00f3n Unicaja<\/title>\n<meta name=\"robots\" content=\"index, follow, max-snippet:-1, max-image-preview:large, max-video-preview:-1\" \/>\n<link rel=\"canonical\" href=\"https:\/\/www.fundacionunicaja.com\/campus\/2023\/06\/30\/dia-especial-en-el-turno-1-de-campus-sabinillas-2023\/\" \/>\n<meta property=\"og:locale\" content=\"es_ES\" \/>\n<meta property=\"og:type\" content=\"article\" \/>\n<meta property=\"og:title\" content=\"D\u00eda especial en el turno 1 de Campus Sabinillas 2023 - Campus Fundaci\u00f3n Unicaja\" \/>\n<meta property=\"og:description\" content=\"Ayer celebramos el D\u00eda Especial en el turno 1 de Campus Sabinillas. El d\u00eda comenz\u00f3 con el despertar de los chicos y chicas con las canciones del Campus y caramelos. En la Velada matinal, los ni\u00f1os continuaron cantando canciones junto a los monitores. Despu\u00e9s, celebramos Sabicolors en el campo de f\u00fatbol, donde los chicos\/as tiraron [&hellip;]\" \/>\n<meta property=\"og:url\" content=\"https:\/\/www.fundacionunicaja.com\/campus\/2023\/06\/30\/dia-especial-en-el-turno-1-de-campus-sabinillas-2023\/\" \/>\n<meta property=\"og:site_name\" content=\"Campus Fundaci\u00f3n Unicaja\" \/>\n<meta property=\"article:published_time\" content=\"2023-06-30T15:26:37+00:00\" \/>\n<meta property=\"og:image\" content=\"https:\/\/www.fundacionunicaja.com\/campus\/wp-content\/uploads\/sites\/2\/2016\/01\/twt-nautico-e1452776442481.jpg\" \/>\n\t<meta property=\"og:image:width\" content=\"450\" \/>\n\t<meta property=\"og:image:height\" content=\"150\" \/>\n\t<meta property=\"og:image:type\" content=\"image\/jpeg\" \/>\n<meta name=\"author\" content=\"admin\" \/>\n<meta name=\"twitter:card\" content=\"summary_large_image\" \/>\n<meta name=\"twitter:label1\" content=\"Escrito por\" \/>\n\t<meta name=\"twitter:data1\" content=\"admin\" \/>\n\t<meta name=\"twitter:label2\" content=\"Tiempo de lectura\" \/>\n\t<meta name=\"twitter:data2\" content=\"1 minuto\" \/>\n<script type=\"application\/ld+json\" class=\"yoast-schema-graph\">{\"@context\":\"https:\\\/\\\/schema.org\",\"@graph\":[{\"@type\":\"Article\",\"@id\":\"https:\\\/\\\/www.fundacionunicaja.com\\\/campus\\\/2023\\\/06\\\/30\\\/dia-especial-en-el-turno-1-de-campus-sabinillas-2023\\\/#article\",\"isPartOf\":{\"@id\":\"https:\\\/\\\/www.fundacionunicaja.com\\\/campus\\\/2023\\\/06\\\/30\\\/dia-especial-en-el-turno-1-de-campus-sabinillas-2023\\\/\"},\"author\":{\"name\":\"admin\",\"@id\":\"https:\\\/\\\/www.fundacionunicaja.com\\\/campus\\\/#\\\/schema\\\/person\\\/16c011016170405833b64248beaca4c1\"},\"headline\":\"D\u00eda especial en el turno 1 de Campus Sabinillas 2023\",\"datePublished\":\"2023-06-30T15:26:37+00:00\",\"mainEntityOfPage\":{\"@id\":\"https:\\\/\\\/www.fundacionunicaja.com\\\/campus\\\/2023\\\/06\\\/30\\\/dia-especial-en-el-turno-1-de-campus-sabinillas-2023\\\/\"},\"wordCount\":137,\"commentCount\":0,\"publisher\":{\"@id\":\"https:\\\/\\\/www.fundacionunicaja.com\\\/campus\\\/#organization\"},\"image\":{\"@id\":\"https:\\\/\\\/www.fundacionunicaja.com\\\/campus\\\/2023\\\/06\\\/30\\\/dia-especial-en-el-turno-1-de-campus-sabinillas-2023\\\/#primaryimage\"},\"thumbnailUrl\":\"https:\\\/\\\/www.fundacionunicaja.com\\\/campus\\\/wp-content\\\/uploads\\\/sites\\\/2\\\/2016\\\/01\\\/twt-nautico-e1452776442481.jpg\",\"articleSection\":[\"Sabinillas\"],\"inLanguage\":\"es\",\"potentialAction\":[{\"@type\":\"CommentAction\",\"name\":\"Comment\",\"target\":[\"https:\\\/\\\/www.fundacionunicaja.com\\\/campus\\\/2023\\\/06\\\/30\\\/dia-especial-en-el-turno-1-de-campus-sabinillas-2023\\\/#respond\"]}]},{\"@type\":\"WebPage\",\"@id\":\"https:\\\/\\\/www.fundacionunicaja.com\\\/campus\\\/2023\\\/06\\\/30\\\/dia-especial-en-el-turno-1-de-campus-sabinillas-2023\\\/\",\"url\":\"https:\\\/\\\/www.fundacionunicaja.com\\\/campus\\\/2023\\\/06\\\/30\\\/dia-especial-en-el-turno-1-de-campus-sabinillas-2023\\\/\",\"name\":\"D\u00eda especial en el turno 1 de Campus Sabinillas 2023 - Campus Fundaci\u00f3n Unicaja\",\"isPartOf\":{\"@id\":\"https:\\\/\\\/www.fundacionunicaja.com\\\/campus\\\/#website\"},\"primaryImageOfPage\":{\"@id\":\"https:\\\/\\\/www.fundacionunicaja.com\\\/campus\\\/2023\\\/06\\\/30\\\/dia-especial-en-el-turno-1-de-campus-sabinillas-2023\\\/#primaryimage\"},\"image\":{\"@id\":\"https:\\\/\\\/www.fundacionunicaja.com\\\/campus\\\/2023\\\/06\\\/30\\\/dia-especial-en-el-turno-1-de-campus-sabinillas-2023\\\/#primaryimage\"},\"thumbnailUrl\":\"https:\\\/\\\/www.fundacionunicaja.com\\\/campus\\\/wp-content\\\/uploads\\\/sites\\\/2\\\/2016\\\/01\\\/twt-nautico-e1452776442481.jpg\",\"datePublished\":\"2023-06-30T15:26:37+00:00\",\"breadcrumb\":{\"@id\":\"https:\\\/\\\/www.fundacionunicaja.com\\\/campus\\\/2023\\\/06\\\/30\\\/dia-especial-en-el-turno-1-de-campus-sabinillas-2023\\\/#breadcrumb\"},\"inLanguage\":\"es\",\"potentialAction\":[{\"@type\":\"ReadAction\",\"target\":[\"https:\\\/\\\/www.fundacionunicaja.com\\\/campus\\\/2023\\\/06\\\/30\\\/dia-especial-en-el-turno-1-de-campus-sabinillas-2023\\\/\"]}]},{\"@type\":\"ImageObject\",\"inLanguage\":\"es\",\"@id\":\"https:\\\/\\\/www.fundacionunicaja.com\\\/campus\\\/2023\\\/06\\\/30\\\/dia-especial-en-el-turno-1-de-campus-sabinillas-2023\\\/#primaryimage\",\"url\":\"https:\\\/\\\/www.fundacionunicaja.com\\\/campus\\\/wp-content\\\/uploads\\\/sites\\\/2\\\/2016\\\/01\\\/twt-nautico-e1452776442481.jpg\",\"contentUrl\":\"https:\\\/\\\/www.fundacionunicaja.com\\\/campus\\\/wp-content\\\/uploads\\\/sites\\\/2\\\/2016\\\/01\\\/twt-nautico-e1452776442481.jpg\",\"width\":450,\"height\":150},{\"@type\":\"BreadcrumbList\",\"@id\":\"https:\\\/\\\/www.fundacionunicaja.com\\\/campus\\\/2023\\\/06\\\/30\\\/dia-especial-en-el-turno-1-de-campus-sabinillas-2023\\\/#breadcrumb\",\"itemListElement\":[{\"@type\":\"ListItem\",\"position\":1,\"name\":\"Portada\",\"item\":\"https:\\\/\\\/www.fundacionunicaja.com\\\/campus\\\/\"},{\"@type\":\"ListItem\",\"position\":2,\"name\":\"D\u00eda especial en el turno 1 de Campus Sabinillas 2023\"}]},{\"@type\":\"WebSite\",\"@id\":\"https:\\\/\\\/www.fundacionunicaja.com\\\/campus\\\/#website\",\"url\":\"https:\\\/\\\/www.fundacionunicaja.com\\\/campus\\\/\",\"name\":\"Campus Fundaci\u00f3n Unicaja\",\"description\":\"\",\"publisher\":{\"@id\":\"https:\\\/\\\/www.fundacionunicaja.com\\\/campus\\\/#organization\"},\"potentialAction\":[{\"@type\":\"SearchAction\",\"target\":{\"@type\":\"EntryPoint\",\"urlTemplate\":\"https:\\\/\\\/www.fundacionunicaja.com\\\/campus\\\/?s={search_term_string}\"},\"query-input\":{\"@type\":\"PropertyValueSpecification\",\"valueRequired\":true,\"valueName\":\"search_term_string\"}}],\"inLanguage\":\"es\"},{\"@type\":\"Organization\",\"@id\":\"https:\\\/\\\/www.fundacionunicaja.com\\\/campus\\\/#organization\",\"name\":\"Campus Fundaci\u00f3n Unicaja\",\"url\":\"https:\\\/\\\/www.fundacionunicaja.com\\\/campus\\\/\",\"logo\":{\"@type\":\"ImageObject\",\"inLanguage\":\"es\",\"@id\":\"https:\\\/\\\/www.fundacionunicaja.com\\\/campus\\\/#\\\/schema\\\/logo\\\/image\\\/\",\"url\":\"https:\\\/\\\/www.fundacionunicaja.com\\\/campus\\\/wp-content\\\/uploads\\\/sites\\\/2\\\/2025\\\/03\\\/LOGO_unicaja-1.png\",\"contentUrl\":\"https:\\\/\\\/www.fundacionunicaja.com\\\/campus\\\/wp-content\\\/uploads\\\/sites\\\/2\\\/2025\\\/03\\\/LOGO_unicaja-1.png\",\"width\":243,\"height\":69,\"caption\":\"Campus Fundaci\u00f3n Unicaja\"},\"image\":{\"@id\":\"https:\\\/\\\/www.fundacionunicaja.com\\\/campus\\\/#\\\/schema\\\/logo\\\/image\\\/\"}},{\"@type\":\"Person\",\"@id\":\"https:\\\/\\\/www.fundacionunicaja.com\\\/campus\\\/#\\\/schema\\\/person\\\/16c011016170405833b64248beaca4c1\",\"name\":\"admin\",\"image\":{\"@type\":\"ImageObject\",\"inLanguage\":\"es\",\"@id\":\"https:\\\/\\\/secure.gravatar.com\\\/avatar\\\/53fe2ed3b30640367a30f4b4978313b87fe50c8c5859f22378ec2886d080b954?s=96&d=mm&r=g\",\"url\":\"https:\\\/\\\/secure.gravatar.com\\\/avatar\\\/53fe2ed3b30640367a30f4b4978313b87fe50c8c5859f22378ec2886d080b954?s=96&d=mm&r=g\",\"contentUrl\":\"https:\\\/\\\/secure.gravatar.com\\\/avatar\\\/53fe2ed3b30640367a30f4b4978313b87fe50c8c5859f22378ec2886d080b954?s=96&d=mm&r=g\",\"caption\":\"admin\"},\"sameAs\":[\"https:\\\/\\\/www.fundacionunicaja.com\\\/\"],\"url\":\"https:\\\/\\\/www.fundacionunicaja.com\\\/campus\\\/author\\\/admin\\\/\"}]}<\/script>\n<!-- \/ Yoast SEO plugin. -->","yoast_head_json":{"title":"D\u00eda especial en el turno 1 de Campus Sabinillas 2023 - Campus Fundaci\u00f3n Unicaja","robots":{"index":"index","follow":"follow","max-snippet":"max-snippet:-1","max-image-preview":"max-image-preview:large","max-video-preview":"max-video-preview:-1"},"canonical":"https:\/\/www.fundacionunicaja.com\/campus\/2023\/06\/30\/dia-especial-en-el-turno-1-de-campus-sabinillas-2023\/","og_locale":"es_ES","og_type":"article","og_title":"D\u00eda especial en el turno 1 de Campus Sabinillas 2023 - Campus Fundaci\u00f3n Unicaja","og_description":"Ayer celebramos el D\u00eda Especial en el turno 1 de Campus Sabinillas. El d\u00eda comenz\u00f3 con el despertar de los chicos y chicas con las canciones del Campus y caramelos. En la Velada matinal, los ni\u00f1os continuaron cantando canciones junto a los monitores. Despu\u00e9s, celebramos Sabicolors en el campo de f\u00fatbol, donde los chicos\/as tiraron [&hellip;]","og_url":"https:\/\/www.fundacionunicaja.com\/campus\/2023\/06\/30\/dia-especial-en-el-turno-1-de-campus-sabinillas-2023\/","og_site_name":"Campus Fundaci\u00f3n Unicaja","article_published_time":"2023-06-30T15:26:37+00:00","og_image":[{"width":450,"height":150,"url":"https:\/\/www.fundacionunicaja.com\/campus\/wp-content\/uploads\/sites\/2\/2016\/01\/twt-nautico-e1452776442481.jpg","type":"image\/jpeg"}],"author":"admin","twitter_card":"summary_large_image","twitter_misc":{"Escrito por":"admin","Tiempo de lectura":"1 minuto"},"schema":{"@context":"https:\/\/schema.org","@graph":[{"@type":"Article","@id":"https:\/\/www.fundacionunicaja.com\/campus\/2023\/06\/30\/dia-especial-en-el-turno-1-de-campus-sabinillas-2023\/#article","isPartOf":{"@id":"https:\/\/www.fundacionunicaja.com\/campus\/2023\/06\/30\/dia-especial-en-el-turno-1-de-campus-sabinillas-2023\/"},"author":{"name":"admin","@id":"https:\/\/www.fundacionunicaja.com\/campus\/#\/schema\/person\/16c011016170405833b64248beaca4c1"},"headline":"D\u00eda especial en el turno 1 de Campus Sabinillas 2023","datePublished":"2023-06-30T15:26:37+00:00","mainEntityOfPage":{"@id":"https:\/\/www.fundacionunicaja.com\/campus\/2023\/06\/30\/dia-especial-en-el-turno-1-de-campus-sabinillas-2023\/"},"wordCount":137,"commentCount":0,"publisher":{"@id":"https:\/\/www.fundacionunicaja.com\/campus\/#organization"},"image":{"@id":"https:\/\/www.fundacionunicaja.com\/campus\/2023\/06\/30\/dia-especial-en-el-turno-1-de-campus-sabinillas-2023\/#primaryimage"},"thumbnailUrl":"https:\/\/www.fundacionunicaja.com\/campus\/wp-content\/uploads\/sites\/2\/2016\/01\/twt-nautico-e1452776442481.jpg","articleSection":["Sabinillas"],"inLanguage":"es","potentialAction":[{"@type":"CommentAction","name":"Comment","target":["https:\/\/www.fundacionunicaja.com\/campus\/2023\/06\/30\/dia-especial-en-el-turno-1-de-campus-sabinillas-2023\/#respond"]}]},{"@type":"WebPage","@id":"https:\/\/www.fundacionunicaja.com\/campus\/2023\/06\/30\/dia-especial-en-el-turno-1-de-campus-sabinillas-2023\/","url":"https:\/\/www.fundacionunicaja.com\/campus\/2023\/06\/30\/dia-especial-en-el-turno-1-de-campus-sabinillas-2023\/","name":"D\u00eda especial en el turno 1 de Campus Sabinillas 2023 - Campus Fundaci\u00f3n Unicaja","isPartOf":{"@id":"https:\/\/www.fundacionunicaja.com\/campus\/#website"},"primaryImageOfPage":{"@id":"https:\/\/www.fundacionunicaja.com\/campus\/2023\/06\/30\/dia-especial-en-el-turno-1-de-campus-sabinillas-2023\/#primaryimage"},"image":{"@id":"https:\/\/www.fundacionunicaja.com\/campus\/2023\/06\/30\/dia-especial-en-el-turno-1-de-campus-sabinillas-2023\/#primaryimage"},"thumbnailUrl":"https:\/\/www.fundacionunicaja.com\/campus\/wp-content\/uploads\/sites\/2\/2016\/01\/twt-nautico-e1452776442481.jpg","datePublished":"2023-06-30T15:26:37+00:00","breadcrumb":{"@id":"https:\/\/www.fundacionunicaja.com\/campus\/2023\/06\/30\/dia-especial-en-el-turno-1-de-campus-sabinillas-2023\/#breadcrumb"},"inLanguage":"es","potentialAction":[{"@type":"ReadAction","target":["https:\/\/www.fundacionunicaja.com\/campus\/2023\/06\/30\/dia-especial-en-el-turno-1-de-campus-sabinillas-2023\/"]}]},{"@type":"ImageObject","inLanguage":"es","@id":"https:\/\/www.fundacionunicaja.com\/campus\/2023\/06\/30\/dia-especial-en-el-turno-1-de-campus-sabinillas-2023\/#primaryimage","url":"https:\/\/www.fundacionunicaja.com\/campus\/wp-content\/uploads\/sites\/2\/2016\/01\/twt-nautico-e1452776442481.jpg","contentUrl":"https:\/\/www.fundacionunicaja.com\/campus\/wp-content\/uploads\/sites\/2\/2016\/01\/twt-nautico-e1452776442481.jpg","width":450,"height":150},{"@type":"BreadcrumbList","@id":"https:\/\/www.fundacionunicaja.com\/campus\/2023\/06\/30\/dia-especial-en-el-turno-1-de-campus-sabinillas-2023\/#breadcrumb","itemListElement":[{"@type":"ListItem","position":1,"name":"Portada","item":"https:\/\/www.fundacionunicaja.com\/campus\/"},{"@type":"ListItem","position":2,"name":"D\u00eda especial en el turno 1 de Campus Sabinillas 2023"}]},{"@type":"WebSite","@id":"https:\/\/www.fundacionunicaja.com\/campus\/#website","url":"https:\/\/www.fundacionunicaja.com\/campus\/","name":"Campus Fundaci\u00f3n Unicaja","description":"","publisher":{"@id":"https:\/\/www.fundacionunicaja.com\/campus\/#organization"},"potentialAction":[{"@type":"SearchAction","target":{"@type":"EntryPoint","urlTemplate":"https:\/\/www.fundacionunicaja.com\/campus\/?s={search_term_string}"},"query-input":{"@type":"PropertyValueSpecification","valueRequired":true,"valueName":"search_term_string"}}],"inLanguage":"es"},{"@type":"Organization","@id":"https:\/\/www.fundacionunicaja.com\/campus\/#organization","name":"Campus Fundaci\u00f3n Unicaja","url":"https:\/\/www.fundacionunicaja.com\/campus\/","logo":{"@type":"ImageObject","inLanguage":"es","@id":"https:\/\/www.fundacionunicaja.com\/campus\/#\/schema\/logo\/image\/","url":"https:\/\/www.fundacionunicaja.com\/campus\/wp-content\/uploads\/sites\/2\/2025\/03\/LOGO_unicaja-1.png","contentUrl":"https:\/\/www.fundacionunicaja.com\/campus\/wp-content\/uploads\/sites\/2\/2025\/03\/LOGO_unicaja-1.png","width":243,"height":69,"caption":"Campus Fundaci\u00f3n Unicaja"},"image":{"@id":"https:\/\/www.fundacionunicaja.com\/campus\/#\/schema\/logo\/image\/"}},{"@type":"Person","@id":"https:\/\/www.fundacionunicaja.com\/campus\/#\/schema\/person\/16c011016170405833b64248beaca4c1","name":"admin","image":{"@type":"ImageObject","inLanguage":"es","@id":"https:\/\/secure.gravatar.com\/avatar\/53fe2ed3b30640367a30f4b4978313b87fe50c8c5859f22378ec2886d080b954?s=96&d=mm&r=g","url":"https:\/\/secure.gravatar.com\/avatar\/53fe2ed3b30640367a30f4b4978313b87fe50c8c5859f22378ec2886d080b954?s=96&d=mm&r=g","contentUrl":"https:\/\/secure.gravatar.com\/avatar\/53fe2ed3b30640367a30f4b4978313b87fe50c8c5859f22378ec2886d080b954?s=96&d=mm&r=g","caption":"admin"},"sameAs":["https:\/\/www.fundacionunicaja.com\/"],"url":"https:\/\/www.fundacionunicaja.com\/campus\/author\/admin\/"}]}},"_links":{"self":[{"href":"https:\/\/www.fundacionunicaja.com\/campus\/wp-json\/wp\/v2\/posts\/54556","targetHints":{"allow":["GET"]}}],"collection":[{"href":"https:\/\/www.fundacionunicaja.com\/campus\/wp-json\/wp\/v2\/posts"}],"about":[{"href":"https:\/\/www.fundacionunicaja.com\/campus\/wp-json\/wp\/v2\/types\/post"}],"author":[{"embeddable":true,"href":"https:\/\/www.fundacionunicaja.com\/campus\/wp-json\/wp\/v2\/users\/1"}],"replies":[{"embeddable":true,"href":"https:\/\/www.fundacionunicaja.com\/campus\/wp-json\/wp\/v2\/comments?post=54556"}],"version-history":[{"count":0,"href":"https:\/\/www.fundacionunicaja.com\/campus\/wp-json\/wp\/v2\/posts\/54556\/revisions"}],"wp:featuredmedia":[{"embeddable":true,"href":"https:\/\/www.fundacionunicaja.com\/campus\/wp-json\/wp\/v2\/media\/5882"}],"wp:attachment":[{"href":"https:\/\/www.fundacionunicaja.com\/campus\/wp-json\/wp\/v2\/media?parent=54556"}],"wp:term":[{"taxonomy":"category","embeddable":true,"href":"https:\/\/www.fundacionunicaja.com\/campus\/wp-json\/wp\/v2\/categories?post=54556"},{"taxonomy":"post_tag","embeddable":true,"href":"https:\/\/www.fundacionunicaja.com\/campus\/wp-json\/wp\/v2\/tags?post=54556"}],"curies":[{"name":"wp","href":"https:\/\/api.w.org\/{rel}","templated":true}]}}