{"id":54552,"date":"2023-07-10T11:56:08","date_gmt":"2023-07-10T11:56:08","guid":{"rendered":"https:\/\/fundacionunicaja.oletecnologia.com\/?p=5988"},"modified":"2023-07-10T11:56:08","modified_gmt":"2023-07-10T11:56:08","slug":"el-campus-baloncesto-recibe-la-visita-de-la-fundacion-bancaria-unicaja-y-el-unicaja-baloncesto-2","status":"publish","type":"post","link":"https:\/\/www.fundacionunicaja.com\/campus\/2023\/07\/10\/el-campus-baloncesto-recibe-la-visita-de-la-fundacion-bancaria-unicaja-y-el-unicaja-baloncesto-2\/","title":{"rendered":"El Campus Baloncesto recibe la visita de la Fundaci\u00f3n Bancaria Unicaja y el Unicaja Baloncesto"},"content":{"rendered":"\n<p>Las instalaciones del <strong>Campus Baloncesto<\/strong> han recibido hoy la visita del presidente de la Fundaci\u00f3n Bancaria Unicaja, Jos\u00e9 M. Dom\u00ednguez, que ha podido saludar a los j\u00f3venes que participan en este campamento estival y presenciar algunas de las actividades que realizan en \u00e9l. El director general de la Fundaci\u00f3n, Sergio Corral; el jugador del Unicaja Baloncesto Augusto Lima; las jugadoras del Unicaja Mijas Carmen Ruiz y Salom\u00e9 Garc\u00eda; y el embajador del club Berni Rodr\u00edguez, han acompa\u00f1ado a Jos\u00e9 M. Dom\u00ednguez en la visita a la Residencia Andaluc\u00eda de M\u00e1laga, que acoge el Campus hasta el 29 de julio.<\/p>\n\n\n\n<p>En el Campus el presidente de la Fundaci\u00f3n Bancaria Unicaja ha tenido la ocasi\u00f3n de conversar con algunos de los participantes sobre las oportunidades que abre este campamento asistido por entrenadores experimentados. Adem\u00e1s, ha recordado que por \u00e9l han pasado notables jugadores que incluso acabaron formando parte del primer equipo malague\u00f1o. Los j\u00f3venes tambi\u00e9n han podido compartir experiencias con Augusto Lima, Carmen Ruiz, Salom\u00e9 Garc\u00eda y Berni Rodr\u00edguez, y jugar con ellos en peque\u00f1as competiciones de tiros libres y por equipos mixtos.<\/p>\n\n\n\n<p>El <strong>Campus Baloncesto <\/strong>es uno de los cinco campamentos estivales de la Fundaci\u00f3n Unicaja. Est\u00e1 dirigido a j\u00f3venes con edades comprendidas entre los 6 y los 17 a\u00f1os, y comenz\u00f3 el pasado 1 de julio en la Residencia Andaluc\u00eda de la capital malague\u00f1a. Estas instalaciones cuentan con 20 hect\u00e1reas\u00a0repletas de\u00a0zonas verdes, diez canchas de baloncesto,\u00a0un campo de f\u00fatbol y una piscina ol\u00edmpica.<\/p>\n\n\n\n<figure class=\"wp-block-gallery columns-1 is-cropped wp-block-gallery-1 is-layout-flex wp-block-gallery-is-layout-flex\">\n<ul class=\"blocks-gallery-grid\">\n<li class=\"blocks-gallery-item\">\n<figure><img decoding=\"async\" class=\"wp-image-5985\" src=\"https:\/\/fundacionunicaja.oletecnologia.com\/wp-content\/uploads\/2023\/07\/CAMPUS-BALONCESTO-2-1024x683.jpg\" alt=\"\" data-id=\"5985\" data-full-url=\"https:\/\/fundacionunicaja.oletecnologia.com\/wp-content\/uploads\/2023\/07\/CAMPUS-BALONCESTO-2-scaled.jpg\" data-link=\"https:\/\/fundacionunicaja.oletecnologia.com\/el-campus-baloncesto-recibe-la-visita-de-la-fundacion-bancaria-unicaja-y-el-unicaja-baloncesto__trashed\/campus-baloncesto-2\/\" \/><\/figure>\n<\/li>\n<\/ul>\n<\/figure>\n\n\n\n<p>Se trata de un campamento ideal para aquellos a los que les guste el baloncesto, quieran jugar en alg\u00fan equipo o incluso dedicarse a \u00e9l de manera profesional. Aunque al igual que el resto de los campamentos de la Fundaci\u00f3n, ofrece actividades paralelas de car\u00e1cter l\u00fadico. En sus cuatro turnos de este verano participar\u00e1n m\u00e1s de 1.100 j\u00f3venes.<\/p>\n\n\n\n<p>En su primer turno de la pasada semana recibi\u00f3 la visita de los jugadores del Unicaja Jonathan Barreiro y Marta Ortega, y el exjugador del club Fran V\u00e1zquez. Y est\u00e1 previsto que pasen por \u00e9l otras figuras del baloncesto local en las pr\u00f3ximas semanas.<\/p>\n\n\n\n<p>Cerca de 5.800 j\u00f3venes disfrutar\u00e1n este a\u00f1o de la oferta estival de los <strong>Campus Fundaci\u00f3n Unicaja<\/strong>: Sabinillas, English Camp (Ronda), Baloncesto (M\u00e1laga), Ronda y N\u00e1utico (El Puerto de Santa Mar\u00eda). A ellos se suma el centenar que ya disfrutaron en febrero de la oferta del Campus Nieve en Sierra Nevada (Granada). Los Campus son una de las actividades m\u00e1s representativas del compromiso de la instituci\u00f3n con la educaci\u00f3n integral de la infancia y la juventud. Cada a\u00f1o incluyen nuevas propuestas que adem\u00e1s est\u00e1n en consonancia con los Objetivos de Desarrollo Sostenible (ODS), presentes tanto en el dise\u00f1o de las programaciones como en los procesos de gesti\u00f3n.<\/p>\n","protected":false},"excerpt":{"rendered":"<p>Las instalaciones del Campus Baloncesto han recibido hoy la visita del presidente de la Fundaci\u00f3n Bancaria Unicaja, Jos\u00e9 M. Dom\u00ednguez, que ha podido saludar a los j\u00f3venes que participan en este campamento estival y presenciar algunas de las actividades que realizan en \u00e9l. El director general de la Fundaci\u00f3n, Sergio Corral; el jugador del Unicaja [&hellip;]<\/p>\n","protected":false},"author":1,"featured_media":54699,"comment_status":"open","ping_status":"open","sticky":false,"template":"","format":"standard","meta":{"_acf_changed":false,"footnotes":""},"categories":[13],"tags":[],"class_list":["post-54552","post","type-post","status-publish","format-standard","has-post-thumbnail","hentry","category-baloncesto"],"acf":[],"yoast_head":"<!-- This site is optimized with the Yoast SEO plugin v27.4 - https:\/\/yoast.com\/product\/yoast-seo-wordpress\/ -->\n<title>El Campus Baloncesto recibe la visita de la Fundaci\u00f3n Bancaria Unicaja y el Unicaja Baloncesto - Campus Fundaci\u00f3n Unicaja<\/title>\n<meta name=\"robots\" content=\"index, follow, max-snippet:-1, max-image-preview:large, max-video-preview:-1\" \/>\n<link rel=\"canonical\" href=\"https:\/\/www.fundacionunicaja.com\/campus\/2023\/07\/10\/el-campus-baloncesto-recibe-la-visita-de-la-fundacion-bancaria-unicaja-y-el-unicaja-baloncesto-2\/\" \/>\n<meta property=\"og:locale\" content=\"es_ES\" \/>\n<meta property=\"og:type\" content=\"article\" \/>\n<meta property=\"og:title\" content=\"El Campus Baloncesto recibe la visita de la Fundaci\u00f3n Bancaria Unicaja y el Unicaja Baloncesto - Campus Fundaci\u00f3n Unicaja\" \/>\n<meta property=\"og:description\" content=\"Las instalaciones del Campus Baloncesto han recibido hoy la visita del presidente de la Fundaci\u00f3n Bancaria Unicaja, Jos\u00e9 M. Dom\u00ednguez, que ha podido saludar a los j\u00f3venes que participan en este campamento estival y presenciar algunas de las actividades que realizan en \u00e9l. El director general de la Fundaci\u00f3n, Sergio Corral; el jugador del Unicaja [&hellip;]\" \/>\n<meta property=\"og:url\" content=\"https:\/\/www.fundacionunicaja.com\/campus\/2023\/07\/10\/el-campus-baloncesto-recibe-la-visita-de-la-fundacion-bancaria-unicaja-y-el-unicaja-baloncesto-2\/\" \/>\n<meta property=\"og:site_name\" content=\"Campus Fundaci\u00f3n Unicaja\" \/>\n<meta property=\"article:published_time\" content=\"2023-07-10T11:56:08+00:00\" \/>\n<meta property=\"og:image\" content=\"https:\/\/www.fundacionunicaja.com\/campus\/wp-content\/uploads\/sites\/2\/2023\/07\/CAMPUS-BALONCESTO-1-scaled-2.jpeg\" \/>\n\t<meta property=\"og:image:width\" content=\"2560\" \/>\n\t<meta property=\"og:image:height\" content=\"1660\" \/>\n\t<meta property=\"og:image:type\" content=\"image\/jpeg\" \/>\n<meta name=\"author\" content=\"admin\" \/>\n<meta name=\"twitter:card\" content=\"summary_large_image\" \/>\n<meta name=\"twitter:label1\" content=\"Escrito por\" \/>\n\t<meta name=\"twitter:data1\" content=\"admin\" \/>\n\t<meta name=\"twitter:label2\" content=\"Tiempo de lectura\" \/>\n\t<meta name=\"twitter:data2\" content=\"3 minutos\" \/>\n<script type=\"application\/ld+json\" class=\"yoast-schema-graph\">{\"@context\":\"https:\\\/\\\/schema.org\",\"@graph\":[{\"@type\":\"Article\",\"@id\":\"https:\\\/\\\/www.fundacionunicaja.com\\\/campus\\\/2023\\\/07\\\/10\\\/el-campus-baloncesto-recibe-la-visita-de-la-fundacion-bancaria-unicaja-y-el-unicaja-baloncesto-2\\\/#article\",\"isPartOf\":{\"@id\":\"https:\\\/\\\/www.fundacionunicaja.com\\\/campus\\\/2023\\\/07\\\/10\\\/el-campus-baloncesto-recibe-la-visita-de-la-fundacion-bancaria-unicaja-y-el-unicaja-baloncesto-2\\\/\"},\"author\":{\"name\":\"admin\",\"@id\":\"https:\\\/\\\/www.fundacionunicaja.com\\\/campus\\\/#\\\/schema\\\/person\\\/16c011016170405833b64248beaca4c1\"},\"headline\":\"El Campus Baloncesto recibe la visita de la Fundaci\u00f3n Bancaria Unicaja y el Unicaja Baloncesto\",\"datePublished\":\"2023-07-10T11:56:08+00:00\",\"mainEntityOfPage\":{\"@id\":\"https:\\\/\\\/www.fundacionunicaja.com\\\/campus\\\/2023\\\/07\\\/10\\\/el-campus-baloncesto-recibe-la-visita-de-la-fundacion-bancaria-unicaja-y-el-unicaja-baloncesto-2\\\/\"},\"wordCount\":514,\"commentCount\":0,\"publisher\":{\"@id\":\"https:\\\/\\\/www.fundacionunicaja.com\\\/campus\\\/#organization\"},\"image\":{\"@id\":\"https:\\\/\\\/www.fundacionunicaja.com\\\/campus\\\/2023\\\/07\\\/10\\\/el-campus-baloncesto-recibe-la-visita-de-la-fundacion-bancaria-unicaja-y-el-unicaja-baloncesto-2\\\/#primaryimage\"},\"thumbnailUrl\":\"https:\\\/\\\/www.fundacionunicaja.com\\\/campus\\\/wp-content\\\/uploads\\\/sites\\\/2\\\/2023\\\/07\\\/CAMPUS-BALONCESTO-1-scaled-2.jpeg\",\"articleSection\":[\"Baloncesto\"],\"inLanguage\":\"es\",\"potentialAction\":[{\"@type\":\"CommentAction\",\"name\":\"Comment\",\"target\":[\"https:\\\/\\\/www.fundacionunicaja.com\\\/campus\\\/2023\\\/07\\\/10\\\/el-campus-baloncesto-recibe-la-visita-de-la-fundacion-bancaria-unicaja-y-el-unicaja-baloncesto-2\\\/#respond\"]}]},{\"@type\":\"WebPage\",\"@id\":\"https:\\\/\\\/www.fundacionunicaja.com\\\/campus\\\/2023\\\/07\\\/10\\\/el-campus-baloncesto-recibe-la-visita-de-la-fundacion-bancaria-unicaja-y-el-unicaja-baloncesto-2\\\/\",\"url\":\"https:\\\/\\\/www.fundacionunicaja.com\\\/campus\\\/2023\\\/07\\\/10\\\/el-campus-baloncesto-recibe-la-visita-de-la-fundacion-bancaria-unicaja-y-el-unicaja-baloncesto-2\\\/\",\"name\":\"El Campus Baloncesto recibe la visita de la Fundaci\u00f3n Bancaria Unicaja y el Unicaja Baloncesto - Campus Fundaci\u00f3n Unicaja\",\"isPartOf\":{\"@id\":\"https:\\\/\\\/www.fundacionunicaja.com\\\/campus\\\/#website\"},\"primaryImageOfPage\":{\"@id\":\"https:\\\/\\\/www.fundacionunicaja.com\\\/campus\\\/2023\\\/07\\\/10\\\/el-campus-baloncesto-recibe-la-visita-de-la-fundacion-bancaria-unicaja-y-el-unicaja-baloncesto-2\\\/#primaryimage\"},\"image\":{\"@id\":\"https:\\\/\\\/www.fundacionunicaja.com\\\/campus\\\/2023\\\/07\\\/10\\\/el-campus-baloncesto-recibe-la-visita-de-la-fundacion-bancaria-unicaja-y-el-unicaja-baloncesto-2\\\/#primaryimage\"},\"thumbnailUrl\":\"https:\\\/\\\/www.fundacionunicaja.com\\\/campus\\\/wp-content\\\/uploads\\\/sites\\\/2\\\/2023\\\/07\\\/CAMPUS-BALONCESTO-1-scaled-2.jpeg\",\"datePublished\":\"2023-07-10T11:56:08+00:00\",\"breadcrumb\":{\"@id\":\"https:\\\/\\\/www.fundacionunicaja.com\\\/campus\\\/2023\\\/07\\\/10\\\/el-campus-baloncesto-recibe-la-visita-de-la-fundacion-bancaria-unicaja-y-el-unicaja-baloncesto-2\\\/#breadcrumb\"},\"inLanguage\":\"es\",\"potentialAction\":[{\"@type\":\"ReadAction\",\"target\":[\"https:\\\/\\\/www.fundacionunicaja.com\\\/campus\\\/2023\\\/07\\\/10\\\/el-campus-baloncesto-recibe-la-visita-de-la-fundacion-bancaria-unicaja-y-el-unicaja-baloncesto-2\\\/\"]}]},{\"@type\":\"ImageObject\",\"inLanguage\":\"es\",\"@id\":\"https:\\\/\\\/www.fundacionunicaja.com\\\/campus\\\/2023\\\/07\\\/10\\\/el-campus-baloncesto-recibe-la-visita-de-la-fundacion-bancaria-unicaja-y-el-unicaja-baloncesto-2\\\/#primaryimage\",\"url\":\"https:\\\/\\\/www.fundacionunicaja.com\\\/campus\\\/wp-content\\\/uploads\\\/sites\\\/2\\\/2023\\\/07\\\/CAMPUS-BALONCESTO-1-scaled-2.jpeg\",\"contentUrl\":\"https:\\\/\\\/www.fundacionunicaja.com\\\/campus\\\/wp-content\\\/uploads\\\/sites\\\/2\\\/2023\\\/07\\\/CAMPUS-BALONCESTO-1-scaled-2.jpeg\",\"width\":2560,\"height\":1660},{\"@type\":\"BreadcrumbList\",\"@id\":\"https:\\\/\\\/www.fundacionunicaja.com\\\/campus\\\/2023\\\/07\\\/10\\\/el-campus-baloncesto-recibe-la-visita-de-la-fundacion-bancaria-unicaja-y-el-unicaja-baloncesto-2\\\/#breadcrumb\",\"itemListElement\":[{\"@type\":\"ListItem\",\"position\":1,\"name\":\"Portada\",\"item\":\"https:\\\/\\\/www.fundacionunicaja.com\\\/campus\\\/\"},{\"@type\":\"ListItem\",\"position\":2,\"name\":\"El Campus Baloncesto recibe la visita de la Fundaci\u00f3n Bancaria Unicaja y el Unicaja Baloncesto\"}]},{\"@type\":\"WebSite\",\"@id\":\"https:\\\/\\\/www.fundacionunicaja.com\\\/campus\\\/#website\",\"url\":\"https:\\\/\\\/www.fundacionunicaja.com\\\/campus\\\/\",\"name\":\"Campus Fundaci\u00f3n Unicaja\",\"description\":\"\",\"publisher\":{\"@id\":\"https:\\\/\\\/www.fundacionunicaja.com\\\/campus\\\/#organization\"},\"potentialAction\":[{\"@type\":\"SearchAction\",\"target\":{\"@type\":\"EntryPoint\",\"urlTemplate\":\"https:\\\/\\\/www.fundacionunicaja.com\\\/campus\\\/?s={search_term_string}\"},\"query-input\":{\"@type\":\"PropertyValueSpecification\",\"valueRequired\":true,\"valueName\":\"search_term_string\"}}],\"inLanguage\":\"es\"},{\"@type\":\"Organization\",\"@id\":\"https:\\\/\\\/www.fundacionunicaja.com\\\/campus\\\/#organization\",\"name\":\"Campus Fundaci\u00f3n Unicaja\",\"url\":\"https:\\\/\\\/www.fundacionunicaja.com\\\/campus\\\/\",\"logo\":{\"@type\":\"ImageObject\",\"inLanguage\":\"es\",\"@id\":\"https:\\\/\\\/www.fundacionunicaja.com\\\/campus\\\/#\\\/schema\\\/logo\\\/image\\\/\",\"url\":\"https:\\\/\\\/www.fundacionunicaja.com\\\/campus\\\/wp-content\\\/uploads\\\/sites\\\/2\\\/2025\\\/03\\\/LOGO_unicaja-1.png\",\"contentUrl\":\"https:\\\/\\\/www.fundacionunicaja.com\\\/campus\\\/wp-content\\\/uploads\\\/sites\\\/2\\\/2025\\\/03\\\/LOGO_unicaja-1.png\",\"width\":243,\"height\":69,\"caption\":\"Campus Fundaci\u00f3n Unicaja\"},\"image\":{\"@id\":\"https:\\\/\\\/www.fundacionunicaja.com\\\/campus\\\/#\\\/schema\\\/logo\\\/image\\\/\"}},{\"@type\":\"Person\",\"@id\":\"https:\\\/\\\/www.fundacionunicaja.com\\\/campus\\\/#\\\/schema\\\/person\\\/16c011016170405833b64248beaca4c1\",\"name\":\"admin\",\"image\":{\"@type\":\"ImageObject\",\"inLanguage\":\"es\",\"@id\":\"https:\\\/\\\/secure.gravatar.com\\\/avatar\\\/53fe2ed3b30640367a30f4b4978313b87fe50c8c5859f22378ec2886d080b954?s=96&d=mm&r=g\",\"url\":\"https:\\\/\\\/secure.gravatar.com\\\/avatar\\\/53fe2ed3b30640367a30f4b4978313b87fe50c8c5859f22378ec2886d080b954?s=96&d=mm&r=g\",\"contentUrl\":\"https:\\\/\\\/secure.gravatar.com\\\/avatar\\\/53fe2ed3b30640367a30f4b4978313b87fe50c8c5859f22378ec2886d080b954?s=96&d=mm&r=g\",\"caption\":\"admin\"},\"sameAs\":[\"https:\\\/\\\/www.fundacionunicaja.com\\\/\"],\"url\":\"https:\\\/\\\/www.fundacionunicaja.com\\\/campus\\\/author\\\/admin\\\/\"}]}<\/script>\n<!-- \/ Yoast SEO plugin. -->","yoast_head_json":{"title":"El Campus Baloncesto recibe la visita de la Fundaci\u00f3n Bancaria Unicaja y el Unicaja Baloncesto - Campus Fundaci\u00f3n Unicaja","robots":{"index":"index","follow":"follow","max-snippet":"max-snippet:-1","max-image-preview":"max-image-preview:large","max-video-preview":"max-video-preview:-1"},"canonical":"https:\/\/www.fundacionunicaja.com\/campus\/2023\/07\/10\/el-campus-baloncesto-recibe-la-visita-de-la-fundacion-bancaria-unicaja-y-el-unicaja-baloncesto-2\/","og_locale":"es_ES","og_type":"article","og_title":"El Campus Baloncesto recibe la visita de la Fundaci\u00f3n Bancaria Unicaja y el Unicaja Baloncesto - Campus Fundaci\u00f3n Unicaja","og_description":"Las instalaciones del Campus Baloncesto han recibido hoy la visita del presidente de la Fundaci\u00f3n Bancaria Unicaja, Jos\u00e9 M. Dom\u00ednguez, que ha podido saludar a los j\u00f3venes que participan en este campamento estival y presenciar algunas de las actividades que realizan en \u00e9l. El director general de la Fundaci\u00f3n, Sergio Corral; el jugador del Unicaja [&hellip;]","og_url":"https:\/\/www.fundacionunicaja.com\/campus\/2023\/07\/10\/el-campus-baloncesto-recibe-la-visita-de-la-fundacion-bancaria-unicaja-y-el-unicaja-baloncesto-2\/","og_site_name":"Campus Fundaci\u00f3n Unicaja","article_published_time":"2023-07-10T11:56:08+00:00","og_image":[{"width":2560,"height":1660,"url":"https:\/\/www.fundacionunicaja.com\/campus\/wp-content\/uploads\/sites\/2\/2023\/07\/CAMPUS-BALONCESTO-1-scaled-2.jpeg","type":"image\/jpeg"}],"author":"admin","twitter_card":"summary_large_image","twitter_misc":{"Escrito por":"admin","Tiempo de lectura":"3 minutos"},"schema":{"@context":"https:\/\/schema.org","@graph":[{"@type":"Article","@id":"https:\/\/www.fundacionunicaja.com\/campus\/2023\/07\/10\/el-campus-baloncesto-recibe-la-visita-de-la-fundacion-bancaria-unicaja-y-el-unicaja-baloncesto-2\/#article","isPartOf":{"@id":"https:\/\/www.fundacionunicaja.com\/campus\/2023\/07\/10\/el-campus-baloncesto-recibe-la-visita-de-la-fundacion-bancaria-unicaja-y-el-unicaja-baloncesto-2\/"},"author":{"name":"admin","@id":"https:\/\/www.fundacionunicaja.com\/campus\/#\/schema\/person\/16c011016170405833b64248beaca4c1"},"headline":"El Campus Baloncesto recibe la visita de la Fundaci\u00f3n Bancaria Unicaja y el Unicaja Baloncesto","datePublished":"2023-07-10T11:56:08+00:00","mainEntityOfPage":{"@id":"https:\/\/www.fundacionunicaja.com\/campus\/2023\/07\/10\/el-campus-baloncesto-recibe-la-visita-de-la-fundacion-bancaria-unicaja-y-el-unicaja-baloncesto-2\/"},"wordCount":514,"commentCount":0,"publisher":{"@id":"https:\/\/www.fundacionunicaja.com\/campus\/#organization"},"image":{"@id":"https:\/\/www.fundacionunicaja.com\/campus\/2023\/07\/10\/el-campus-baloncesto-recibe-la-visita-de-la-fundacion-bancaria-unicaja-y-el-unicaja-baloncesto-2\/#primaryimage"},"thumbnailUrl":"https:\/\/www.fundacionunicaja.com\/campus\/wp-content\/uploads\/sites\/2\/2023\/07\/CAMPUS-BALONCESTO-1-scaled-2.jpeg","articleSection":["Baloncesto"],"inLanguage":"es","potentialAction":[{"@type":"CommentAction","name":"Comment","target":["https:\/\/www.fundacionunicaja.com\/campus\/2023\/07\/10\/el-campus-baloncesto-recibe-la-visita-de-la-fundacion-bancaria-unicaja-y-el-unicaja-baloncesto-2\/#respond"]}]},{"@type":"WebPage","@id":"https:\/\/www.fundacionunicaja.com\/campus\/2023\/07\/10\/el-campus-baloncesto-recibe-la-visita-de-la-fundacion-bancaria-unicaja-y-el-unicaja-baloncesto-2\/","url":"https:\/\/www.fundacionunicaja.com\/campus\/2023\/07\/10\/el-campus-baloncesto-recibe-la-visita-de-la-fundacion-bancaria-unicaja-y-el-unicaja-baloncesto-2\/","name":"El Campus Baloncesto recibe la visita de la Fundaci\u00f3n Bancaria Unicaja y el Unicaja Baloncesto - Campus Fundaci\u00f3n Unicaja","isPartOf":{"@id":"https:\/\/www.fundacionunicaja.com\/campus\/#website"},"primaryImageOfPage":{"@id":"https:\/\/www.fundacionunicaja.com\/campus\/2023\/07\/10\/el-campus-baloncesto-recibe-la-visita-de-la-fundacion-bancaria-unicaja-y-el-unicaja-baloncesto-2\/#primaryimage"},"image":{"@id":"https:\/\/www.fundacionunicaja.com\/campus\/2023\/07\/10\/el-campus-baloncesto-recibe-la-visita-de-la-fundacion-bancaria-unicaja-y-el-unicaja-baloncesto-2\/#primaryimage"},"thumbnailUrl":"https:\/\/www.fundacionunicaja.com\/campus\/wp-content\/uploads\/sites\/2\/2023\/07\/CAMPUS-BALONCESTO-1-scaled-2.jpeg","datePublished":"2023-07-10T11:56:08+00:00","breadcrumb":{"@id":"https:\/\/www.fundacionunicaja.com\/campus\/2023\/07\/10\/el-campus-baloncesto-recibe-la-visita-de-la-fundacion-bancaria-unicaja-y-el-unicaja-baloncesto-2\/#breadcrumb"},"inLanguage":"es","potentialAction":[{"@type":"ReadAction","target":["https:\/\/www.fundacionunicaja.com\/campus\/2023\/07\/10\/el-campus-baloncesto-recibe-la-visita-de-la-fundacion-bancaria-unicaja-y-el-unicaja-baloncesto-2\/"]}]},{"@type":"ImageObject","inLanguage":"es","@id":"https:\/\/www.fundacionunicaja.com\/campus\/2023\/07\/10\/el-campus-baloncesto-recibe-la-visita-de-la-fundacion-bancaria-unicaja-y-el-unicaja-baloncesto-2\/#primaryimage","url":"https:\/\/www.fundacionunicaja.com\/campus\/wp-content\/uploads\/sites\/2\/2023\/07\/CAMPUS-BALONCESTO-1-scaled-2.jpeg","contentUrl":"https:\/\/www.fundacionunicaja.com\/campus\/wp-content\/uploads\/sites\/2\/2023\/07\/CAMPUS-BALONCESTO-1-scaled-2.jpeg","width":2560,"height":1660},{"@type":"BreadcrumbList","@id":"https:\/\/www.fundacionunicaja.com\/campus\/2023\/07\/10\/el-campus-baloncesto-recibe-la-visita-de-la-fundacion-bancaria-unicaja-y-el-unicaja-baloncesto-2\/#breadcrumb","itemListElement":[{"@type":"ListItem","position":1,"name":"Portada","item":"https:\/\/www.fundacionunicaja.com\/campus\/"},{"@type":"ListItem","position":2,"name":"El Campus Baloncesto recibe la visita de la Fundaci\u00f3n Bancaria Unicaja y el Unicaja Baloncesto"}]},{"@type":"WebSite","@id":"https:\/\/www.fundacionunicaja.com\/campus\/#website","url":"https:\/\/www.fundacionunicaja.com\/campus\/","name":"Campus Fundaci\u00f3n Unicaja","description":"","publisher":{"@id":"https:\/\/www.fundacionunicaja.com\/campus\/#organization"},"potentialAction":[{"@type":"SearchAction","target":{"@type":"EntryPoint","urlTemplate":"https:\/\/www.fundacionunicaja.com\/campus\/?s={search_term_string}"},"query-input":{"@type":"PropertyValueSpecification","valueRequired":true,"valueName":"search_term_string"}}],"inLanguage":"es"},{"@type":"Organization","@id":"https:\/\/www.fundacionunicaja.com\/campus\/#organization","name":"Campus Fundaci\u00f3n Unicaja","url":"https:\/\/www.fundacionunicaja.com\/campus\/","logo":{"@type":"ImageObject","inLanguage":"es","@id":"https:\/\/www.fundacionunicaja.com\/campus\/#\/schema\/logo\/image\/","url":"https:\/\/www.fundacionunicaja.com\/campus\/wp-content\/uploads\/sites\/2\/2025\/03\/LOGO_unicaja-1.png","contentUrl":"https:\/\/www.fundacionunicaja.com\/campus\/wp-content\/uploads\/sites\/2\/2025\/03\/LOGO_unicaja-1.png","width":243,"height":69,"caption":"Campus Fundaci\u00f3n Unicaja"},"image":{"@id":"https:\/\/www.fundacionunicaja.com\/campus\/#\/schema\/logo\/image\/"}},{"@type":"Person","@id":"https:\/\/www.fundacionunicaja.com\/campus\/#\/schema\/person\/16c011016170405833b64248beaca4c1","name":"admin","image":{"@type":"ImageObject","inLanguage":"es","@id":"https:\/\/secure.gravatar.com\/avatar\/53fe2ed3b30640367a30f4b4978313b87fe50c8c5859f22378ec2886d080b954?s=96&d=mm&r=g","url":"https:\/\/secure.gravatar.com\/avatar\/53fe2ed3b30640367a30f4b4978313b87fe50c8c5859f22378ec2886d080b954?s=96&d=mm&r=g","contentUrl":"https:\/\/secure.gravatar.com\/avatar\/53fe2ed3b30640367a30f4b4978313b87fe50c8c5859f22378ec2886d080b954?s=96&d=mm&r=g","caption":"admin"},"sameAs":["https:\/\/www.fundacionunicaja.com\/"],"url":"https:\/\/www.fundacionunicaja.com\/campus\/author\/admin\/"}]}},"_links":{"self":[{"href":"https:\/\/www.fundacionunicaja.com\/campus\/wp-json\/wp\/v2\/posts\/54552","targetHints":{"allow":["GET"]}}],"collection":[{"href":"https:\/\/www.fundacionunicaja.com\/campus\/wp-json\/wp\/v2\/posts"}],"about":[{"href":"https:\/\/www.fundacionunicaja.com\/campus\/wp-json\/wp\/v2\/types\/post"}],"author":[{"embeddable":true,"href":"https:\/\/www.fundacionunicaja.com\/campus\/wp-json\/wp\/v2\/users\/1"}],"replies":[{"embeddable":true,"href":"https:\/\/www.fundacionunicaja.com\/campus\/wp-json\/wp\/v2\/comments?post=54552"}],"version-history":[{"count":0,"href":"https:\/\/www.fundacionunicaja.com\/campus\/wp-json\/wp\/v2\/posts\/54552\/revisions"}],"wp:featuredmedia":[{"embeddable":true,"href":"https:\/\/www.fundacionunicaja.com\/campus\/wp-json\/wp\/v2\/media\/54699"}],"wp:attachment":[{"href":"https:\/\/www.fundacionunicaja.com\/campus\/wp-json\/wp\/v2\/media?parent=54552"}],"wp:term":[{"taxonomy":"category","embeddable":true,"href":"https:\/\/www.fundacionunicaja.com\/campus\/wp-json\/wp\/v2\/categories?post=54552"},{"taxonomy":"post_tag","embeddable":true,"href":"https:\/\/www.fundacionunicaja.com\/campus\/wp-json\/wp\/v2\/tags?post=54552"}],"curies":[{"name":"wp","href":"https:\/\/api.w.org\/{rel}","templated":true}]}}