{"id":54537,"date":"2022-04-28T11:49:00","date_gmt":"2022-04-28T11:49:00","guid":{"rendered":"https:\/\/fundacionunicaja.oletecnologia.com\/?p=5454"},"modified":"2022-04-28T11:49:00","modified_gmt":"2022-04-28T11:49:00","slug":"campus-sabinillas-cuelga-el-cartel-de-completo-en-el-turno-2","status":"publish","type":"post","link":"https:\/\/www.fundacionunicaja.com\/campus\/2022\/04\/28\/campus-sabinillas-cuelga-el-cartel-de-completo-en-el-turno-2\/","title":{"rendered":"Campus Sabinillas cuelga el cartel de completo en los turnos 2 y 3"},"content":{"rendered":"<p>[vc_row][vc_column][vc_column_text]<\/p>\n<p><\/p>\n\n\n<\/p>\n<p>Quedan dos meses para que comiencen los <strong>Campus Fundaci\u00f3n Unicaja, <\/strong>pero<strong> Campus Sabinillas<\/strong> ya ha colgado el cartel de completo en los turnos 2 y 3.<\/p>\n<p>\n\n\n<p><\/p>\n\n\n<\/p>\n<p>Si est\u00e1s pensando venir\u00a0a\u00a0<strong>Campus Sabinillas\u00a0<\/strong>este verano, corre a inscribirte antes de quedarte sin plazas en el resto de turnos.\u00a0Elige\u00a0<strong>el campamento m\u00e1s grande de Espa\u00f1a<\/strong>\u00a0con una extensi\u00f3n de m\u00e1s de 90.000 metros cuadrados y la larga experiencia que le avala, con una localizaci\u00f3n inmejorable, en contacto directo con la playa en plena Costa del Sol.<\/p>\n<p>\n\n\n<p><\/p>\n\n\n<\/p>\n<p>Divi\u00e9rtete a lo grande este verano con todas las\u00a0actividades, animaciones, yincanas y veladas de\u00a0<strong>Campus Sabinillas<\/strong>.<\/p>\n<p>\n\n\n<p><\/p>\n\n\n<\/p>\n<p>S\u00edguenos en nuestros perfiles en las redes sociales para enterarte\u00a0de todas las novedades.<\/p>\n<p>\n\n\n<p><\/p>\n\n\n<\/p>\n<p><strong>\u00a1Vente al\u00a0Campus!<\/strong><\/p>\n<p>\n\n\n<p><\/p>\n<p>[\/vc_column_text][\/vc_column][\/vc_row]<\/p>","protected":false},"excerpt":{"rendered":"<p>[vc_row][vc_column][vc_column_text] Quedan dos meses para que comiencen los Campus Fundaci\u00f3n Unicaja, pero Campus Sabinillas ya ha colgado el cartel de completo en los turnos 2 y 3. Si est\u00e1s pensando venir\u00a0a\u00a0Campus Sabinillas\u00a0este verano, corre a inscribirte antes de quedarte sin plazas en el resto de turnos.\u00a0Elige\u00a0el campamento m\u00e1s grande de Espa\u00f1a\u00a0con una extensi\u00f3n de m\u00e1s [&hellip;]<\/p>\n","protected":false},"author":1,"featured_media":5455,"comment_status":"open","ping_status":"open","sticky":false,"template":"","format":"standard","meta":{"_acf_changed":false,"footnotes":""},"categories":[12],"tags":[],"class_list":["post-54537","post","type-post","status-publish","format-standard","has-post-thumbnail","hentry","category-sabinillas"],"acf":[],"yoast_head":"<!-- This site is optimized with the Yoast SEO plugin v27.4 - https:\/\/yoast.com\/product\/yoast-seo-wordpress\/ -->\n<title>Campus Sabinillas cuelga el cartel de completo en los turnos 2 y 3 - Campus Fundaci\u00f3n Unicaja<\/title>\n<meta name=\"robots\" content=\"index, follow, max-snippet:-1, max-image-preview:large, max-video-preview:-1\" \/>\n<link rel=\"canonical\" href=\"https:\/\/www.fundacionunicaja.com\/campus\/2022\/04\/28\/campus-sabinillas-cuelga-el-cartel-de-completo-en-el-turno-2\/\" \/>\n<meta property=\"og:locale\" content=\"es_ES\" \/>\n<meta property=\"og:type\" content=\"article\" \/>\n<meta property=\"og:title\" content=\"Campus Sabinillas cuelga el cartel de completo en los turnos 2 y 3 - Campus Fundaci\u00f3n Unicaja\" \/>\n<meta property=\"og:description\" content=\"[vc_row][vc_column][vc_column_text] Quedan dos meses para que comiencen los Campus Fundaci\u00f3n Unicaja, pero Campus Sabinillas ya ha colgado el cartel de completo en los turnos 2 y 3. Si est\u00e1s pensando venir\u00a0a\u00a0Campus Sabinillas\u00a0este verano, corre a inscribirte antes de quedarte sin plazas en el resto de turnos.\u00a0Elige\u00a0el campamento m\u00e1s grande de Espa\u00f1a\u00a0con una extensi\u00f3n de m\u00e1s [&hellip;]\" \/>\n<meta property=\"og:url\" content=\"https:\/\/www.fundacionunicaja.com\/campus\/2022\/04\/28\/campus-sabinillas-cuelga-el-cartel-de-completo-en-el-turno-2\/\" \/>\n<meta property=\"og:site_name\" content=\"Campus Fundaci\u00f3n Unicaja\" \/>\n<meta property=\"article:published_time\" content=\"2022-04-28T11:49:00+00:00\" \/>\n<meta name=\"author\" content=\"admin\" \/>\n<meta name=\"twitter:card\" content=\"summary_large_image\" \/>\n<meta name=\"twitter:label1\" content=\"Escrito por\" \/>\n\t<meta name=\"twitter:data1\" content=\"admin\" \/>\n\t<meta name=\"twitter:label2\" content=\"Tiempo de lectura\" \/>\n\t<meta name=\"twitter:data2\" content=\"1 minuto\" \/>\n<script type=\"application\/ld+json\" class=\"yoast-schema-graph\">{\"@context\":\"https:\\\/\\\/schema.org\",\"@graph\":[{\"@type\":\"Article\",\"@id\":\"https:\\\/\\\/www.fundacionunicaja.com\\\/campus\\\/2022\\\/04\\\/28\\\/campus-sabinillas-cuelga-el-cartel-de-completo-en-el-turno-2\\\/#article\",\"isPartOf\":{\"@id\":\"https:\\\/\\\/www.fundacionunicaja.com\\\/campus\\\/2022\\\/04\\\/28\\\/campus-sabinillas-cuelga-el-cartel-de-completo-en-el-turno-2\\\/\"},\"author\":{\"name\":\"admin\",\"@id\":\"https:\\\/\\\/www.fundacionunicaja.com\\\/campus\\\/#\\\/schema\\\/person\\\/16c011016170405833b64248beaca4c1\"},\"headline\":\"Campus Sabinillas cuelga el cartel de completo en los turnos 2 y 3\",\"datePublished\":\"2022-04-28T11:49:00+00:00\",\"mainEntityOfPage\":{\"@id\":\"https:\\\/\\\/www.fundacionunicaja.com\\\/campus\\\/2022\\\/04\\\/28\\\/campus-sabinillas-cuelga-el-cartel-de-completo-en-el-turno-2\\\/\"},\"wordCount\":151,\"commentCount\":0,\"publisher\":{\"@id\":\"https:\\\/\\\/www.fundacionunicaja.com\\\/campus\\\/#organization\"},\"image\":{\"@id\":\"https:\\\/\\\/www.fundacionunicaja.com\\\/campus\\\/2022\\\/04\\\/28\\\/campus-sabinillas-cuelga-el-cartel-de-completo-en-el-turno-2\\\/#primaryimage\"},\"thumbnailUrl\":\"\",\"articleSection\":[\"Sabinillas\"],\"inLanguage\":\"es\",\"potentialAction\":[{\"@type\":\"CommentAction\",\"name\":\"Comment\",\"target\":[\"https:\\\/\\\/www.fundacionunicaja.com\\\/campus\\\/2022\\\/04\\\/28\\\/campus-sabinillas-cuelga-el-cartel-de-completo-en-el-turno-2\\\/#respond\"]}]},{\"@type\":\"WebPage\",\"@id\":\"https:\\\/\\\/www.fundacionunicaja.com\\\/campus\\\/2022\\\/04\\\/28\\\/campus-sabinillas-cuelga-el-cartel-de-completo-en-el-turno-2\\\/\",\"url\":\"https:\\\/\\\/www.fundacionunicaja.com\\\/campus\\\/2022\\\/04\\\/28\\\/campus-sabinillas-cuelga-el-cartel-de-completo-en-el-turno-2\\\/\",\"name\":\"Campus Sabinillas cuelga el cartel de completo en los turnos 2 y 3 - Campus Fundaci\u00f3n Unicaja\",\"isPartOf\":{\"@id\":\"https:\\\/\\\/www.fundacionunicaja.com\\\/campus\\\/#website\"},\"primaryImageOfPage\":{\"@id\":\"https:\\\/\\\/www.fundacionunicaja.com\\\/campus\\\/2022\\\/04\\\/28\\\/campus-sabinillas-cuelga-el-cartel-de-completo-en-el-turno-2\\\/#primaryimage\"},\"image\":{\"@id\":\"https:\\\/\\\/www.fundacionunicaja.com\\\/campus\\\/2022\\\/04\\\/28\\\/campus-sabinillas-cuelga-el-cartel-de-completo-en-el-turno-2\\\/#primaryimage\"},\"thumbnailUrl\":\"\",\"datePublished\":\"2022-04-28T11:49:00+00:00\",\"breadcrumb\":{\"@id\":\"https:\\\/\\\/www.fundacionunicaja.com\\\/campus\\\/2022\\\/04\\\/28\\\/campus-sabinillas-cuelga-el-cartel-de-completo-en-el-turno-2\\\/#breadcrumb\"},\"inLanguage\":\"es\",\"potentialAction\":[{\"@type\":\"ReadAction\",\"target\":[\"https:\\\/\\\/www.fundacionunicaja.com\\\/campus\\\/2022\\\/04\\\/28\\\/campus-sabinillas-cuelga-el-cartel-de-completo-en-el-turno-2\\\/\"]}]},{\"@type\":\"ImageObject\",\"inLanguage\":\"es\",\"@id\":\"https:\\\/\\\/www.fundacionunicaja.com\\\/campus\\\/2022\\\/04\\\/28\\\/campus-sabinillas-cuelga-el-cartel-de-completo-en-el-turno-2\\\/#primaryimage\",\"url\":\"\",\"contentUrl\":\"\"},{\"@type\":\"BreadcrumbList\",\"@id\":\"https:\\\/\\\/www.fundacionunicaja.com\\\/campus\\\/2022\\\/04\\\/28\\\/campus-sabinillas-cuelga-el-cartel-de-completo-en-el-turno-2\\\/#breadcrumb\",\"itemListElement\":[{\"@type\":\"ListItem\",\"position\":1,\"name\":\"Portada\",\"item\":\"https:\\\/\\\/www.fundacionunicaja.com\\\/campus\\\/\"},{\"@type\":\"ListItem\",\"position\":2,\"name\":\"Campus Sabinillas cuelga el cartel de completo en los turnos 2 y 3\"}]},{\"@type\":\"WebSite\",\"@id\":\"https:\\\/\\\/www.fundacionunicaja.com\\\/campus\\\/#website\",\"url\":\"https:\\\/\\\/www.fundacionunicaja.com\\\/campus\\\/\",\"name\":\"Campus Fundaci\u00f3n Unicaja\",\"description\":\"\",\"publisher\":{\"@id\":\"https:\\\/\\\/www.fundacionunicaja.com\\\/campus\\\/#organization\"},\"potentialAction\":[{\"@type\":\"SearchAction\",\"target\":{\"@type\":\"EntryPoint\",\"urlTemplate\":\"https:\\\/\\\/www.fundacionunicaja.com\\\/campus\\\/?s={search_term_string}\"},\"query-input\":{\"@type\":\"PropertyValueSpecification\",\"valueRequired\":true,\"valueName\":\"search_term_string\"}}],\"inLanguage\":\"es\"},{\"@type\":\"Organization\",\"@id\":\"https:\\\/\\\/www.fundacionunicaja.com\\\/campus\\\/#organization\",\"name\":\"Campus Fundaci\u00f3n Unicaja\",\"url\":\"https:\\\/\\\/www.fundacionunicaja.com\\\/campus\\\/\",\"logo\":{\"@type\":\"ImageObject\",\"inLanguage\":\"es\",\"@id\":\"https:\\\/\\\/www.fundacionunicaja.com\\\/campus\\\/#\\\/schema\\\/logo\\\/image\\\/\",\"url\":\"https:\\\/\\\/www.fundacionunicaja.com\\\/campus\\\/wp-content\\\/uploads\\\/sites\\\/2\\\/2025\\\/03\\\/LOGO_unicaja-1.png\",\"contentUrl\":\"https:\\\/\\\/www.fundacionunicaja.com\\\/campus\\\/wp-content\\\/uploads\\\/sites\\\/2\\\/2025\\\/03\\\/LOGO_unicaja-1.png\",\"width\":243,\"height\":69,\"caption\":\"Campus Fundaci\u00f3n Unicaja\"},\"image\":{\"@id\":\"https:\\\/\\\/www.fundacionunicaja.com\\\/campus\\\/#\\\/schema\\\/logo\\\/image\\\/\"}},{\"@type\":\"Person\",\"@id\":\"https:\\\/\\\/www.fundacionunicaja.com\\\/campus\\\/#\\\/schema\\\/person\\\/16c011016170405833b64248beaca4c1\",\"name\":\"admin\",\"image\":{\"@type\":\"ImageObject\",\"inLanguage\":\"es\",\"@id\":\"https:\\\/\\\/secure.gravatar.com\\\/avatar\\\/53fe2ed3b30640367a30f4b4978313b87fe50c8c5859f22378ec2886d080b954?s=96&d=mm&r=g\",\"url\":\"https:\\\/\\\/secure.gravatar.com\\\/avatar\\\/53fe2ed3b30640367a30f4b4978313b87fe50c8c5859f22378ec2886d080b954?s=96&d=mm&r=g\",\"contentUrl\":\"https:\\\/\\\/secure.gravatar.com\\\/avatar\\\/53fe2ed3b30640367a30f4b4978313b87fe50c8c5859f22378ec2886d080b954?s=96&d=mm&r=g\",\"caption\":\"admin\"},\"sameAs\":[\"https:\\\/\\\/www.fundacionunicaja.com\\\/\"],\"url\":\"https:\\\/\\\/www.fundacionunicaja.com\\\/campus\\\/author\\\/admin\\\/\"}]}<\/script>\n<!-- \/ Yoast SEO plugin. -->","yoast_head_json":{"title":"Campus Sabinillas cuelga el cartel de completo en los turnos 2 y 3 - Campus Fundaci\u00f3n Unicaja","robots":{"index":"index","follow":"follow","max-snippet":"max-snippet:-1","max-image-preview":"max-image-preview:large","max-video-preview":"max-video-preview:-1"},"canonical":"https:\/\/www.fundacionunicaja.com\/campus\/2022\/04\/28\/campus-sabinillas-cuelga-el-cartel-de-completo-en-el-turno-2\/","og_locale":"es_ES","og_type":"article","og_title":"Campus Sabinillas cuelga el cartel de completo en los turnos 2 y 3 - Campus Fundaci\u00f3n Unicaja","og_description":"[vc_row][vc_column][vc_column_text] Quedan dos meses para que comiencen los Campus Fundaci\u00f3n Unicaja, pero Campus Sabinillas ya ha colgado el cartel de completo en los turnos 2 y 3. Si est\u00e1s pensando venir\u00a0a\u00a0Campus Sabinillas\u00a0este verano, corre a inscribirte antes de quedarte sin plazas en el resto de turnos.\u00a0Elige\u00a0el campamento m\u00e1s grande de Espa\u00f1a\u00a0con una extensi\u00f3n de m\u00e1s [&hellip;]","og_url":"https:\/\/www.fundacionunicaja.com\/campus\/2022\/04\/28\/campus-sabinillas-cuelga-el-cartel-de-completo-en-el-turno-2\/","og_site_name":"Campus Fundaci\u00f3n Unicaja","article_published_time":"2022-04-28T11:49:00+00:00","author":"admin","twitter_card":"summary_large_image","twitter_misc":{"Escrito por":"admin","Tiempo de lectura":"1 minuto"},"schema":{"@context":"https:\/\/schema.org","@graph":[{"@type":"Article","@id":"https:\/\/www.fundacionunicaja.com\/campus\/2022\/04\/28\/campus-sabinillas-cuelga-el-cartel-de-completo-en-el-turno-2\/#article","isPartOf":{"@id":"https:\/\/www.fundacionunicaja.com\/campus\/2022\/04\/28\/campus-sabinillas-cuelga-el-cartel-de-completo-en-el-turno-2\/"},"author":{"name":"admin","@id":"https:\/\/www.fundacionunicaja.com\/campus\/#\/schema\/person\/16c011016170405833b64248beaca4c1"},"headline":"Campus Sabinillas cuelga el cartel de completo en los turnos 2 y 3","datePublished":"2022-04-28T11:49:00+00:00","mainEntityOfPage":{"@id":"https:\/\/www.fundacionunicaja.com\/campus\/2022\/04\/28\/campus-sabinillas-cuelga-el-cartel-de-completo-en-el-turno-2\/"},"wordCount":151,"commentCount":0,"publisher":{"@id":"https:\/\/www.fundacionunicaja.com\/campus\/#organization"},"image":{"@id":"https:\/\/www.fundacionunicaja.com\/campus\/2022\/04\/28\/campus-sabinillas-cuelga-el-cartel-de-completo-en-el-turno-2\/#primaryimage"},"thumbnailUrl":"","articleSection":["Sabinillas"],"inLanguage":"es","potentialAction":[{"@type":"CommentAction","name":"Comment","target":["https:\/\/www.fundacionunicaja.com\/campus\/2022\/04\/28\/campus-sabinillas-cuelga-el-cartel-de-completo-en-el-turno-2\/#respond"]}]},{"@type":"WebPage","@id":"https:\/\/www.fundacionunicaja.com\/campus\/2022\/04\/28\/campus-sabinillas-cuelga-el-cartel-de-completo-en-el-turno-2\/","url":"https:\/\/www.fundacionunicaja.com\/campus\/2022\/04\/28\/campus-sabinillas-cuelga-el-cartel-de-completo-en-el-turno-2\/","name":"Campus Sabinillas cuelga el cartel de completo en los turnos 2 y 3 - Campus Fundaci\u00f3n Unicaja","isPartOf":{"@id":"https:\/\/www.fundacionunicaja.com\/campus\/#website"},"primaryImageOfPage":{"@id":"https:\/\/www.fundacionunicaja.com\/campus\/2022\/04\/28\/campus-sabinillas-cuelga-el-cartel-de-completo-en-el-turno-2\/#primaryimage"},"image":{"@id":"https:\/\/www.fundacionunicaja.com\/campus\/2022\/04\/28\/campus-sabinillas-cuelga-el-cartel-de-completo-en-el-turno-2\/#primaryimage"},"thumbnailUrl":"","datePublished":"2022-04-28T11:49:00+00:00","breadcrumb":{"@id":"https:\/\/www.fundacionunicaja.com\/campus\/2022\/04\/28\/campus-sabinillas-cuelga-el-cartel-de-completo-en-el-turno-2\/#breadcrumb"},"inLanguage":"es","potentialAction":[{"@type":"ReadAction","target":["https:\/\/www.fundacionunicaja.com\/campus\/2022\/04\/28\/campus-sabinillas-cuelga-el-cartel-de-completo-en-el-turno-2\/"]}]},{"@type":"ImageObject","inLanguage":"es","@id":"https:\/\/www.fundacionunicaja.com\/campus\/2022\/04\/28\/campus-sabinillas-cuelga-el-cartel-de-completo-en-el-turno-2\/#primaryimage","url":"","contentUrl":""},{"@type":"BreadcrumbList","@id":"https:\/\/www.fundacionunicaja.com\/campus\/2022\/04\/28\/campus-sabinillas-cuelga-el-cartel-de-completo-en-el-turno-2\/#breadcrumb","itemListElement":[{"@type":"ListItem","position":1,"name":"Portada","item":"https:\/\/www.fundacionunicaja.com\/campus\/"},{"@type":"ListItem","position":2,"name":"Campus Sabinillas cuelga el cartel de completo en los turnos 2 y 3"}]},{"@type":"WebSite","@id":"https:\/\/www.fundacionunicaja.com\/campus\/#website","url":"https:\/\/www.fundacionunicaja.com\/campus\/","name":"Campus Fundaci\u00f3n Unicaja","description":"","publisher":{"@id":"https:\/\/www.fundacionunicaja.com\/campus\/#organization"},"potentialAction":[{"@type":"SearchAction","target":{"@type":"EntryPoint","urlTemplate":"https:\/\/www.fundacionunicaja.com\/campus\/?s={search_term_string}"},"query-input":{"@type":"PropertyValueSpecification","valueRequired":true,"valueName":"search_term_string"}}],"inLanguage":"es"},{"@type":"Organization","@id":"https:\/\/www.fundacionunicaja.com\/campus\/#organization","name":"Campus Fundaci\u00f3n Unicaja","url":"https:\/\/www.fundacionunicaja.com\/campus\/","logo":{"@type":"ImageObject","inLanguage":"es","@id":"https:\/\/www.fundacionunicaja.com\/campus\/#\/schema\/logo\/image\/","url":"https:\/\/www.fundacionunicaja.com\/campus\/wp-content\/uploads\/sites\/2\/2025\/03\/LOGO_unicaja-1.png","contentUrl":"https:\/\/www.fundacionunicaja.com\/campus\/wp-content\/uploads\/sites\/2\/2025\/03\/LOGO_unicaja-1.png","width":243,"height":69,"caption":"Campus Fundaci\u00f3n Unicaja"},"image":{"@id":"https:\/\/www.fundacionunicaja.com\/campus\/#\/schema\/logo\/image\/"}},{"@type":"Person","@id":"https:\/\/www.fundacionunicaja.com\/campus\/#\/schema\/person\/16c011016170405833b64248beaca4c1","name":"admin","image":{"@type":"ImageObject","inLanguage":"es","@id":"https:\/\/secure.gravatar.com\/avatar\/53fe2ed3b30640367a30f4b4978313b87fe50c8c5859f22378ec2886d080b954?s=96&d=mm&r=g","url":"https:\/\/secure.gravatar.com\/avatar\/53fe2ed3b30640367a30f4b4978313b87fe50c8c5859f22378ec2886d080b954?s=96&d=mm&r=g","contentUrl":"https:\/\/secure.gravatar.com\/avatar\/53fe2ed3b30640367a30f4b4978313b87fe50c8c5859f22378ec2886d080b954?s=96&d=mm&r=g","caption":"admin"},"sameAs":["https:\/\/www.fundacionunicaja.com\/"],"url":"https:\/\/www.fundacionunicaja.com\/campus\/author\/admin\/"}]}},"_links":{"self":[{"href":"https:\/\/www.fundacionunicaja.com\/campus\/wp-json\/wp\/v2\/posts\/54537","targetHints":{"allow":["GET"]}}],"collection":[{"href":"https:\/\/www.fundacionunicaja.com\/campus\/wp-json\/wp\/v2\/posts"}],"about":[{"href":"https:\/\/www.fundacionunicaja.com\/campus\/wp-json\/wp\/v2\/types\/post"}],"author":[{"embeddable":true,"href":"https:\/\/www.fundacionunicaja.com\/campus\/wp-json\/wp\/v2\/users\/1"}],"replies":[{"embeddable":true,"href":"https:\/\/www.fundacionunicaja.com\/campus\/wp-json\/wp\/v2\/comments?post=54537"}],"version-history":[{"count":0,"href":"https:\/\/www.fundacionunicaja.com\/campus\/wp-json\/wp\/v2\/posts\/54537\/revisions"}],"wp:featuredmedia":[{"embeddable":true,"href":"https:\/\/www.fundacionunicaja.com\/campus\/wp-json\/"}],"wp:attachment":[{"href":"https:\/\/www.fundacionunicaja.com\/campus\/wp-json\/wp\/v2\/media?parent=54537"}],"wp:term":[{"taxonomy":"category","embeddable":true,"href":"https:\/\/www.fundacionunicaja.com\/campus\/wp-json\/wp\/v2\/categories?post=54537"},{"taxonomy":"post_tag","embeddable":true,"href":"https:\/\/www.fundacionunicaja.com\/campus\/wp-json\/wp\/v2\/tags?post=54537"}],"curies":[{"name":"wp","href":"https:\/\/api.w.org\/{rel}","templated":true}]}}