{"id":54531,"date":"2022-03-03T09:47:22","date_gmt":"2022-03-03T09:47:22","guid":{"rendered":"https:\/\/fundacionunicaja.oletecnologia.com\/?p=5428"},"modified":"2022-03-03T09:47:22","modified_gmt":"2022-03-03T09:47:22","slug":"resumen-de-campus-nieve-2022-de-fundacion-unicaja","status":"publish","type":"post","link":"https:\/\/www.fundacionunicaja.com\/campus\/2022\/03\/03\/resumen-de-campus-nieve-2022-de-fundacion-unicaja\/","title":{"rendered":"Resumen de Campus Nieve de Fundaci\u00f3n Unicaja 2022"},"content":{"rendered":"\n<p>Hoy finaliza nuestro Campus Nieve 2022 y te hacemos un resumen de las actividades realizadas esta Semana Blanca en Sierra Nevada:<\/p>\n\n\n\n<p>El domingo por la tarde, tras la llegada al hotel de los participantes, recogimos el material para las clases de esqu\u00ed y snowboard y repartimos las habitaciones. Despu\u00e9s de la cena, se comentaron los planes del d\u00eda siguiente.<\/p>\n\n\n\n<p>El lunes, coincidiendo con el D\u00eda de Andaluc\u00eda, comenzaron las primeras clases de esqu\u00ed y snow en las pistas. Este primer d\u00eda de toma de contacto formamos grupos por niveles y repasamos conocimientos b\u00e1sicos. El almuerzo tuvo lugar en Borreguiles y por la tarde continuaron las clases hasta la vuelta al hotel. Sobre las siete de la tarde se realizaron actividades como talleres de pintura, pulseras, chapas, torneo de videojuegos, juegos de mesa y juegos de roles como &#8216;El lobo&#8217;. <\/p>\n\n\n\n<p>El martes, tras el desayuno, se retomaron las clases, que son m\u00e1s t\u00e9cnicas en el segundo d\u00eda en las pistas. Los chicos y chicas esquiaron de uno en uno para que los profesores pudieran corregirles de manera individualizada. Tras los juegos de la tarde y la cena en el hotel se celebr\u00f3 la primera velada nocturna y, como los d\u00edas anteriores, se inform\u00f3 a los participantes de las actividades del d\u00eda siguiente. <\/p>\n\n\n\n<p>El tercer d\u00eda es el \u00faltimo de clases de esqu\u00ed y snow. El nivel de la t\u00e9cnica ha aumentado y los participantes disfrutan de sus propios avances y de la subida de dificultad en las clases. A la vuelta al hotel, los chicos y chicas se divierten con actividades y talleres. Por la noche se reparten regalos de recuerdo antes de celebrar la \u00faltima velada de juegos.<\/p>\n\n\n\n<p>Hoy los participantes se despiden de estos d\u00edas de diversi\u00f3n en la nieve con actividades como: trineos, flotadores y bicis esqu\u00ed. <\/p>\n\n\n\n<figure class=\"wp-block-gallery columns-3 is-cropped wp-block-gallery-1 is-layout-flex wp-block-gallery-is-layout-flex\"><ul class=\"blocks-gallery-grid\"><li class=\"blocks-gallery-item\"><figure><img decoding=\"async\" src=\"https:\/\/fundacionunicaja.oletecnologia.com\/wp-content\/uploads\/2022\/03\/274952802_5234673606543814_6174154767173101712_n-1024x683.jpg\" alt=\"\" data-id=\"5430\" data-full-url=\"https:\/\/fundacionunicaja.oletecnologia.com\/wp-content\/uploads\/2022\/03\/274952802_5234673606543814_6174154767173101712_n.jpg\" data-link=\"https:\/\/fundacionunicaja.oletecnologia.com\/resumen-de-campus-nieve-2022-de-fundacion-unicaja\/274952802_5234673606543814_6174154767173101712_n\/\" class=\"wp-image-5430\" \/><\/figure><\/li><li class=\"blocks-gallery-item\"><figure><img decoding=\"async\" src=\"https:\/\/fundacionunicaja.oletecnologia.com\/wp-content\/uploads\/2022\/03\/274987753_5234673303210511_3086201077168478839_n-1024x683.jpg\" alt=\"\" data-id=\"5433\" data-full-url=\"https:\/\/fundacionunicaja.oletecnologia.com\/wp-content\/uploads\/2022\/03\/274987753_5234673303210511_3086201077168478839_n.jpg\" data-link=\"https:\/\/fundacionunicaja.oletecnologia.com\/resumen-de-campus-nieve-2022-de-fundacion-unicaja\/274987753_5234673303210511_3086201077168478839_n\/\" class=\"wp-image-5433\" \/><\/figure><\/li><li class=\"blocks-gallery-item\"><figure><img decoding=\"async\" src=\"https:\/\/fundacionunicaja.oletecnologia.com\/wp-content\/uploads\/2022\/03\/274989193_5234673113210530_8251783857037564963_n-1024x682.jpg\" alt=\"\" data-id=\"5434\" data-full-url=\"https:\/\/fundacionunicaja.oletecnologia.com\/wp-content\/uploads\/2022\/03\/274989193_5234673113210530_8251783857037564963_n.jpg\" data-link=\"https:\/\/fundacionunicaja.oletecnologia.com\/resumen-de-campus-nieve-2022-de-fundacion-unicaja\/274989193_5234673113210530_8251783857037564963_n\/\" class=\"wp-image-5434\" \/><\/figure><\/li><li class=\"blocks-gallery-item\"><figure><img decoding=\"async\" src=\"https:\/\/fundacionunicaja.oletecnologia.com\/wp-content\/uploads\/2022\/03\/274954663_5234673459877162_9142766154676140199_n-1-1024x683.jpg\" alt=\"\" data-id=\"5436\" data-full-url=\"https:\/\/fundacionunicaja.oletecnologia.com\/wp-content\/uploads\/2022\/03\/274954663_5234673459877162_9142766154676140199_n-1.jpg\" data-link=\"https:\/\/fundacionunicaja.oletecnologia.com\/resumen-de-campus-nieve-2022-de-fundacion-unicaja\/274954663_5234673459877162_9142766154676140199_n-2\/\" class=\"wp-image-5436\" \/><\/figure><\/li><\/ul><\/figure>\n\n\n\n<p><\/p>\n\n\n\n<p><\/p>\n","protected":false},"excerpt":{"rendered":"<p>Hoy finaliza nuestro Campus Nieve 2022 y te hacemos un resumen de las actividades realizadas esta Semana Blanca en Sierra Nevada: El domingo por la tarde, tras la llegada al hotel de los participantes, recogimos el material para las clases de esqu\u00ed y snowboard y repartimos las habitaciones. Despu\u00e9s de la cena, se comentaron los [&hellip;]<\/p>\n","protected":false},"author":1,"featured_media":5430,"comment_status":"open","ping_status":"open","sticky":false,"template":"","format":"standard","meta":{"_acf_changed":false,"footnotes":""},"categories":[166,172],"tags":[28,178],"class_list":["post-54531","post","type-post","status-publish","format-standard","has-post-thumbnail","hentry","category-baloncesto2","category-nieve","tag-campus","tag-nieve"],"acf":[],"yoast_head":"<!-- This site is optimized with the Yoast SEO plugin v27.4 - https:\/\/yoast.com\/product\/yoast-seo-wordpress\/ -->\n<title>Resumen de Campus Nieve de Fundaci\u00f3n Unicaja 2022 - Campus Fundaci\u00f3n Unicaja<\/title>\n<meta name=\"robots\" content=\"index, follow, max-snippet:-1, max-image-preview:large, max-video-preview:-1\" \/>\n<link rel=\"canonical\" href=\"https:\/\/www.fundacionunicaja.com\/campus\/2022\/03\/03\/resumen-de-campus-nieve-2022-de-fundacion-unicaja\/\" \/>\n<meta property=\"og:locale\" content=\"es_ES\" \/>\n<meta property=\"og:type\" content=\"article\" \/>\n<meta property=\"og:title\" content=\"Resumen de Campus Nieve de Fundaci\u00f3n Unicaja 2022 - Campus Fundaci\u00f3n Unicaja\" \/>\n<meta property=\"og:description\" content=\"Hoy finaliza nuestro Campus Nieve 2022 y te hacemos un resumen de las actividades realizadas esta Semana Blanca en Sierra Nevada: El domingo por la tarde, tras la llegada al hotel de los participantes, recogimos el material para las clases de esqu\u00ed y snowboard y repartimos las habitaciones. Despu\u00e9s de la cena, se comentaron los [&hellip;]\" \/>\n<meta property=\"og:url\" content=\"https:\/\/www.fundacionunicaja.com\/campus\/2022\/03\/03\/resumen-de-campus-nieve-2022-de-fundacion-unicaja\/\" \/>\n<meta property=\"og:site_name\" content=\"Campus Fundaci\u00f3n Unicaja\" \/>\n<meta property=\"article:published_time\" content=\"2022-03-03T09:47:22+00:00\" \/>\n<meta property=\"og:image\" content=\"https:\/\/www.fundacionunicaja.com\/campus\/wp-content\/uploads\/sites\/2\/2015\/12\/CURSO-DE-PATOLOGiA-ORTOPeDICA-INFANTIL-scaled.jpg\" \/>\n\t<meta property=\"og:image:width\" content=\"2560\" \/>\n\t<meta property=\"og:image:height\" content=\"1644\" \/>\n\t<meta property=\"og:image:type\" content=\"image\/jpeg\" \/>\n<meta name=\"author\" content=\"admin\" \/>\n<meta name=\"twitter:card\" content=\"summary_large_image\" \/>\n<meta name=\"twitter:label1\" content=\"Escrito por\" \/>\n\t<meta name=\"twitter:data1\" content=\"admin\" \/>\n\t<meta name=\"twitter:label2\" content=\"Tiempo de lectura\" \/>\n\t<meta name=\"twitter:data2\" content=\"2 minutos\" \/>\n<script type=\"application\/ld+json\" class=\"yoast-schema-graph\">{\"@context\":\"https:\\\/\\\/schema.org\",\"@graph\":[{\"@type\":\"Article\",\"@id\":\"https:\\\/\\\/www.fundacionunicaja.com\\\/campus\\\/2022\\\/03\\\/03\\\/resumen-de-campus-nieve-2022-de-fundacion-unicaja\\\/#article\",\"isPartOf\":{\"@id\":\"https:\\\/\\\/www.fundacionunicaja.com\\\/campus\\\/2022\\\/03\\\/03\\\/resumen-de-campus-nieve-2022-de-fundacion-unicaja\\\/\"},\"author\":{\"name\":\"admin\",\"@id\":\"https:\\\/\\\/www.fundacionunicaja.com\\\/campus\\\/#\\\/schema\\\/person\\\/16c011016170405833b64248beaca4c1\"},\"headline\":\"Resumen de Campus Nieve de Fundaci\u00f3n Unicaja 2022\",\"datePublished\":\"2022-03-03T09:47:22+00:00\",\"mainEntityOfPage\":{\"@id\":\"https:\\\/\\\/www.fundacionunicaja.com\\\/campus\\\/2022\\\/03\\\/03\\\/resumen-de-campus-nieve-2022-de-fundacion-unicaja\\\/\"},\"wordCount\":321,\"commentCount\":0,\"publisher\":{\"@id\":\"https:\\\/\\\/www.fundacionunicaja.com\\\/campus\\\/#organization\"},\"image\":{\"@id\":\"https:\\\/\\\/www.fundacionunicaja.com\\\/campus\\\/2022\\\/03\\\/03\\\/resumen-de-campus-nieve-2022-de-fundacion-unicaja\\\/#primaryimage\"},\"thumbnailUrl\":\"https:\\\/\\\/www.fundacionunicaja.com\\\/campus\\\/wp-content\\\/uploads\\\/sites\\\/2\\\/2015\\\/12\\\/CURSO-DE-PATOLOGiA-ORTOPeDICA-INFANTIL-scaled.jpg\",\"keywords\":[\"campus\",\"Nieve\"],\"articleSection\":[\"Baloncesto2\",\"Nieve\"],\"inLanguage\":\"es\",\"potentialAction\":[{\"@type\":\"CommentAction\",\"name\":\"Comment\",\"target\":[\"https:\\\/\\\/www.fundacionunicaja.com\\\/campus\\\/2022\\\/03\\\/03\\\/resumen-de-campus-nieve-2022-de-fundacion-unicaja\\\/#respond\"]}]},{\"@type\":\"WebPage\",\"@id\":\"https:\\\/\\\/www.fundacionunicaja.com\\\/campus\\\/2022\\\/03\\\/03\\\/resumen-de-campus-nieve-2022-de-fundacion-unicaja\\\/\",\"url\":\"https:\\\/\\\/www.fundacionunicaja.com\\\/campus\\\/2022\\\/03\\\/03\\\/resumen-de-campus-nieve-2022-de-fundacion-unicaja\\\/\",\"name\":\"Resumen de Campus Nieve de Fundaci\u00f3n Unicaja 2022 - Campus Fundaci\u00f3n Unicaja\",\"isPartOf\":{\"@id\":\"https:\\\/\\\/www.fundacionunicaja.com\\\/campus\\\/#website\"},\"primaryImageOfPage\":{\"@id\":\"https:\\\/\\\/www.fundacionunicaja.com\\\/campus\\\/2022\\\/03\\\/03\\\/resumen-de-campus-nieve-2022-de-fundacion-unicaja\\\/#primaryimage\"},\"image\":{\"@id\":\"https:\\\/\\\/www.fundacionunicaja.com\\\/campus\\\/2022\\\/03\\\/03\\\/resumen-de-campus-nieve-2022-de-fundacion-unicaja\\\/#primaryimage\"},\"thumbnailUrl\":\"https:\\\/\\\/www.fundacionunicaja.com\\\/campus\\\/wp-content\\\/uploads\\\/sites\\\/2\\\/2015\\\/12\\\/CURSO-DE-PATOLOGiA-ORTOPeDICA-INFANTIL-scaled.jpg\",\"datePublished\":\"2022-03-03T09:47:22+00:00\",\"breadcrumb\":{\"@id\":\"https:\\\/\\\/www.fundacionunicaja.com\\\/campus\\\/2022\\\/03\\\/03\\\/resumen-de-campus-nieve-2022-de-fundacion-unicaja\\\/#breadcrumb\"},\"inLanguage\":\"es\",\"potentialAction\":[{\"@type\":\"ReadAction\",\"target\":[\"https:\\\/\\\/www.fundacionunicaja.com\\\/campus\\\/2022\\\/03\\\/03\\\/resumen-de-campus-nieve-2022-de-fundacion-unicaja\\\/\"]}]},{\"@type\":\"ImageObject\",\"inLanguage\":\"es\",\"@id\":\"https:\\\/\\\/www.fundacionunicaja.com\\\/campus\\\/2022\\\/03\\\/03\\\/resumen-de-campus-nieve-2022-de-fundacion-unicaja\\\/#primaryimage\",\"url\":\"https:\\\/\\\/www.fundacionunicaja.com\\\/campus\\\/wp-content\\\/uploads\\\/sites\\\/2\\\/2015\\\/12\\\/CURSO-DE-PATOLOGiA-ORTOPeDICA-INFANTIL-scaled.jpg\",\"contentUrl\":\"https:\\\/\\\/www.fundacionunicaja.com\\\/campus\\\/wp-content\\\/uploads\\\/sites\\\/2\\\/2015\\\/12\\\/CURSO-DE-PATOLOGiA-ORTOPeDICA-INFANTIL-scaled.jpg\",\"width\":2560,\"height\":1644,\"caption\":\"Curso de patolog\u00eda ortop\u00e9dica infantil\"},{\"@type\":\"BreadcrumbList\",\"@id\":\"https:\\\/\\\/www.fundacionunicaja.com\\\/campus\\\/2022\\\/03\\\/03\\\/resumen-de-campus-nieve-2022-de-fundacion-unicaja\\\/#breadcrumb\",\"itemListElement\":[{\"@type\":\"ListItem\",\"position\":1,\"name\":\"Portada\",\"item\":\"https:\\\/\\\/www.fundacionunicaja.com\\\/campus\\\/\"},{\"@type\":\"ListItem\",\"position\":2,\"name\":\"Resumen de Campus Nieve de Fundaci\u00f3n Unicaja 2022\"}]},{\"@type\":\"WebSite\",\"@id\":\"https:\\\/\\\/www.fundacionunicaja.com\\\/campus\\\/#website\",\"url\":\"https:\\\/\\\/www.fundacionunicaja.com\\\/campus\\\/\",\"name\":\"Campus Fundaci\u00f3n Unicaja\",\"description\":\"\",\"publisher\":{\"@id\":\"https:\\\/\\\/www.fundacionunicaja.com\\\/campus\\\/#organization\"},\"potentialAction\":[{\"@type\":\"SearchAction\",\"target\":{\"@type\":\"EntryPoint\",\"urlTemplate\":\"https:\\\/\\\/www.fundacionunicaja.com\\\/campus\\\/?s={search_term_string}\"},\"query-input\":{\"@type\":\"PropertyValueSpecification\",\"valueRequired\":true,\"valueName\":\"search_term_string\"}}],\"inLanguage\":\"es\"},{\"@type\":\"Organization\",\"@id\":\"https:\\\/\\\/www.fundacionunicaja.com\\\/campus\\\/#organization\",\"name\":\"Campus Fundaci\u00f3n Unicaja\",\"url\":\"https:\\\/\\\/www.fundacionunicaja.com\\\/campus\\\/\",\"logo\":{\"@type\":\"ImageObject\",\"inLanguage\":\"es\",\"@id\":\"https:\\\/\\\/www.fundacionunicaja.com\\\/campus\\\/#\\\/schema\\\/logo\\\/image\\\/\",\"url\":\"https:\\\/\\\/www.fundacionunicaja.com\\\/campus\\\/wp-content\\\/uploads\\\/sites\\\/2\\\/2025\\\/03\\\/LOGO_unicaja-1.png\",\"contentUrl\":\"https:\\\/\\\/www.fundacionunicaja.com\\\/campus\\\/wp-content\\\/uploads\\\/sites\\\/2\\\/2025\\\/03\\\/LOGO_unicaja-1.png\",\"width\":243,\"height\":69,\"caption\":\"Campus Fundaci\u00f3n Unicaja\"},\"image\":{\"@id\":\"https:\\\/\\\/www.fundacionunicaja.com\\\/campus\\\/#\\\/schema\\\/logo\\\/image\\\/\"}},{\"@type\":\"Person\",\"@id\":\"https:\\\/\\\/www.fundacionunicaja.com\\\/campus\\\/#\\\/schema\\\/person\\\/16c011016170405833b64248beaca4c1\",\"name\":\"admin\",\"image\":{\"@type\":\"ImageObject\",\"inLanguage\":\"es\",\"@id\":\"https:\\\/\\\/secure.gravatar.com\\\/avatar\\\/53fe2ed3b30640367a30f4b4978313b87fe50c8c5859f22378ec2886d080b954?s=96&d=mm&r=g\",\"url\":\"https:\\\/\\\/secure.gravatar.com\\\/avatar\\\/53fe2ed3b30640367a30f4b4978313b87fe50c8c5859f22378ec2886d080b954?s=96&d=mm&r=g\",\"contentUrl\":\"https:\\\/\\\/secure.gravatar.com\\\/avatar\\\/53fe2ed3b30640367a30f4b4978313b87fe50c8c5859f22378ec2886d080b954?s=96&d=mm&r=g\",\"caption\":\"admin\"},\"sameAs\":[\"https:\\\/\\\/www.fundacionunicaja.com\\\/\"],\"url\":\"https:\\\/\\\/www.fundacionunicaja.com\\\/campus\\\/author\\\/admin\\\/\"}]}<\/script>\n<!-- \/ Yoast SEO plugin. -->","yoast_head_json":{"title":"Resumen de Campus Nieve de Fundaci\u00f3n Unicaja 2022 - Campus Fundaci\u00f3n Unicaja","robots":{"index":"index","follow":"follow","max-snippet":"max-snippet:-1","max-image-preview":"max-image-preview:large","max-video-preview":"max-video-preview:-1"},"canonical":"https:\/\/www.fundacionunicaja.com\/campus\/2022\/03\/03\/resumen-de-campus-nieve-2022-de-fundacion-unicaja\/","og_locale":"es_ES","og_type":"article","og_title":"Resumen de Campus Nieve de Fundaci\u00f3n Unicaja 2022 - Campus Fundaci\u00f3n Unicaja","og_description":"Hoy finaliza nuestro Campus Nieve 2022 y te hacemos un resumen de las actividades realizadas esta Semana Blanca en Sierra Nevada: El domingo por la tarde, tras la llegada al hotel de los participantes, recogimos el material para las clases de esqu\u00ed y snowboard y repartimos las habitaciones. Despu\u00e9s de la cena, se comentaron los [&hellip;]","og_url":"https:\/\/www.fundacionunicaja.com\/campus\/2022\/03\/03\/resumen-de-campus-nieve-2022-de-fundacion-unicaja\/","og_site_name":"Campus Fundaci\u00f3n Unicaja","article_published_time":"2022-03-03T09:47:22+00:00","og_image":[{"width":2560,"height":1644,"url":"https:\/\/www.fundacionunicaja.com\/campus\/wp-content\/uploads\/sites\/2\/2015\/12\/CURSO-DE-PATOLOGiA-ORTOPeDICA-INFANTIL-scaled.jpg","type":"image\/jpeg"}],"author":"admin","twitter_card":"summary_large_image","twitter_misc":{"Escrito por":"admin","Tiempo de lectura":"2 minutos"},"schema":{"@context":"https:\/\/schema.org","@graph":[{"@type":"Article","@id":"https:\/\/www.fundacionunicaja.com\/campus\/2022\/03\/03\/resumen-de-campus-nieve-2022-de-fundacion-unicaja\/#article","isPartOf":{"@id":"https:\/\/www.fundacionunicaja.com\/campus\/2022\/03\/03\/resumen-de-campus-nieve-2022-de-fundacion-unicaja\/"},"author":{"name":"admin","@id":"https:\/\/www.fundacionunicaja.com\/campus\/#\/schema\/person\/16c011016170405833b64248beaca4c1"},"headline":"Resumen de Campus Nieve de Fundaci\u00f3n Unicaja 2022","datePublished":"2022-03-03T09:47:22+00:00","mainEntityOfPage":{"@id":"https:\/\/www.fundacionunicaja.com\/campus\/2022\/03\/03\/resumen-de-campus-nieve-2022-de-fundacion-unicaja\/"},"wordCount":321,"commentCount":0,"publisher":{"@id":"https:\/\/www.fundacionunicaja.com\/campus\/#organization"},"image":{"@id":"https:\/\/www.fundacionunicaja.com\/campus\/2022\/03\/03\/resumen-de-campus-nieve-2022-de-fundacion-unicaja\/#primaryimage"},"thumbnailUrl":"https:\/\/www.fundacionunicaja.com\/campus\/wp-content\/uploads\/sites\/2\/2015\/12\/CURSO-DE-PATOLOGiA-ORTOPeDICA-INFANTIL-scaled.jpg","keywords":["campus","Nieve"],"articleSection":["Baloncesto2","Nieve"],"inLanguage":"es","potentialAction":[{"@type":"CommentAction","name":"Comment","target":["https:\/\/www.fundacionunicaja.com\/campus\/2022\/03\/03\/resumen-de-campus-nieve-2022-de-fundacion-unicaja\/#respond"]}]},{"@type":"WebPage","@id":"https:\/\/www.fundacionunicaja.com\/campus\/2022\/03\/03\/resumen-de-campus-nieve-2022-de-fundacion-unicaja\/","url":"https:\/\/www.fundacionunicaja.com\/campus\/2022\/03\/03\/resumen-de-campus-nieve-2022-de-fundacion-unicaja\/","name":"Resumen de Campus Nieve de Fundaci\u00f3n Unicaja 2022 - Campus Fundaci\u00f3n Unicaja","isPartOf":{"@id":"https:\/\/www.fundacionunicaja.com\/campus\/#website"},"primaryImageOfPage":{"@id":"https:\/\/www.fundacionunicaja.com\/campus\/2022\/03\/03\/resumen-de-campus-nieve-2022-de-fundacion-unicaja\/#primaryimage"},"image":{"@id":"https:\/\/www.fundacionunicaja.com\/campus\/2022\/03\/03\/resumen-de-campus-nieve-2022-de-fundacion-unicaja\/#primaryimage"},"thumbnailUrl":"https:\/\/www.fundacionunicaja.com\/campus\/wp-content\/uploads\/sites\/2\/2015\/12\/CURSO-DE-PATOLOGiA-ORTOPeDICA-INFANTIL-scaled.jpg","datePublished":"2022-03-03T09:47:22+00:00","breadcrumb":{"@id":"https:\/\/www.fundacionunicaja.com\/campus\/2022\/03\/03\/resumen-de-campus-nieve-2022-de-fundacion-unicaja\/#breadcrumb"},"inLanguage":"es","potentialAction":[{"@type":"ReadAction","target":["https:\/\/www.fundacionunicaja.com\/campus\/2022\/03\/03\/resumen-de-campus-nieve-2022-de-fundacion-unicaja\/"]}]},{"@type":"ImageObject","inLanguage":"es","@id":"https:\/\/www.fundacionunicaja.com\/campus\/2022\/03\/03\/resumen-de-campus-nieve-2022-de-fundacion-unicaja\/#primaryimage","url":"https:\/\/www.fundacionunicaja.com\/campus\/wp-content\/uploads\/sites\/2\/2015\/12\/CURSO-DE-PATOLOGiA-ORTOPeDICA-INFANTIL-scaled.jpg","contentUrl":"https:\/\/www.fundacionunicaja.com\/campus\/wp-content\/uploads\/sites\/2\/2015\/12\/CURSO-DE-PATOLOGiA-ORTOPeDICA-INFANTIL-scaled.jpg","width":2560,"height":1644,"caption":"Curso de patolog\u00eda ortop\u00e9dica infantil"},{"@type":"BreadcrumbList","@id":"https:\/\/www.fundacionunicaja.com\/campus\/2022\/03\/03\/resumen-de-campus-nieve-2022-de-fundacion-unicaja\/#breadcrumb","itemListElement":[{"@type":"ListItem","position":1,"name":"Portada","item":"https:\/\/www.fundacionunicaja.com\/campus\/"},{"@type":"ListItem","position":2,"name":"Resumen de Campus Nieve de Fundaci\u00f3n Unicaja 2022"}]},{"@type":"WebSite","@id":"https:\/\/www.fundacionunicaja.com\/campus\/#website","url":"https:\/\/www.fundacionunicaja.com\/campus\/","name":"Campus Fundaci\u00f3n Unicaja","description":"","publisher":{"@id":"https:\/\/www.fundacionunicaja.com\/campus\/#organization"},"potentialAction":[{"@type":"SearchAction","target":{"@type":"EntryPoint","urlTemplate":"https:\/\/www.fundacionunicaja.com\/campus\/?s={search_term_string}"},"query-input":{"@type":"PropertyValueSpecification","valueRequired":true,"valueName":"search_term_string"}}],"inLanguage":"es"},{"@type":"Organization","@id":"https:\/\/www.fundacionunicaja.com\/campus\/#organization","name":"Campus Fundaci\u00f3n Unicaja","url":"https:\/\/www.fundacionunicaja.com\/campus\/","logo":{"@type":"ImageObject","inLanguage":"es","@id":"https:\/\/www.fundacionunicaja.com\/campus\/#\/schema\/logo\/image\/","url":"https:\/\/www.fundacionunicaja.com\/campus\/wp-content\/uploads\/sites\/2\/2025\/03\/LOGO_unicaja-1.png","contentUrl":"https:\/\/www.fundacionunicaja.com\/campus\/wp-content\/uploads\/sites\/2\/2025\/03\/LOGO_unicaja-1.png","width":243,"height":69,"caption":"Campus Fundaci\u00f3n Unicaja"},"image":{"@id":"https:\/\/www.fundacionunicaja.com\/campus\/#\/schema\/logo\/image\/"}},{"@type":"Person","@id":"https:\/\/www.fundacionunicaja.com\/campus\/#\/schema\/person\/16c011016170405833b64248beaca4c1","name":"admin","image":{"@type":"ImageObject","inLanguage":"es","@id":"https:\/\/secure.gravatar.com\/avatar\/53fe2ed3b30640367a30f4b4978313b87fe50c8c5859f22378ec2886d080b954?s=96&d=mm&r=g","url":"https:\/\/secure.gravatar.com\/avatar\/53fe2ed3b30640367a30f4b4978313b87fe50c8c5859f22378ec2886d080b954?s=96&d=mm&r=g","contentUrl":"https:\/\/secure.gravatar.com\/avatar\/53fe2ed3b30640367a30f4b4978313b87fe50c8c5859f22378ec2886d080b954?s=96&d=mm&r=g","caption":"admin"},"sameAs":["https:\/\/www.fundacionunicaja.com\/"],"url":"https:\/\/www.fundacionunicaja.com\/campus\/author\/admin\/"}]}},"_links":{"self":[{"href":"https:\/\/www.fundacionunicaja.com\/campus\/wp-json\/wp\/v2\/posts\/54531","targetHints":{"allow":["GET"]}}],"collection":[{"href":"https:\/\/www.fundacionunicaja.com\/campus\/wp-json\/wp\/v2\/posts"}],"about":[{"href":"https:\/\/www.fundacionunicaja.com\/campus\/wp-json\/wp\/v2\/types\/post"}],"author":[{"embeddable":true,"href":"https:\/\/www.fundacionunicaja.com\/campus\/wp-json\/wp\/v2\/users\/1"}],"replies":[{"embeddable":true,"href":"https:\/\/www.fundacionunicaja.com\/campus\/wp-json\/wp\/v2\/comments?post=54531"}],"version-history":[{"count":0,"href":"https:\/\/www.fundacionunicaja.com\/campus\/wp-json\/wp\/v2\/posts\/54531\/revisions"}],"wp:featuredmedia":[{"embeddable":true,"href":"https:\/\/www.fundacionunicaja.com\/campus\/wp-json\/wp\/v2\/media\/5430"}],"wp:attachment":[{"href":"https:\/\/www.fundacionunicaja.com\/campus\/wp-json\/wp\/v2\/media?parent=54531"}],"wp:term":[{"taxonomy":"category","embeddable":true,"href":"https:\/\/www.fundacionunicaja.com\/campus\/wp-json\/wp\/v2\/categories?post=54531"},{"taxonomy":"post_tag","embeddable":true,"href":"https:\/\/www.fundacionunicaja.com\/campus\/wp-json\/wp\/v2\/tags?post=54531"}],"curies":[{"name":"wp","href":"https:\/\/api.w.org\/{rel}","templated":true}]}}