{"id":54528,"date":"2020-02-28T11:58:24","date_gmt":"2020-02-28T11:58:24","guid":{"rendered":"https:\/\/fundacionunicaja.oletecnologia.com\/?p=5089"},"modified":"2020-02-28T11:58:24","modified_gmt":"2020-02-28T11:58:24","slug":"el-campus-nieve-abre-la-temporada-de-ocio-de-los-campus-fundacion-unicaja-2020-con-mas-de-un-centenar-de-participantes-2","status":"publish","type":"post","link":"https:\/\/www.fundacionunicaja.com\/campus\/2020\/02\/28\/el-campus-nieve-abre-la-temporada-de-ocio-de-los-campus-fundacion-unicaja-2020-con-mas-de-un-centenar-de-participantes-2\/","title":{"rendered":"El Campus Nieve abre la temporada de ocio de los Campus Fundaci\u00f3n Unicaja 2020 con m\u00e1s de un centenar de participantes"},"content":{"rendered":"<p><strong>Fundaci\u00f3n Unicaja<\/strong> comienza su temporada de actividades de ocio en 2020 con la celebraci\u00f3n del Campus Nieve, que ha reunido a 120 participantes durante las vacaciones de Semana Blanca en Sierra Nevada, para disfrutar, un invierno m\u00e1s, de multitud de actividades con la nieve como protagonista.<\/p>\n<p>El campamento arranc\u00f3 el pasado domingo, 23 de febrero, y se ha desarrollado durante toda la semana, concluyendo ayer, d\u00eda 27. En cada una de las jornadas vividas en la sierra granadina, los participantes han estado siempre acompa\u00f1ados por monitores cualificados con los que han podido aprender y practicar deportes de nieve durante cinco horas diarias, pudiendo elegir entre el esqu\u00ed o el <i>snowboard<\/i>, con grupos de todos los niveles: iniciaci\u00f3n, intermedio, perfecci\u00f3n y alto rendimiento.<\/p>\n<p>Adem\u00e1s, cada uno de los alumnos del Campus Nieve de la <b>Fundaci\u00f3n Unicaja<\/b> ha contado con un sistema de identificaci\u00f3n en pista, casco, peto y pulsera de control, que ha favorecido la seguridad de todos ellos.<\/p>\n<p>Junto a la pr\u00e1ctica de estos deportes, se han podido tambi\u00e9n disfrutar de diversas actividades de entretenimiento. Iniciativas l\u00fadicas como yincanas, competiciones, descensos con roscos o trineos, y la <i>snow battle<\/i>, entre otras, han amenizado estas jornadas, en las que tambi\u00e9n se han vivido veladas nocturnas con juegos de animaci\u00f3n preparados por los monitores.<\/p>\n<p><b>Campus Nieve, el campamento de invierno<\/b><\/p>\n<p>Este Campus es el \u00fanico que se celebra en la temporada invernal dentro de los <b>Campus Fundaci\u00f3n Unicaja<\/b>. Una de sus caracter\u00edsticas destacadas es la ubicaci\u00f3n de sus instalaciones, que se encuentran a 2.100 metros de altitud en la localidad de Monachil, en el entorno de Sierra Nevada.<\/p>\n<p>Desde su puesta en marcha, el \u00e9xito obtenido por el Campus Nieve se ha refrendado a\u00f1o tras a\u00f1o, con un elevado \u00edndice de alumnos que han repetido y con plazas cubiertas desde mucho tiempo antes de llevarse a cabo la actividad.<\/p>\n<p>Gracias a la notoriedad alcanzada, el 45% de los ni\u00f1os que participaron el a\u00f1o pasado han querido repetir esta experiencia durante la actual temporada. Se ha generado, adem\u00e1s, una lista de espera de interesados, al haber alcanzado r\u00e1pidamente el total de ocupaci\u00f3n, ofertando 20 plazas m\u00e1s con respecto al a\u00f1o anterior.<\/p>\n<p>Los Campus se enmarcan en una de las l\u00edneas estrat\u00e9gicas prioritarias de la <b>Fundaci\u00f3n Unicaja<\/b>, que tiene por objetivo impulsar la educaci\u00f3n en la infancia a trav\u00e9s de diversas iniciativas l\u00fadicas y deportivas. Un claro ejemplo de este inter\u00e9s por la ense\u00f1anza es el programa de Becas USA, que ofrece a estudiantes convivir durante tres semanas con una familia americana con la finalidad de mejorar su nivel de ingl\u00e9s. En este sentido, los <b>Campus Fundaci\u00f3n Unicaja<\/b> son una prueba del compromiso de la <b>Fundaci\u00f3n Unicaja<\/b> con los m\u00e1s peque\u00f1os y se adaptan cada temporada a las necesidades de la sociedad. Por ello, se renuevan cada a\u00f1o con iniciativas innovadoras.<\/p>\n<p><strong>Casi 6.000 plazas ofertadas en los Campus Fundaci\u00f3n Unicaja<\/strong><\/p>\n<p>La <b>Fundaci\u00f3n Unicaja<\/b> oferta casi 6.000 plazas este a\u00f1o para sus Campus, pudiendo a\u00fan inscribirse a los que tendr\u00e1n lugar durante el verano y que se realizar\u00e1n en Ronda, Sabinillas, Puerto de Santa Mar\u00eda (N\u00e1utico), M\u00e1laga (Baloncesto) y el English Camp, que tambi\u00e9n se celebrar\u00e1 en Ronda.<br \/>\nLos interesados pueden informarse o formalizar la inscripci\u00f3n para estos cinco <b>Campus Fundaci\u00f3n Unicaja <\/b>a trav\u00e9s de la web <a href=\"https:\/\/fundacionunicaja.oletecnologia.com\">fundacionunicaja.oletecnologia.com<\/a> y en el n\u00famero de tel\u00e9fono 952 876 832.<\/p>\n\n","protected":false},"excerpt":{"rendered":"<p>Fundaci\u00f3n Unicaja comienza su temporada de actividades de ocio en 2020 con la celebraci\u00f3n del Campus Nieve, que ha reunido a 120 participantes durante las vacaciones de Semana Blanca en Sierra Nevada, para disfrutar, un invierno m\u00e1s, de multitud de actividades con la nieve como protagonista. El campamento arranc\u00f3 el pasado domingo, 23 de febrero, [&hellip;]<\/p>\n","protected":false},"author":1,"featured_media":5090,"comment_status":"open","ping_status":"open","sticky":false,"template":"","format":"standard","meta":{"_acf_changed":false,"footnotes":""},"categories":[172],"tags":[175,176,177,173,174],"class_list":["post-54528","post","type-post","status-publish","format-standard","has-post-thumbnail","hentry","category-nieve","tag-175","tag-campus-2020","tag-campus-fundacion-unicaja","tag-campus-nieve","tag-sierra-nevada"],"acf":[],"yoast_head":"<!-- This site is optimized with the Yoast SEO plugin v27.4 - https:\/\/yoast.com\/product\/yoast-seo-wordpress\/ -->\n<title>El Campus Nieve abre la temporada de ocio de los Campus Fundaci\u00f3n Unicaja 2020 con m\u00e1s de un centenar de participantes - Campus Fundaci\u00f3n Unicaja<\/title>\n<meta name=\"robots\" content=\"index, follow, max-snippet:-1, max-image-preview:large, max-video-preview:-1\" \/>\n<link rel=\"canonical\" href=\"https:\/\/www.fundacionunicaja.com\/campus\/2020\/02\/28\/el-campus-nieve-abre-la-temporada-de-ocio-de-los-campus-fundacion-unicaja-2020-con-mas-de-un-centenar-de-participantes-2\/\" \/>\n<meta property=\"og:locale\" content=\"es_ES\" \/>\n<meta property=\"og:type\" content=\"article\" \/>\n<meta property=\"og:title\" content=\"El Campus Nieve abre la temporada de ocio de los Campus Fundaci\u00f3n Unicaja 2020 con m\u00e1s de un centenar de participantes - Campus Fundaci\u00f3n Unicaja\" \/>\n<meta property=\"og:description\" content=\"Fundaci\u00f3n Unicaja comienza su temporada de actividades de ocio en 2020 con la celebraci\u00f3n del Campus Nieve, que ha reunido a 120 participantes durante las vacaciones de Semana Blanca en Sierra Nevada, para disfrutar, un invierno m\u00e1s, de multitud de actividades con la nieve como protagonista. El campamento arranc\u00f3 el pasado domingo, 23 de febrero, [&hellip;]\" \/>\n<meta property=\"og:url\" content=\"https:\/\/www.fundacionunicaja.com\/campus\/2020\/02\/28\/el-campus-nieve-abre-la-temporada-de-ocio-de-los-campus-fundacion-unicaja-2020-con-mas-de-un-centenar-de-participantes-2\/\" \/>\n<meta property=\"og:site_name\" content=\"Campus Fundaci\u00f3n Unicaja\" \/>\n<meta property=\"article:published_time\" content=\"2020-02-28T11:58:24+00:00\" \/>\n<meta name=\"author\" content=\"admin\" \/>\n<meta name=\"twitter:card\" content=\"summary_large_image\" \/>\n<meta name=\"twitter:label1\" content=\"Escrito por\" \/>\n\t<meta name=\"twitter:data1\" content=\"admin\" \/>\n\t<meta name=\"twitter:label2\" content=\"Tiempo de lectura\" \/>\n\t<meta name=\"twitter:data2\" content=\"3 minutos\" \/>\n<script type=\"application\/ld+json\" class=\"yoast-schema-graph\">{\"@context\":\"https:\\\/\\\/schema.org\",\"@graph\":[{\"@type\":\"Article\",\"@id\":\"https:\\\/\\\/www.fundacionunicaja.com\\\/campus\\\/2020\\\/02\\\/28\\\/el-campus-nieve-abre-la-temporada-de-ocio-de-los-campus-fundacion-unicaja-2020-con-mas-de-un-centenar-de-participantes-2\\\/#article\",\"isPartOf\":{\"@id\":\"https:\\\/\\\/www.fundacionunicaja.com\\\/campus\\\/2020\\\/02\\\/28\\\/el-campus-nieve-abre-la-temporada-de-ocio-de-los-campus-fundacion-unicaja-2020-con-mas-de-un-centenar-de-participantes-2\\\/\"},\"author\":{\"name\":\"admin\",\"@id\":\"https:\\\/\\\/www.fundacionunicaja.com\\\/campus\\\/#\\\/schema\\\/person\\\/16c011016170405833b64248beaca4c1\"},\"headline\":\"El Campus Nieve abre la temporada de ocio de los Campus Fundaci\u00f3n Unicaja 2020 con m\u00e1s de un centenar de participantes\",\"datePublished\":\"2020-02-28T11:58:24+00:00\",\"mainEntityOfPage\":{\"@id\":\"https:\\\/\\\/www.fundacionunicaja.com\\\/campus\\\/2020\\\/02\\\/28\\\/el-campus-nieve-abre-la-temporada-de-ocio-de-los-campus-fundacion-unicaja-2020-con-mas-de-un-centenar-de-participantes-2\\\/\"},\"wordCount\":623,\"commentCount\":0,\"publisher\":{\"@id\":\"https:\\\/\\\/www.fundacionunicaja.com\\\/campus\\\/#organization\"},\"image\":{\"@id\":\"https:\\\/\\\/www.fundacionunicaja.com\\\/campus\\\/2020\\\/02\\\/28\\\/el-campus-nieve-abre-la-temporada-de-ocio-de-los-campus-fundacion-unicaja-2020-con-mas-de-un-centenar-de-participantes-2\\\/#primaryimage\"},\"thumbnailUrl\":\"\",\"keywords\":[\"2020\",\"Campus 2020\",\"Campus Fundaci\u00f3n Unicaja\",\"campus nieve\",\"Sierra Nevada\"],\"articleSection\":[\"Nieve\"],\"inLanguage\":\"es\",\"potentialAction\":[{\"@type\":\"CommentAction\",\"name\":\"Comment\",\"target\":[\"https:\\\/\\\/www.fundacionunicaja.com\\\/campus\\\/2020\\\/02\\\/28\\\/el-campus-nieve-abre-la-temporada-de-ocio-de-los-campus-fundacion-unicaja-2020-con-mas-de-un-centenar-de-participantes-2\\\/#respond\"]}]},{\"@type\":\"WebPage\",\"@id\":\"https:\\\/\\\/www.fundacionunicaja.com\\\/campus\\\/2020\\\/02\\\/28\\\/el-campus-nieve-abre-la-temporada-de-ocio-de-los-campus-fundacion-unicaja-2020-con-mas-de-un-centenar-de-participantes-2\\\/\",\"url\":\"https:\\\/\\\/www.fundacionunicaja.com\\\/campus\\\/2020\\\/02\\\/28\\\/el-campus-nieve-abre-la-temporada-de-ocio-de-los-campus-fundacion-unicaja-2020-con-mas-de-un-centenar-de-participantes-2\\\/\",\"name\":\"El Campus Nieve abre la temporada de ocio de los Campus Fundaci\u00f3n Unicaja 2020 con m\u00e1s de un centenar de participantes - Campus Fundaci\u00f3n Unicaja\",\"isPartOf\":{\"@id\":\"https:\\\/\\\/www.fundacionunicaja.com\\\/campus\\\/#website\"},\"primaryImageOfPage\":{\"@id\":\"https:\\\/\\\/www.fundacionunicaja.com\\\/campus\\\/2020\\\/02\\\/28\\\/el-campus-nieve-abre-la-temporada-de-ocio-de-los-campus-fundacion-unicaja-2020-con-mas-de-un-centenar-de-participantes-2\\\/#primaryimage\"},\"image\":{\"@id\":\"https:\\\/\\\/www.fundacionunicaja.com\\\/campus\\\/2020\\\/02\\\/28\\\/el-campus-nieve-abre-la-temporada-de-ocio-de-los-campus-fundacion-unicaja-2020-con-mas-de-un-centenar-de-participantes-2\\\/#primaryimage\"},\"thumbnailUrl\":\"\",\"datePublished\":\"2020-02-28T11:58:24+00:00\",\"breadcrumb\":{\"@id\":\"https:\\\/\\\/www.fundacionunicaja.com\\\/campus\\\/2020\\\/02\\\/28\\\/el-campus-nieve-abre-la-temporada-de-ocio-de-los-campus-fundacion-unicaja-2020-con-mas-de-un-centenar-de-participantes-2\\\/#breadcrumb\"},\"inLanguage\":\"es\",\"potentialAction\":[{\"@type\":\"ReadAction\",\"target\":[\"https:\\\/\\\/www.fundacionunicaja.com\\\/campus\\\/2020\\\/02\\\/28\\\/el-campus-nieve-abre-la-temporada-de-ocio-de-los-campus-fundacion-unicaja-2020-con-mas-de-un-centenar-de-participantes-2\\\/\"]}]},{\"@type\":\"ImageObject\",\"inLanguage\":\"es\",\"@id\":\"https:\\\/\\\/www.fundacionunicaja.com\\\/campus\\\/2020\\\/02\\\/28\\\/el-campus-nieve-abre-la-temporada-de-ocio-de-los-campus-fundacion-unicaja-2020-con-mas-de-un-centenar-de-participantes-2\\\/#primaryimage\",\"url\":\"\",\"contentUrl\":\"\"},{\"@type\":\"BreadcrumbList\",\"@id\":\"https:\\\/\\\/www.fundacionunicaja.com\\\/campus\\\/2020\\\/02\\\/28\\\/el-campus-nieve-abre-la-temporada-de-ocio-de-los-campus-fundacion-unicaja-2020-con-mas-de-un-centenar-de-participantes-2\\\/#breadcrumb\",\"itemListElement\":[{\"@type\":\"ListItem\",\"position\":1,\"name\":\"Portada\",\"item\":\"https:\\\/\\\/www.fundacionunicaja.com\\\/campus\\\/\"},{\"@type\":\"ListItem\",\"position\":2,\"name\":\"El Campus Nieve abre la temporada de ocio de los Campus Fundaci\u00f3n Unicaja 2020 con m\u00e1s de un centenar de participantes\"}]},{\"@type\":\"WebSite\",\"@id\":\"https:\\\/\\\/www.fundacionunicaja.com\\\/campus\\\/#website\",\"url\":\"https:\\\/\\\/www.fundacionunicaja.com\\\/campus\\\/\",\"name\":\"Campus Fundaci\u00f3n Unicaja\",\"description\":\"\",\"publisher\":{\"@id\":\"https:\\\/\\\/www.fundacionunicaja.com\\\/campus\\\/#organization\"},\"potentialAction\":[{\"@type\":\"SearchAction\",\"target\":{\"@type\":\"EntryPoint\",\"urlTemplate\":\"https:\\\/\\\/www.fundacionunicaja.com\\\/campus\\\/?s={search_term_string}\"},\"query-input\":{\"@type\":\"PropertyValueSpecification\",\"valueRequired\":true,\"valueName\":\"search_term_string\"}}],\"inLanguage\":\"es\"},{\"@type\":\"Organization\",\"@id\":\"https:\\\/\\\/www.fundacionunicaja.com\\\/campus\\\/#organization\",\"name\":\"Campus Fundaci\u00f3n Unicaja\",\"url\":\"https:\\\/\\\/www.fundacionunicaja.com\\\/campus\\\/\",\"logo\":{\"@type\":\"ImageObject\",\"inLanguage\":\"es\",\"@id\":\"https:\\\/\\\/www.fundacionunicaja.com\\\/campus\\\/#\\\/schema\\\/logo\\\/image\\\/\",\"url\":\"https:\\\/\\\/www.fundacionunicaja.com\\\/campus\\\/wp-content\\\/uploads\\\/sites\\\/2\\\/2025\\\/03\\\/LOGO_unicaja-1.png\",\"contentUrl\":\"https:\\\/\\\/www.fundacionunicaja.com\\\/campus\\\/wp-content\\\/uploads\\\/sites\\\/2\\\/2025\\\/03\\\/LOGO_unicaja-1.png\",\"width\":243,\"height\":69,\"caption\":\"Campus Fundaci\u00f3n Unicaja\"},\"image\":{\"@id\":\"https:\\\/\\\/www.fundacionunicaja.com\\\/campus\\\/#\\\/schema\\\/logo\\\/image\\\/\"}},{\"@type\":\"Person\",\"@id\":\"https:\\\/\\\/www.fundacionunicaja.com\\\/campus\\\/#\\\/schema\\\/person\\\/16c011016170405833b64248beaca4c1\",\"name\":\"admin\",\"image\":{\"@type\":\"ImageObject\",\"inLanguage\":\"es\",\"@id\":\"https:\\\/\\\/secure.gravatar.com\\\/avatar\\\/53fe2ed3b30640367a30f4b4978313b87fe50c8c5859f22378ec2886d080b954?s=96&d=mm&r=g\",\"url\":\"https:\\\/\\\/secure.gravatar.com\\\/avatar\\\/53fe2ed3b30640367a30f4b4978313b87fe50c8c5859f22378ec2886d080b954?s=96&d=mm&r=g\",\"contentUrl\":\"https:\\\/\\\/secure.gravatar.com\\\/avatar\\\/53fe2ed3b30640367a30f4b4978313b87fe50c8c5859f22378ec2886d080b954?s=96&d=mm&r=g\",\"caption\":\"admin\"},\"sameAs\":[\"https:\\\/\\\/www.fundacionunicaja.com\\\/\"],\"url\":\"https:\\\/\\\/www.fundacionunicaja.com\\\/campus\\\/author\\\/admin\\\/\"}]}<\/script>\n<!-- \/ Yoast SEO plugin. -->","yoast_head_json":{"title":"El Campus Nieve abre la temporada de ocio de los Campus Fundaci\u00f3n Unicaja 2020 con m\u00e1s de un centenar de participantes - Campus Fundaci\u00f3n Unicaja","robots":{"index":"index","follow":"follow","max-snippet":"max-snippet:-1","max-image-preview":"max-image-preview:large","max-video-preview":"max-video-preview:-1"},"canonical":"https:\/\/www.fundacionunicaja.com\/campus\/2020\/02\/28\/el-campus-nieve-abre-la-temporada-de-ocio-de-los-campus-fundacion-unicaja-2020-con-mas-de-un-centenar-de-participantes-2\/","og_locale":"es_ES","og_type":"article","og_title":"El Campus Nieve abre la temporada de ocio de los Campus Fundaci\u00f3n Unicaja 2020 con m\u00e1s de un centenar de participantes - Campus Fundaci\u00f3n Unicaja","og_description":"Fundaci\u00f3n Unicaja comienza su temporada de actividades de ocio en 2020 con la celebraci\u00f3n del Campus Nieve, que ha reunido a 120 participantes durante las vacaciones de Semana Blanca en Sierra Nevada, para disfrutar, un invierno m\u00e1s, de multitud de actividades con la nieve como protagonista. El campamento arranc\u00f3 el pasado domingo, 23 de febrero, [&hellip;]","og_url":"https:\/\/www.fundacionunicaja.com\/campus\/2020\/02\/28\/el-campus-nieve-abre-la-temporada-de-ocio-de-los-campus-fundacion-unicaja-2020-con-mas-de-un-centenar-de-participantes-2\/","og_site_name":"Campus Fundaci\u00f3n Unicaja","article_published_time":"2020-02-28T11:58:24+00:00","author":"admin","twitter_card":"summary_large_image","twitter_misc":{"Escrito por":"admin","Tiempo de lectura":"3 minutos"},"schema":{"@context":"https:\/\/schema.org","@graph":[{"@type":"Article","@id":"https:\/\/www.fundacionunicaja.com\/campus\/2020\/02\/28\/el-campus-nieve-abre-la-temporada-de-ocio-de-los-campus-fundacion-unicaja-2020-con-mas-de-un-centenar-de-participantes-2\/#article","isPartOf":{"@id":"https:\/\/www.fundacionunicaja.com\/campus\/2020\/02\/28\/el-campus-nieve-abre-la-temporada-de-ocio-de-los-campus-fundacion-unicaja-2020-con-mas-de-un-centenar-de-participantes-2\/"},"author":{"name":"admin","@id":"https:\/\/www.fundacionunicaja.com\/campus\/#\/schema\/person\/16c011016170405833b64248beaca4c1"},"headline":"El Campus Nieve abre la temporada de ocio de los Campus Fundaci\u00f3n Unicaja 2020 con m\u00e1s de un centenar de participantes","datePublished":"2020-02-28T11:58:24+00:00","mainEntityOfPage":{"@id":"https:\/\/www.fundacionunicaja.com\/campus\/2020\/02\/28\/el-campus-nieve-abre-la-temporada-de-ocio-de-los-campus-fundacion-unicaja-2020-con-mas-de-un-centenar-de-participantes-2\/"},"wordCount":623,"commentCount":0,"publisher":{"@id":"https:\/\/www.fundacionunicaja.com\/campus\/#organization"},"image":{"@id":"https:\/\/www.fundacionunicaja.com\/campus\/2020\/02\/28\/el-campus-nieve-abre-la-temporada-de-ocio-de-los-campus-fundacion-unicaja-2020-con-mas-de-un-centenar-de-participantes-2\/#primaryimage"},"thumbnailUrl":"","keywords":["2020","Campus 2020","Campus Fundaci\u00f3n Unicaja","campus nieve","Sierra Nevada"],"articleSection":["Nieve"],"inLanguage":"es","potentialAction":[{"@type":"CommentAction","name":"Comment","target":["https:\/\/www.fundacionunicaja.com\/campus\/2020\/02\/28\/el-campus-nieve-abre-la-temporada-de-ocio-de-los-campus-fundacion-unicaja-2020-con-mas-de-un-centenar-de-participantes-2\/#respond"]}]},{"@type":"WebPage","@id":"https:\/\/www.fundacionunicaja.com\/campus\/2020\/02\/28\/el-campus-nieve-abre-la-temporada-de-ocio-de-los-campus-fundacion-unicaja-2020-con-mas-de-un-centenar-de-participantes-2\/","url":"https:\/\/www.fundacionunicaja.com\/campus\/2020\/02\/28\/el-campus-nieve-abre-la-temporada-de-ocio-de-los-campus-fundacion-unicaja-2020-con-mas-de-un-centenar-de-participantes-2\/","name":"El Campus Nieve abre la temporada de ocio de los Campus Fundaci\u00f3n Unicaja 2020 con m\u00e1s de un centenar de participantes - Campus Fundaci\u00f3n Unicaja","isPartOf":{"@id":"https:\/\/www.fundacionunicaja.com\/campus\/#website"},"primaryImageOfPage":{"@id":"https:\/\/www.fundacionunicaja.com\/campus\/2020\/02\/28\/el-campus-nieve-abre-la-temporada-de-ocio-de-los-campus-fundacion-unicaja-2020-con-mas-de-un-centenar-de-participantes-2\/#primaryimage"},"image":{"@id":"https:\/\/www.fundacionunicaja.com\/campus\/2020\/02\/28\/el-campus-nieve-abre-la-temporada-de-ocio-de-los-campus-fundacion-unicaja-2020-con-mas-de-un-centenar-de-participantes-2\/#primaryimage"},"thumbnailUrl":"","datePublished":"2020-02-28T11:58:24+00:00","breadcrumb":{"@id":"https:\/\/www.fundacionunicaja.com\/campus\/2020\/02\/28\/el-campus-nieve-abre-la-temporada-de-ocio-de-los-campus-fundacion-unicaja-2020-con-mas-de-un-centenar-de-participantes-2\/#breadcrumb"},"inLanguage":"es","potentialAction":[{"@type":"ReadAction","target":["https:\/\/www.fundacionunicaja.com\/campus\/2020\/02\/28\/el-campus-nieve-abre-la-temporada-de-ocio-de-los-campus-fundacion-unicaja-2020-con-mas-de-un-centenar-de-participantes-2\/"]}]},{"@type":"ImageObject","inLanguage":"es","@id":"https:\/\/www.fundacionunicaja.com\/campus\/2020\/02\/28\/el-campus-nieve-abre-la-temporada-de-ocio-de-los-campus-fundacion-unicaja-2020-con-mas-de-un-centenar-de-participantes-2\/#primaryimage","url":"","contentUrl":""},{"@type":"BreadcrumbList","@id":"https:\/\/www.fundacionunicaja.com\/campus\/2020\/02\/28\/el-campus-nieve-abre-la-temporada-de-ocio-de-los-campus-fundacion-unicaja-2020-con-mas-de-un-centenar-de-participantes-2\/#breadcrumb","itemListElement":[{"@type":"ListItem","position":1,"name":"Portada","item":"https:\/\/www.fundacionunicaja.com\/campus\/"},{"@type":"ListItem","position":2,"name":"El Campus Nieve abre la temporada de ocio de los Campus Fundaci\u00f3n Unicaja 2020 con m\u00e1s de un centenar de participantes"}]},{"@type":"WebSite","@id":"https:\/\/www.fundacionunicaja.com\/campus\/#website","url":"https:\/\/www.fundacionunicaja.com\/campus\/","name":"Campus Fundaci\u00f3n Unicaja","description":"","publisher":{"@id":"https:\/\/www.fundacionunicaja.com\/campus\/#organization"},"potentialAction":[{"@type":"SearchAction","target":{"@type":"EntryPoint","urlTemplate":"https:\/\/www.fundacionunicaja.com\/campus\/?s={search_term_string}"},"query-input":{"@type":"PropertyValueSpecification","valueRequired":true,"valueName":"search_term_string"}}],"inLanguage":"es"},{"@type":"Organization","@id":"https:\/\/www.fundacionunicaja.com\/campus\/#organization","name":"Campus Fundaci\u00f3n Unicaja","url":"https:\/\/www.fundacionunicaja.com\/campus\/","logo":{"@type":"ImageObject","inLanguage":"es","@id":"https:\/\/www.fundacionunicaja.com\/campus\/#\/schema\/logo\/image\/","url":"https:\/\/www.fundacionunicaja.com\/campus\/wp-content\/uploads\/sites\/2\/2025\/03\/LOGO_unicaja-1.png","contentUrl":"https:\/\/www.fundacionunicaja.com\/campus\/wp-content\/uploads\/sites\/2\/2025\/03\/LOGO_unicaja-1.png","width":243,"height":69,"caption":"Campus Fundaci\u00f3n Unicaja"},"image":{"@id":"https:\/\/www.fundacionunicaja.com\/campus\/#\/schema\/logo\/image\/"}},{"@type":"Person","@id":"https:\/\/www.fundacionunicaja.com\/campus\/#\/schema\/person\/16c011016170405833b64248beaca4c1","name":"admin","image":{"@type":"ImageObject","inLanguage":"es","@id":"https:\/\/secure.gravatar.com\/avatar\/53fe2ed3b30640367a30f4b4978313b87fe50c8c5859f22378ec2886d080b954?s=96&d=mm&r=g","url":"https:\/\/secure.gravatar.com\/avatar\/53fe2ed3b30640367a30f4b4978313b87fe50c8c5859f22378ec2886d080b954?s=96&d=mm&r=g","contentUrl":"https:\/\/secure.gravatar.com\/avatar\/53fe2ed3b30640367a30f4b4978313b87fe50c8c5859f22378ec2886d080b954?s=96&d=mm&r=g","caption":"admin"},"sameAs":["https:\/\/www.fundacionunicaja.com\/"],"url":"https:\/\/www.fundacionunicaja.com\/campus\/author\/admin\/"}]}},"_links":{"self":[{"href":"https:\/\/www.fundacionunicaja.com\/campus\/wp-json\/wp\/v2\/posts\/54528","targetHints":{"allow":["GET"]}}],"collection":[{"href":"https:\/\/www.fundacionunicaja.com\/campus\/wp-json\/wp\/v2\/posts"}],"about":[{"href":"https:\/\/www.fundacionunicaja.com\/campus\/wp-json\/wp\/v2\/types\/post"}],"author":[{"embeddable":true,"href":"https:\/\/www.fundacionunicaja.com\/campus\/wp-json\/wp\/v2\/users\/1"}],"replies":[{"embeddable":true,"href":"https:\/\/www.fundacionunicaja.com\/campus\/wp-json\/wp\/v2\/comments?post=54528"}],"version-history":[{"count":0,"href":"https:\/\/www.fundacionunicaja.com\/campus\/wp-json\/wp\/v2\/posts\/54528\/revisions"}],"wp:featuredmedia":[{"embeddable":true,"href":"https:\/\/www.fundacionunicaja.com\/campus\/wp-json\/"}],"wp:attachment":[{"href":"https:\/\/www.fundacionunicaja.com\/campus\/wp-json\/wp\/v2\/media?parent=54528"}],"wp:term":[{"taxonomy":"category","embeddable":true,"href":"https:\/\/www.fundacionunicaja.com\/campus\/wp-json\/wp\/v2\/categories?post=54528"},{"taxonomy":"post_tag","embeddable":true,"href":"https:\/\/www.fundacionunicaja.com\/campus\/wp-json\/wp\/v2\/tags?post=54528"}],"curies":[{"name":"wp","href":"https:\/\/api.w.org\/{rel}","templated":true}]}}