{"id":54505,"date":"2019-07-16T00:06:55","date_gmt":"2019-07-16T00:06:55","guid":{"rendered":"https:\/\/fundacionunicaja.oletecnologia.com\/?p=4613"},"modified":"2019-07-16T00:06:55","modified_gmt":"2019-07-16T00:06:55","slug":"clausura-del-segundo-turno-de-campus-sabinillas-2019","status":"publish","type":"post","link":"https:\/\/www.fundacionunicaja.com\/campus\/2019\/07\/16\/clausura-del-segundo-turno-de-campus-sabinillas-2019\/","title":{"rendered":"Clausura del segundo turno de Campus Sabinillas 2019"},"content":{"rendered":"<p>El segundo turno de <strong>Campus Sabinillas<\/strong> 2019 ha terminado con despedidas y recuerdos de los momentos compartidos de las nuevas amistades, entre sonrisas y l\u00e1grimas.<\/p>\n<p>Los chicos y chicas del <strong>Campus<\/strong> han podido disfrutar de un turno lleno de magia y mucha diversi\u00f3n. Tras la \u00faltima velada especial de clausura y como punto final, una secuencia de fuegos artificiales ilumin\u00f3 el cielo de <strong>Campus Sabinillas<\/strong> en una noche que los chicos y chicas recordar\u00e1n para siempre.<\/p>\n<p>\u00a1Nos vemos el pr\u00f3ximo verano!<\/p>\n\n","protected":false},"excerpt":{"rendered":"<p>El segundo turno de Campus Sabinillas 2019 ha terminado con despedidas y recuerdos de los momentos compartidos de las nuevas amistades, entre sonrisas y l\u00e1grimas. Los chicos y chicas del Campus han podido disfrutar de un turno lleno de magia y mucha diversi\u00f3n. Tras la \u00faltima velada especial de clausura y como punto final, una [&hellip;]<\/p>\n","protected":false},"author":1,"featured_media":4623,"comment_status":"open","ping_status":"open","sticky":false,"template":"","format":"standard","meta":{"_acf_changed":false,"footnotes":""},"categories":[12],"tags":[],"class_list":["post-54505","post","type-post","status-publish","format-standard","has-post-thumbnail","hentry","category-sabinillas"],"acf":[],"yoast_head":"<!-- This site is optimized with the Yoast SEO plugin v27.4 - https:\/\/yoast.com\/product\/yoast-seo-wordpress\/ -->\n<title>Clausura del segundo turno de Campus Sabinillas 2019 - Campus Fundaci\u00f3n Unicaja<\/title>\n<meta name=\"robots\" content=\"index, follow, max-snippet:-1, max-image-preview:large, max-video-preview:-1\" \/>\n<link rel=\"canonical\" href=\"https:\/\/www.fundacionunicaja.com\/campus\/2019\/07\/16\/clausura-del-segundo-turno-de-campus-sabinillas-2019\/\" \/>\n<meta property=\"og:locale\" content=\"es_ES\" \/>\n<meta property=\"og:type\" content=\"article\" \/>\n<meta property=\"og:title\" content=\"Clausura del segundo turno de Campus Sabinillas 2019 - Campus Fundaci\u00f3n Unicaja\" \/>\n<meta property=\"og:description\" content=\"El segundo turno de Campus Sabinillas 2019 ha terminado con despedidas y recuerdos de los momentos compartidos de las nuevas amistades, entre sonrisas y l\u00e1grimas. Los chicos y chicas del Campus han podido disfrutar de un turno lleno de magia y mucha diversi\u00f3n. Tras la \u00faltima velada especial de clausura y como punto final, una [&hellip;]\" \/>\n<meta property=\"og:url\" content=\"https:\/\/www.fundacionunicaja.com\/campus\/2019\/07\/16\/clausura-del-segundo-turno-de-campus-sabinillas-2019\/\" \/>\n<meta property=\"og:site_name\" content=\"Campus Fundaci\u00f3n Unicaja\" \/>\n<meta property=\"article:published_time\" content=\"2019-07-16T00:06:55+00:00\" \/>\n<meta name=\"author\" content=\"admin\" \/>\n<meta name=\"twitter:card\" content=\"summary_large_image\" \/>\n<meta name=\"twitter:label1\" content=\"Escrito por\" \/>\n\t<meta name=\"twitter:data1\" content=\"admin\" \/>\n<script type=\"application\/ld+json\" class=\"yoast-schema-graph\">{\"@context\":\"https:\\\/\\\/schema.org\",\"@graph\":[{\"@type\":\"Article\",\"@id\":\"https:\\\/\\\/www.fundacionunicaja.com\\\/campus\\\/2019\\\/07\\\/16\\\/clausura-del-segundo-turno-de-campus-sabinillas-2019\\\/#article\",\"isPartOf\":{\"@id\":\"https:\\\/\\\/www.fundacionunicaja.com\\\/campus\\\/2019\\\/07\\\/16\\\/clausura-del-segundo-turno-de-campus-sabinillas-2019\\\/\"},\"author\":{\"name\":\"admin\",\"@id\":\"https:\\\/\\\/www.fundacionunicaja.com\\\/campus\\\/#\\\/schema\\\/person\\\/16c011016170405833b64248beaca4c1\"},\"headline\":\"Clausura del segundo turno de Campus Sabinillas 2019\",\"datePublished\":\"2019-07-16T00:06:55+00:00\",\"mainEntityOfPage\":{\"@id\":\"https:\\\/\\\/www.fundacionunicaja.com\\\/campus\\\/2019\\\/07\\\/16\\\/clausura-del-segundo-turno-de-campus-sabinillas-2019\\\/\"},\"wordCount\":95,\"commentCount\":0,\"publisher\":{\"@id\":\"https:\\\/\\\/www.fundacionunicaja.com\\\/campus\\\/#organization\"},\"image\":{\"@id\":\"https:\\\/\\\/www.fundacionunicaja.com\\\/campus\\\/2019\\\/07\\\/16\\\/clausura-del-segundo-turno-de-campus-sabinillas-2019\\\/#primaryimage\"},\"thumbnailUrl\":\"\",\"articleSection\":[\"Sabinillas\"],\"inLanguage\":\"es\",\"potentialAction\":[{\"@type\":\"CommentAction\",\"name\":\"Comment\",\"target\":[\"https:\\\/\\\/www.fundacionunicaja.com\\\/campus\\\/2019\\\/07\\\/16\\\/clausura-del-segundo-turno-de-campus-sabinillas-2019\\\/#respond\"]}]},{\"@type\":\"WebPage\",\"@id\":\"https:\\\/\\\/www.fundacionunicaja.com\\\/campus\\\/2019\\\/07\\\/16\\\/clausura-del-segundo-turno-de-campus-sabinillas-2019\\\/\",\"url\":\"https:\\\/\\\/www.fundacionunicaja.com\\\/campus\\\/2019\\\/07\\\/16\\\/clausura-del-segundo-turno-de-campus-sabinillas-2019\\\/\",\"name\":\"Clausura del segundo turno de Campus Sabinillas 2019 - Campus Fundaci\u00f3n Unicaja\",\"isPartOf\":{\"@id\":\"https:\\\/\\\/www.fundacionunicaja.com\\\/campus\\\/#website\"},\"primaryImageOfPage\":{\"@id\":\"https:\\\/\\\/www.fundacionunicaja.com\\\/campus\\\/2019\\\/07\\\/16\\\/clausura-del-segundo-turno-de-campus-sabinillas-2019\\\/#primaryimage\"},\"image\":{\"@id\":\"https:\\\/\\\/www.fundacionunicaja.com\\\/campus\\\/2019\\\/07\\\/16\\\/clausura-del-segundo-turno-de-campus-sabinillas-2019\\\/#primaryimage\"},\"thumbnailUrl\":\"\",\"datePublished\":\"2019-07-16T00:06:55+00:00\",\"breadcrumb\":{\"@id\":\"https:\\\/\\\/www.fundacionunicaja.com\\\/campus\\\/2019\\\/07\\\/16\\\/clausura-del-segundo-turno-de-campus-sabinillas-2019\\\/#breadcrumb\"},\"inLanguage\":\"es\",\"potentialAction\":[{\"@type\":\"ReadAction\",\"target\":[\"https:\\\/\\\/www.fundacionunicaja.com\\\/campus\\\/2019\\\/07\\\/16\\\/clausura-del-segundo-turno-de-campus-sabinillas-2019\\\/\"]}]},{\"@type\":\"ImageObject\",\"inLanguage\":\"es\",\"@id\":\"https:\\\/\\\/www.fundacionunicaja.com\\\/campus\\\/2019\\\/07\\\/16\\\/clausura-del-segundo-turno-de-campus-sabinillas-2019\\\/#primaryimage\",\"url\":\"\",\"contentUrl\":\"\"},{\"@type\":\"BreadcrumbList\",\"@id\":\"https:\\\/\\\/www.fundacionunicaja.com\\\/campus\\\/2019\\\/07\\\/16\\\/clausura-del-segundo-turno-de-campus-sabinillas-2019\\\/#breadcrumb\",\"itemListElement\":[{\"@type\":\"ListItem\",\"position\":1,\"name\":\"Portada\",\"item\":\"https:\\\/\\\/www.fundacionunicaja.com\\\/campus\\\/\"},{\"@type\":\"ListItem\",\"position\":2,\"name\":\"Clausura del segundo turno de Campus Sabinillas 2019\"}]},{\"@type\":\"WebSite\",\"@id\":\"https:\\\/\\\/www.fundacionunicaja.com\\\/campus\\\/#website\",\"url\":\"https:\\\/\\\/www.fundacionunicaja.com\\\/campus\\\/\",\"name\":\"Campus Fundaci\u00f3n Unicaja\",\"description\":\"\",\"publisher\":{\"@id\":\"https:\\\/\\\/www.fundacionunicaja.com\\\/campus\\\/#organization\"},\"potentialAction\":[{\"@type\":\"SearchAction\",\"target\":{\"@type\":\"EntryPoint\",\"urlTemplate\":\"https:\\\/\\\/www.fundacionunicaja.com\\\/campus\\\/?s={search_term_string}\"},\"query-input\":{\"@type\":\"PropertyValueSpecification\",\"valueRequired\":true,\"valueName\":\"search_term_string\"}}],\"inLanguage\":\"es\"},{\"@type\":\"Organization\",\"@id\":\"https:\\\/\\\/www.fundacionunicaja.com\\\/campus\\\/#organization\",\"name\":\"Campus Fundaci\u00f3n Unicaja\",\"url\":\"https:\\\/\\\/www.fundacionunicaja.com\\\/campus\\\/\",\"logo\":{\"@type\":\"ImageObject\",\"inLanguage\":\"es\",\"@id\":\"https:\\\/\\\/www.fundacionunicaja.com\\\/campus\\\/#\\\/schema\\\/logo\\\/image\\\/\",\"url\":\"https:\\\/\\\/www.fundacionunicaja.com\\\/campus\\\/wp-content\\\/uploads\\\/sites\\\/2\\\/2025\\\/03\\\/LOGO_unicaja-1.png\",\"contentUrl\":\"https:\\\/\\\/www.fundacionunicaja.com\\\/campus\\\/wp-content\\\/uploads\\\/sites\\\/2\\\/2025\\\/03\\\/LOGO_unicaja-1.png\",\"width\":243,\"height\":69,\"caption\":\"Campus Fundaci\u00f3n Unicaja\"},\"image\":{\"@id\":\"https:\\\/\\\/www.fundacionunicaja.com\\\/campus\\\/#\\\/schema\\\/logo\\\/image\\\/\"}},{\"@type\":\"Person\",\"@id\":\"https:\\\/\\\/www.fundacionunicaja.com\\\/campus\\\/#\\\/schema\\\/person\\\/16c011016170405833b64248beaca4c1\",\"name\":\"admin\",\"image\":{\"@type\":\"ImageObject\",\"inLanguage\":\"es\",\"@id\":\"https:\\\/\\\/secure.gravatar.com\\\/avatar\\\/53fe2ed3b30640367a30f4b4978313b87fe50c8c5859f22378ec2886d080b954?s=96&d=mm&r=g\",\"url\":\"https:\\\/\\\/secure.gravatar.com\\\/avatar\\\/53fe2ed3b30640367a30f4b4978313b87fe50c8c5859f22378ec2886d080b954?s=96&d=mm&r=g\",\"contentUrl\":\"https:\\\/\\\/secure.gravatar.com\\\/avatar\\\/53fe2ed3b30640367a30f4b4978313b87fe50c8c5859f22378ec2886d080b954?s=96&d=mm&r=g\",\"caption\":\"admin\"},\"sameAs\":[\"https:\\\/\\\/www.fundacionunicaja.com\\\/\"],\"url\":\"https:\\\/\\\/www.fundacionunicaja.com\\\/campus\\\/author\\\/admin\\\/\"}]}<\/script>\n<!-- \/ Yoast SEO plugin. -->","yoast_head_json":{"title":"Clausura del segundo turno de Campus Sabinillas 2019 - Campus Fundaci\u00f3n Unicaja","robots":{"index":"index","follow":"follow","max-snippet":"max-snippet:-1","max-image-preview":"max-image-preview:large","max-video-preview":"max-video-preview:-1"},"canonical":"https:\/\/www.fundacionunicaja.com\/campus\/2019\/07\/16\/clausura-del-segundo-turno-de-campus-sabinillas-2019\/","og_locale":"es_ES","og_type":"article","og_title":"Clausura del segundo turno de Campus Sabinillas 2019 - Campus Fundaci\u00f3n Unicaja","og_description":"El segundo turno de Campus Sabinillas 2019 ha terminado con despedidas y recuerdos de los momentos compartidos de las nuevas amistades, entre sonrisas y l\u00e1grimas. Los chicos y chicas del Campus han podido disfrutar de un turno lleno de magia y mucha diversi\u00f3n. Tras la \u00faltima velada especial de clausura y como punto final, una [&hellip;]","og_url":"https:\/\/www.fundacionunicaja.com\/campus\/2019\/07\/16\/clausura-del-segundo-turno-de-campus-sabinillas-2019\/","og_site_name":"Campus Fundaci\u00f3n Unicaja","article_published_time":"2019-07-16T00:06:55+00:00","author":"admin","twitter_card":"summary_large_image","twitter_misc":{"Escrito por":"admin"},"schema":{"@context":"https:\/\/schema.org","@graph":[{"@type":"Article","@id":"https:\/\/www.fundacionunicaja.com\/campus\/2019\/07\/16\/clausura-del-segundo-turno-de-campus-sabinillas-2019\/#article","isPartOf":{"@id":"https:\/\/www.fundacionunicaja.com\/campus\/2019\/07\/16\/clausura-del-segundo-turno-de-campus-sabinillas-2019\/"},"author":{"name":"admin","@id":"https:\/\/www.fundacionunicaja.com\/campus\/#\/schema\/person\/16c011016170405833b64248beaca4c1"},"headline":"Clausura del segundo turno de Campus Sabinillas 2019","datePublished":"2019-07-16T00:06:55+00:00","mainEntityOfPage":{"@id":"https:\/\/www.fundacionunicaja.com\/campus\/2019\/07\/16\/clausura-del-segundo-turno-de-campus-sabinillas-2019\/"},"wordCount":95,"commentCount":0,"publisher":{"@id":"https:\/\/www.fundacionunicaja.com\/campus\/#organization"},"image":{"@id":"https:\/\/www.fundacionunicaja.com\/campus\/2019\/07\/16\/clausura-del-segundo-turno-de-campus-sabinillas-2019\/#primaryimage"},"thumbnailUrl":"","articleSection":["Sabinillas"],"inLanguage":"es","potentialAction":[{"@type":"CommentAction","name":"Comment","target":["https:\/\/www.fundacionunicaja.com\/campus\/2019\/07\/16\/clausura-del-segundo-turno-de-campus-sabinillas-2019\/#respond"]}]},{"@type":"WebPage","@id":"https:\/\/www.fundacionunicaja.com\/campus\/2019\/07\/16\/clausura-del-segundo-turno-de-campus-sabinillas-2019\/","url":"https:\/\/www.fundacionunicaja.com\/campus\/2019\/07\/16\/clausura-del-segundo-turno-de-campus-sabinillas-2019\/","name":"Clausura del segundo turno de Campus Sabinillas 2019 - Campus Fundaci\u00f3n Unicaja","isPartOf":{"@id":"https:\/\/www.fundacionunicaja.com\/campus\/#website"},"primaryImageOfPage":{"@id":"https:\/\/www.fundacionunicaja.com\/campus\/2019\/07\/16\/clausura-del-segundo-turno-de-campus-sabinillas-2019\/#primaryimage"},"image":{"@id":"https:\/\/www.fundacionunicaja.com\/campus\/2019\/07\/16\/clausura-del-segundo-turno-de-campus-sabinillas-2019\/#primaryimage"},"thumbnailUrl":"","datePublished":"2019-07-16T00:06:55+00:00","breadcrumb":{"@id":"https:\/\/www.fundacionunicaja.com\/campus\/2019\/07\/16\/clausura-del-segundo-turno-de-campus-sabinillas-2019\/#breadcrumb"},"inLanguage":"es","potentialAction":[{"@type":"ReadAction","target":["https:\/\/www.fundacionunicaja.com\/campus\/2019\/07\/16\/clausura-del-segundo-turno-de-campus-sabinillas-2019\/"]}]},{"@type":"ImageObject","inLanguage":"es","@id":"https:\/\/www.fundacionunicaja.com\/campus\/2019\/07\/16\/clausura-del-segundo-turno-de-campus-sabinillas-2019\/#primaryimage","url":"","contentUrl":""},{"@type":"BreadcrumbList","@id":"https:\/\/www.fundacionunicaja.com\/campus\/2019\/07\/16\/clausura-del-segundo-turno-de-campus-sabinillas-2019\/#breadcrumb","itemListElement":[{"@type":"ListItem","position":1,"name":"Portada","item":"https:\/\/www.fundacionunicaja.com\/campus\/"},{"@type":"ListItem","position":2,"name":"Clausura del segundo turno de Campus Sabinillas 2019"}]},{"@type":"WebSite","@id":"https:\/\/www.fundacionunicaja.com\/campus\/#website","url":"https:\/\/www.fundacionunicaja.com\/campus\/","name":"Campus Fundaci\u00f3n Unicaja","description":"","publisher":{"@id":"https:\/\/www.fundacionunicaja.com\/campus\/#organization"},"potentialAction":[{"@type":"SearchAction","target":{"@type":"EntryPoint","urlTemplate":"https:\/\/www.fundacionunicaja.com\/campus\/?s={search_term_string}"},"query-input":{"@type":"PropertyValueSpecification","valueRequired":true,"valueName":"search_term_string"}}],"inLanguage":"es"},{"@type":"Organization","@id":"https:\/\/www.fundacionunicaja.com\/campus\/#organization","name":"Campus Fundaci\u00f3n Unicaja","url":"https:\/\/www.fundacionunicaja.com\/campus\/","logo":{"@type":"ImageObject","inLanguage":"es","@id":"https:\/\/www.fundacionunicaja.com\/campus\/#\/schema\/logo\/image\/","url":"https:\/\/www.fundacionunicaja.com\/campus\/wp-content\/uploads\/sites\/2\/2025\/03\/LOGO_unicaja-1.png","contentUrl":"https:\/\/www.fundacionunicaja.com\/campus\/wp-content\/uploads\/sites\/2\/2025\/03\/LOGO_unicaja-1.png","width":243,"height":69,"caption":"Campus Fundaci\u00f3n Unicaja"},"image":{"@id":"https:\/\/www.fundacionunicaja.com\/campus\/#\/schema\/logo\/image\/"}},{"@type":"Person","@id":"https:\/\/www.fundacionunicaja.com\/campus\/#\/schema\/person\/16c011016170405833b64248beaca4c1","name":"admin","image":{"@type":"ImageObject","inLanguage":"es","@id":"https:\/\/secure.gravatar.com\/avatar\/53fe2ed3b30640367a30f4b4978313b87fe50c8c5859f22378ec2886d080b954?s=96&d=mm&r=g","url":"https:\/\/secure.gravatar.com\/avatar\/53fe2ed3b30640367a30f4b4978313b87fe50c8c5859f22378ec2886d080b954?s=96&d=mm&r=g","contentUrl":"https:\/\/secure.gravatar.com\/avatar\/53fe2ed3b30640367a30f4b4978313b87fe50c8c5859f22378ec2886d080b954?s=96&d=mm&r=g","caption":"admin"},"sameAs":["https:\/\/www.fundacionunicaja.com\/"],"url":"https:\/\/www.fundacionunicaja.com\/campus\/author\/admin\/"}]}},"_links":{"self":[{"href":"https:\/\/www.fundacionunicaja.com\/campus\/wp-json\/wp\/v2\/posts\/54505","targetHints":{"allow":["GET"]}}],"collection":[{"href":"https:\/\/www.fundacionunicaja.com\/campus\/wp-json\/wp\/v2\/posts"}],"about":[{"href":"https:\/\/www.fundacionunicaja.com\/campus\/wp-json\/wp\/v2\/types\/post"}],"author":[{"embeddable":true,"href":"https:\/\/www.fundacionunicaja.com\/campus\/wp-json\/wp\/v2\/users\/1"}],"replies":[{"embeddable":true,"href":"https:\/\/www.fundacionunicaja.com\/campus\/wp-json\/wp\/v2\/comments?post=54505"}],"version-history":[{"count":0,"href":"https:\/\/www.fundacionunicaja.com\/campus\/wp-json\/wp\/v2\/posts\/54505\/revisions"}],"wp:featuredmedia":[{"embeddable":true,"href":"https:\/\/www.fundacionunicaja.com\/campus\/wp-json\/"}],"wp:attachment":[{"href":"https:\/\/www.fundacionunicaja.com\/campus\/wp-json\/wp\/v2\/media?parent=54505"}],"wp:term":[{"taxonomy":"category","embeddable":true,"href":"https:\/\/www.fundacionunicaja.com\/campus\/wp-json\/wp\/v2\/categories?post=54505"},{"taxonomy":"post_tag","embeddable":true,"href":"https:\/\/www.fundacionunicaja.com\/campus\/wp-json\/wp\/v2\/tags?post=54505"}],"curies":[{"name":"wp","href":"https:\/\/api.w.org\/{rel}","templated":true}]}}