{"id":54491,"date":"2019-07-05T14:48:04","date_gmt":"2019-07-05T14:48:04","guid":{"rendered":"https:\/\/fundacionunicaja.oletecnologia.com\/?p=4497"},"modified":"2019-07-05T14:48:04","modified_gmt":"2019-07-05T14:48:04","slug":"fundacion-unicaja-respalda-el-proyecto-675-de-berni-rodriguez-para-apoyar-el-baloncesto-de-base-2","status":"publish","type":"post","link":"https:\/\/www.fundacionunicaja.com\/campus\/2019\/07\/05\/fundacion-unicaja-respalda-el-proyecto-675-de-berni-rodriguez-para-apoyar-el-baloncesto-de-base-2\/","title":{"rendered":"Fundaci\u00f3n Unicaja respalda el \u2018Proyecto 675\u2019 de Berni Rodr\u00edguez para apoyar el baloncesto de base"},"content":{"rendered":"<p><strong>Fundaci\u00f3n Unicaja<\/strong> y el Club Deportivo Baloncesto 675 que preside Berni Rodr\u00edguez han firmado un convenio para colaborar en la promoci\u00f3n del baloncesto de cantera, en plena preparaci\u00f3n de la temporada 2019\/20, que ser\u00e1 la primera del club reci\u00e9n fundado por el excapit\u00e1n del Unicaja Baloncesto.<\/p>\n<p>La puesta de largo del acuerdo se vivi\u00f3 este viernes al mediod\u00eda en el Campus Fundaci\u00f3n Unicaja Baloncesto que la entidad celebra cada verano en las instalaciones de la Universidad Laboral, con la participaci\u00f3n de Francisco Alonso, responsable de Deporte, Ocio, Tiempo Libre y Medioambiente de la<strong> Fundaci\u00f3n Unicaja<\/strong>, y Berni Rodr\u00edguez, presidente del Club Deportivo Baloncesto 675.<\/p>\n<p>Esta iniciativa se enmarca dentro de una de las l\u00edneas prioritarias de la <strong>Fundaci\u00f3n Unicaja<\/strong>, que tiene por objetivo fomentar la pr\u00e1ctica del deporte, contribuyendo a promover una forma de vida saludable, a la vez que pone especial atenci\u00f3n en el poder integrador del deporte y del baloncesto, as\u00ed como del fomento de la cantera, transmitiendo a cientos de ni\u00f1os y ni\u00f1as valores como el trabajo en equipo, el esp\u00edritu de superaci\u00f3n y el sacrificio por la mejora diaria.<\/p>\n<p>El convenio suscrito por las dos partes pretende respaldar el trabajo que a partir de esta pr\u00f3xima temporada 2019\/20 pondr\u00e1 en marcha el exjugador, que ha fundado el Club Deportivo Baloncesto 675 para apoyar la formaci\u00f3n de ni\u00f1os y ni\u00f1as con la creaci\u00f3n de un programa formativo basado en una metodolog\u00eda exclusiva para categor\u00edas minibasket.<\/p>\n<p><strong>Berni Rodr\u00edguez, con los ni\u00f1os del Campus Fundaci\u00f3n Unicaja Baloncesto<\/strong><\/p>\n<p>Cientos de ni\u00f1os y ni\u00f1as del Campus Fundaci\u00f3n Unicaja Baloncesto disfrutaron con la presencia de Berni Rodr\u00edguez, historia del Unicaja Baloncesto, al que escucharon hablar sobre su etapa en el club, para plantearle diversas preguntas sobre su carrera deportiva. Despu\u00e9s hubo una larga sesi\u00f3n de selfies y sesi\u00f3n de fotos con \u00e9l.<\/p>\n<p>El Programa Acad\u00e9mico 675 que apoya <strong>Fundaci\u00f3n Unicaja<\/strong> prev\u00e9 poner en marcha acciones enfocadas al desarrollo socio-cultural a trav\u00e9s del baloncesto y de sus valores, apoyando la Liga Femenina +35 de M\u00e1laga que disputan equipos compuestos por jugadoras de m\u00e1s de 35 a\u00f1os de edad. Tambi\u00e9n pretende impulsar proyectos paralelos al deporte de la canasta.<\/p>\n<p>El Programa Metodol\u00f3gico 675, con sede en Ciudad Jard\u00edn, est\u00e1 destinado a jugadores y jugadoras de edades comprendidas entre 2 y 12 a\u00f1os. Como novedad destaca tambi\u00e9n la existencia dentro de la Academia 675 de la secci\u00f3n \u2018Superbasket\u2019 para chicos y chicas de 6 a 18 a\u00f1os (nacidos 2002-2014) con diversidad funcional cognitiva.<\/p>\n<p>El convenio suscrito tambi\u00e9n promover\u00e1 nuevas ediciones de las exitosas \u2018Becas de Tecnificaci\u00f3n\u2019, que se desarrollaron durante 2018 en M\u00e1laga y otros puntos de Andaluc\u00eda, trabajando de forma espec\u00edfica con los jugadores y jugadoras m\u00e1s destacados de zonas estrat\u00e9gicas de clubes de ese territorio.<\/p>\n<p>Igualmente, se crear\u00e1 el Primer Congreso Internacional de Baloncesto (CIBA M\u00e1laga), que se celebrar\u00e1 anualmente en la ciudad de M\u00e1laga y que nace con el objetivo de ser un punto de encuentro de referencia a nivel mundial para profesionales y aficionados del baloncesto.<\/p>\n<p><strong>Carrera repleta de \u00e9xitos<\/strong><\/p>\n<p>El escolta malague\u00f1o es el jugador que m\u00e1s veces ha vestido la camiseta del Unicaja Baloncesto, con 671 encuentros disputados con el club en el que le educ\u00f3 como persona y como jugador. Su camiseta con el n\u00famero \u20185\u2019 es la \u00fanica que est\u00e1 retirada y colgada en el techo del Palacio de los Deportes Jos\u00e9 Mar\u00eda Mart\u00edn Carpena.<\/p>\n<p>Berni se retir\u00f3 con un bagaje para enmarcar: campe\u00f3n del Mundob\u00e1sket de 2006 con la selecci\u00f3n espa\u00f1ola, una plata ol\u00edmpica en los Juegos de 2008 y otra presea plateada en el Eurob\u00e1sket de 2009. En el Unicaja, el capit\u00e1n levant\u00f3 los t\u00edtulos de Copa Korac en 2001, la Copa del Rey en 2005 y la Liga en 2006.<\/p>\n<p>Los caminos de <strong>Fundaci\u00f3n Unicaja<\/strong> y Berni Rodr\u00edguez vuelven a unirse, buscando la proliferaci\u00f3n del baloncesto y de los valores que imprime y aporta el deporte de la canasta aporta a ni\u00f1os y ni\u00f1as malague\u00f1os.<\/p>\n\n","protected":false},"excerpt":{"rendered":"<p>Fundaci\u00f3n Unicaja y el Club Deportivo Baloncesto 675 que preside Berni Rodr\u00edguez han firmado un convenio para colaborar en la promoci\u00f3n del baloncesto de cantera, en plena preparaci\u00f3n de la temporada 2019\/20, que ser\u00e1 la primera del club reci\u00e9n fundado por el excapit\u00e1n del Unicaja Baloncesto. La puesta de largo del acuerdo se vivi\u00f3 este [&hellip;]<\/p>\n","protected":false},"author":1,"featured_media":4511,"comment_status":"open","ping_status":"open","sticky":false,"template":"","format":"standard","meta":{"_acf_changed":false,"footnotes":""},"categories":[13,166,21],"tags":[46,104],"class_list":["post-54491","post","type-post","status-publish","format-standard","has-post-thumbnail","hentry","category-baloncesto","category-baloncesto2","category-general","tag-baloncesto","tag-campus-2019"],"acf":[],"yoast_head":"<!-- This site is optimized with the Yoast SEO plugin v27.4 - https:\/\/yoast.com\/product\/yoast-seo-wordpress\/ -->\n<title>Fundaci\u00f3n Unicaja respalda el \u2018Proyecto 675\u2019 de Berni Rodr\u00edguez para apoyar el baloncesto de base - Campus Fundaci\u00f3n Unicaja<\/title>\n<meta name=\"robots\" content=\"index, follow, max-snippet:-1, max-image-preview:large, max-video-preview:-1\" \/>\n<link rel=\"canonical\" href=\"https:\/\/www.fundacionunicaja.com\/campus\/2019\/07\/05\/fundacion-unicaja-respalda-el-proyecto-675-de-berni-rodriguez-para-apoyar-el-baloncesto-de-base-2\/\" \/>\n<meta property=\"og:locale\" content=\"es_ES\" \/>\n<meta property=\"og:type\" content=\"article\" \/>\n<meta property=\"og:title\" content=\"Fundaci\u00f3n Unicaja respalda el \u2018Proyecto 675\u2019 de Berni Rodr\u00edguez para apoyar el baloncesto de base - Campus Fundaci\u00f3n Unicaja\" \/>\n<meta property=\"og:description\" content=\"Fundaci\u00f3n Unicaja y el Club Deportivo Baloncesto 675 que preside Berni Rodr\u00edguez han firmado un convenio para colaborar en la promoci\u00f3n del baloncesto de cantera, en plena preparaci\u00f3n de la temporada 2019\/20, que ser\u00e1 la primera del club reci\u00e9n fundado por el excapit\u00e1n del Unicaja Baloncesto. La puesta de largo del acuerdo se vivi\u00f3 este [&hellip;]\" \/>\n<meta property=\"og:url\" content=\"https:\/\/www.fundacionunicaja.com\/campus\/2019\/07\/05\/fundacion-unicaja-respalda-el-proyecto-675-de-berni-rodriguez-para-apoyar-el-baloncesto-de-base-2\/\" \/>\n<meta property=\"og:site_name\" content=\"Campus Fundaci\u00f3n Unicaja\" \/>\n<meta property=\"article:published_time\" content=\"2019-07-05T14:48:04+00:00\" \/>\n<meta name=\"author\" content=\"admin\" \/>\n<meta name=\"twitter:card\" content=\"summary_large_image\" \/>\n<meta name=\"twitter:label1\" content=\"Escrito por\" \/>\n\t<meta name=\"twitter:data1\" content=\"admin\" \/>\n\t<meta name=\"twitter:label2\" content=\"Tiempo de lectura\" \/>\n\t<meta name=\"twitter:data2\" content=\"4 minutos\" \/>\n<script type=\"application\/ld+json\" class=\"yoast-schema-graph\">{\"@context\":\"https:\\\/\\\/schema.org\",\"@graph\":[{\"@type\":\"Article\",\"@id\":\"https:\\\/\\\/www.fundacionunicaja.com\\\/campus\\\/2019\\\/07\\\/05\\\/fundacion-unicaja-respalda-el-proyecto-675-de-berni-rodriguez-para-apoyar-el-baloncesto-de-base-2\\\/#article\",\"isPartOf\":{\"@id\":\"https:\\\/\\\/www.fundacionunicaja.com\\\/campus\\\/2019\\\/07\\\/05\\\/fundacion-unicaja-respalda-el-proyecto-675-de-berni-rodriguez-para-apoyar-el-baloncesto-de-base-2\\\/\"},\"author\":{\"name\":\"admin\",\"@id\":\"https:\\\/\\\/www.fundacionunicaja.com\\\/campus\\\/#\\\/schema\\\/person\\\/16c011016170405833b64248beaca4c1\"},\"headline\":\"Fundaci\u00f3n Unicaja respalda el \u2018Proyecto 675\u2019 de Berni Rodr\u00edguez para apoyar el baloncesto de base\",\"datePublished\":\"2019-07-05T14:48:04+00:00\",\"mainEntityOfPage\":{\"@id\":\"https:\\\/\\\/www.fundacionunicaja.com\\\/campus\\\/2019\\\/07\\\/05\\\/fundacion-unicaja-respalda-el-proyecto-675-de-berni-rodriguez-para-apoyar-el-baloncesto-de-base-2\\\/\"},\"wordCount\":724,\"commentCount\":0,\"publisher\":{\"@id\":\"https:\\\/\\\/www.fundacionunicaja.com\\\/campus\\\/#organization\"},\"image\":{\"@id\":\"https:\\\/\\\/www.fundacionunicaja.com\\\/campus\\\/2019\\\/07\\\/05\\\/fundacion-unicaja-respalda-el-proyecto-675-de-berni-rodriguez-para-apoyar-el-baloncesto-de-base-2\\\/#primaryimage\"},\"thumbnailUrl\":\"https:\\\/\\\/www.fundacionunicaja.com\\\/campus\\\/wp-content\\\/uploads\\\/sites\\\/2\\\/2015\\\/09\\\/Encuentros-con-Directores-Felices-140-Diptico-pdf.jpg\",\"keywords\":[\"Baloncesto\",\"Campus 2019\"],\"articleSection\":[\"Baloncesto\",\"Baloncesto2\",\"General\"],\"inLanguage\":\"es\",\"potentialAction\":[{\"@type\":\"CommentAction\",\"name\":\"Comment\",\"target\":[\"https:\\\/\\\/www.fundacionunicaja.com\\\/campus\\\/2019\\\/07\\\/05\\\/fundacion-unicaja-respalda-el-proyecto-675-de-berni-rodriguez-para-apoyar-el-baloncesto-de-base-2\\\/#respond\"]}]},{\"@type\":\"WebPage\",\"@id\":\"https:\\\/\\\/www.fundacionunicaja.com\\\/campus\\\/2019\\\/07\\\/05\\\/fundacion-unicaja-respalda-el-proyecto-675-de-berni-rodriguez-para-apoyar-el-baloncesto-de-base-2\\\/\",\"url\":\"https:\\\/\\\/www.fundacionunicaja.com\\\/campus\\\/2019\\\/07\\\/05\\\/fundacion-unicaja-respalda-el-proyecto-675-de-berni-rodriguez-para-apoyar-el-baloncesto-de-base-2\\\/\",\"name\":\"Fundaci\u00f3n Unicaja respalda el \u2018Proyecto 675\u2019 de Berni Rodr\u00edguez para apoyar el baloncesto de base - Campus Fundaci\u00f3n Unicaja\",\"isPartOf\":{\"@id\":\"https:\\\/\\\/www.fundacionunicaja.com\\\/campus\\\/#website\"},\"primaryImageOfPage\":{\"@id\":\"https:\\\/\\\/www.fundacionunicaja.com\\\/campus\\\/2019\\\/07\\\/05\\\/fundacion-unicaja-respalda-el-proyecto-675-de-berni-rodriguez-para-apoyar-el-baloncesto-de-base-2\\\/#primaryimage\"},\"image\":{\"@id\":\"https:\\\/\\\/www.fundacionunicaja.com\\\/campus\\\/2019\\\/07\\\/05\\\/fundacion-unicaja-respalda-el-proyecto-675-de-berni-rodriguez-para-apoyar-el-baloncesto-de-base-2\\\/#primaryimage\"},\"thumbnailUrl\":\"https:\\\/\\\/www.fundacionunicaja.com\\\/campus\\\/wp-content\\\/uploads\\\/sites\\\/2\\\/2015\\\/09\\\/Encuentros-con-Directores-Felices-140-Diptico-pdf.jpg\",\"datePublished\":\"2019-07-05T14:48:04+00:00\",\"breadcrumb\":{\"@id\":\"https:\\\/\\\/www.fundacionunicaja.com\\\/campus\\\/2019\\\/07\\\/05\\\/fundacion-unicaja-respalda-el-proyecto-675-de-berni-rodriguez-para-apoyar-el-baloncesto-de-base-2\\\/#breadcrumb\"},\"inLanguage\":\"es\",\"potentialAction\":[{\"@type\":\"ReadAction\",\"target\":[\"https:\\\/\\\/www.fundacionunicaja.com\\\/campus\\\/2019\\\/07\\\/05\\\/fundacion-unicaja-respalda-el-proyecto-675-de-berni-rodriguez-para-apoyar-el-baloncesto-de-base-2\\\/\"]}]},{\"@type\":\"ImageObject\",\"inLanguage\":\"es\",\"@id\":\"https:\\\/\\\/www.fundacionunicaja.com\\\/campus\\\/2019\\\/07\\\/05\\\/fundacion-unicaja-respalda-el-proyecto-675-de-berni-rodriguez-para-apoyar-el-baloncesto-de-base-2\\\/#primaryimage\",\"url\":\"https:\\\/\\\/www.fundacionunicaja.com\\\/campus\\\/wp-content\\\/uploads\\\/sites\\\/2\\\/2015\\\/09\\\/Encuentros-con-Directores-Felices-140-Diptico-pdf.jpg\",\"contentUrl\":\"https:\\\/\\\/www.fundacionunicaja.com\\\/campus\\\/wp-content\\\/uploads\\\/sites\\\/2\\\/2015\\\/09\\\/Encuentros-con-Directores-Felices-140-Diptico-pdf.jpg\"},{\"@type\":\"BreadcrumbList\",\"@id\":\"https:\\\/\\\/www.fundacionunicaja.com\\\/campus\\\/2019\\\/07\\\/05\\\/fundacion-unicaja-respalda-el-proyecto-675-de-berni-rodriguez-para-apoyar-el-baloncesto-de-base-2\\\/#breadcrumb\",\"itemListElement\":[{\"@type\":\"ListItem\",\"position\":1,\"name\":\"Portada\",\"item\":\"https:\\\/\\\/www.fundacionunicaja.com\\\/campus\\\/\"},{\"@type\":\"ListItem\",\"position\":2,\"name\":\"Fundaci\u00f3n Unicaja respalda el \u2018Proyecto 675\u2019 de Berni Rodr\u00edguez para apoyar el baloncesto de base\"}]},{\"@type\":\"WebSite\",\"@id\":\"https:\\\/\\\/www.fundacionunicaja.com\\\/campus\\\/#website\",\"url\":\"https:\\\/\\\/www.fundacionunicaja.com\\\/campus\\\/\",\"name\":\"Campus Fundaci\u00f3n Unicaja\",\"description\":\"\",\"publisher\":{\"@id\":\"https:\\\/\\\/www.fundacionunicaja.com\\\/campus\\\/#organization\"},\"potentialAction\":[{\"@type\":\"SearchAction\",\"target\":{\"@type\":\"EntryPoint\",\"urlTemplate\":\"https:\\\/\\\/www.fundacionunicaja.com\\\/campus\\\/?s={search_term_string}\"},\"query-input\":{\"@type\":\"PropertyValueSpecification\",\"valueRequired\":true,\"valueName\":\"search_term_string\"}}],\"inLanguage\":\"es\"},{\"@type\":\"Organization\",\"@id\":\"https:\\\/\\\/www.fundacionunicaja.com\\\/campus\\\/#organization\",\"name\":\"Campus Fundaci\u00f3n Unicaja\",\"url\":\"https:\\\/\\\/www.fundacionunicaja.com\\\/campus\\\/\",\"logo\":{\"@type\":\"ImageObject\",\"inLanguage\":\"es\",\"@id\":\"https:\\\/\\\/www.fundacionunicaja.com\\\/campus\\\/#\\\/schema\\\/logo\\\/image\\\/\",\"url\":\"https:\\\/\\\/www.fundacionunicaja.com\\\/campus\\\/wp-content\\\/uploads\\\/sites\\\/2\\\/2025\\\/03\\\/LOGO_unicaja-1.png\",\"contentUrl\":\"https:\\\/\\\/www.fundacionunicaja.com\\\/campus\\\/wp-content\\\/uploads\\\/sites\\\/2\\\/2025\\\/03\\\/LOGO_unicaja-1.png\",\"width\":243,\"height\":69,\"caption\":\"Campus Fundaci\u00f3n Unicaja\"},\"image\":{\"@id\":\"https:\\\/\\\/www.fundacionunicaja.com\\\/campus\\\/#\\\/schema\\\/logo\\\/image\\\/\"}},{\"@type\":\"Person\",\"@id\":\"https:\\\/\\\/www.fundacionunicaja.com\\\/campus\\\/#\\\/schema\\\/person\\\/16c011016170405833b64248beaca4c1\",\"name\":\"admin\",\"image\":{\"@type\":\"ImageObject\",\"inLanguage\":\"es\",\"@id\":\"https:\\\/\\\/secure.gravatar.com\\\/avatar\\\/53fe2ed3b30640367a30f4b4978313b87fe50c8c5859f22378ec2886d080b954?s=96&d=mm&r=g\",\"url\":\"https:\\\/\\\/secure.gravatar.com\\\/avatar\\\/53fe2ed3b30640367a30f4b4978313b87fe50c8c5859f22378ec2886d080b954?s=96&d=mm&r=g\",\"contentUrl\":\"https:\\\/\\\/secure.gravatar.com\\\/avatar\\\/53fe2ed3b30640367a30f4b4978313b87fe50c8c5859f22378ec2886d080b954?s=96&d=mm&r=g\",\"caption\":\"admin\"},\"sameAs\":[\"https:\\\/\\\/www.fundacionunicaja.com\\\/\"],\"url\":\"https:\\\/\\\/www.fundacionunicaja.com\\\/campus\\\/author\\\/admin\\\/\"}]}<\/script>\n<!-- \/ Yoast SEO plugin. -->","yoast_head_json":{"title":"Fundaci\u00f3n Unicaja respalda el \u2018Proyecto 675\u2019 de Berni Rodr\u00edguez para apoyar el baloncesto de base - Campus Fundaci\u00f3n Unicaja","robots":{"index":"index","follow":"follow","max-snippet":"max-snippet:-1","max-image-preview":"max-image-preview:large","max-video-preview":"max-video-preview:-1"},"canonical":"https:\/\/www.fundacionunicaja.com\/campus\/2019\/07\/05\/fundacion-unicaja-respalda-el-proyecto-675-de-berni-rodriguez-para-apoyar-el-baloncesto-de-base-2\/","og_locale":"es_ES","og_type":"article","og_title":"Fundaci\u00f3n Unicaja respalda el \u2018Proyecto 675\u2019 de Berni Rodr\u00edguez para apoyar el baloncesto de base - Campus Fundaci\u00f3n Unicaja","og_description":"Fundaci\u00f3n Unicaja y el Club Deportivo Baloncesto 675 que preside Berni Rodr\u00edguez han firmado un convenio para colaborar en la promoci\u00f3n del baloncesto de cantera, en plena preparaci\u00f3n de la temporada 2019\/20, que ser\u00e1 la primera del club reci\u00e9n fundado por el excapit\u00e1n del Unicaja Baloncesto. La puesta de largo del acuerdo se vivi\u00f3 este [&hellip;]","og_url":"https:\/\/www.fundacionunicaja.com\/campus\/2019\/07\/05\/fundacion-unicaja-respalda-el-proyecto-675-de-berni-rodriguez-para-apoyar-el-baloncesto-de-base-2\/","og_site_name":"Campus Fundaci\u00f3n Unicaja","article_published_time":"2019-07-05T14:48:04+00:00","author":"admin","twitter_card":"summary_large_image","twitter_misc":{"Escrito por":"admin","Tiempo de lectura":"4 minutos"},"schema":{"@context":"https:\/\/schema.org","@graph":[{"@type":"Article","@id":"https:\/\/www.fundacionunicaja.com\/campus\/2019\/07\/05\/fundacion-unicaja-respalda-el-proyecto-675-de-berni-rodriguez-para-apoyar-el-baloncesto-de-base-2\/#article","isPartOf":{"@id":"https:\/\/www.fundacionunicaja.com\/campus\/2019\/07\/05\/fundacion-unicaja-respalda-el-proyecto-675-de-berni-rodriguez-para-apoyar-el-baloncesto-de-base-2\/"},"author":{"name":"admin","@id":"https:\/\/www.fundacionunicaja.com\/campus\/#\/schema\/person\/16c011016170405833b64248beaca4c1"},"headline":"Fundaci\u00f3n Unicaja respalda el \u2018Proyecto 675\u2019 de Berni Rodr\u00edguez para apoyar el baloncesto de base","datePublished":"2019-07-05T14:48:04+00:00","mainEntityOfPage":{"@id":"https:\/\/www.fundacionunicaja.com\/campus\/2019\/07\/05\/fundacion-unicaja-respalda-el-proyecto-675-de-berni-rodriguez-para-apoyar-el-baloncesto-de-base-2\/"},"wordCount":724,"commentCount":0,"publisher":{"@id":"https:\/\/www.fundacionunicaja.com\/campus\/#organization"},"image":{"@id":"https:\/\/www.fundacionunicaja.com\/campus\/2019\/07\/05\/fundacion-unicaja-respalda-el-proyecto-675-de-berni-rodriguez-para-apoyar-el-baloncesto-de-base-2\/#primaryimage"},"thumbnailUrl":"https:\/\/www.fundacionunicaja.com\/campus\/wp-content\/uploads\/sites\/2\/2015\/09\/Encuentros-con-Directores-Felices-140-Diptico-pdf.jpg","keywords":["Baloncesto","Campus 2019"],"articleSection":["Baloncesto","Baloncesto2","General"],"inLanguage":"es","potentialAction":[{"@type":"CommentAction","name":"Comment","target":["https:\/\/www.fundacionunicaja.com\/campus\/2019\/07\/05\/fundacion-unicaja-respalda-el-proyecto-675-de-berni-rodriguez-para-apoyar-el-baloncesto-de-base-2\/#respond"]}]},{"@type":"WebPage","@id":"https:\/\/www.fundacionunicaja.com\/campus\/2019\/07\/05\/fundacion-unicaja-respalda-el-proyecto-675-de-berni-rodriguez-para-apoyar-el-baloncesto-de-base-2\/","url":"https:\/\/www.fundacionunicaja.com\/campus\/2019\/07\/05\/fundacion-unicaja-respalda-el-proyecto-675-de-berni-rodriguez-para-apoyar-el-baloncesto-de-base-2\/","name":"Fundaci\u00f3n Unicaja respalda el \u2018Proyecto 675\u2019 de Berni Rodr\u00edguez para apoyar el baloncesto de base - Campus Fundaci\u00f3n Unicaja","isPartOf":{"@id":"https:\/\/www.fundacionunicaja.com\/campus\/#website"},"primaryImageOfPage":{"@id":"https:\/\/www.fundacionunicaja.com\/campus\/2019\/07\/05\/fundacion-unicaja-respalda-el-proyecto-675-de-berni-rodriguez-para-apoyar-el-baloncesto-de-base-2\/#primaryimage"},"image":{"@id":"https:\/\/www.fundacionunicaja.com\/campus\/2019\/07\/05\/fundacion-unicaja-respalda-el-proyecto-675-de-berni-rodriguez-para-apoyar-el-baloncesto-de-base-2\/#primaryimage"},"thumbnailUrl":"https:\/\/www.fundacionunicaja.com\/campus\/wp-content\/uploads\/sites\/2\/2015\/09\/Encuentros-con-Directores-Felices-140-Diptico-pdf.jpg","datePublished":"2019-07-05T14:48:04+00:00","breadcrumb":{"@id":"https:\/\/www.fundacionunicaja.com\/campus\/2019\/07\/05\/fundacion-unicaja-respalda-el-proyecto-675-de-berni-rodriguez-para-apoyar-el-baloncesto-de-base-2\/#breadcrumb"},"inLanguage":"es","potentialAction":[{"@type":"ReadAction","target":["https:\/\/www.fundacionunicaja.com\/campus\/2019\/07\/05\/fundacion-unicaja-respalda-el-proyecto-675-de-berni-rodriguez-para-apoyar-el-baloncesto-de-base-2\/"]}]},{"@type":"ImageObject","inLanguage":"es","@id":"https:\/\/www.fundacionunicaja.com\/campus\/2019\/07\/05\/fundacion-unicaja-respalda-el-proyecto-675-de-berni-rodriguez-para-apoyar-el-baloncesto-de-base-2\/#primaryimage","url":"https:\/\/www.fundacionunicaja.com\/campus\/wp-content\/uploads\/sites\/2\/2015\/09\/Encuentros-con-Directores-Felices-140-Diptico-pdf.jpg","contentUrl":"https:\/\/www.fundacionunicaja.com\/campus\/wp-content\/uploads\/sites\/2\/2015\/09\/Encuentros-con-Directores-Felices-140-Diptico-pdf.jpg"},{"@type":"BreadcrumbList","@id":"https:\/\/www.fundacionunicaja.com\/campus\/2019\/07\/05\/fundacion-unicaja-respalda-el-proyecto-675-de-berni-rodriguez-para-apoyar-el-baloncesto-de-base-2\/#breadcrumb","itemListElement":[{"@type":"ListItem","position":1,"name":"Portada","item":"https:\/\/www.fundacionunicaja.com\/campus\/"},{"@type":"ListItem","position":2,"name":"Fundaci\u00f3n Unicaja respalda el \u2018Proyecto 675\u2019 de Berni Rodr\u00edguez para apoyar el baloncesto de base"}]},{"@type":"WebSite","@id":"https:\/\/www.fundacionunicaja.com\/campus\/#website","url":"https:\/\/www.fundacionunicaja.com\/campus\/","name":"Campus Fundaci\u00f3n Unicaja","description":"","publisher":{"@id":"https:\/\/www.fundacionunicaja.com\/campus\/#organization"},"potentialAction":[{"@type":"SearchAction","target":{"@type":"EntryPoint","urlTemplate":"https:\/\/www.fundacionunicaja.com\/campus\/?s={search_term_string}"},"query-input":{"@type":"PropertyValueSpecification","valueRequired":true,"valueName":"search_term_string"}}],"inLanguage":"es"},{"@type":"Organization","@id":"https:\/\/www.fundacionunicaja.com\/campus\/#organization","name":"Campus Fundaci\u00f3n Unicaja","url":"https:\/\/www.fundacionunicaja.com\/campus\/","logo":{"@type":"ImageObject","inLanguage":"es","@id":"https:\/\/www.fundacionunicaja.com\/campus\/#\/schema\/logo\/image\/","url":"https:\/\/www.fundacionunicaja.com\/campus\/wp-content\/uploads\/sites\/2\/2025\/03\/LOGO_unicaja-1.png","contentUrl":"https:\/\/www.fundacionunicaja.com\/campus\/wp-content\/uploads\/sites\/2\/2025\/03\/LOGO_unicaja-1.png","width":243,"height":69,"caption":"Campus Fundaci\u00f3n Unicaja"},"image":{"@id":"https:\/\/www.fundacionunicaja.com\/campus\/#\/schema\/logo\/image\/"}},{"@type":"Person","@id":"https:\/\/www.fundacionunicaja.com\/campus\/#\/schema\/person\/16c011016170405833b64248beaca4c1","name":"admin","image":{"@type":"ImageObject","inLanguage":"es","@id":"https:\/\/secure.gravatar.com\/avatar\/53fe2ed3b30640367a30f4b4978313b87fe50c8c5859f22378ec2886d080b954?s=96&d=mm&r=g","url":"https:\/\/secure.gravatar.com\/avatar\/53fe2ed3b30640367a30f4b4978313b87fe50c8c5859f22378ec2886d080b954?s=96&d=mm&r=g","contentUrl":"https:\/\/secure.gravatar.com\/avatar\/53fe2ed3b30640367a30f4b4978313b87fe50c8c5859f22378ec2886d080b954?s=96&d=mm&r=g","caption":"admin"},"sameAs":["https:\/\/www.fundacionunicaja.com\/"],"url":"https:\/\/www.fundacionunicaja.com\/campus\/author\/admin\/"}]}},"_links":{"self":[{"href":"https:\/\/www.fundacionunicaja.com\/campus\/wp-json\/wp\/v2\/posts\/54491","targetHints":{"allow":["GET"]}}],"collection":[{"href":"https:\/\/www.fundacionunicaja.com\/campus\/wp-json\/wp\/v2\/posts"}],"about":[{"href":"https:\/\/www.fundacionunicaja.com\/campus\/wp-json\/wp\/v2\/types\/post"}],"author":[{"embeddable":true,"href":"https:\/\/www.fundacionunicaja.com\/campus\/wp-json\/wp\/v2\/users\/1"}],"replies":[{"embeddable":true,"href":"https:\/\/www.fundacionunicaja.com\/campus\/wp-json\/wp\/v2\/comments?post=54491"}],"version-history":[{"count":0,"href":"https:\/\/www.fundacionunicaja.com\/campus\/wp-json\/wp\/v2\/posts\/54491\/revisions"}],"wp:featuredmedia":[{"embeddable":true,"href":"https:\/\/www.fundacionunicaja.com\/campus\/wp-json\/wp\/v2\/media\/4511"}],"wp:attachment":[{"href":"https:\/\/www.fundacionunicaja.com\/campus\/wp-json\/wp\/v2\/media?parent=54491"}],"wp:term":[{"taxonomy":"category","embeddable":true,"href":"https:\/\/www.fundacionunicaja.com\/campus\/wp-json\/wp\/v2\/categories?post=54491"},{"taxonomy":"post_tag","embeddable":true,"href":"https:\/\/www.fundacionunicaja.com\/campus\/wp-json\/wp\/v2\/tags?post=54491"}],"curies":[{"name":"wp","href":"https:\/\/api.w.org\/{rel}","templated":true}]}}