{"id":54490,"date":"2019-07-04T14:56:13","date_gmt":"2019-07-04T14:56:13","guid":{"rendered":"https:\/\/fundacionunicaja.oletecnologia.com\/?p=4486"},"modified":"2019-07-04T14:56:13","modified_gmt":"2019-07-04T14:56:13","slug":"campus-fundacion-unicaja-baloncesto-2019-t1-dia-especial","status":"publish","type":"post","link":"https:\/\/www.fundacionunicaja.com\/campus\/2019\/07\/04\/campus-fundacion-unicaja-baloncesto-2019-t1-dia-especial\/","title":{"rendered":"Campus Fundaci\u00f3n Unicaja Baloncesto 2019 T1: D\u00eda Especial"},"content":{"rendered":"<p>Ayer fue el <strong>D\u00eda Especial<\/strong> en el <strong>Campus Fundaci\u00f3n Unicaja Baloncesto<\/strong>. Los monitores se disfrazaron y despertaron a los ni\u00f1os y ni\u00f1as con canciones y chucher\u00edas. Por la tarde, pudieron disfrutar de la <strong>Fiesta del Agua<\/strong> en la piscina, con castillos hinchables, bailes y juegos.<\/p>\n<p>Posteriormente, los chicos y chicas se divirtieron con la ya cl\u00e1sica <strong>Fiesta de la Espuma<\/strong> en la que, tanto ni\u00f1os como monitores, acabaron inmersos llenos de espuma y sonrisas en la cara. Para finalizar el d\u00eda se celebr\u00f3 la gran fiesta ibicenca en nuestro anfiteatro con la mejor m\u00fasica y bailes del campus con un final inesperado muy emotivo en el que no pudimos contener las l\u00e1grimas.<\/p>\n\n","protected":false},"excerpt":{"rendered":"<p>Ayer fue el D\u00eda Especial en el Campus Fundaci\u00f3n Unicaja Baloncesto. Los monitores se disfrazaron y despertaron a los ni\u00f1os y ni\u00f1as con canciones y chucher\u00edas. Por la tarde, pudieron disfrutar de la Fiesta del Agua en la piscina, con castillos hinchables, bailes y juegos. Posteriormente, los chicos y chicas se divirtieron con la ya [&hellip;]<\/p>\n","protected":false},"author":1,"featured_media":4489,"comment_status":"open","ping_status":"open","sticky":false,"template":"","format":"standard","meta":{"_acf_changed":false,"footnotes":""},"categories":[13,21],"tags":[],"class_list":["post-54490","post","type-post","status-publish","format-standard","has-post-thumbnail","hentry","category-baloncesto","category-general"],"acf":[],"yoast_head":"<!-- This site is optimized with the Yoast SEO plugin v27.4 - https:\/\/yoast.com\/product\/yoast-seo-wordpress\/ -->\n<title>Campus Fundaci\u00f3n Unicaja Baloncesto 2019 T1: D\u00eda Especial - Campus Fundaci\u00f3n Unicaja<\/title>\n<meta name=\"robots\" content=\"index, follow, max-snippet:-1, max-image-preview:large, max-video-preview:-1\" \/>\n<link rel=\"canonical\" href=\"https:\/\/www.fundacionunicaja.com\/campus\/2019\/07\/04\/campus-fundacion-unicaja-baloncesto-2019-t1-dia-especial\/\" \/>\n<meta property=\"og:locale\" content=\"es_ES\" \/>\n<meta property=\"og:type\" content=\"article\" \/>\n<meta property=\"og:title\" content=\"Campus Fundaci\u00f3n Unicaja Baloncesto 2019 T1: D\u00eda Especial - Campus Fundaci\u00f3n Unicaja\" \/>\n<meta property=\"og:description\" content=\"Ayer fue el D\u00eda Especial en el Campus Fundaci\u00f3n Unicaja Baloncesto. Los monitores se disfrazaron y despertaron a los ni\u00f1os y ni\u00f1as con canciones y chucher\u00edas. Por la tarde, pudieron disfrutar de la Fiesta del Agua en la piscina, con castillos hinchables, bailes y juegos. Posteriormente, los chicos y chicas se divirtieron con la ya [&hellip;]\" \/>\n<meta property=\"og:url\" content=\"https:\/\/www.fundacionunicaja.com\/campus\/2019\/07\/04\/campus-fundacion-unicaja-baloncesto-2019-t1-dia-especial\/\" \/>\n<meta property=\"og:site_name\" content=\"Campus Fundaci\u00f3n Unicaja\" \/>\n<meta property=\"article:published_time\" content=\"2019-07-04T14:56:13+00:00\" \/>\n<meta name=\"author\" content=\"admin\" \/>\n<meta name=\"twitter:card\" content=\"summary_large_image\" \/>\n<meta name=\"twitter:label1\" content=\"Escrito por\" \/>\n\t<meta name=\"twitter:data1\" content=\"admin\" \/>\n\t<meta name=\"twitter:label2\" content=\"Tiempo de lectura\" \/>\n\t<meta name=\"twitter:data2\" content=\"1 minuto\" \/>\n<script type=\"application\/ld+json\" class=\"yoast-schema-graph\">{\"@context\":\"https:\\\/\\\/schema.org\",\"@graph\":[{\"@type\":\"Article\",\"@id\":\"https:\\\/\\\/www.fundacionunicaja.com\\\/campus\\\/2019\\\/07\\\/04\\\/campus-fundacion-unicaja-baloncesto-2019-t1-dia-especial\\\/#article\",\"isPartOf\":{\"@id\":\"https:\\\/\\\/www.fundacionunicaja.com\\\/campus\\\/2019\\\/07\\\/04\\\/campus-fundacion-unicaja-baloncesto-2019-t1-dia-especial\\\/\"},\"author\":{\"name\":\"admin\",\"@id\":\"https:\\\/\\\/www.fundacionunicaja.com\\\/campus\\\/#\\\/schema\\\/person\\\/16c011016170405833b64248beaca4c1\"},\"headline\":\"Campus Fundaci\u00f3n Unicaja Baloncesto 2019 T1: D\u00eda Especial\",\"datePublished\":\"2019-07-04T14:56:13+00:00\",\"mainEntityOfPage\":{\"@id\":\"https:\\\/\\\/www.fundacionunicaja.com\\\/campus\\\/2019\\\/07\\\/04\\\/campus-fundacion-unicaja-baloncesto-2019-t1-dia-especial\\\/\"},\"wordCount\":133,\"commentCount\":0,\"publisher\":{\"@id\":\"https:\\\/\\\/www.fundacionunicaja.com\\\/campus\\\/#organization\"},\"image\":{\"@id\":\"https:\\\/\\\/www.fundacionunicaja.com\\\/campus\\\/2019\\\/07\\\/04\\\/campus-fundacion-unicaja-baloncesto-2019-t1-dia-especial\\\/#primaryimage\"},\"thumbnailUrl\":\"\",\"articleSection\":[\"Baloncesto\",\"General\"],\"inLanguage\":\"es\",\"potentialAction\":[{\"@type\":\"CommentAction\",\"name\":\"Comment\",\"target\":[\"https:\\\/\\\/www.fundacionunicaja.com\\\/campus\\\/2019\\\/07\\\/04\\\/campus-fundacion-unicaja-baloncesto-2019-t1-dia-especial\\\/#respond\"]}]},{\"@type\":\"WebPage\",\"@id\":\"https:\\\/\\\/www.fundacionunicaja.com\\\/campus\\\/2019\\\/07\\\/04\\\/campus-fundacion-unicaja-baloncesto-2019-t1-dia-especial\\\/\",\"url\":\"https:\\\/\\\/www.fundacionunicaja.com\\\/campus\\\/2019\\\/07\\\/04\\\/campus-fundacion-unicaja-baloncesto-2019-t1-dia-especial\\\/\",\"name\":\"Campus Fundaci\u00f3n Unicaja Baloncesto 2019 T1: D\u00eda Especial - Campus Fundaci\u00f3n Unicaja\",\"isPartOf\":{\"@id\":\"https:\\\/\\\/www.fundacionunicaja.com\\\/campus\\\/#website\"},\"primaryImageOfPage\":{\"@id\":\"https:\\\/\\\/www.fundacionunicaja.com\\\/campus\\\/2019\\\/07\\\/04\\\/campus-fundacion-unicaja-baloncesto-2019-t1-dia-especial\\\/#primaryimage\"},\"image\":{\"@id\":\"https:\\\/\\\/www.fundacionunicaja.com\\\/campus\\\/2019\\\/07\\\/04\\\/campus-fundacion-unicaja-baloncesto-2019-t1-dia-especial\\\/#primaryimage\"},\"thumbnailUrl\":\"\",\"datePublished\":\"2019-07-04T14:56:13+00:00\",\"breadcrumb\":{\"@id\":\"https:\\\/\\\/www.fundacionunicaja.com\\\/campus\\\/2019\\\/07\\\/04\\\/campus-fundacion-unicaja-baloncesto-2019-t1-dia-especial\\\/#breadcrumb\"},\"inLanguage\":\"es\",\"potentialAction\":[{\"@type\":\"ReadAction\",\"target\":[\"https:\\\/\\\/www.fundacionunicaja.com\\\/campus\\\/2019\\\/07\\\/04\\\/campus-fundacion-unicaja-baloncesto-2019-t1-dia-especial\\\/\"]}]},{\"@type\":\"ImageObject\",\"inLanguage\":\"es\",\"@id\":\"https:\\\/\\\/www.fundacionunicaja.com\\\/campus\\\/2019\\\/07\\\/04\\\/campus-fundacion-unicaja-baloncesto-2019-t1-dia-especial\\\/#primaryimage\",\"url\":\"\",\"contentUrl\":\"\"},{\"@type\":\"BreadcrumbList\",\"@id\":\"https:\\\/\\\/www.fundacionunicaja.com\\\/campus\\\/2019\\\/07\\\/04\\\/campus-fundacion-unicaja-baloncesto-2019-t1-dia-especial\\\/#breadcrumb\",\"itemListElement\":[{\"@type\":\"ListItem\",\"position\":1,\"name\":\"Portada\",\"item\":\"https:\\\/\\\/www.fundacionunicaja.com\\\/campus\\\/\"},{\"@type\":\"ListItem\",\"position\":2,\"name\":\"Campus Fundaci\u00f3n Unicaja Baloncesto 2019 T1: D\u00eda Especial\"}]},{\"@type\":\"WebSite\",\"@id\":\"https:\\\/\\\/www.fundacionunicaja.com\\\/campus\\\/#website\",\"url\":\"https:\\\/\\\/www.fundacionunicaja.com\\\/campus\\\/\",\"name\":\"Campus Fundaci\u00f3n Unicaja\",\"description\":\"\",\"publisher\":{\"@id\":\"https:\\\/\\\/www.fundacionunicaja.com\\\/campus\\\/#organization\"},\"potentialAction\":[{\"@type\":\"SearchAction\",\"target\":{\"@type\":\"EntryPoint\",\"urlTemplate\":\"https:\\\/\\\/www.fundacionunicaja.com\\\/campus\\\/?s={search_term_string}\"},\"query-input\":{\"@type\":\"PropertyValueSpecification\",\"valueRequired\":true,\"valueName\":\"search_term_string\"}}],\"inLanguage\":\"es\"},{\"@type\":\"Organization\",\"@id\":\"https:\\\/\\\/www.fundacionunicaja.com\\\/campus\\\/#organization\",\"name\":\"Campus Fundaci\u00f3n Unicaja\",\"url\":\"https:\\\/\\\/www.fundacionunicaja.com\\\/campus\\\/\",\"logo\":{\"@type\":\"ImageObject\",\"inLanguage\":\"es\",\"@id\":\"https:\\\/\\\/www.fundacionunicaja.com\\\/campus\\\/#\\\/schema\\\/logo\\\/image\\\/\",\"url\":\"https:\\\/\\\/www.fundacionunicaja.com\\\/campus\\\/wp-content\\\/uploads\\\/sites\\\/2\\\/2025\\\/03\\\/LOGO_unicaja-1.png\",\"contentUrl\":\"https:\\\/\\\/www.fundacionunicaja.com\\\/campus\\\/wp-content\\\/uploads\\\/sites\\\/2\\\/2025\\\/03\\\/LOGO_unicaja-1.png\",\"width\":243,\"height\":69,\"caption\":\"Campus Fundaci\u00f3n Unicaja\"},\"image\":{\"@id\":\"https:\\\/\\\/www.fundacionunicaja.com\\\/campus\\\/#\\\/schema\\\/logo\\\/image\\\/\"}},{\"@type\":\"Person\",\"@id\":\"https:\\\/\\\/www.fundacionunicaja.com\\\/campus\\\/#\\\/schema\\\/person\\\/16c011016170405833b64248beaca4c1\",\"name\":\"admin\",\"image\":{\"@type\":\"ImageObject\",\"inLanguage\":\"es\",\"@id\":\"https:\\\/\\\/secure.gravatar.com\\\/avatar\\\/53fe2ed3b30640367a30f4b4978313b87fe50c8c5859f22378ec2886d080b954?s=96&d=mm&r=g\",\"url\":\"https:\\\/\\\/secure.gravatar.com\\\/avatar\\\/53fe2ed3b30640367a30f4b4978313b87fe50c8c5859f22378ec2886d080b954?s=96&d=mm&r=g\",\"contentUrl\":\"https:\\\/\\\/secure.gravatar.com\\\/avatar\\\/53fe2ed3b30640367a30f4b4978313b87fe50c8c5859f22378ec2886d080b954?s=96&d=mm&r=g\",\"caption\":\"admin\"},\"sameAs\":[\"https:\\\/\\\/www.fundacionunicaja.com\\\/\"],\"url\":\"https:\\\/\\\/www.fundacionunicaja.com\\\/campus\\\/author\\\/admin\\\/\"}]}<\/script>\n<!-- \/ Yoast SEO plugin. -->","yoast_head_json":{"title":"Campus Fundaci\u00f3n Unicaja Baloncesto 2019 T1: D\u00eda Especial - Campus Fundaci\u00f3n Unicaja","robots":{"index":"index","follow":"follow","max-snippet":"max-snippet:-1","max-image-preview":"max-image-preview:large","max-video-preview":"max-video-preview:-1"},"canonical":"https:\/\/www.fundacionunicaja.com\/campus\/2019\/07\/04\/campus-fundacion-unicaja-baloncesto-2019-t1-dia-especial\/","og_locale":"es_ES","og_type":"article","og_title":"Campus Fundaci\u00f3n Unicaja Baloncesto 2019 T1: D\u00eda Especial - Campus Fundaci\u00f3n Unicaja","og_description":"Ayer fue el D\u00eda Especial en el Campus Fundaci\u00f3n Unicaja Baloncesto. Los monitores se disfrazaron y despertaron a los ni\u00f1os y ni\u00f1as con canciones y chucher\u00edas. Por la tarde, pudieron disfrutar de la Fiesta del Agua en la piscina, con castillos hinchables, bailes y juegos. Posteriormente, los chicos y chicas se divirtieron con la ya [&hellip;]","og_url":"https:\/\/www.fundacionunicaja.com\/campus\/2019\/07\/04\/campus-fundacion-unicaja-baloncesto-2019-t1-dia-especial\/","og_site_name":"Campus Fundaci\u00f3n Unicaja","article_published_time":"2019-07-04T14:56:13+00:00","author":"admin","twitter_card":"summary_large_image","twitter_misc":{"Escrito por":"admin","Tiempo de lectura":"1 minuto"},"schema":{"@context":"https:\/\/schema.org","@graph":[{"@type":"Article","@id":"https:\/\/www.fundacionunicaja.com\/campus\/2019\/07\/04\/campus-fundacion-unicaja-baloncesto-2019-t1-dia-especial\/#article","isPartOf":{"@id":"https:\/\/www.fundacionunicaja.com\/campus\/2019\/07\/04\/campus-fundacion-unicaja-baloncesto-2019-t1-dia-especial\/"},"author":{"name":"admin","@id":"https:\/\/www.fundacionunicaja.com\/campus\/#\/schema\/person\/16c011016170405833b64248beaca4c1"},"headline":"Campus Fundaci\u00f3n Unicaja Baloncesto 2019 T1: D\u00eda Especial","datePublished":"2019-07-04T14:56:13+00:00","mainEntityOfPage":{"@id":"https:\/\/www.fundacionunicaja.com\/campus\/2019\/07\/04\/campus-fundacion-unicaja-baloncesto-2019-t1-dia-especial\/"},"wordCount":133,"commentCount":0,"publisher":{"@id":"https:\/\/www.fundacionunicaja.com\/campus\/#organization"},"image":{"@id":"https:\/\/www.fundacionunicaja.com\/campus\/2019\/07\/04\/campus-fundacion-unicaja-baloncesto-2019-t1-dia-especial\/#primaryimage"},"thumbnailUrl":"","articleSection":["Baloncesto","General"],"inLanguage":"es","potentialAction":[{"@type":"CommentAction","name":"Comment","target":["https:\/\/www.fundacionunicaja.com\/campus\/2019\/07\/04\/campus-fundacion-unicaja-baloncesto-2019-t1-dia-especial\/#respond"]}]},{"@type":"WebPage","@id":"https:\/\/www.fundacionunicaja.com\/campus\/2019\/07\/04\/campus-fundacion-unicaja-baloncesto-2019-t1-dia-especial\/","url":"https:\/\/www.fundacionunicaja.com\/campus\/2019\/07\/04\/campus-fundacion-unicaja-baloncesto-2019-t1-dia-especial\/","name":"Campus Fundaci\u00f3n Unicaja Baloncesto 2019 T1: D\u00eda Especial - Campus Fundaci\u00f3n Unicaja","isPartOf":{"@id":"https:\/\/www.fundacionunicaja.com\/campus\/#website"},"primaryImageOfPage":{"@id":"https:\/\/www.fundacionunicaja.com\/campus\/2019\/07\/04\/campus-fundacion-unicaja-baloncesto-2019-t1-dia-especial\/#primaryimage"},"image":{"@id":"https:\/\/www.fundacionunicaja.com\/campus\/2019\/07\/04\/campus-fundacion-unicaja-baloncesto-2019-t1-dia-especial\/#primaryimage"},"thumbnailUrl":"","datePublished":"2019-07-04T14:56:13+00:00","breadcrumb":{"@id":"https:\/\/www.fundacionunicaja.com\/campus\/2019\/07\/04\/campus-fundacion-unicaja-baloncesto-2019-t1-dia-especial\/#breadcrumb"},"inLanguage":"es","potentialAction":[{"@type":"ReadAction","target":["https:\/\/www.fundacionunicaja.com\/campus\/2019\/07\/04\/campus-fundacion-unicaja-baloncesto-2019-t1-dia-especial\/"]}]},{"@type":"ImageObject","inLanguage":"es","@id":"https:\/\/www.fundacionunicaja.com\/campus\/2019\/07\/04\/campus-fundacion-unicaja-baloncesto-2019-t1-dia-especial\/#primaryimage","url":"","contentUrl":""},{"@type":"BreadcrumbList","@id":"https:\/\/www.fundacionunicaja.com\/campus\/2019\/07\/04\/campus-fundacion-unicaja-baloncesto-2019-t1-dia-especial\/#breadcrumb","itemListElement":[{"@type":"ListItem","position":1,"name":"Portada","item":"https:\/\/www.fundacionunicaja.com\/campus\/"},{"@type":"ListItem","position":2,"name":"Campus Fundaci\u00f3n Unicaja Baloncesto 2019 T1: D\u00eda Especial"}]},{"@type":"WebSite","@id":"https:\/\/www.fundacionunicaja.com\/campus\/#website","url":"https:\/\/www.fundacionunicaja.com\/campus\/","name":"Campus Fundaci\u00f3n Unicaja","description":"","publisher":{"@id":"https:\/\/www.fundacionunicaja.com\/campus\/#organization"},"potentialAction":[{"@type":"SearchAction","target":{"@type":"EntryPoint","urlTemplate":"https:\/\/www.fundacionunicaja.com\/campus\/?s={search_term_string}"},"query-input":{"@type":"PropertyValueSpecification","valueRequired":true,"valueName":"search_term_string"}}],"inLanguage":"es"},{"@type":"Organization","@id":"https:\/\/www.fundacionunicaja.com\/campus\/#organization","name":"Campus Fundaci\u00f3n Unicaja","url":"https:\/\/www.fundacionunicaja.com\/campus\/","logo":{"@type":"ImageObject","inLanguage":"es","@id":"https:\/\/www.fundacionunicaja.com\/campus\/#\/schema\/logo\/image\/","url":"https:\/\/www.fundacionunicaja.com\/campus\/wp-content\/uploads\/sites\/2\/2025\/03\/LOGO_unicaja-1.png","contentUrl":"https:\/\/www.fundacionunicaja.com\/campus\/wp-content\/uploads\/sites\/2\/2025\/03\/LOGO_unicaja-1.png","width":243,"height":69,"caption":"Campus Fundaci\u00f3n Unicaja"},"image":{"@id":"https:\/\/www.fundacionunicaja.com\/campus\/#\/schema\/logo\/image\/"}},{"@type":"Person","@id":"https:\/\/www.fundacionunicaja.com\/campus\/#\/schema\/person\/16c011016170405833b64248beaca4c1","name":"admin","image":{"@type":"ImageObject","inLanguage":"es","@id":"https:\/\/secure.gravatar.com\/avatar\/53fe2ed3b30640367a30f4b4978313b87fe50c8c5859f22378ec2886d080b954?s=96&d=mm&r=g","url":"https:\/\/secure.gravatar.com\/avatar\/53fe2ed3b30640367a30f4b4978313b87fe50c8c5859f22378ec2886d080b954?s=96&d=mm&r=g","contentUrl":"https:\/\/secure.gravatar.com\/avatar\/53fe2ed3b30640367a30f4b4978313b87fe50c8c5859f22378ec2886d080b954?s=96&d=mm&r=g","caption":"admin"},"sameAs":["https:\/\/www.fundacionunicaja.com\/"],"url":"https:\/\/www.fundacionunicaja.com\/campus\/author\/admin\/"}]}},"_links":{"self":[{"href":"https:\/\/www.fundacionunicaja.com\/campus\/wp-json\/wp\/v2\/posts\/54490","targetHints":{"allow":["GET"]}}],"collection":[{"href":"https:\/\/www.fundacionunicaja.com\/campus\/wp-json\/wp\/v2\/posts"}],"about":[{"href":"https:\/\/www.fundacionunicaja.com\/campus\/wp-json\/wp\/v2\/types\/post"}],"author":[{"embeddable":true,"href":"https:\/\/www.fundacionunicaja.com\/campus\/wp-json\/wp\/v2\/users\/1"}],"replies":[{"embeddable":true,"href":"https:\/\/www.fundacionunicaja.com\/campus\/wp-json\/wp\/v2\/comments?post=54490"}],"version-history":[{"count":0,"href":"https:\/\/www.fundacionunicaja.com\/campus\/wp-json\/wp\/v2\/posts\/54490\/revisions"}],"wp:featuredmedia":[{"embeddable":true,"href":"https:\/\/www.fundacionunicaja.com\/campus\/wp-json\/"}],"wp:attachment":[{"href":"https:\/\/www.fundacionunicaja.com\/campus\/wp-json\/wp\/v2\/media?parent=54490"}],"wp:term":[{"taxonomy":"category","embeddable":true,"href":"https:\/\/www.fundacionunicaja.com\/campus\/wp-json\/wp\/v2\/categories?post=54490"},{"taxonomy":"post_tag","embeddable":true,"href":"https:\/\/www.fundacionunicaja.com\/campus\/wp-json\/wp\/v2\/tags?post=54490"}],"curies":[{"name":"wp","href":"https:\/\/api.w.org\/{rel}","templated":true}]}}