{"id":54483,"date":"2019-02-28T11:40:40","date_gmt":"2019-02-28T11:40:40","guid":{"rendered":"https:\/\/fundacionunicaja.oletecnologia.com\/?p=4334"},"modified":"2019-02-28T11:40:40","modified_gmt":"2019-02-28T11:40:40","slug":"un-centenar-de-ninos-participa-en-el-campus-nieve-de-la-fundacion-unicaja","status":"publish","type":"post","link":"https:\/\/www.fundacionunicaja.com\/campus\/2019\/02\/28\/un-centenar-de-ninos-participa-en-el-campus-nieve-de-la-fundacion-unicaja\/","title":{"rendered":"Un centenar de ni\u00f1os participa en el Campus Nieve de la Fundaci\u00f3n Unicaja"},"content":{"rendered":"<p><strong>Fundaci\u00f3n Unicaja<\/strong> inaugura su temporada de actividades de ocio en 2019 con la celebraci\u00f3n del <strong>Campus Nieve<\/strong>. Un centenar de ni\u00f1os y adolescentes han participado en esta oferta de la instituci\u00f3n en invierno y con los deportes de nieve como grandes protagonistas.<\/p>\n<p>El <strong>Campus Nieve<\/strong> comenzaba el pasado domingo, 24 de febrero, y se ha desarrollado durante toda la Semana Blanca, concluyendo hoy. En estas cinco jornadas los participantes han podido disfrutar de actividades l\u00fadico deportivas con el denominador com\u00fan de la nieve.<\/p>\n<p>Cada jornada los menores han realizado cinco horas de esqu\u00ed o <em>snowboard<\/em> \u2013seg\u00fan su elecci\u00f3n\u2013 con la tutorizaci\u00f3n de monitores titulados y especialistas en el aprendizaje de estos deportes. Como novedad de esta temporada, las clases han contado con un sistema de identificaci\u00f3n en pista, casco, peto y pulsera de control, que ha favorecido la seguridad de cada alumno.<\/p>\n<p>Adem\u00e1s de la pr\u00e1ctica deportiva, se han llevado a cabo otras iniciativas l\u00fadicas como yincanas, competiciones, actividades con deslizadores y <em>snow battle<\/em>, entre otras. Como punto fuerte de las jornadas, todas las noches se han celebrado veladas en las que los monitores han preparado juegos y animaciones que han propiciado el inicio de relaciones de amistad entre los participantes.<\/p>\n<p>El <strong>Campus Nieve<\/strong> es el \u00fanico que se celebra en la temporada invernal y una de sus caracter\u00edsticas destacadas es la ubicaci\u00f3n de sus instalaciones, que se encuentran a 2.100 metros de altitud en la localidad de Monachil, perteneciente al entorno de Sierra Nevada (Granada).<\/p>\n<p>Los Campus se enmarcan en una de las l\u00edneas estrat\u00e9gicas prioritarias de la <strong>Fundaci\u00f3n Unicaja<\/strong>, que tiene por objetivo impulsar la educaci\u00f3n en la infancia a trav\u00e9s de diversas iniciativas l\u00fadicas y deportivas. Un claro ejemplo de este inter\u00e9s por la ense\u00f1anza es el programa de Becas USA, que ofrece a estudiantes convivir durante tres semanas con una familia americana con la finalidad de mejorar su nivel de ingl\u00e9s. En este sentido, los <strong>Campus Fundaci\u00f3n Unicaja<\/strong> son una prueba del compromiso de la <strong>Fundaci\u00f3n Unicaja<\/strong> con los m\u00e1s peque\u00f1os y se adaptan cada temporada a las necesidades de la sociedad. Por ello, se renuevan cada temporada con iniciativas innovadoras.<\/p>\n<p><strong>La consolidaci\u00f3n de Campus Nieve<\/strong><\/p>\n<p>El a\u00f1o 2019 es el que marca la consolidaci\u00f3n del <strong>Campus Nieve<\/strong> como un referente entre los <strong>Campus Fundaci\u00f3n Unicaja<\/strong>. Tras su puesta en marcha de este en 2018 y el \u00e9xito obtenido en el mismo, muchos han sido los que han vuelto a reservar su plaza para esta temporada. Un 30% de los ni\u00f1os que participaron el a\u00f1o pasado ha repetido experiencia. Es el caso de Leila de 11 a\u00f1os, que ha querido volver por el gran n\u00famero de horas en las que puede practicar esqu\u00ed y \u201cadem\u00e1s poder reencontrarme con los amigos que hice el a\u00f1o pasado\u201d.<\/p>\n<p>De este modo, no es de extra\u00f1ar que todas las plazas ofertadas hayan sido cubiertas, quedando algunos menores en lista de espera. Javier de 14 a\u00f1os supo del <strong>Campus Nieve<\/strong> a trav\u00e9s de un amigo. No solo \u00e9l se ha desplazado a las instalaciones de Monachil, sino que tambi\u00e9n se ha llevado a sus hermanos. \u201cLo m\u00e1s divertido han sido las actividades en el hotel y los monitores de esqu\u00ed. Me lo he pasado tan bien que me gustar\u00eda ir a uno de los otros Campus con los amigos que he hecho aqu\u00ed\u201d, comenta.<\/p>\n<p>La Fundaci\u00f3n Unicaja oferta 5.400 plazas para sus Campus de verano que se celebran en Ronda, Sabinillas, N\u00e1utico (Puerto de Santa Mar\u00eda), Baloncesto (M\u00e1laga) y English Camp (Ronda). Se puede formalizar la inscripci\u00f3n para los seis <strong>Campus<\/strong> <strong>Fundaci\u00f3n Unicaja <\/strong>a trav\u00e9s de la web <a href=\"https:\/\/fundacionunicaja.oletecnologia.com\">fundacionunicaja.oletecnologia.com<\/a> y en el nuevo n\u00famero de tel\u00e9fono 952 876 832. M\u00e1s informaci\u00f3n e inscripciones en <a href=\"https:\/\/fundacionunicaja.oletecnologia.com\"><strong>fundacionunicaja.oletecnologia.com<\/strong><\/a><\/p>\n\n","protected":false},"excerpt":{"rendered":"<p>Fundaci\u00f3n Unicaja inaugura su temporada de actividades de ocio en 2019 con la celebraci\u00f3n del Campus Nieve. Un centenar de ni\u00f1os y adolescentes han participado en esta oferta de la instituci\u00f3n en invierno y con los deportes de nieve como grandes protagonistas. El Campus Nieve comenzaba el pasado domingo, 24 de febrero, y se ha [&hellip;]<\/p>\n","protected":false},"author":1,"featured_media":4335,"comment_status":"open","ping_status":"open","sticky":false,"template":"","format":"standard","meta":{"_acf_changed":false,"footnotes":""},"categories":[21,172],"tags":[173],"class_list":["post-54483","post","type-post","status-publish","format-standard","has-post-thumbnail","hentry","category-general","category-nieve","tag-campus-nieve"],"acf":[],"yoast_head":"<!-- This site is optimized with the Yoast SEO plugin v27.4 - https:\/\/yoast.com\/product\/yoast-seo-wordpress\/ -->\n<title>Un centenar de ni\u00f1os participa en el Campus Nieve de la Fundaci\u00f3n Unicaja - Campus Fundaci\u00f3n Unicaja<\/title>\n<meta name=\"description\" content=\"Un centenar de ni\u00f1os participa en el Campus Nieve de la Fundaci\u00f3n Unicaja\" \/>\n<meta name=\"robots\" content=\"index, follow, max-snippet:-1, max-image-preview:large, max-video-preview:-1\" \/>\n<link rel=\"canonical\" href=\"https:\/\/www.fundacionunicaja.com\/campus\/2019\/02\/28\/un-centenar-de-ninos-participa-en-el-campus-nieve-de-la-fundacion-unicaja\/\" \/>\n<meta property=\"og:locale\" content=\"es_ES\" \/>\n<meta property=\"og:type\" content=\"article\" \/>\n<meta property=\"og:title\" content=\"Un centenar de ni\u00f1os participa en el Campus Nieve de la Fundaci\u00f3n Unicaja - Campus Fundaci\u00f3n Unicaja\" \/>\n<meta property=\"og:description\" content=\"Un centenar de ni\u00f1os participa en el Campus Nieve de la Fundaci\u00f3n Unicaja\" \/>\n<meta property=\"og:url\" content=\"https:\/\/www.fundacionunicaja.com\/campus\/2019\/02\/28\/un-centenar-de-ninos-participa-en-el-campus-nieve-de-la-fundacion-unicaja\/\" \/>\n<meta property=\"og:site_name\" content=\"Campus Fundaci\u00f3n Unicaja\" \/>\n<meta property=\"article:published_time\" content=\"2019-02-28T11:40:40+00:00\" \/>\n<meta name=\"author\" content=\"admin\" \/>\n<meta name=\"twitter:card\" content=\"summary_large_image\" \/>\n<meta name=\"twitter:label1\" content=\"Escrito por\" \/>\n\t<meta name=\"twitter:data1\" content=\"admin\" \/>\n\t<meta name=\"twitter:label2\" content=\"Tiempo de lectura\" \/>\n\t<meta name=\"twitter:data2\" content=\"3 minutos\" \/>\n<script type=\"application\/ld+json\" class=\"yoast-schema-graph\">{\"@context\":\"https:\\\/\\\/schema.org\",\"@graph\":[{\"@type\":\"Article\",\"@id\":\"https:\\\/\\\/www.fundacionunicaja.com\\\/campus\\\/2019\\\/02\\\/28\\\/un-centenar-de-ninos-participa-en-el-campus-nieve-de-la-fundacion-unicaja\\\/#article\",\"isPartOf\":{\"@id\":\"https:\\\/\\\/www.fundacionunicaja.com\\\/campus\\\/2019\\\/02\\\/28\\\/un-centenar-de-ninos-participa-en-el-campus-nieve-de-la-fundacion-unicaja\\\/\"},\"author\":{\"name\":\"admin\",\"@id\":\"https:\\\/\\\/www.fundacionunicaja.com\\\/campus\\\/#\\\/schema\\\/person\\\/16c011016170405833b64248beaca4c1\"},\"headline\":\"Un centenar de ni\u00f1os participa en el Campus Nieve de la Fundaci\u00f3n Unicaja\",\"datePublished\":\"2019-02-28T11:40:40+00:00\",\"mainEntityOfPage\":{\"@id\":\"https:\\\/\\\/www.fundacionunicaja.com\\\/campus\\\/2019\\\/02\\\/28\\\/un-centenar-de-ninos-participa-en-el-campus-nieve-de-la-fundacion-unicaja\\\/\"},\"wordCount\":680,\"commentCount\":0,\"publisher\":{\"@id\":\"https:\\\/\\\/www.fundacionunicaja.com\\\/campus\\\/#organization\"},\"image\":{\"@id\":\"https:\\\/\\\/www.fundacionunicaja.com\\\/campus\\\/2019\\\/02\\\/28\\\/un-centenar-de-ninos-participa-en-el-campus-nieve-de-la-fundacion-unicaja\\\/#primaryimage\"},\"thumbnailUrl\":\"\",\"keywords\":[\"campus nieve\"],\"articleSection\":[\"General\",\"Nieve\"],\"inLanguage\":\"es\",\"potentialAction\":[{\"@type\":\"CommentAction\",\"name\":\"Comment\",\"target\":[\"https:\\\/\\\/www.fundacionunicaja.com\\\/campus\\\/2019\\\/02\\\/28\\\/un-centenar-de-ninos-participa-en-el-campus-nieve-de-la-fundacion-unicaja\\\/#respond\"]}]},{\"@type\":\"WebPage\",\"@id\":\"https:\\\/\\\/www.fundacionunicaja.com\\\/campus\\\/2019\\\/02\\\/28\\\/un-centenar-de-ninos-participa-en-el-campus-nieve-de-la-fundacion-unicaja\\\/\",\"url\":\"https:\\\/\\\/www.fundacionunicaja.com\\\/campus\\\/2019\\\/02\\\/28\\\/un-centenar-de-ninos-participa-en-el-campus-nieve-de-la-fundacion-unicaja\\\/\",\"name\":\"Un centenar de ni\u00f1os participa en el Campus Nieve de la Fundaci\u00f3n Unicaja - Campus Fundaci\u00f3n Unicaja\",\"isPartOf\":{\"@id\":\"https:\\\/\\\/www.fundacionunicaja.com\\\/campus\\\/#website\"},\"primaryImageOfPage\":{\"@id\":\"https:\\\/\\\/www.fundacionunicaja.com\\\/campus\\\/2019\\\/02\\\/28\\\/un-centenar-de-ninos-participa-en-el-campus-nieve-de-la-fundacion-unicaja\\\/#primaryimage\"},\"image\":{\"@id\":\"https:\\\/\\\/www.fundacionunicaja.com\\\/campus\\\/2019\\\/02\\\/28\\\/un-centenar-de-ninos-participa-en-el-campus-nieve-de-la-fundacion-unicaja\\\/#primaryimage\"},\"thumbnailUrl\":\"\",\"datePublished\":\"2019-02-28T11:40:40+00:00\",\"description\":\"Un centenar de ni\u00f1os participa en el Campus Nieve de la Fundaci\u00f3n Unicaja\",\"breadcrumb\":{\"@id\":\"https:\\\/\\\/www.fundacionunicaja.com\\\/campus\\\/2019\\\/02\\\/28\\\/un-centenar-de-ninos-participa-en-el-campus-nieve-de-la-fundacion-unicaja\\\/#breadcrumb\"},\"inLanguage\":\"es\",\"potentialAction\":[{\"@type\":\"ReadAction\",\"target\":[\"https:\\\/\\\/www.fundacionunicaja.com\\\/campus\\\/2019\\\/02\\\/28\\\/un-centenar-de-ninos-participa-en-el-campus-nieve-de-la-fundacion-unicaja\\\/\"]}]},{\"@type\":\"ImageObject\",\"inLanguage\":\"es\",\"@id\":\"https:\\\/\\\/www.fundacionunicaja.com\\\/campus\\\/2019\\\/02\\\/28\\\/un-centenar-de-ninos-participa-en-el-campus-nieve-de-la-fundacion-unicaja\\\/#primaryimage\",\"url\":\"\",\"contentUrl\":\"\"},{\"@type\":\"BreadcrumbList\",\"@id\":\"https:\\\/\\\/www.fundacionunicaja.com\\\/campus\\\/2019\\\/02\\\/28\\\/un-centenar-de-ninos-participa-en-el-campus-nieve-de-la-fundacion-unicaja\\\/#breadcrumb\",\"itemListElement\":[{\"@type\":\"ListItem\",\"position\":1,\"name\":\"Portada\",\"item\":\"https:\\\/\\\/www.fundacionunicaja.com\\\/campus\\\/\"},{\"@type\":\"ListItem\",\"position\":2,\"name\":\"Un centenar de ni\u00f1os participa en el Campus Nieve de la Fundaci\u00f3n Unicaja\"}]},{\"@type\":\"WebSite\",\"@id\":\"https:\\\/\\\/www.fundacionunicaja.com\\\/campus\\\/#website\",\"url\":\"https:\\\/\\\/www.fundacionunicaja.com\\\/campus\\\/\",\"name\":\"Campus Fundaci\u00f3n Unicaja\",\"description\":\"\",\"publisher\":{\"@id\":\"https:\\\/\\\/www.fundacionunicaja.com\\\/campus\\\/#organization\"},\"potentialAction\":[{\"@type\":\"SearchAction\",\"target\":{\"@type\":\"EntryPoint\",\"urlTemplate\":\"https:\\\/\\\/www.fundacionunicaja.com\\\/campus\\\/?s={search_term_string}\"},\"query-input\":{\"@type\":\"PropertyValueSpecification\",\"valueRequired\":true,\"valueName\":\"search_term_string\"}}],\"inLanguage\":\"es\"},{\"@type\":\"Organization\",\"@id\":\"https:\\\/\\\/www.fundacionunicaja.com\\\/campus\\\/#organization\",\"name\":\"Campus Fundaci\u00f3n Unicaja\",\"url\":\"https:\\\/\\\/www.fundacionunicaja.com\\\/campus\\\/\",\"logo\":{\"@type\":\"ImageObject\",\"inLanguage\":\"es\",\"@id\":\"https:\\\/\\\/www.fundacionunicaja.com\\\/campus\\\/#\\\/schema\\\/logo\\\/image\\\/\",\"url\":\"https:\\\/\\\/www.fundacionunicaja.com\\\/campus\\\/wp-content\\\/uploads\\\/sites\\\/2\\\/2025\\\/03\\\/LOGO_unicaja-1.png\",\"contentUrl\":\"https:\\\/\\\/www.fundacionunicaja.com\\\/campus\\\/wp-content\\\/uploads\\\/sites\\\/2\\\/2025\\\/03\\\/LOGO_unicaja-1.png\",\"width\":243,\"height\":69,\"caption\":\"Campus Fundaci\u00f3n Unicaja\"},\"image\":{\"@id\":\"https:\\\/\\\/www.fundacionunicaja.com\\\/campus\\\/#\\\/schema\\\/logo\\\/image\\\/\"}},{\"@type\":\"Person\",\"@id\":\"https:\\\/\\\/www.fundacionunicaja.com\\\/campus\\\/#\\\/schema\\\/person\\\/16c011016170405833b64248beaca4c1\",\"name\":\"admin\",\"image\":{\"@type\":\"ImageObject\",\"inLanguage\":\"es\",\"@id\":\"https:\\\/\\\/secure.gravatar.com\\\/avatar\\\/53fe2ed3b30640367a30f4b4978313b87fe50c8c5859f22378ec2886d080b954?s=96&d=mm&r=g\",\"url\":\"https:\\\/\\\/secure.gravatar.com\\\/avatar\\\/53fe2ed3b30640367a30f4b4978313b87fe50c8c5859f22378ec2886d080b954?s=96&d=mm&r=g\",\"contentUrl\":\"https:\\\/\\\/secure.gravatar.com\\\/avatar\\\/53fe2ed3b30640367a30f4b4978313b87fe50c8c5859f22378ec2886d080b954?s=96&d=mm&r=g\",\"caption\":\"admin\"},\"sameAs\":[\"https:\\\/\\\/www.fundacionunicaja.com\\\/\"],\"url\":\"https:\\\/\\\/www.fundacionunicaja.com\\\/campus\\\/author\\\/admin\\\/\"}]}<\/script>\n<!-- \/ Yoast SEO plugin. -->","yoast_head_json":{"title":"Un centenar de ni\u00f1os participa en el Campus Nieve de la Fundaci\u00f3n Unicaja - Campus Fundaci\u00f3n Unicaja","description":"Un centenar de ni\u00f1os participa en el Campus Nieve de la Fundaci\u00f3n Unicaja","robots":{"index":"index","follow":"follow","max-snippet":"max-snippet:-1","max-image-preview":"max-image-preview:large","max-video-preview":"max-video-preview:-1"},"canonical":"https:\/\/www.fundacionunicaja.com\/campus\/2019\/02\/28\/un-centenar-de-ninos-participa-en-el-campus-nieve-de-la-fundacion-unicaja\/","og_locale":"es_ES","og_type":"article","og_title":"Un centenar de ni\u00f1os participa en el Campus Nieve de la Fundaci\u00f3n Unicaja - Campus Fundaci\u00f3n Unicaja","og_description":"Un centenar de ni\u00f1os participa en el Campus Nieve de la Fundaci\u00f3n Unicaja","og_url":"https:\/\/www.fundacionunicaja.com\/campus\/2019\/02\/28\/un-centenar-de-ninos-participa-en-el-campus-nieve-de-la-fundacion-unicaja\/","og_site_name":"Campus Fundaci\u00f3n Unicaja","article_published_time":"2019-02-28T11:40:40+00:00","author":"admin","twitter_card":"summary_large_image","twitter_misc":{"Escrito por":"admin","Tiempo de lectura":"3 minutos"},"schema":{"@context":"https:\/\/schema.org","@graph":[{"@type":"Article","@id":"https:\/\/www.fundacionunicaja.com\/campus\/2019\/02\/28\/un-centenar-de-ninos-participa-en-el-campus-nieve-de-la-fundacion-unicaja\/#article","isPartOf":{"@id":"https:\/\/www.fundacionunicaja.com\/campus\/2019\/02\/28\/un-centenar-de-ninos-participa-en-el-campus-nieve-de-la-fundacion-unicaja\/"},"author":{"name":"admin","@id":"https:\/\/www.fundacionunicaja.com\/campus\/#\/schema\/person\/16c011016170405833b64248beaca4c1"},"headline":"Un centenar de ni\u00f1os participa en el Campus Nieve de la Fundaci\u00f3n Unicaja","datePublished":"2019-02-28T11:40:40+00:00","mainEntityOfPage":{"@id":"https:\/\/www.fundacionunicaja.com\/campus\/2019\/02\/28\/un-centenar-de-ninos-participa-en-el-campus-nieve-de-la-fundacion-unicaja\/"},"wordCount":680,"commentCount":0,"publisher":{"@id":"https:\/\/www.fundacionunicaja.com\/campus\/#organization"},"image":{"@id":"https:\/\/www.fundacionunicaja.com\/campus\/2019\/02\/28\/un-centenar-de-ninos-participa-en-el-campus-nieve-de-la-fundacion-unicaja\/#primaryimage"},"thumbnailUrl":"","keywords":["campus nieve"],"articleSection":["General","Nieve"],"inLanguage":"es","potentialAction":[{"@type":"CommentAction","name":"Comment","target":["https:\/\/www.fundacionunicaja.com\/campus\/2019\/02\/28\/un-centenar-de-ninos-participa-en-el-campus-nieve-de-la-fundacion-unicaja\/#respond"]}]},{"@type":"WebPage","@id":"https:\/\/www.fundacionunicaja.com\/campus\/2019\/02\/28\/un-centenar-de-ninos-participa-en-el-campus-nieve-de-la-fundacion-unicaja\/","url":"https:\/\/www.fundacionunicaja.com\/campus\/2019\/02\/28\/un-centenar-de-ninos-participa-en-el-campus-nieve-de-la-fundacion-unicaja\/","name":"Un centenar de ni\u00f1os participa en el Campus Nieve de la Fundaci\u00f3n Unicaja - Campus Fundaci\u00f3n Unicaja","isPartOf":{"@id":"https:\/\/www.fundacionunicaja.com\/campus\/#website"},"primaryImageOfPage":{"@id":"https:\/\/www.fundacionunicaja.com\/campus\/2019\/02\/28\/un-centenar-de-ninos-participa-en-el-campus-nieve-de-la-fundacion-unicaja\/#primaryimage"},"image":{"@id":"https:\/\/www.fundacionunicaja.com\/campus\/2019\/02\/28\/un-centenar-de-ninos-participa-en-el-campus-nieve-de-la-fundacion-unicaja\/#primaryimage"},"thumbnailUrl":"","datePublished":"2019-02-28T11:40:40+00:00","description":"Un centenar de ni\u00f1os participa en el Campus Nieve de la Fundaci\u00f3n Unicaja","breadcrumb":{"@id":"https:\/\/www.fundacionunicaja.com\/campus\/2019\/02\/28\/un-centenar-de-ninos-participa-en-el-campus-nieve-de-la-fundacion-unicaja\/#breadcrumb"},"inLanguage":"es","potentialAction":[{"@type":"ReadAction","target":["https:\/\/www.fundacionunicaja.com\/campus\/2019\/02\/28\/un-centenar-de-ninos-participa-en-el-campus-nieve-de-la-fundacion-unicaja\/"]}]},{"@type":"ImageObject","inLanguage":"es","@id":"https:\/\/www.fundacionunicaja.com\/campus\/2019\/02\/28\/un-centenar-de-ninos-participa-en-el-campus-nieve-de-la-fundacion-unicaja\/#primaryimage","url":"","contentUrl":""},{"@type":"BreadcrumbList","@id":"https:\/\/www.fundacionunicaja.com\/campus\/2019\/02\/28\/un-centenar-de-ninos-participa-en-el-campus-nieve-de-la-fundacion-unicaja\/#breadcrumb","itemListElement":[{"@type":"ListItem","position":1,"name":"Portada","item":"https:\/\/www.fundacionunicaja.com\/campus\/"},{"@type":"ListItem","position":2,"name":"Un centenar de ni\u00f1os participa en el Campus Nieve de la Fundaci\u00f3n Unicaja"}]},{"@type":"WebSite","@id":"https:\/\/www.fundacionunicaja.com\/campus\/#website","url":"https:\/\/www.fundacionunicaja.com\/campus\/","name":"Campus Fundaci\u00f3n Unicaja","description":"","publisher":{"@id":"https:\/\/www.fundacionunicaja.com\/campus\/#organization"},"potentialAction":[{"@type":"SearchAction","target":{"@type":"EntryPoint","urlTemplate":"https:\/\/www.fundacionunicaja.com\/campus\/?s={search_term_string}"},"query-input":{"@type":"PropertyValueSpecification","valueRequired":true,"valueName":"search_term_string"}}],"inLanguage":"es"},{"@type":"Organization","@id":"https:\/\/www.fundacionunicaja.com\/campus\/#organization","name":"Campus Fundaci\u00f3n Unicaja","url":"https:\/\/www.fundacionunicaja.com\/campus\/","logo":{"@type":"ImageObject","inLanguage":"es","@id":"https:\/\/www.fundacionunicaja.com\/campus\/#\/schema\/logo\/image\/","url":"https:\/\/www.fundacionunicaja.com\/campus\/wp-content\/uploads\/sites\/2\/2025\/03\/LOGO_unicaja-1.png","contentUrl":"https:\/\/www.fundacionunicaja.com\/campus\/wp-content\/uploads\/sites\/2\/2025\/03\/LOGO_unicaja-1.png","width":243,"height":69,"caption":"Campus Fundaci\u00f3n Unicaja"},"image":{"@id":"https:\/\/www.fundacionunicaja.com\/campus\/#\/schema\/logo\/image\/"}},{"@type":"Person","@id":"https:\/\/www.fundacionunicaja.com\/campus\/#\/schema\/person\/16c011016170405833b64248beaca4c1","name":"admin","image":{"@type":"ImageObject","inLanguage":"es","@id":"https:\/\/secure.gravatar.com\/avatar\/53fe2ed3b30640367a30f4b4978313b87fe50c8c5859f22378ec2886d080b954?s=96&d=mm&r=g","url":"https:\/\/secure.gravatar.com\/avatar\/53fe2ed3b30640367a30f4b4978313b87fe50c8c5859f22378ec2886d080b954?s=96&d=mm&r=g","contentUrl":"https:\/\/secure.gravatar.com\/avatar\/53fe2ed3b30640367a30f4b4978313b87fe50c8c5859f22378ec2886d080b954?s=96&d=mm&r=g","caption":"admin"},"sameAs":["https:\/\/www.fundacionunicaja.com\/"],"url":"https:\/\/www.fundacionunicaja.com\/campus\/author\/admin\/"}]}},"_links":{"self":[{"href":"https:\/\/www.fundacionunicaja.com\/campus\/wp-json\/wp\/v2\/posts\/54483","targetHints":{"allow":["GET"]}}],"collection":[{"href":"https:\/\/www.fundacionunicaja.com\/campus\/wp-json\/wp\/v2\/posts"}],"about":[{"href":"https:\/\/www.fundacionunicaja.com\/campus\/wp-json\/wp\/v2\/types\/post"}],"author":[{"embeddable":true,"href":"https:\/\/www.fundacionunicaja.com\/campus\/wp-json\/wp\/v2\/users\/1"}],"replies":[{"embeddable":true,"href":"https:\/\/www.fundacionunicaja.com\/campus\/wp-json\/wp\/v2\/comments?post=54483"}],"version-history":[{"count":0,"href":"https:\/\/www.fundacionunicaja.com\/campus\/wp-json\/wp\/v2\/posts\/54483\/revisions"}],"wp:featuredmedia":[{"embeddable":true,"href":"https:\/\/www.fundacionunicaja.com\/campus\/wp-json\/"}],"wp:attachment":[{"href":"https:\/\/www.fundacionunicaja.com\/campus\/wp-json\/wp\/v2\/media?parent=54483"}],"wp:term":[{"taxonomy":"category","embeddable":true,"href":"https:\/\/www.fundacionunicaja.com\/campus\/wp-json\/wp\/v2\/categories?post=54483"},{"taxonomy":"post_tag","embeddable":true,"href":"https:\/\/www.fundacionunicaja.com\/campus\/wp-json\/wp\/v2\/tags?post=54483"}],"curies":[{"name":"wp","href":"https:\/\/api.w.org\/{rel}","templated":true}]}}