{"id":54478,"date":"2019-06-28T10:40:57","date_gmt":"2019-06-28T10:40:57","guid":{"rendered":"https:\/\/fundacionunicaja.oletecnologia.com\/?p=4405"},"modified":"2019-06-28T10:40:57","modified_gmt":"2019-06-28T10:40:57","slug":"comienza-la-temporada-de-verano-de-los-campus-fundacion-unicaja-con-todas-las-plazas-cubiertas-2","status":"publish","type":"post","link":"https:\/\/www.fundacionunicaja.com\/campus\/2019\/06\/28\/comienza-la-temporada-de-verano-de-los-campus-fundacion-unicaja-con-todas-las-plazas-cubiertas-2\/","title":{"rendered":"Comienza la temporada de verano de los Campus Fundaci\u00f3n Unicaja con todas las plazas cubiertas"},"content":{"rendered":"<p>Los <strong>Campus Fundaci\u00f3n Unicaja<\/strong> 2019 se inauguraron ayer con el primer turno del Campus Sabinillas, que estrena la temporada de los cinco campamentos que conforman la oferta estival de la instituci\u00f3n y que hace m\u00e1s de una semana agotaron todas sus plazas.<\/p>\n<p>Un total de 500 chicos y chicas con edades comprendidas entre los 7 y 16 a\u00f1os conocer\u00e1n en su primer turno la experiencia que ofrece este campamento con 90.000 metros cuadrados de instalaciones. Le seguir\u00e1n otros cinco turnos m\u00e1s del Campus Sabinillas hasta el 25 de agosto, en los que los j\u00f3venes inscritos practicar\u00e1n actividades acu\u00e1ticas, con miniquads o en un roc\u00f3dromo, entre otras muchas propuestas.<\/p>\n<p>Ma\u00f1ana, 29 de junio, arrancar\u00e1n tambi\u00e9n el English Camp y el Campus Baloncesto. En el primer turno del campamento de inmersi\u00f3n ling\u00fc\u00edstica en la colonia de Las Delicias de Ronda participar\u00e1n 250 j\u00f3venes. Y ser\u00e1n 300 los chicos y chicas agrupados en el turno que abre el campamento de baloncesto en la Residencia Andaluc\u00eda de la capital malague\u00f1a.<\/p>\n<p><img fetchpriority=\"high\" decoding=\"async\" class=\" wp-image-23643 alignright\" src=\"https:\/\/www.fundacionunicaja.com\/wp-content\/uploads\/2019\/06\/Campus-1-300x203.jpg\" alt=\"\" width=\"328\" height=\"222\" \/><\/p>\n<p>As\u00ed, m\u00e1s un de millar de j\u00f3venes comenzar\u00e1n a disfrutar de estas jornadas l\u00fadicas en los pr\u00f3ximos d\u00edas en tres puntos diferentes de la provincia de M\u00e1laga.<\/p>\n<p>En el mes de julio abren sus instalaciones el Campus Ronda y el Campus N\u00e1utico. El cl\u00e1sico campamento ronde\u00f1o iniciar\u00e1 su primer turno el pr\u00f3ximo 14 de julio y el dedicado a los deportes acu\u00e1ticos en El Puerto de Santa Mar\u00eda, el \u00faltimo de los de la Fundaci\u00f3n Unicaja en ponerse en marcha, lo har\u00e1 el 20 de julio.<\/p>\n<p>Los <strong>Campus Fundaci\u00f3n Unicaja<\/strong> son una de las actividades m\u00e1s representativas del compromiso de la instituci\u00f3n con la educaci\u00f3n de la infancia. Y para reforzarlo a\u00fan m\u00e1s, la Fundaci\u00f3n renueva cada a\u00f1o el programa que ofrecen sus cinco campamentos de verano y el Campus Nieve que se celebra durante el mes de febrero en Sierra Nevada (Granada).<\/p>\n<p><strong>Unas vacaciones diferentes con entretenimiento y deporte<\/strong><\/p>\n<p>5.700 j\u00f3venes disfrutar\u00e1n este a\u00f1o de la oferta estival de los <strong>Campus Fundaci\u00f3n Unicaja<\/strong>, articulada en las actividades de sus cinco campamentos: Sabinillas, English Camp (Ronda), Baloncesto (M\u00e1laga), Ronda y N\u00e1utico (Puerto de Santa Mar\u00eda). A los miles de j\u00f3venes que pasar\u00e1n este verano por los Campus, se les suma el centenar que disfrutaron en febrero de la oferta invernal del Campus Nieve en Sierra Nevada (Granada).<\/p>\n<p>Con m\u00e1s de 65 a\u00f1os de experiencia, el <u>Campus Sabinillas<\/u> (7-16 a\u00f1os) es el campamento m\u00e1s antiguo de Espa\u00f1a. Durante sus seis turnos del 27 de junio al 25 de agosto, los menores vivir\u00e1n una experiencia de convivencia basada en el deporte y el contacto con el mar.<\/p>\n<p>El <u>English Camp<\/u> de Ronda (7-16 a\u00f1os) que se inicia ma\u00f1ana posibilita a sus participantes mejorar el nivel de ingl\u00e9s a trav\u00e9s de clases con profesores nativos. El aprendizaje en aulas y al aire libre se combina con todo tipo de actividades l\u00fadicas. Es el \u00fanico de los <strong>Campus Fundaci\u00f3n Unicaja <\/strong>que permite asistir una quincena completa y se desarrollar\u00e1 hasta el 13 de julio.<\/p>\n<p>El <u>Campus Baloncesto<\/u> en M\u00e1laga, con un programa en el que participan entrenadores experimentados, volver\u00e1 a acoger tres turnos del 29 de junio al 20 de julio. Al igual que en la temporada 2018, el rango de edad de los asistentes ser\u00e1 desde los 6 a los 17 a\u00f1os gracias a la iniciativa \u2018Baby Basket\u2019.<\/p>\n<p>El <u>Campus Ronda<\/u> (7-16 a\u00f1os) se extiende por m\u00e1s de 3.000 metros cuadrados y, entre su extensa programaci\u00f3n de propuestas, destacan las de karts<em>,<\/em> tirolina, r\u00e1pel, circuitos arb\u00f3reos, kayaks y paintball<em>.<\/em> Comprende cuatro turnos diferentes desde el 14 de julio al 11 de agosto.<\/p>\n<p>El <u>Campus N\u00e1utico<\/u> en Coto de la Isleta de El Puerto de Santa Mar\u00eda (7-16 a\u00f1os) ofrece actividades como surf, p\u00e1del-surf y paseos en lanchas a motor. Tiene dos turnos entre el 20 de julio y el 3 de agosto.<\/p>\n<p><strong>Oferta de empleo 2019 y mejora de las instalaciones<\/strong><\/p>\n<p><strong>\u00a0\u00a0\u00a0\u00a0\u00a0\u00a0\u00a0\u00a0\u00a0\u00a0\u00a0 <\/strong>Esta temporada la <strong>Fundaci\u00f3n Unicaja<\/strong> ha ofertado alrededor de 800 plazas en sus cinco campamentos de verano. Su celebraci\u00f3n cada verano hace necesario cubrir puestos de monitores deportivos, socorristas, especialistas de animaci\u00f3n, t\u00e9cnicos audiovisuales, t\u00e9cnicos en deportes verticales y monitores de ocio y tiempo libre, todos ellos mayores de 20 a\u00f1os.<\/p>\n<p>Adem\u00e1s, se han ofertado m\u00e1s de 200 plazas como voluntarios para personas mayores de 18 a\u00f1os, que realizar\u00e1n labores de apoyo a los monitores y t\u00e9cnicos de los Campus. Adicionalmente, este verano los <strong>Campus Fundaci\u00f3n Unicaja<\/strong> crear\u00e1n indirectamente m\u00e1s de 200 empleos indirectos a trav\u00e9s de las m\u00faltiples empresas que prestan sus servicios.<\/p>\n<p>Por otro lado, la <strong>Fundaci\u00f3n Unicaja<\/strong> ha ejecutado este a\u00f1o una importante inversi\u00f3n para mejorar las instalaciones de sus Campus. Se han reformado y aumentado las zonas deportivas y l\u00fadicas de las colonias de Sabinillas y Las Delicias, cre\u00e1ndose nuevas pistas deportivas y renov\u00e1ndose los campos de f\u00fatbol y zonas de piscinas de ambas instalaciones.<\/p>\n<p>Asimismo, en materia de seguridad y accesibilidad se ha completado la adaptaci\u00f3n de las instalaciones para personas con movilidad reducida en el Campus Sabinillas y se han optimizado las dependencias sanitarias de todos los campamentos.<\/p>\n<p>M\u00e1s informaci\u00f3n sobre los <strong>Campus Fundaci\u00f3n Unicaja<\/strong> en <strong><a href=\"https:\/\/fundacionunicaja.oletecnologia.com\">fundacionunicaja.oletecnologia.com<\/a><\/strong><\/p>\n","protected":false},"excerpt":{"rendered":"<p>Los Campus Fundaci\u00f3n Unicaja 2019 se inauguraron ayer con el primer turno del Campus Sabinillas, que estrena la temporada de los cinco campamentos que conforman la oferta estival de la instituci\u00f3n y que hace m\u00e1s de una semana agotaron todas sus plazas. Un total de 500 chicos y chicas con edades comprendidas entre los 7 [&hellip;]<\/p>\n","protected":false},"author":1,"featured_media":4406,"comment_status":"open","ping_status":"open","sticky":false,"template":"","format":"standard","meta":{"_acf_changed":false,"footnotes":""},"categories":[21,12],"tags":[28,104,105,95],"class_list":["post-54478","post","type-post","status-publish","format-standard","has-post-thumbnail","hentry","category-general","category-sabinillas","tag-campus","tag-campus-2019","tag-comienzo","tag-fundacion-unicaja"],"acf":[],"yoast_head":"<!-- This site is optimized with the Yoast SEO plugin v27.4 - https:\/\/yoast.com\/product\/yoast-seo-wordpress\/ -->\n<title>Comienza la temporada de verano de los Campus Fundaci\u00f3n Unicaja con todas las plazas cubiertas - Campus Fundaci\u00f3n Unicaja<\/title>\n<meta name=\"robots\" content=\"index, follow, max-snippet:-1, max-image-preview:large, max-video-preview:-1\" \/>\n<link rel=\"canonical\" href=\"https:\/\/www.fundacionunicaja.com\/campus\/2019\/06\/28\/comienza-la-temporada-de-verano-de-los-campus-fundacion-unicaja-con-todas-las-plazas-cubiertas-2\/\" \/>\n<meta property=\"og:locale\" content=\"es_ES\" \/>\n<meta property=\"og:type\" content=\"article\" \/>\n<meta property=\"og:title\" content=\"Comienza la temporada de verano de los Campus Fundaci\u00f3n Unicaja con todas las plazas cubiertas - Campus Fundaci\u00f3n Unicaja\" \/>\n<meta property=\"og:description\" content=\"Los Campus Fundaci\u00f3n Unicaja 2019 se inauguraron ayer con el primer turno del Campus Sabinillas, que estrena la temporada de los cinco campamentos que conforman la oferta estival de la instituci\u00f3n y que hace m\u00e1s de una semana agotaron todas sus plazas. Un total de 500 chicos y chicas con edades comprendidas entre los 7 [&hellip;]\" \/>\n<meta property=\"og:url\" content=\"https:\/\/www.fundacionunicaja.com\/campus\/2019\/06\/28\/comienza-la-temporada-de-verano-de-los-campus-fundacion-unicaja-con-todas-las-plazas-cubiertas-2\/\" \/>\n<meta property=\"og:site_name\" content=\"Campus Fundaci\u00f3n Unicaja\" \/>\n<meta property=\"article:published_time\" content=\"2019-06-28T10:40:57+00:00\" \/>\n<meta name=\"author\" content=\"admin\" \/>\n<meta name=\"twitter:card\" content=\"summary_large_image\" \/>\n<meta name=\"twitter:label1\" content=\"Escrito por\" \/>\n\t<meta name=\"twitter:data1\" content=\"admin\" \/>\n\t<meta name=\"twitter:label2\" content=\"Tiempo de lectura\" \/>\n\t<meta name=\"twitter:data2\" content=\"5 minutos\" \/>\n<script type=\"application\/ld+json\" class=\"yoast-schema-graph\">{\"@context\":\"https:\\\/\\\/schema.org\",\"@graph\":[{\"@type\":\"Article\",\"@id\":\"https:\\\/\\\/www.fundacionunicaja.com\\\/campus\\\/2019\\\/06\\\/28\\\/comienza-la-temporada-de-verano-de-los-campus-fundacion-unicaja-con-todas-las-plazas-cubiertas-2\\\/#article\",\"isPartOf\":{\"@id\":\"https:\\\/\\\/www.fundacionunicaja.com\\\/campus\\\/2019\\\/06\\\/28\\\/comienza-la-temporada-de-verano-de-los-campus-fundacion-unicaja-con-todas-las-plazas-cubiertas-2\\\/\"},\"author\":{\"name\":\"admin\",\"@id\":\"https:\\\/\\\/www.fundacionunicaja.com\\\/campus\\\/#\\\/schema\\\/person\\\/16c011016170405833b64248beaca4c1\"},\"headline\":\"Comienza la temporada de verano de los Campus Fundaci\u00f3n Unicaja con todas las plazas cubiertas\",\"datePublished\":\"2019-06-28T10:40:57+00:00\",\"mainEntityOfPage\":{\"@id\":\"https:\\\/\\\/www.fundacionunicaja.com\\\/campus\\\/2019\\\/06\\\/28\\\/comienza-la-temporada-de-verano-de-los-campus-fundacion-unicaja-con-todas-las-plazas-cubiertas-2\\\/\"},\"wordCount\":935,\"commentCount\":0,\"publisher\":{\"@id\":\"https:\\\/\\\/www.fundacionunicaja.com\\\/campus\\\/#organization\"},\"image\":{\"@id\":\"https:\\\/\\\/www.fundacionunicaja.com\\\/campus\\\/2019\\\/06\\\/28\\\/comienza-la-temporada-de-verano-de-los-campus-fundacion-unicaja-con-todas-las-plazas-cubiertas-2\\\/#primaryimage\"},\"thumbnailUrl\":\"\",\"keywords\":[\"campus\",\"Campus 2019\",\"comienzo\",\"Fundaci\u00f3n Unicaja\"],\"articleSection\":[\"General\",\"Sabinillas\"],\"inLanguage\":\"es\",\"potentialAction\":[{\"@type\":\"CommentAction\",\"name\":\"Comment\",\"target\":[\"https:\\\/\\\/www.fundacionunicaja.com\\\/campus\\\/2019\\\/06\\\/28\\\/comienza-la-temporada-de-verano-de-los-campus-fundacion-unicaja-con-todas-las-plazas-cubiertas-2\\\/#respond\"]}]},{\"@type\":\"WebPage\",\"@id\":\"https:\\\/\\\/www.fundacionunicaja.com\\\/campus\\\/2019\\\/06\\\/28\\\/comienza-la-temporada-de-verano-de-los-campus-fundacion-unicaja-con-todas-las-plazas-cubiertas-2\\\/\",\"url\":\"https:\\\/\\\/www.fundacionunicaja.com\\\/campus\\\/2019\\\/06\\\/28\\\/comienza-la-temporada-de-verano-de-los-campus-fundacion-unicaja-con-todas-las-plazas-cubiertas-2\\\/\",\"name\":\"Comienza la temporada de verano de los Campus Fundaci\u00f3n Unicaja con todas las plazas cubiertas - Campus Fundaci\u00f3n Unicaja\",\"isPartOf\":{\"@id\":\"https:\\\/\\\/www.fundacionunicaja.com\\\/campus\\\/#website\"},\"primaryImageOfPage\":{\"@id\":\"https:\\\/\\\/www.fundacionunicaja.com\\\/campus\\\/2019\\\/06\\\/28\\\/comienza-la-temporada-de-verano-de-los-campus-fundacion-unicaja-con-todas-las-plazas-cubiertas-2\\\/#primaryimage\"},\"image\":{\"@id\":\"https:\\\/\\\/www.fundacionunicaja.com\\\/campus\\\/2019\\\/06\\\/28\\\/comienza-la-temporada-de-verano-de-los-campus-fundacion-unicaja-con-todas-las-plazas-cubiertas-2\\\/#primaryimage\"},\"thumbnailUrl\":\"\",\"datePublished\":\"2019-06-28T10:40:57+00:00\",\"breadcrumb\":{\"@id\":\"https:\\\/\\\/www.fundacionunicaja.com\\\/campus\\\/2019\\\/06\\\/28\\\/comienza-la-temporada-de-verano-de-los-campus-fundacion-unicaja-con-todas-las-plazas-cubiertas-2\\\/#breadcrumb\"},\"inLanguage\":\"es\",\"potentialAction\":[{\"@type\":\"ReadAction\",\"target\":[\"https:\\\/\\\/www.fundacionunicaja.com\\\/campus\\\/2019\\\/06\\\/28\\\/comienza-la-temporada-de-verano-de-los-campus-fundacion-unicaja-con-todas-las-plazas-cubiertas-2\\\/\"]}]},{\"@type\":\"ImageObject\",\"inLanguage\":\"es\",\"@id\":\"https:\\\/\\\/www.fundacionunicaja.com\\\/campus\\\/2019\\\/06\\\/28\\\/comienza-la-temporada-de-verano-de-los-campus-fundacion-unicaja-con-todas-las-plazas-cubiertas-2\\\/#primaryimage\",\"url\":\"\",\"contentUrl\":\"\"},{\"@type\":\"BreadcrumbList\",\"@id\":\"https:\\\/\\\/www.fundacionunicaja.com\\\/campus\\\/2019\\\/06\\\/28\\\/comienza-la-temporada-de-verano-de-los-campus-fundacion-unicaja-con-todas-las-plazas-cubiertas-2\\\/#breadcrumb\",\"itemListElement\":[{\"@type\":\"ListItem\",\"position\":1,\"name\":\"Portada\",\"item\":\"https:\\\/\\\/www.fundacionunicaja.com\\\/campus\\\/\"},{\"@type\":\"ListItem\",\"position\":2,\"name\":\"Comienza la temporada de verano de los Campus Fundaci\u00f3n Unicaja con todas las plazas cubiertas\"}]},{\"@type\":\"WebSite\",\"@id\":\"https:\\\/\\\/www.fundacionunicaja.com\\\/campus\\\/#website\",\"url\":\"https:\\\/\\\/www.fundacionunicaja.com\\\/campus\\\/\",\"name\":\"Campus Fundaci\u00f3n Unicaja\",\"description\":\"\",\"publisher\":{\"@id\":\"https:\\\/\\\/www.fundacionunicaja.com\\\/campus\\\/#organization\"},\"potentialAction\":[{\"@type\":\"SearchAction\",\"target\":{\"@type\":\"EntryPoint\",\"urlTemplate\":\"https:\\\/\\\/www.fundacionunicaja.com\\\/campus\\\/?s={search_term_string}\"},\"query-input\":{\"@type\":\"PropertyValueSpecification\",\"valueRequired\":true,\"valueName\":\"search_term_string\"}}],\"inLanguage\":\"es\"},{\"@type\":\"Organization\",\"@id\":\"https:\\\/\\\/www.fundacionunicaja.com\\\/campus\\\/#organization\",\"name\":\"Campus Fundaci\u00f3n Unicaja\",\"url\":\"https:\\\/\\\/www.fundacionunicaja.com\\\/campus\\\/\",\"logo\":{\"@type\":\"ImageObject\",\"inLanguage\":\"es\",\"@id\":\"https:\\\/\\\/www.fundacionunicaja.com\\\/campus\\\/#\\\/schema\\\/logo\\\/image\\\/\",\"url\":\"https:\\\/\\\/www.fundacionunicaja.com\\\/campus\\\/wp-content\\\/uploads\\\/sites\\\/2\\\/2025\\\/03\\\/LOGO_unicaja-1.png\",\"contentUrl\":\"https:\\\/\\\/www.fundacionunicaja.com\\\/campus\\\/wp-content\\\/uploads\\\/sites\\\/2\\\/2025\\\/03\\\/LOGO_unicaja-1.png\",\"width\":243,\"height\":69,\"caption\":\"Campus Fundaci\u00f3n Unicaja\"},\"image\":{\"@id\":\"https:\\\/\\\/www.fundacionunicaja.com\\\/campus\\\/#\\\/schema\\\/logo\\\/image\\\/\"}},{\"@type\":\"Person\",\"@id\":\"https:\\\/\\\/www.fundacionunicaja.com\\\/campus\\\/#\\\/schema\\\/person\\\/16c011016170405833b64248beaca4c1\",\"name\":\"admin\",\"image\":{\"@type\":\"ImageObject\",\"inLanguage\":\"es\",\"@id\":\"https:\\\/\\\/secure.gravatar.com\\\/avatar\\\/53fe2ed3b30640367a30f4b4978313b87fe50c8c5859f22378ec2886d080b954?s=96&d=mm&r=g\",\"url\":\"https:\\\/\\\/secure.gravatar.com\\\/avatar\\\/53fe2ed3b30640367a30f4b4978313b87fe50c8c5859f22378ec2886d080b954?s=96&d=mm&r=g\",\"contentUrl\":\"https:\\\/\\\/secure.gravatar.com\\\/avatar\\\/53fe2ed3b30640367a30f4b4978313b87fe50c8c5859f22378ec2886d080b954?s=96&d=mm&r=g\",\"caption\":\"admin\"},\"sameAs\":[\"https:\\\/\\\/www.fundacionunicaja.com\\\/\"],\"url\":\"https:\\\/\\\/www.fundacionunicaja.com\\\/campus\\\/author\\\/admin\\\/\"}]}<\/script>\n<!-- \/ Yoast SEO plugin. -->","yoast_head_json":{"title":"Comienza la temporada de verano de los Campus Fundaci\u00f3n Unicaja con todas las plazas cubiertas - Campus Fundaci\u00f3n Unicaja","robots":{"index":"index","follow":"follow","max-snippet":"max-snippet:-1","max-image-preview":"max-image-preview:large","max-video-preview":"max-video-preview:-1"},"canonical":"https:\/\/www.fundacionunicaja.com\/campus\/2019\/06\/28\/comienza-la-temporada-de-verano-de-los-campus-fundacion-unicaja-con-todas-las-plazas-cubiertas-2\/","og_locale":"es_ES","og_type":"article","og_title":"Comienza la temporada de verano de los Campus Fundaci\u00f3n Unicaja con todas las plazas cubiertas - Campus Fundaci\u00f3n Unicaja","og_description":"Los Campus Fundaci\u00f3n Unicaja 2019 se inauguraron ayer con el primer turno del Campus Sabinillas, que estrena la temporada de los cinco campamentos que conforman la oferta estival de la instituci\u00f3n y que hace m\u00e1s de una semana agotaron todas sus plazas. Un total de 500 chicos y chicas con edades comprendidas entre los 7 [&hellip;]","og_url":"https:\/\/www.fundacionunicaja.com\/campus\/2019\/06\/28\/comienza-la-temporada-de-verano-de-los-campus-fundacion-unicaja-con-todas-las-plazas-cubiertas-2\/","og_site_name":"Campus Fundaci\u00f3n Unicaja","article_published_time":"2019-06-28T10:40:57+00:00","author":"admin","twitter_card":"summary_large_image","twitter_misc":{"Escrito por":"admin","Tiempo de lectura":"5 minutos"},"schema":{"@context":"https:\/\/schema.org","@graph":[{"@type":"Article","@id":"https:\/\/www.fundacionunicaja.com\/campus\/2019\/06\/28\/comienza-la-temporada-de-verano-de-los-campus-fundacion-unicaja-con-todas-las-plazas-cubiertas-2\/#article","isPartOf":{"@id":"https:\/\/www.fundacionunicaja.com\/campus\/2019\/06\/28\/comienza-la-temporada-de-verano-de-los-campus-fundacion-unicaja-con-todas-las-plazas-cubiertas-2\/"},"author":{"name":"admin","@id":"https:\/\/www.fundacionunicaja.com\/campus\/#\/schema\/person\/16c011016170405833b64248beaca4c1"},"headline":"Comienza la temporada de verano de los Campus Fundaci\u00f3n Unicaja con todas las plazas cubiertas","datePublished":"2019-06-28T10:40:57+00:00","mainEntityOfPage":{"@id":"https:\/\/www.fundacionunicaja.com\/campus\/2019\/06\/28\/comienza-la-temporada-de-verano-de-los-campus-fundacion-unicaja-con-todas-las-plazas-cubiertas-2\/"},"wordCount":935,"commentCount":0,"publisher":{"@id":"https:\/\/www.fundacionunicaja.com\/campus\/#organization"},"image":{"@id":"https:\/\/www.fundacionunicaja.com\/campus\/2019\/06\/28\/comienza-la-temporada-de-verano-de-los-campus-fundacion-unicaja-con-todas-las-plazas-cubiertas-2\/#primaryimage"},"thumbnailUrl":"","keywords":["campus","Campus 2019","comienzo","Fundaci\u00f3n Unicaja"],"articleSection":["General","Sabinillas"],"inLanguage":"es","potentialAction":[{"@type":"CommentAction","name":"Comment","target":["https:\/\/www.fundacionunicaja.com\/campus\/2019\/06\/28\/comienza-la-temporada-de-verano-de-los-campus-fundacion-unicaja-con-todas-las-plazas-cubiertas-2\/#respond"]}]},{"@type":"WebPage","@id":"https:\/\/www.fundacionunicaja.com\/campus\/2019\/06\/28\/comienza-la-temporada-de-verano-de-los-campus-fundacion-unicaja-con-todas-las-plazas-cubiertas-2\/","url":"https:\/\/www.fundacionunicaja.com\/campus\/2019\/06\/28\/comienza-la-temporada-de-verano-de-los-campus-fundacion-unicaja-con-todas-las-plazas-cubiertas-2\/","name":"Comienza la temporada de verano de los Campus Fundaci\u00f3n Unicaja con todas las plazas cubiertas - Campus Fundaci\u00f3n Unicaja","isPartOf":{"@id":"https:\/\/www.fundacionunicaja.com\/campus\/#website"},"primaryImageOfPage":{"@id":"https:\/\/www.fundacionunicaja.com\/campus\/2019\/06\/28\/comienza-la-temporada-de-verano-de-los-campus-fundacion-unicaja-con-todas-las-plazas-cubiertas-2\/#primaryimage"},"image":{"@id":"https:\/\/www.fundacionunicaja.com\/campus\/2019\/06\/28\/comienza-la-temporada-de-verano-de-los-campus-fundacion-unicaja-con-todas-las-plazas-cubiertas-2\/#primaryimage"},"thumbnailUrl":"","datePublished":"2019-06-28T10:40:57+00:00","breadcrumb":{"@id":"https:\/\/www.fundacionunicaja.com\/campus\/2019\/06\/28\/comienza-la-temporada-de-verano-de-los-campus-fundacion-unicaja-con-todas-las-plazas-cubiertas-2\/#breadcrumb"},"inLanguage":"es","potentialAction":[{"@type":"ReadAction","target":["https:\/\/www.fundacionunicaja.com\/campus\/2019\/06\/28\/comienza-la-temporada-de-verano-de-los-campus-fundacion-unicaja-con-todas-las-plazas-cubiertas-2\/"]}]},{"@type":"ImageObject","inLanguage":"es","@id":"https:\/\/www.fundacionunicaja.com\/campus\/2019\/06\/28\/comienza-la-temporada-de-verano-de-los-campus-fundacion-unicaja-con-todas-las-plazas-cubiertas-2\/#primaryimage","url":"","contentUrl":""},{"@type":"BreadcrumbList","@id":"https:\/\/www.fundacionunicaja.com\/campus\/2019\/06\/28\/comienza-la-temporada-de-verano-de-los-campus-fundacion-unicaja-con-todas-las-plazas-cubiertas-2\/#breadcrumb","itemListElement":[{"@type":"ListItem","position":1,"name":"Portada","item":"https:\/\/www.fundacionunicaja.com\/campus\/"},{"@type":"ListItem","position":2,"name":"Comienza la temporada de verano de los Campus Fundaci\u00f3n Unicaja con todas las plazas cubiertas"}]},{"@type":"WebSite","@id":"https:\/\/www.fundacionunicaja.com\/campus\/#website","url":"https:\/\/www.fundacionunicaja.com\/campus\/","name":"Campus Fundaci\u00f3n Unicaja","description":"","publisher":{"@id":"https:\/\/www.fundacionunicaja.com\/campus\/#organization"},"potentialAction":[{"@type":"SearchAction","target":{"@type":"EntryPoint","urlTemplate":"https:\/\/www.fundacionunicaja.com\/campus\/?s={search_term_string}"},"query-input":{"@type":"PropertyValueSpecification","valueRequired":true,"valueName":"search_term_string"}}],"inLanguage":"es"},{"@type":"Organization","@id":"https:\/\/www.fundacionunicaja.com\/campus\/#organization","name":"Campus Fundaci\u00f3n Unicaja","url":"https:\/\/www.fundacionunicaja.com\/campus\/","logo":{"@type":"ImageObject","inLanguage":"es","@id":"https:\/\/www.fundacionunicaja.com\/campus\/#\/schema\/logo\/image\/","url":"https:\/\/www.fundacionunicaja.com\/campus\/wp-content\/uploads\/sites\/2\/2025\/03\/LOGO_unicaja-1.png","contentUrl":"https:\/\/www.fundacionunicaja.com\/campus\/wp-content\/uploads\/sites\/2\/2025\/03\/LOGO_unicaja-1.png","width":243,"height":69,"caption":"Campus Fundaci\u00f3n Unicaja"},"image":{"@id":"https:\/\/www.fundacionunicaja.com\/campus\/#\/schema\/logo\/image\/"}},{"@type":"Person","@id":"https:\/\/www.fundacionunicaja.com\/campus\/#\/schema\/person\/16c011016170405833b64248beaca4c1","name":"admin","image":{"@type":"ImageObject","inLanguage":"es","@id":"https:\/\/secure.gravatar.com\/avatar\/53fe2ed3b30640367a30f4b4978313b87fe50c8c5859f22378ec2886d080b954?s=96&d=mm&r=g","url":"https:\/\/secure.gravatar.com\/avatar\/53fe2ed3b30640367a30f4b4978313b87fe50c8c5859f22378ec2886d080b954?s=96&d=mm&r=g","contentUrl":"https:\/\/secure.gravatar.com\/avatar\/53fe2ed3b30640367a30f4b4978313b87fe50c8c5859f22378ec2886d080b954?s=96&d=mm&r=g","caption":"admin"},"sameAs":["https:\/\/www.fundacionunicaja.com\/"],"url":"https:\/\/www.fundacionunicaja.com\/campus\/author\/admin\/"}]}},"_links":{"self":[{"href":"https:\/\/www.fundacionunicaja.com\/campus\/wp-json\/wp\/v2\/posts\/54478","targetHints":{"allow":["GET"]}}],"collection":[{"href":"https:\/\/www.fundacionunicaja.com\/campus\/wp-json\/wp\/v2\/posts"}],"about":[{"href":"https:\/\/www.fundacionunicaja.com\/campus\/wp-json\/wp\/v2\/types\/post"}],"author":[{"embeddable":true,"href":"https:\/\/www.fundacionunicaja.com\/campus\/wp-json\/wp\/v2\/users\/1"}],"replies":[{"embeddable":true,"href":"https:\/\/www.fundacionunicaja.com\/campus\/wp-json\/wp\/v2\/comments?post=54478"}],"version-history":[{"count":0,"href":"https:\/\/www.fundacionunicaja.com\/campus\/wp-json\/wp\/v2\/posts\/54478\/revisions"}],"wp:featuredmedia":[{"embeddable":true,"href":"https:\/\/www.fundacionunicaja.com\/campus\/wp-json\/"}],"wp:attachment":[{"href":"https:\/\/www.fundacionunicaja.com\/campus\/wp-json\/wp\/v2\/media?parent=54478"}],"wp:term":[{"taxonomy":"category","embeddable":true,"href":"https:\/\/www.fundacionunicaja.com\/campus\/wp-json\/wp\/v2\/categories?post=54478"},{"taxonomy":"post_tag","embeddable":true,"href":"https:\/\/www.fundacionunicaja.com\/campus\/wp-json\/wp\/v2\/tags?post=54478"}],"curies":[{"name":"wp","href":"https:\/\/api.w.org\/{rel}","templated":true}]}}