{"id":54475,"date":"2019-05-20T18:49:33","date_gmt":"2019-05-20T18:49:33","guid":{"rendered":"https:\/\/fundacionunicaja.oletecnologia.com\/?p=4384"},"modified":"2019-05-20T18:49:33","modified_gmt":"2019-05-20T18:49:33","slug":"fundacion-unicaja-presenta-sus-campus-de-verano-con-un-entrenamiento-de-puertas-abiertas-del-unicaja-baloncesto-2","status":"publish","type":"post","link":"https:\/\/www.fundacionunicaja.com\/campus\/2019\/05\/20\/fundacion-unicaja-presenta-sus-campus-de-verano-con-un-entrenamiento-de-puertas-abiertas-del-unicaja-baloncesto-2\/","title":{"rendered":"Fundaci\u00f3n Unicaja presenta sus Campus de verano con un entrenamiento de puertas abiertas del Unicaja Baloncesto"},"content":{"rendered":"<p><strong>Fundaci\u00f3n Unicaja<\/strong> ha presentado hoy sus Campus de verano durante un entrenamiento del Unicaja Baloncesto en el Palacio de Deportes Jos\u00e9 Mar\u00eda Mart\u00edn Carpena.<\/p>\n<p>Las puertas del pabell\u00f3n se han abierto a las 17.30 horas y los visitantes han podido solicitar una papeleta para participar en el sorteo de una plaza del Campus Baloncesto, que comenzar\u00e1 en el mes de junio.<\/p>\n<p>Tras el entrenamiento, en el que los jugadores han realizado diversos juegos relacionados con los cinco campamentos juveniles de la instituci\u00f3n (Sabinillas, Ronda, English Camp, Baloncesto y N\u00e1utico), ambas organizaciones\u00a0han agradecido el apoyo de los alrededor de 300 aficionados que han asistido al Carpena para conocer en directo el trabajo del equipo.<\/p>\n<p>Adem\u00e1s, los m\u00e1s j\u00f3venes han tenido la oportunidad de participar en un concurso para conseguir una plaza en uno de los <strong>Campus Fundaci\u00f3n Unicaja<\/strong> a trav\u00e9s de los lanzamientos de los jugadores del Unicaja Baloncesto.\u00a0 La ganadora ha sido Mara Ordov\u00e1s N\u00fa\u00f1ez, que gracias a los tiros de Brian Roberts consigui\u00f3 su plaza en el Campus Baloncesto.<\/p>\n<p>La velada, que ha finalizado con firmas y fotos, ha contado adem\u00e1s con la presencia en pista de Francisco Alonso, responsable de Deporte, Ocio, Tiempo Libre y Medioambiente de la <strong>Fundaci\u00f3n Unicaja<\/strong>, y de Manuel Dorado, director de los <strong>Campus Fundaci\u00f3n Unicaja<\/strong>.<\/p>\n<p><strong>5 Campus de verano y m\u00e1s de 5.500 participantes<\/strong><\/p>\n<p><strong>Fundaci\u00f3n Unicaja<\/strong> cuenta con cinco campus de verano que figuran entre los m\u00e1s consolidados y reputados de Espa\u00f1a. Se trata de Sabinillas -que es uno de los m\u00e1s antiguos del pa\u00eds-, N\u00e1utico, English Camp, Ronda y Baloncesto. Entre todos conforman una oferta variada que incluye actividades que van desde el surf a los deportes n\u00e1uticos y el aprendizaje de idiomas. A los mencionados se suma el Campus Nieve, que se desarrolla durante la temporada invernal.<\/p>\n<p>Con su nuevo calendario de Campus, en permanente ampliaci\u00f3n y actualizaci\u00f3n, <strong>Fundaci\u00f3n Unicaja<\/strong> une el fomento del deporte con su apuesta por un concepto de la educaci\u00f3n integral y din\u00e1mico. El programa conjunto de los cinco campamentos, avalados en algunos casos por una trayectoria que se remonta a hace m\u00e1s de sesenta a\u00f1os, es reconocido en toda Espa\u00f1a por su contribuci\u00f3n formativa y de ocio a la oferta veraniega juvenil.<\/p>\n<p>La inscripci\u00f3n para los <strong>Campus Fundaci\u00f3n Unicaja<\/strong> se puede formalizar a trav\u00e9s de la web <strong><a href=\"https:\/\/fundacionunicaja.oletecnologia.com,\/\">fundacionunicaja.oletecnologia.com,<\/a><\/strong> que un a\u00f1o m\u00e1s brinda la oportunidad a m\u00e1s de 5.500 ni\u00f1os y j\u00f3venes de participar en una oferta formativa y de ocio completa, con reclamos que van desde el surf y la vela al entrenamiento profesional de baloncesto o el aprendizaje de ingl\u00e9s.<\/p>\n","protected":false},"excerpt":{"rendered":"<p>Fundaci\u00f3n Unicaja ha presentado hoy sus Campus de verano durante un entrenamiento del Unicaja Baloncesto en el Palacio de Deportes Jos\u00e9 Mar\u00eda Mart\u00edn Carpena. Las puertas del pabell\u00f3n se han abierto a las 17.30 horas y los visitantes han podido solicitar una papeleta para participar en el sorteo de una plaza del Campus Baloncesto, que [&hellip;]<\/p>\n","protected":false},"author":1,"featured_media":4385,"comment_status":"open","ping_status":"open","sticky":false,"template":"","format":"standard","meta":{"_acf_changed":false,"footnotes":""},"categories":[13,21],"tags":[164,18,165],"class_list":["post-54475","post","type-post","status-publish","format-standard","has-post-thumbnail","hentry","category-baloncesto","category-general","tag-campus-unicaja-2019","tag-campus-unicaja-baloncesto","tag-entrenamiento-unicaja-baloncesto"],"acf":[],"yoast_head":"<!-- This site is optimized with the Yoast SEO plugin v27.4 - https:\/\/yoast.com\/product\/yoast-seo-wordpress\/ -->\n<title>Fundaci\u00f3n Unicaja presenta sus Campus de verano con un entrenamiento de puertas abiertas del Unicaja Baloncesto - Campus Fundaci\u00f3n Unicaja<\/title>\n<meta name=\"robots\" content=\"index, follow, max-snippet:-1, max-image-preview:large, max-video-preview:-1\" \/>\n<link rel=\"canonical\" href=\"https:\/\/www.fundacionunicaja.com\/campus\/2019\/05\/20\/fundacion-unicaja-presenta-sus-campus-de-verano-con-un-entrenamiento-de-puertas-abiertas-del-unicaja-baloncesto-2\/\" \/>\n<meta property=\"og:locale\" content=\"es_ES\" \/>\n<meta property=\"og:type\" content=\"article\" \/>\n<meta property=\"og:title\" content=\"Fundaci\u00f3n Unicaja presenta sus Campus de verano con un entrenamiento de puertas abiertas del Unicaja Baloncesto - Campus Fundaci\u00f3n Unicaja\" \/>\n<meta property=\"og:description\" content=\"Fundaci\u00f3n Unicaja ha presentado hoy sus Campus de verano durante un entrenamiento del Unicaja Baloncesto en el Palacio de Deportes Jos\u00e9 Mar\u00eda Mart\u00edn Carpena. Las puertas del pabell\u00f3n se han abierto a las 17.30 horas y los visitantes han podido solicitar una papeleta para participar en el sorteo de una plaza del Campus Baloncesto, que [&hellip;]\" \/>\n<meta property=\"og:url\" content=\"https:\/\/www.fundacionunicaja.com\/campus\/2019\/05\/20\/fundacion-unicaja-presenta-sus-campus-de-verano-con-un-entrenamiento-de-puertas-abiertas-del-unicaja-baloncesto-2\/\" \/>\n<meta property=\"og:site_name\" content=\"Campus Fundaci\u00f3n Unicaja\" \/>\n<meta property=\"article:published_time\" content=\"2019-05-20T18:49:33+00:00\" \/>\n<meta property=\"og:image\" content=\"https:\/\/www.fundacionunicaja.com\/campus\/wp-content\/uploads\/sites\/2\/2015\/09\/Educacion-financiera-Edufinet-2-scaled.jpg\" \/>\n\t<meta property=\"og:image:width\" content=\"2560\" \/>\n\t<meta property=\"og:image:height\" content=\"1700\" \/>\n\t<meta property=\"og:image:type\" content=\"image\/jpeg\" \/>\n<meta name=\"author\" content=\"admin\" \/>\n<meta name=\"twitter:card\" content=\"summary_large_image\" \/>\n<meta name=\"twitter:label1\" content=\"Escrito por\" \/>\n\t<meta name=\"twitter:data1\" content=\"admin\" \/>\n\t<meta name=\"twitter:label2\" content=\"Tiempo de lectura\" \/>\n\t<meta name=\"twitter:data2\" content=\"2 minutos\" \/>\n<script type=\"application\/ld+json\" class=\"yoast-schema-graph\">{\"@context\":\"https:\\\/\\\/schema.org\",\"@graph\":[{\"@type\":\"Article\",\"@id\":\"https:\\\/\\\/www.fundacionunicaja.com\\\/campus\\\/2019\\\/05\\\/20\\\/fundacion-unicaja-presenta-sus-campus-de-verano-con-un-entrenamiento-de-puertas-abiertas-del-unicaja-baloncesto-2\\\/#article\",\"isPartOf\":{\"@id\":\"https:\\\/\\\/www.fundacionunicaja.com\\\/campus\\\/2019\\\/05\\\/20\\\/fundacion-unicaja-presenta-sus-campus-de-verano-con-un-entrenamiento-de-puertas-abiertas-del-unicaja-baloncesto-2\\\/\"},\"author\":{\"name\":\"admin\",\"@id\":\"https:\\\/\\\/www.fundacionunicaja.com\\\/campus\\\/#\\\/schema\\\/person\\\/16c011016170405833b64248beaca4c1\"},\"headline\":\"Fundaci\u00f3n Unicaja presenta sus Campus de verano con un entrenamiento de puertas abiertas del Unicaja Baloncesto\",\"datePublished\":\"2019-05-20T18:49:33+00:00\",\"mainEntityOfPage\":{\"@id\":\"https:\\\/\\\/www.fundacionunicaja.com\\\/campus\\\/2019\\\/05\\\/20\\\/fundacion-unicaja-presenta-sus-campus-de-verano-con-un-entrenamiento-de-puertas-abiertas-del-unicaja-baloncesto-2\\\/\"},\"wordCount\":483,\"commentCount\":0,\"publisher\":{\"@id\":\"https:\\\/\\\/www.fundacionunicaja.com\\\/campus\\\/#organization\"},\"image\":{\"@id\":\"https:\\\/\\\/www.fundacionunicaja.com\\\/campus\\\/2019\\\/05\\\/20\\\/fundacion-unicaja-presenta-sus-campus-de-verano-con-un-entrenamiento-de-puertas-abiertas-del-unicaja-baloncesto-2\\\/#primaryimage\"},\"thumbnailUrl\":\"https:\\\/\\\/www.fundacionunicaja.com\\\/campus\\\/wp-content\\\/uploads\\\/sites\\\/2\\\/2015\\\/09\\\/Educacion-financiera-Edufinet-2-scaled.jpg\",\"keywords\":[\"Campus Unicaja 2019\",\"Campus Unicaja Baloncesto\",\"Entrenamiento Unicaja Baloncesto\"],\"articleSection\":[\"Baloncesto\",\"General\"],\"inLanguage\":\"es\",\"potentialAction\":[{\"@type\":\"CommentAction\",\"name\":\"Comment\",\"target\":[\"https:\\\/\\\/www.fundacionunicaja.com\\\/campus\\\/2019\\\/05\\\/20\\\/fundacion-unicaja-presenta-sus-campus-de-verano-con-un-entrenamiento-de-puertas-abiertas-del-unicaja-baloncesto-2\\\/#respond\"]}]},{\"@type\":\"WebPage\",\"@id\":\"https:\\\/\\\/www.fundacionunicaja.com\\\/campus\\\/2019\\\/05\\\/20\\\/fundacion-unicaja-presenta-sus-campus-de-verano-con-un-entrenamiento-de-puertas-abiertas-del-unicaja-baloncesto-2\\\/\",\"url\":\"https:\\\/\\\/www.fundacionunicaja.com\\\/campus\\\/2019\\\/05\\\/20\\\/fundacion-unicaja-presenta-sus-campus-de-verano-con-un-entrenamiento-de-puertas-abiertas-del-unicaja-baloncesto-2\\\/\",\"name\":\"Fundaci\u00f3n Unicaja presenta sus Campus de verano con un entrenamiento de puertas abiertas del Unicaja Baloncesto - Campus Fundaci\u00f3n Unicaja\",\"isPartOf\":{\"@id\":\"https:\\\/\\\/www.fundacionunicaja.com\\\/campus\\\/#website\"},\"primaryImageOfPage\":{\"@id\":\"https:\\\/\\\/www.fundacionunicaja.com\\\/campus\\\/2019\\\/05\\\/20\\\/fundacion-unicaja-presenta-sus-campus-de-verano-con-un-entrenamiento-de-puertas-abiertas-del-unicaja-baloncesto-2\\\/#primaryimage\"},\"image\":{\"@id\":\"https:\\\/\\\/www.fundacionunicaja.com\\\/campus\\\/2019\\\/05\\\/20\\\/fundacion-unicaja-presenta-sus-campus-de-verano-con-un-entrenamiento-de-puertas-abiertas-del-unicaja-baloncesto-2\\\/#primaryimage\"},\"thumbnailUrl\":\"https:\\\/\\\/www.fundacionunicaja.com\\\/campus\\\/wp-content\\\/uploads\\\/sites\\\/2\\\/2015\\\/09\\\/Educacion-financiera-Edufinet-2-scaled.jpg\",\"datePublished\":\"2019-05-20T18:49:33+00:00\",\"breadcrumb\":{\"@id\":\"https:\\\/\\\/www.fundacionunicaja.com\\\/campus\\\/2019\\\/05\\\/20\\\/fundacion-unicaja-presenta-sus-campus-de-verano-con-un-entrenamiento-de-puertas-abiertas-del-unicaja-baloncesto-2\\\/#breadcrumb\"},\"inLanguage\":\"es\",\"potentialAction\":[{\"@type\":\"ReadAction\",\"target\":[\"https:\\\/\\\/www.fundacionunicaja.com\\\/campus\\\/2019\\\/05\\\/20\\\/fundacion-unicaja-presenta-sus-campus-de-verano-con-un-entrenamiento-de-puertas-abiertas-del-unicaja-baloncesto-2\\\/\"]}]},{\"@type\":\"ImageObject\",\"inLanguage\":\"es\",\"@id\":\"https:\\\/\\\/www.fundacionunicaja.com\\\/campus\\\/2019\\\/05\\\/20\\\/fundacion-unicaja-presenta-sus-campus-de-verano-con-un-entrenamiento-de-puertas-abiertas-del-unicaja-baloncesto-2\\\/#primaryimage\",\"url\":\"https:\\\/\\\/www.fundacionunicaja.com\\\/campus\\\/wp-content\\\/uploads\\\/sites\\\/2\\\/2015\\\/09\\\/Educacion-financiera-Edufinet-2-scaled.jpg\",\"contentUrl\":\"https:\\\/\\\/www.fundacionunicaja.com\\\/campus\\\/wp-content\\\/uploads\\\/sites\\\/2\\\/2015\\\/09\\\/Educacion-financiera-Edufinet-2-scaled.jpg\",\"width\":2560,\"height\":1700,\"caption\":\"Educaci\u00f3n financiera. Edufinet\"},{\"@type\":\"BreadcrumbList\",\"@id\":\"https:\\\/\\\/www.fundacionunicaja.com\\\/campus\\\/2019\\\/05\\\/20\\\/fundacion-unicaja-presenta-sus-campus-de-verano-con-un-entrenamiento-de-puertas-abiertas-del-unicaja-baloncesto-2\\\/#breadcrumb\",\"itemListElement\":[{\"@type\":\"ListItem\",\"position\":1,\"name\":\"Portada\",\"item\":\"https:\\\/\\\/www.fundacionunicaja.com\\\/campus\\\/\"},{\"@type\":\"ListItem\",\"position\":2,\"name\":\"Fundaci\u00f3n Unicaja presenta sus Campus de verano con un entrenamiento de puertas abiertas del Unicaja Baloncesto\"}]},{\"@type\":\"WebSite\",\"@id\":\"https:\\\/\\\/www.fundacionunicaja.com\\\/campus\\\/#website\",\"url\":\"https:\\\/\\\/www.fundacionunicaja.com\\\/campus\\\/\",\"name\":\"Campus Fundaci\u00f3n Unicaja\",\"description\":\"\",\"publisher\":{\"@id\":\"https:\\\/\\\/www.fundacionunicaja.com\\\/campus\\\/#organization\"},\"potentialAction\":[{\"@type\":\"SearchAction\",\"target\":{\"@type\":\"EntryPoint\",\"urlTemplate\":\"https:\\\/\\\/www.fundacionunicaja.com\\\/campus\\\/?s={search_term_string}\"},\"query-input\":{\"@type\":\"PropertyValueSpecification\",\"valueRequired\":true,\"valueName\":\"search_term_string\"}}],\"inLanguage\":\"es\"},{\"@type\":\"Organization\",\"@id\":\"https:\\\/\\\/www.fundacionunicaja.com\\\/campus\\\/#organization\",\"name\":\"Campus Fundaci\u00f3n Unicaja\",\"url\":\"https:\\\/\\\/www.fundacionunicaja.com\\\/campus\\\/\",\"logo\":{\"@type\":\"ImageObject\",\"inLanguage\":\"es\",\"@id\":\"https:\\\/\\\/www.fundacionunicaja.com\\\/campus\\\/#\\\/schema\\\/logo\\\/image\\\/\",\"url\":\"https:\\\/\\\/www.fundacionunicaja.com\\\/campus\\\/wp-content\\\/uploads\\\/sites\\\/2\\\/2025\\\/03\\\/LOGO_unicaja-1.png\",\"contentUrl\":\"https:\\\/\\\/www.fundacionunicaja.com\\\/campus\\\/wp-content\\\/uploads\\\/sites\\\/2\\\/2025\\\/03\\\/LOGO_unicaja-1.png\",\"width\":243,\"height\":69,\"caption\":\"Campus Fundaci\u00f3n Unicaja\"},\"image\":{\"@id\":\"https:\\\/\\\/www.fundacionunicaja.com\\\/campus\\\/#\\\/schema\\\/logo\\\/image\\\/\"}},{\"@type\":\"Person\",\"@id\":\"https:\\\/\\\/www.fundacionunicaja.com\\\/campus\\\/#\\\/schema\\\/person\\\/16c011016170405833b64248beaca4c1\",\"name\":\"admin\",\"image\":{\"@type\":\"ImageObject\",\"inLanguage\":\"es\",\"@id\":\"https:\\\/\\\/secure.gravatar.com\\\/avatar\\\/53fe2ed3b30640367a30f4b4978313b87fe50c8c5859f22378ec2886d080b954?s=96&d=mm&r=g\",\"url\":\"https:\\\/\\\/secure.gravatar.com\\\/avatar\\\/53fe2ed3b30640367a30f4b4978313b87fe50c8c5859f22378ec2886d080b954?s=96&d=mm&r=g\",\"contentUrl\":\"https:\\\/\\\/secure.gravatar.com\\\/avatar\\\/53fe2ed3b30640367a30f4b4978313b87fe50c8c5859f22378ec2886d080b954?s=96&d=mm&r=g\",\"caption\":\"admin\"},\"sameAs\":[\"https:\\\/\\\/www.fundacionunicaja.com\\\/\"],\"url\":\"https:\\\/\\\/www.fundacionunicaja.com\\\/campus\\\/author\\\/admin\\\/\"}]}<\/script>\n<!-- \/ Yoast SEO plugin. -->","yoast_head_json":{"title":"Fundaci\u00f3n Unicaja presenta sus Campus de verano con un entrenamiento de puertas abiertas del Unicaja Baloncesto - Campus Fundaci\u00f3n Unicaja","robots":{"index":"index","follow":"follow","max-snippet":"max-snippet:-1","max-image-preview":"max-image-preview:large","max-video-preview":"max-video-preview:-1"},"canonical":"https:\/\/www.fundacionunicaja.com\/campus\/2019\/05\/20\/fundacion-unicaja-presenta-sus-campus-de-verano-con-un-entrenamiento-de-puertas-abiertas-del-unicaja-baloncesto-2\/","og_locale":"es_ES","og_type":"article","og_title":"Fundaci\u00f3n Unicaja presenta sus Campus de verano con un entrenamiento de puertas abiertas del Unicaja Baloncesto - Campus Fundaci\u00f3n Unicaja","og_description":"Fundaci\u00f3n Unicaja ha presentado hoy sus Campus de verano durante un entrenamiento del Unicaja Baloncesto en el Palacio de Deportes Jos\u00e9 Mar\u00eda Mart\u00edn Carpena. Las puertas del pabell\u00f3n se han abierto a las 17.30 horas y los visitantes han podido solicitar una papeleta para participar en el sorteo de una plaza del Campus Baloncesto, que [&hellip;]","og_url":"https:\/\/www.fundacionunicaja.com\/campus\/2019\/05\/20\/fundacion-unicaja-presenta-sus-campus-de-verano-con-un-entrenamiento-de-puertas-abiertas-del-unicaja-baloncesto-2\/","og_site_name":"Campus Fundaci\u00f3n Unicaja","article_published_time":"2019-05-20T18:49:33+00:00","og_image":[{"width":2560,"height":1700,"url":"https:\/\/www.fundacionunicaja.com\/campus\/wp-content\/uploads\/sites\/2\/2015\/09\/Educacion-financiera-Edufinet-2-scaled.jpg","type":"image\/jpeg"}],"author":"admin","twitter_card":"summary_large_image","twitter_misc":{"Escrito por":"admin","Tiempo de lectura":"2 minutos"},"schema":{"@context":"https:\/\/schema.org","@graph":[{"@type":"Article","@id":"https:\/\/www.fundacionunicaja.com\/campus\/2019\/05\/20\/fundacion-unicaja-presenta-sus-campus-de-verano-con-un-entrenamiento-de-puertas-abiertas-del-unicaja-baloncesto-2\/#article","isPartOf":{"@id":"https:\/\/www.fundacionunicaja.com\/campus\/2019\/05\/20\/fundacion-unicaja-presenta-sus-campus-de-verano-con-un-entrenamiento-de-puertas-abiertas-del-unicaja-baloncesto-2\/"},"author":{"name":"admin","@id":"https:\/\/www.fundacionunicaja.com\/campus\/#\/schema\/person\/16c011016170405833b64248beaca4c1"},"headline":"Fundaci\u00f3n Unicaja presenta sus Campus de verano con un entrenamiento de puertas abiertas del Unicaja Baloncesto","datePublished":"2019-05-20T18:49:33+00:00","mainEntityOfPage":{"@id":"https:\/\/www.fundacionunicaja.com\/campus\/2019\/05\/20\/fundacion-unicaja-presenta-sus-campus-de-verano-con-un-entrenamiento-de-puertas-abiertas-del-unicaja-baloncesto-2\/"},"wordCount":483,"commentCount":0,"publisher":{"@id":"https:\/\/www.fundacionunicaja.com\/campus\/#organization"},"image":{"@id":"https:\/\/www.fundacionunicaja.com\/campus\/2019\/05\/20\/fundacion-unicaja-presenta-sus-campus-de-verano-con-un-entrenamiento-de-puertas-abiertas-del-unicaja-baloncesto-2\/#primaryimage"},"thumbnailUrl":"https:\/\/www.fundacionunicaja.com\/campus\/wp-content\/uploads\/sites\/2\/2015\/09\/Educacion-financiera-Edufinet-2-scaled.jpg","keywords":["Campus Unicaja 2019","Campus Unicaja Baloncesto","Entrenamiento Unicaja Baloncesto"],"articleSection":["Baloncesto","General"],"inLanguage":"es","potentialAction":[{"@type":"CommentAction","name":"Comment","target":["https:\/\/www.fundacionunicaja.com\/campus\/2019\/05\/20\/fundacion-unicaja-presenta-sus-campus-de-verano-con-un-entrenamiento-de-puertas-abiertas-del-unicaja-baloncesto-2\/#respond"]}]},{"@type":"WebPage","@id":"https:\/\/www.fundacionunicaja.com\/campus\/2019\/05\/20\/fundacion-unicaja-presenta-sus-campus-de-verano-con-un-entrenamiento-de-puertas-abiertas-del-unicaja-baloncesto-2\/","url":"https:\/\/www.fundacionunicaja.com\/campus\/2019\/05\/20\/fundacion-unicaja-presenta-sus-campus-de-verano-con-un-entrenamiento-de-puertas-abiertas-del-unicaja-baloncesto-2\/","name":"Fundaci\u00f3n Unicaja presenta sus Campus de verano con un entrenamiento de puertas abiertas del Unicaja Baloncesto - Campus Fundaci\u00f3n Unicaja","isPartOf":{"@id":"https:\/\/www.fundacionunicaja.com\/campus\/#website"},"primaryImageOfPage":{"@id":"https:\/\/www.fundacionunicaja.com\/campus\/2019\/05\/20\/fundacion-unicaja-presenta-sus-campus-de-verano-con-un-entrenamiento-de-puertas-abiertas-del-unicaja-baloncesto-2\/#primaryimage"},"image":{"@id":"https:\/\/www.fundacionunicaja.com\/campus\/2019\/05\/20\/fundacion-unicaja-presenta-sus-campus-de-verano-con-un-entrenamiento-de-puertas-abiertas-del-unicaja-baloncesto-2\/#primaryimage"},"thumbnailUrl":"https:\/\/www.fundacionunicaja.com\/campus\/wp-content\/uploads\/sites\/2\/2015\/09\/Educacion-financiera-Edufinet-2-scaled.jpg","datePublished":"2019-05-20T18:49:33+00:00","breadcrumb":{"@id":"https:\/\/www.fundacionunicaja.com\/campus\/2019\/05\/20\/fundacion-unicaja-presenta-sus-campus-de-verano-con-un-entrenamiento-de-puertas-abiertas-del-unicaja-baloncesto-2\/#breadcrumb"},"inLanguage":"es","potentialAction":[{"@type":"ReadAction","target":["https:\/\/www.fundacionunicaja.com\/campus\/2019\/05\/20\/fundacion-unicaja-presenta-sus-campus-de-verano-con-un-entrenamiento-de-puertas-abiertas-del-unicaja-baloncesto-2\/"]}]},{"@type":"ImageObject","inLanguage":"es","@id":"https:\/\/www.fundacionunicaja.com\/campus\/2019\/05\/20\/fundacion-unicaja-presenta-sus-campus-de-verano-con-un-entrenamiento-de-puertas-abiertas-del-unicaja-baloncesto-2\/#primaryimage","url":"https:\/\/www.fundacionunicaja.com\/campus\/wp-content\/uploads\/sites\/2\/2015\/09\/Educacion-financiera-Edufinet-2-scaled.jpg","contentUrl":"https:\/\/www.fundacionunicaja.com\/campus\/wp-content\/uploads\/sites\/2\/2015\/09\/Educacion-financiera-Edufinet-2-scaled.jpg","width":2560,"height":1700,"caption":"Educaci\u00f3n financiera. Edufinet"},{"@type":"BreadcrumbList","@id":"https:\/\/www.fundacionunicaja.com\/campus\/2019\/05\/20\/fundacion-unicaja-presenta-sus-campus-de-verano-con-un-entrenamiento-de-puertas-abiertas-del-unicaja-baloncesto-2\/#breadcrumb","itemListElement":[{"@type":"ListItem","position":1,"name":"Portada","item":"https:\/\/www.fundacionunicaja.com\/campus\/"},{"@type":"ListItem","position":2,"name":"Fundaci\u00f3n Unicaja presenta sus Campus de verano con un entrenamiento de puertas abiertas del Unicaja Baloncesto"}]},{"@type":"WebSite","@id":"https:\/\/www.fundacionunicaja.com\/campus\/#website","url":"https:\/\/www.fundacionunicaja.com\/campus\/","name":"Campus Fundaci\u00f3n Unicaja","description":"","publisher":{"@id":"https:\/\/www.fundacionunicaja.com\/campus\/#organization"},"potentialAction":[{"@type":"SearchAction","target":{"@type":"EntryPoint","urlTemplate":"https:\/\/www.fundacionunicaja.com\/campus\/?s={search_term_string}"},"query-input":{"@type":"PropertyValueSpecification","valueRequired":true,"valueName":"search_term_string"}}],"inLanguage":"es"},{"@type":"Organization","@id":"https:\/\/www.fundacionunicaja.com\/campus\/#organization","name":"Campus Fundaci\u00f3n Unicaja","url":"https:\/\/www.fundacionunicaja.com\/campus\/","logo":{"@type":"ImageObject","inLanguage":"es","@id":"https:\/\/www.fundacionunicaja.com\/campus\/#\/schema\/logo\/image\/","url":"https:\/\/www.fundacionunicaja.com\/campus\/wp-content\/uploads\/sites\/2\/2025\/03\/LOGO_unicaja-1.png","contentUrl":"https:\/\/www.fundacionunicaja.com\/campus\/wp-content\/uploads\/sites\/2\/2025\/03\/LOGO_unicaja-1.png","width":243,"height":69,"caption":"Campus Fundaci\u00f3n Unicaja"},"image":{"@id":"https:\/\/www.fundacionunicaja.com\/campus\/#\/schema\/logo\/image\/"}},{"@type":"Person","@id":"https:\/\/www.fundacionunicaja.com\/campus\/#\/schema\/person\/16c011016170405833b64248beaca4c1","name":"admin","image":{"@type":"ImageObject","inLanguage":"es","@id":"https:\/\/secure.gravatar.com\/avatar\/53fe2ed3b30640367a30f4b4978313b87fe50c8c5859f22378ec2886d080b954?s=96&d=mm&r=g","url":"https:\/\/secure.gravatar.com\/avatar\/53fe2ed3b30640367a30f4b4978313b87fe50c8c5859f22378ec2886d080b954?s=96&d=mm&r=g","contentUrl":"https:\/\/secure.gravatar.com\/avatar\/53fe2ed3b30640367a30f4b4978313b87fe50c8c5859f22378ec2886d080b954?s=96&d=mm&r=g","caption":"admin"},"sameAs":["https:\/\/www.fundacionunicaja.com\/"],"url":"https:\/\/www.fundacionunicaja.com\/campus\/author\/admin\/"}]}},"_links":{"self":[{"href":"https:\/\/www.fundacionunicaja.com\/campus\/wp-json\/wp\/v2\/posts\/54475","targetHints":{"allow":["GET"]}}],"collection":[{"href":"https:\/\/www.fundacionunicaja.com\/campus\/wp-json\/wp\/v2\/posts"}],"about":[{"href":"https:\/\/www.fundacionunicaja.com\/campus\/wp-json\/wp\/v2\/types\/post"}],"author":[{"embeddable":true,"href":"https:\/\/www.fundacionunicaja.com\/campus\/wp-json\/wp\/v2\/users\/1"}],"replies":[{"embeddable":true,"href":"https:\/\/www.fundacionunicaja.com\/campus\/wp-json\/wp\/v2\/comments?post=54475"}],"version-history":[{"count":0,"href":"https:\/\/www.fundacionunicaja.com\/campus\/wp-json\/wp\/v2\/posts\/54475\/revisions"}],"wp:featuredmedia":[{"embeddable":true,"href":"https:\/\/www.fundacionunicaja.com\/campus\/wp-json\/wp\/v2\/media\/4385"}],"wp:attachment":[{"href":"https:\/\/www.fundacionunicaja.com\/campus\/wp-json\/wp\/v2\/media?parent=54475"}],"wp:term":[{"taxonomy":"category","embeddable":true,"href":"https:\/\/www.fundacionunicaja.com\/campus\/wp-json\/wp\/v2\/categories?post=54475"},{"taxonomy":"post_tag","embeddable":true,"href":"https:\/\/www.fundacionunicaja.com\/campus\/wp-json\/wp\/v2\/tags?post=54475"}],"curies":[{"name":"wp","href":"https:\/\/api.w.org\/{rel}","templated":true}]}}