{"id":54463,"date":"2018-08-05T17:10:17","date_gmt":"2018-08-05T17:10:17","guid":{"rendered":"https:\/\/fundacionunicaja.oletecnologia.com\/?p=4045"},"modified":"2018-08-05T17:10:17","modified_gmt":"2018-08-05T17:10:17","slug":"tercer-turno-campus-ronda-dice-adios-ano-viene","status":"publish","type":"post","link":"https:\/\/www.fundacionunicaja.com\/campus\/2018\/08\/05\/tercer-turno-campus-ronda-dice-adios-ano-viene\/","title":{"rendered":"El tercer turno de Campus Ronda dice adios hasta el a\u00f1o que viene"},"content":{"rendered":"<p>Ponemos punto y final al tercer turno de Campus Ronda tras un d\u00eda muy intenso. En el d\u00eda de ayer los chicos y chicas salieron de excursi\u00f3n a Ronda en el que tras un baile en la plaza del Socorro tuvieron unas horas libres para realizar sus compras. Adem\u00e1s los ganadores de la gymkana del jueves disfrutaron de un almuerzo a gastos pagados en el Burguer King.<\/p>\n<p>Por la tarde y tras reponer fuerzas en la siesta en este caluroso d\u00eda, nuestros chicos tuvieron una hora para refrescarse en la piscina y prepararse para la gymkana de los colores, en la que tras superar diversas pruebas, consiguieron polvos de colores para m\u00e1s tarde lanzarlos al aire y pintar el cielo al ritmo de la m\u00fasica.<\/p>\n<p>Por la noche tuvimos una velada de clausura muy emotiva en la que cantamos, se despidieron todos los personajes que nos han acompa\u00f1ado a lo largo de la semana y vimos los videos de todo lo que ha sido este intenso tercer turno. Tras los fuegos artificiales nuestros chicos y chicas no pudieron contener las lagrimas de emoci\u00f3n y tristeza por poner fin a su experiencia en Campus Ronda, pero con la intenci\u00f3n de volver el a\u00f1o que viene.<\/p>\n\n","protected":false},"excerpt":{"rendered":"<p>Ponemos punto y final al tercer turno de Campus Ronda tras un d\u00eda muy intenso. En el d\u00eda de ayer los chicos y chicas salieron de excursi\u00f3n a Ronda en el que tras un baile en la plaza del Socorro tuvieron unas horas libres para realizar sus compras. Adem\u00e1s los ganadores de la gymkana del [&hellip;]<\/p>\n","protected":false},"author":1,"featured_media":4050,"comment_status":"open","ping_status":"open","sticky":false,"template":"","format":"standard","meta":{"_acf_changed":false,"footnotes":""},"categories":[21,25],"tags":[28,33,42,117,35],"class_list":["post-54463","post","type-post","status-publish","format-standard","has-post-thumbnail","hentry","category-general","category-ronda","tag-campus","tag-fundacion","tag-ronda","tag-tercer-turno","tag-unicaja"],"acf":[],"yoast_head":"<!-- This site is optimized with the Yoast SEO plugin v27.4 - https:\/\/yoast.com\/product\/yoast-seo-wordpress\/ -->\n<title>El tercer turno de Campus Ronda dice adios hasta el a\u00f1o que viene - Campus Fundaci\u00f3n Unicaja<\/title>\n<meta name=\"robots\" content=\"index, follow, max-snippet:-1, max-image-preview:large, max-video-preview:-1\" \/>\n<link rel=\"canonical\" href=\"https:\/\/www.fundacionunicaja.com\/campus\/2018\/08\/05\/tercer-turno-campus-ronda-dice-adios-ano-viene\/\" \/>\n<meta property=\"og:locale\" content=\"es_ES\" \/>\n<meta property=\"og:type\" content=\"article\" \/>\n<meta property=\"og:title\" content=\"El tercer turno de Campus Ronda dice adios hasta el a\u00f1o que viene - Campus Fundaci\u00f3n Unicaja\" \/>\n<meta property=\"og:description\" content=\"Ponemos punto y final al tercer turno de Campus Ronda tras un d\u00eda muy intenso. En el d\u00eda de ayer los chicos y chicas salieron de excursi\u00f3n a Ronda en el que tras un baile en la plaza del Socorro tuvieron unas horas libres para realizar sus compras. Adem\u00e1s los ganadores de la gymkana del [&hellip;]\" \/>\n<meta property=\"og:url\" content=\"https:\/\/www.fundacionunicaja.com\/campus\/2018\/08\/05\/tercer-turno-campus-ronda-dice-adios-ano-viene\/\" \/>\n<meta property=\"og:site_name\" content=\"Campus Fundaci\u00f3n Unicaja\" \/>\n<meta property=\"article:published_time\" content=\"2018-08-05T17:10:17+00:00\" \/>\n<meta name=\"author\" content=\"admin\" \/>\n<meta name=\"twitter:card\" content=\"summary_large_image\" \/>\n<meta name=\"twitter:label1\" content=\"Escrito por\" \/>\n\t<meta name=\"twitter:data1\" content=\"admin\" \/>\n\t<meta name=\"twitter:label2\" content=\"Tiempo de lectura\" \/>\n\t<meta name=\"twitter:data2\" content=\"1 minuto\" \/>\n<script type=\"application\/ld+json\" class=\"yoast-schema-graph\">{\"@context\":\"https:\\\/\\\/schema.org\",\"@graph\":[{\"@type\":\"Article\",\"@id\":\"https:\\\/\\\/www.fundacionunicaja.com\\\/campus\\\/2018\\\/08\\\/05\\\/tercer-turno-campus-ronda-dice-adios-ano-viene\\\/#article\",\"isPartOf\":{\"@id\":\"https:\\\/\\\/www.fundacionunicaja.com\\\/campus\\\/2018\\\/08\\\/05\\\/tercer-turno-campus-ronda-dice-adios-ano-viene\\\/\"},\"author\":{\"name\":\"admin\",\"@id\":\"https:\\\/\\\/www.fundacionunicaja.com\\\/campus\\\/#\\\/schema\\\/person\\\/16c011016170405833b64248beaca4c1\"},\"headline\":\"El tercer turno de Campus Ronda dice adios hasta el a\u00f1o que viene\",\"datePublished\":\"2018-08-05T17:10:17+00:00\",\"mainEntityOfPage\":{\"@id\":\"https:\\\/\\\/www.fundacionunicaja.com\\\/campus\\\/2018\\\/08\\\/05\\\/tercer-turno-campus-ronda-dice-adios-ano-viene\\\/\"},\"wordCount\":234,\"commentCount\":0,\"publisher\":{\"@id\":\"https:\\\/\\\/www.fundacionunicaja.com\\\/campus\\\/#organization\"},\"image\":{\"@id\":\"https:\\\/\\\/www.fundacionunicaja.com\\\/campus\\\/2018\\\/08\\\/05\\\/tercer-turno-campus-ronda-dice-adios-ano-viene\\\/#primaryimage\"},\"thumbnailUrl\":\"https:\\\/\\\/www.fundacionunicaja.com\\\/campus\\\/wp-content\\\/uploads\\\/sites\\\/2\\\/2015\\\/04\\\/CR1-BARCA-BIC-pdf.jpg\",\"keywords\":[\"campus\",\"fundacion\",\"Ronda\",\"tercer turno\",\"unicaja\"],\"articleSection\":[\"General\",\"Ronda\"],\"inLanguage\":\"es\",\"potentialAction\":[{\"@type\":\"CommentAction\",\"name\":\"Comment\",\"target\":[\"https:\\\/\\\/www.fundacionunicaja.com\\\/campus\\\/2018\\\/08\\\/05\\\/tercer-turno-campus-ronda-dice-adios-ano-viene\\\/#respond\"]}]},{\"@type\":\"WebPage\",\"@id\":\"https:\\\/\\\/www.fundacionunicaja.com\\\/campus\\\/2018\\\/08\\\/05\\\/tercer-turno-campus-ronda-dice-adios-ano-viene\\\/\",\"url\":\"https:\\\/\\\/www.fundacionunicaja.com\\\/campus\\\/2018\\\/08\\\/05\\\/tercer-turno-campus-ronda-dice-adios-ano-viene\\\/\",\"name\":\"El tercer turno de Campus Ronda dice adios hasta el a\u00f1o que viene - Campus Fundaci\u00f3n Unicaja\",\"isPartOf\":{\"@id\":\"https:\\\/\\\/www.fundacionunicaja.com\\\/campus\\\/#website\"},\"primaryImageOfPage\":{\"@id\":\"https:\\\/\\\/www.fundacionunicaja.com\\\/campus\\\/2018\\\/08\\\/05\\\/tercer-turno-campus-ronda-dice-adios-ano-viene\\\/#primaryimage\"},\"image\":{\"@id\":\"https:\\\/\\\/www.fundacionunicaja.com\\\/campus\\\/2018\\\/08\\\/05\\\/tercer-turno-campus-ronda-dice-adios-ano-viene\\\/#primaryimage\"},\"thumbnailUrl\":\"https:\\\/\\\/www.fundacionunicaja.com\\\/campus\\\/wp-content\\\/uploads\\\/sites\\\/2\\\/2015\\\/04\\\/CR1-BARCA-BIC-pdf.jpg\",\"datePublished\":\"2018-08-05T17:10:17+00:00\",\"breadcrumb\":{\"@id\":\"https:\\\/\\\/www.fundacionunicaja.com\\\/campus\\\/2018\\\/08\\\/05\\\/tercer-turno-campus-ronda-dice-adios-ano-viene\\\/#breadcrumb\"},\"inLanguage\":\"es\",\"potentialAction\":[{\"@type\":\"ReadAction\",\"target\":[\"https:\\\/\\\/www.fundacionunicaja.com\\\/campus\\\/2018\\\/08\\\/05\\\/tercer-turno-campus-ronda-dice-adios-ano-viene\\\/\"]}]},{\"@type\":\"ImageObject\",\"inLanguage\":\"es\",\"@id\":\"https:\\\/\\\/www.fundacionunicaja.com\\\/campus\\\/2018\\\/08\\\/05\\\/tercer-turno-campus-ronda-dice-adios-ano-viene\\\/#primaryimage\",\"url\":\"https:\\\/\\\/www.fundacionunicaja.com\\\/campus\\\/wp-content\\\/uploads\\\/sites\\\/2\\\/2015\\\/04\\\/CR1-BARCA-BIC-pdf.jpg\",\"contentUrl\":\"https:\\\/\\\/www.fundacionunicaja.com\\\/campus\\\/wp-content\\\/uploads\\\/sites\\\/2\\\/2015\\\/04\\\/CR1-BARCA-BIC-pdf.jpg\"},{\"@type\":\"BreadcrumbList\",\"@id\":\"https:\\\/\\\/www.fundacionunicaja.com\\\/campus\\\/2018\\\/08\\\/05\\\/tercer-turno-campus-ronda-dice-adios-ano-viene\\\/#breadcrumb\",\"itemListElement\":[{\"@type\":\"ListItem\",\"position\":1,\"name\":\"Portada\",\"item\":\"https:\\\/\\\/www.fundacionunicaja.com\\\/campus\\\/\"},{\"@type\":\"ListItem\",\"position\":2,\"name\":\"El tercer turno de Campus Ronda dice adios hasta el a\u00f1o que viene\"}]},{\"@type\":\"WebSite\",\"@id\":\"https:\\\/\\\/www.fundacionunicaja.com\\\/campus\\\/#website\",\"url\":\"https:\\\/\\\/www.fundacionunicaja.com\\\/campus\\\/\",\"name\":\"Campus Fundaci\u00f3n Unicaja\",\"description\":\"\",\"publisher\":{\"@id\":\"https:\\\/\\\/www.fundacionunicaja.com\\\/campus\\\/#organization\"},\"potentialAction\":[{\"@type\":\"SearchAction\",\"target\":{\"@type\":\"EntryPoint\",\"urlTemplate\":\"https:\\\/\\\/www.fundacionunicaja.com\\\/campus\\\/?s={search_term_string}\"},\"query-input\":{\"@type\":\"PropertyValueSpecification\",\"valueRequired\":true,\"valueName\":\"search_term_string\"}}],\"inLanguage\":\"es\"},{\"@type\":\"Organization\",\"@id\":\"https:\\\/\\\/www.fundacionunicaja.com\\\/campus\\\/#organization\",\"name\":\"Campus Fundaci\u00f3n Unicaja\",\"url\":\"https:\\\/\\\/www.fundacionunicaja.com\\\/campus\\\/\",\"logo\":{\"@type\":\"ImageObject\",\"inLanguage\":\"es\",\"@id\":\"https:\\\/\\\/www.fundacionunicaja.com\\\/campus\\\/#\\\/schema\\\/logo\\\/image\\\/\",\"url\":\"https:\\\/\\\/www.fundacionunicaja.com\\\/campus\\\/wp-content\\\/uploads\\\/sites\\\/2\\\/2025\\\/03\\\/LOGO_unicaja-1.png\",\"contentUrl\":\"https:\\\/\\\/www.fundacionunicaja.com\\\/campus\\\/wp-content\\\/uploads\\\/sites\\\/2\\\/2025\\\/03\\\/LOGO_unicaja-1.png\",\"width\":243,\"height\":69,\"caption\":\"Campus Fundaci\u00f3n Unicaja\"},\"image\":{\"@id\":\"https:\\\/\\\/www.fundacionunicaja.com\\\/campus\\\/#\\\/schema\\\/logo\\\/image\\\/\"}},{\"@type\":\"Person\",\"@id\":\"https:\\\/\\\/www.fundacionunicaja.com\\\/campus\\\/#\\\/schema\\\/person\\\/16c011016170405833b64248beaca4c1\",\"name\":\"admin\",\"image\":{\"@type\":\"ImageObject\",\"inLanguage\":\"es\",\"@id\":\"https:\\\/\\\/secure.gravatar.com\\\/avatar\\\/53fe2ed3b30640367a30f4b4978313b87fe50c8c5859f22378ec2886d080b954?s=96&d=mm&r=g\",\"url\":\"https:\\\/\\\/secure.gravatar.com\\\/avatar\\\/53fe2ed3b30640367a30f4b4978313b87fe50c8c5859f22378ec2886d080b954?s=96&d=mm&r=g\",\"contentUrl\":\"https:\\\/\\\/secure.gravatar.com\\\/avatar\\\/53fe2ed3b30640367a30f4b4978313b87fe50c8c5859f22378ec2886d080b954?s=96&d=mm&r=g\",\"caption\":\"admin\"},\"sameAs\":[\"https:\\\/\\\/www.fundacionunicaja.com\\\/\"],\"url\":\"https:\\\/\\\/www.fundacionunicaja.com\\\/campus\\\/author\\\/admin\\\/\"}]}<\/script>\n<!-- \/ Yoast SEO plugin. -->","yoast_head_json":{"title":"El tercer turno de Campus Ronda dice adios hasta el a\u00f1o que viene - Campus Fundaci\u00f3n Unicaja","robots":{"index":"index","follow":"follow","max-snippet":"max-snippet:-1","max-image-preview":"max-image-preview:large","max-video-preview":"max-video-preview:-1"},"canonical":"https:\/\/www.fundacionunicaja.com\/campus\/2018\/08\/05\/tercer-turno-campus-ronda-dice-adios-ano-viene\/","og_locale":"es_ES","og_type":"article","og_title":"El tercer turno de Campus Ronda dice adios hasta el a\u00f1o que viene - Campus Fundaci\u00f3n Unicaja","og_description":"Ponemos punto y final al tercer turno de Campus Ronda tras un d\u00eda muy intenso. En el d\u00eda de ayer los chicos y chicas salieron de excursi\u00f3n a Ronda en el que tras un baile en la plaza del Socorro tuvieron unas horas libres para realizar sus compras. Adem\u00e1s los ganadores de la gymkana del [&hellip;]","og_url":"https:\/\/www.fundacionunicaja.com\/campus\/2018\/08\/05\/tercer-turno-campus-ronda-dice-adios-ano-viene\/","og_site_name":"Campus Fundaci\u00f3n Unicaja","article_published_time":"2018-08-05T17:10:17+00:00","author":"admin","twitter_card":"summary_large_image","twitter_misc":{"Escrito por":"admin","Tiempo de lectura":"1 minuto"},"schema":{"@context":"https:\/\/schema.org","@graph":[{"@type":"Article","@id":"https:\/\/www.fundacionunicaja.com\/campus\/2018\/08\/05\/tercer-turno-campus-ronda-dice-adios-ano-viene\/#article","isPartOf":{"@id":"https:\/\/www.fundacionunicaja.com\/campus\/2018\/08\/05\/tercer-turno-campus-ronda-dice-adios-ano-viene\/"},"author":{"name":"admin","@id":"https:\/\/www.fundacionunicaja.com\/campus\/#\/schema\/person\/16c011016170405833b64248beaca4c1"},"headline":"El tercer turno de Campus Ronda dice adios hasta el a\u00f1o que viene","datePublished":"2018-08-05T17:10:17+00:00","mainEntityOfPage":{"@id":"https:\/\/www.fundacionunicaja.com\/campus\/2018\/08\/05\/tercer-turno-campus-ronda-dice-adios-ano-viene\/"},"wordCount":234,"commentCount":0,"publisher":{"@id":"https:\/\/www.fundacionunicaja.com\/campus\/#organization"},"image":{"@id":"https:\/\/www.fundacionunicaja.com\/campus\/2018\/08\/05\/tercer-turno-campus-ronda-dice-adios-ano-viene\/#primaryimage"},"thumbnailUrl":"https:\/\/www.fundacionunicaja.com\/campus\/wp-content\/uploads\/sites\/2\/2015\/04\/CR1-BARCA-BIC-pdf.jpg","keywords":["campus","fundacion","Ronda","tercer turno","unicaja"],"articleSection":["General","Ronda"],"inLanguage":"es","potentialAction":[{"@type":"CommentAction","name":"Comment","target":["https:\/\/www.fundacionunicaja.com\/campus\/2018\/08\/05\/tercer-turno-campus-ronda-dice-adios-ano-viene\/#respond"]}]},{"@type":"WebPage","@id":"https:\/\/www.fundacionunicaja.com\/campus\/2018\/08\/05\/tercer-turno-campus-ronda-dice-adios-ano-viene\/","url":"https:\/\/www.fundacionunicaja.com\/campus\/2018\/08\/05\/tercer-turno-campus-ronda-dice-adios-ano-viene\/","name":"El tercer turno de Campus Ronda dice adios hasta el a\u00f1o que viene - Campus Fundaci\u00f3n Unicaja","isPartOf":{"@id":"https:\/\/www.fundacionunicaja.com\/campus\/#website"},"primaryImageOfPage":{"@id":"https:\/\/www.fundacionunicaja.com\/campus\/2018\/08\/05\/tercer-turno-campus-ronda-dice-adios-ano-viene\/#primaryimage"},"image":{"@id":"https:\/\/www.fundacionunicaja.com\/campus\/2018\/08\/05\/tercer-turno-campus-ronda-dice-adios-ano-viene\/#primaryimage"},"thumbnailUrl":"https:\/\/www.fundacionunicaja.com\/campus\/wp-content\/uploads\/sites\/2\/2015\/04\/CR1-BARCA-BIC-pdf.jpg","datePublished":"2018-08-05T17:10:17+00:00","breadcrumb":{"@id":"https:\/\/www.fundacionunicaja.com\/campus\/2018\/08\/05\/tercer-turno-campus-ronda-dice-adios-ano-viene\/#breadcrumb"},"inLanguage":"es","potentialAction":[{"@type":"ReadAction","target":["https:\/\/www.fundacionunicaja.com\/campus\/2018\/08\/05\/tercer-turno-campus-ronda-dice-adios-ano-viene\/"]}]},{"@type":"ImageObject","inLanguage":"es","@id":"https:\/\/www.fundacionunicaja.com\/campus\/2018\/08\/05\/tercer-turno-campus-ronda-dice-adios-ano-viene\/#primaryimage","url":"https:\/\/www.fundacionunicaja.com\/campus\/wp-content\/uploads\/sites\/2\/2015\/04\/CR1-BARCA-BIC-pdf.jpg","contentUrl":"https:\/\/www.fundacionunicaja.com\/campus\/wp-content\/uploads\/sites\/2\/2015\/04\/CR1-BARCA-BIC-pdf.jpg"},{"@type":"BreadcrumbList","@id":"https:\/\/www.fundacionunicaja.com\/campus\/2018\/08\/05\/tercer-turno-campus-ronda-dice-adios-ano-viene\/#breadcrumb","itemListElement":[{"@type":"ListItem","position":1,"name":"Portada","item":"https:\/\/www.fundacionunicaja.com\/campus\/"},{"@type":"ListItem","position":2,"name":"El tercer turno de Campus Ronda dice adios hasta el a\u00f1o que viene"}]},{"@type":"WebSite","@id":"https:\/\/www.fundacionunicaja.com\/campus\/#website","url":"https:\/\/www.fundacionunicaja.com\/campus\/","name":"Campus Fundaci\u00f3n Unicaja","description":"","publisher":{"@id":"https:\/\/www.fundacionunicaja.com\/campus\/#organization"},"potentialAction":[{"@type":"SearchAction","target":{"@type":"EntryPoint","urlTemplate":"https:\/\/www.fundacionunicaja.com\/campus\/?s={search_term_string}"},"query-input":{"@type":"PropertyValueSpecification","valueRequired":true,"valueName":"search_term_string"}}],"inLanguage":"es"},{"@type":"Organization","@id":"https:\/\/www.fundacionunicaja.com\/campus\/#organization","name":"Campus Fundaci\u00f3n Unicaja","url":"https:\/\/www.fundacionunicaja.com\/campus\/","logo":{"@type":"ImageObject","inLanguage":"es","@id":"https:\/\/www.fundacionunicaja.com\/campus\/#\/schema\/logo\/image\/","url":"https:\/\/www.fundacionunicaja.com\/campus\/wp-content\/uploads\/sites\/2\/2025\/03\/LOGO_unicaja-1.png","contentUrl":"https:\/\/www.fundacionunicaja.com\/campus\/wp-content\/uploads\/sites\/2\/2025\/03\/LOGO_unicaja-1.png","width":243,"height":69,"caption":"Campus Fundaci\u00f3n Unicaja"},"image":{"@id":"https:\/\/www.fundacionunicaja.com\/campus\/#\/schema\/logo\/image\/"}},{"@type":"Person","@id":"https:\/\/www.fundacionunicaja.com\/campus\/#\/schema\/person\/16c011016170405833b64248beaca4c1","name":"admin","image":{"@type":"ImageObject","inLanguage":"es","@id":"https:\/\/secure.gravatar.com\/avatar\/53fe2ed3b30640367a30f4b4978313b87fe50c8c5859f22378ec2886d080b954?s=96&d=mm&r=g","url":"https:\/\/secure.gravatar.com\/avatar\/53fe2ed3b30640367a30f4b4978313b87fe50c8c5859f22378ec2886d080b954?s=96&d=mm&r=g","contentUrl":"https:\/\/secure.gravatar.com\/avatar\/53fe2ed3b30640367a30f4b4978313b87fe50c8c5859f22378ec2886d080b954?s=96&d=mm&r=g","caption":"admin"},"sameAs":["https:\/\/www.fundacionunicaja.com\/"],"url":"https:\/\/www.fundacionunicaja.com\/campus\/author\/admin\/"}]}},"_links":{"self":[{"href":"https:\/\/www.fundacionunicaja.com\/campus\/wp-json\/wp\/v2\/posts\/54463","targetHints":{"allow":["GET"]}}],"collection":[{"href":"https:\/\/www.fundacionunicaja.com\/campus\/wp-json\/wp\/v2\/posts"}],"about":[{"href":"https:\/\/www.fundacionunicaja.com\/campus\/wp-json\/wp\/v2\/types\/post"}],"author":[{"embeddable":true,"href":"https:\/\/www.fundacionunicaja.com\/campus\/wp-json\/wp\/v2\/users\/1"}],"replies":[{"embeddable":true,"href":"https:\/\/www.fundacionunicaja.com\/campus\/wp-json\/wp\/v2\/comments?post=54463"}],"version-history":[{"count":0,"href":"https:\/\/www.fundacionunicaja.com\/campus\/wp-json\/wp\/v2\/posts\/54463\/revisions"}],"wp:featuredmedia":[{"embeddable":true,"href":"https:\/\/www.fundacionunicaja.com\/campus\/wp-json\/wp\/v2\/media\/4050"}],"wp:attachment":[{"href":"https:\/\/www.fundacionunicaja.com\/campus\/wp-json\/wp\/v2\/media?parent=54463"}],"wp:term":[{"taxonomy":"category","embeddable":true,"href":"https:\/\/www.fundacionunicaja.com\/campus\/wp-json\/wp\/v2\/categories?post=54463"},{"taxonomy":"post_tag","embeddable":true,"href":"https:\/\/www.fundacionunicaja.com\/campus\/wp-json\/wp\/v2\/tags?post=54463"}],"curies":[{"name":"wp","href":"https:\/\/api.w.org\/{rel}","templated":true}]}}