{"id":5420,"date":"2022-02-28T13:16:54","date_gmt":"2022-02-28T13:16:54","guid":{"rendered":"https:\/\/fundacionunicaja.oletecnologia.com\/?p=5420"},"modified":"2022-02-28T13:16:54","modified_gmt":"2022-02-28T13:16:54","slug":"el-campus-nieve-en-sierra-nevada-abre-la-nueva-temporada-de-los-campamentos-de-la-fundacion-unicaja-2","status":"publish","type":"post","link":"https:\/\/www.fundacionunicaja.com\/campus\/2022\/02\/28\/el-campus-nieve-en-sierra-nevada-abre-la-nueva-temporada-de-los-campamentos-de-la-fundacion-unicaja-2\/","title":{"rendered":"El Campus Nieve en Sierra Nevada abre la nueva temporada de los campamentos de la Fundaci\u00f3n Unicaja"},"content":{"rendered":"\n<p><strong>Fundaci\u00f3n Unicaja<\/strong> ha iniciado su temporada de campamentos con la celebraci\u00f3n del Campus Nieve, que reunir\u00e1 a 70 participantes en Sierra Nevada durante las vacaciones de Semana Blanca. El primero de los campamentos de la Fundaci\u00f3n Unicaja ofrece una experiencia inolvidable en una de las estaciones de esqu\u00ed m\u00e1s populares del pa\u00eds. Este Campus cubri\u00f3 todas sus plazas en muy poco tiempo tras abrir sus inscripciones, siendo incluso necesaria la ampliaci\u00f3n del total de las ofertadas inicialmente.<\/p>\n\n\n\n<p>El campamento comenz\u00f3 ayer domingo y se desarrollar\u00e1 hasta el pr\u00f3ximo jueves. Se trata de un Campus en el que la nieve es la absoluta protagonista, permitiendo a los participantes iniciarse en la pr\u00e1ctica de deportes como el esqu\u00ed y el <em>snowboard, <\/em>o perfeccionarla. Adem\u00e1s del plano puramente deportivo, este Campus ofrece otras actividades de entretenimiento como juegos de nieve, <em>tubbing, <\/em>yincanas y descenso en trineo, entre otras. Al final del d\u00eda se celebran veladas nocturnas con juegos de animaci\u00f3n conducidos por los monitores.<\/p>\n\n\n\n<p>En todo momento los j\u00f3venes estar\u00e1n acompa\u00f1ados por monitores cualificados con los que practicar\u00e1n los deportes de nieve durante cinco horas diarias y en grupos de todos los niveles: iniciaci\u00f3n, intermedio, perfecci\u00f3n y alto rendimiento. Cada uno de los participantes cuenta con un sistema de identificaci\u00f3n en pista, equipo completo con casco y pulsera de control.<\/p>\n\n\n\n<p>Este Campus es el \u00fanico de la Fundaci\u00f3n Unicaja que se celebra en la temporada invernal y uno de sus puntos fuertes es la excelente ubicaci\u00f3n de sus instalaciones, a 2.100 metros de altitud en la localidad de Monachil.<\/p>\n\n\n\n<p><strong>Vuelven los Campus Fundaci\u00f3n Unicaja<\/strong><\/p>\n\n\n\n<p>Fundaci\u00f3n Unicaja ha retomado este 2022 la celebraci\u00f3n de sus Campus, una iniciativa para promover la formaci\u00f3n integral de ni\u00f1os y j\u00f3venes en la que la pr\u00e1ctica deportiva y el ocio van unidos. Este a\u00f1o la oferta de campamentos de la instituci\u00f3n volver\u00e1 a reunir a miles de asistentes en sus Campus Sabinillas, <em>English Camp<\/em>, Ronda, Baloncesto (M\u00e1laga), Nieve (Sierra Nevada) y N\u00e1utico (C\u00e1diz).<\/p>\n\n\n\n<p>Los interesados pueden formalizar la inscripci\u00f3n para los Campus Fundaci\u00f3n Unicajaa trav\u00e9s de la web <a href=\"https:\/\/fundacionunicaja.oletecnologia.com\">fundacionunicaja.oletecnologia.com<\/a> y solicitar informaci\u00f3n a trav\u00e9s del n\u00famero de tel\u00e9fono 952 876 832 (en horario de lunes a viernes de 8:00 a 15:00 horas) y el correo electr\u00f3nico <a href=\"mailto:campus@fundacionunicaja.com\">campus@fundacionunicaja.com<\/a>.<\/p>\n\n\n\n<figure class=\"wp-block-gallery columns-2 is-cropped wp-block-gallery-1 is-layout-flex wp-block-gallery-is-layout-flex\"><ul class=\"blocks-gallery-grid\"><li class=\"blocks-gallery-item\"><figure><img decoding=\"async\" src=\"https:\/\/fundacionunicaja.oletecnologia.com\/wp-content\/uploads\/2022\/02\/Nieve-2-1024x711.jpg\" alt=\"\" data-id=\"5422\" data-full-url=\"https:\/\/fundacionunicaja.oletecnologia.com\/wp-content\/uploads\/2022\/02\/Nieve-2.jpg\" data-link=\"https:\/\/fundacionunicaja.oletecnologia.com\/?attachment_id=5422\" class=\"wp-image-5422\" \/><\/figure><\/li><li class=\"blocks-gallery-item\"><figure><img decoding=\"async\" src=\"https:\/\/fundacionunicaja.oletecnologia.com\/wp-content\/uploads\/2022\/02\/Nieve-3-1024x683.jpg\" alt=\"\" data-id=\"5423\" data-full-url=\"https:\/\/fundacionunicaja.oletecnologia.com\/wp-content\/uploads\/2022\/02\/Nieve-3.jpg\" data-link=\"https:\/\/fundacionunicaja.oletecnologia.com\/?attachment_id=5423\" class=\"wp-image-5423\" \/><\/figure><\/li><\/ul><\/figure>\n\n\n\n<p><\/p>\n\n\n\n<p><\/p>\n","protected":false},"excerpt":{"rendered":"<p>Fundaci\u00f3n Unicaja ha iniciado su temporada de campamentos con la celebraci\u00f3n del Campus Nieve, que reunir\u00e1 a 70 participantes en Sierra Nevada durante las vacaciones de Semana Blanca. El primero de los campamentos de la Fundaci\u00f3n Unicaja ofrece una experiencia inolvidable en una de las estaciones de esqu\u00ed m\u00e1s populares del pa\u00eds. Este Campus cubri\u00f3 [&hellip;]<\/p>\n","protected":false},"author":1,"featured_media":5421,"comment_status":"open","ping_status":"open","sticky":false,"template":"","format":"standard","meta":{"_acf_changed":false,"footnotes":""},"categories":[21,172],"tags":[],"class_list":["post-5420","post","type-post","status-publish","format-standard","has-post-thumbnail","hentry","category-general","category-nieve"],"acf":[],"yoast_head":"<!-- This site is optimized with the Yoast SEO plugin v27.4 - https:\/\/yoast.com\/product\/yoast-seo-wordpress\/ -->\n<title>El Campus Nieve en Sierra Nevada abre la nueva temporada de los campamentos de la Fundaci\u00f3n Unicaja - Campus Fundaci\u00f3n Unicaja<\/title>\n<meta name=\"robots\" content=\"index, follow, max-snippet:-1, max-image-preview:large, max-video-preview:-1\" \/>\n<link rel=\"canonical\" href=\"https:\/\/www.fundacionunicaja.com\/campus\/2022\/02\/28\/el-campus-nieve-en-sierra-nevada-abre-la-nueva-temporada-de-los-campamentos-de-la-fundacion-unicaja-2\/\" \/>\n<meta property=\"og:locale\" content=\"es_ES\" \/>\n<meta property=\"og:type\" content=\"article\" \/>\n<meta property=\"og:title\" content=\"El Campus Nieve en Sierra Nevada abre la nueva temporada de los campamentos de la Fundaci\u00f3n Unicaja - Campus Fundaci\u00f3n Unicaja\" \/>\n<meta property=\"og:description\" content=\"Fundaci\u00f3n Unicaja ha iniciado su temporada de campamentos con la celebraci\u00f3n del Campus Nieve, que reunir\u00e1 a 70 participantes en Sierra Nevada durante las vacaciones de Semana Blanca. El primero de los campamentos de la Fundaci\u00f3n Unicaja ofrece una experiencia inolvidable en una de las estaciones de esqu\u00ed m\u00e1s populares del pa\u00eds. Este Campus cubri\u00f3 [&hellip;]\" \/>\n<meta property=\"og:url\" content=\"https:\/\/www.fundacionunicaja.com\/campus\/2022\/02\/28\/el-campus-nieve-en-sierra-nevada-abre-la-nueva-temporada-de-los-campamentos-de-la-fundacion-unicaja-2\/\" \/>\n<meta property=\"og:site_name\" content=\"Campus Fundaci\u00f3n Unicaja\" \/>\n<meta property=\"article:published_time\" content=\"2022-02-28T13:16:54+00:00\" \/>\n<meta name=\"author\" content=\"admin\" \/>\n<meta name=\"twitter:card\" content=\"summary_large_image\" \/>\n<meta name=\"twitter:label1\" content=\"Escrito por\" \/>\n\t<meta name=\"twitter:data1\" content=\"admin\" \/>\n\t<meta name=\"twitter:label2\" content=\"Tiempo de lectura\" \/>\n\t<meta name=\"twitter:data2\" content=\"2 minutos\" \/>\n<script type=\"application\/ld+json\" class=\"yoast-schema-graph\">{\"@context\":\"https:\\\/\\\/schema.org\",\"@graph\":[{\"@type\":\"Article\",\"@id\":\"https:\\\/\\\/www.fundacionunicaja.com\\\/campus\\\/2022\\\/02\\\/28\\\/el-campus-nieve-en-sierra-nevada-abre-la-nueva-temporada-de-los-campamentos-de-la-fundacion-unicaja-2\\\/#article\",\"isPartOf\":{\"@id\":\"https:\\\/\\\/www.fundacionunicaja.com\\\/campus\\\/2022\\\/02\\\/28\\\/el-campus-nieve-en-sierra-nevada-abre-la-nueva-temporada-de-los-campamentos-de-la-fundacion-unicaja-2\\\/\"},\"author\":{\"name\":\"admin\",\"@id\":\"https:\\\/\\\/www.fundacionunicaja.com\\\/campus\\\/#\\\/schema\\\/person\\\/16c011016170405833b64248beaca4c1\"},\"headline\":\"El Campus Nieve en Sierra Nevada abre la nueva temporada de los campamentos de la Fundaci\u00f3n Unicaja\",\"datePublished\":\"2022-02-28T13:16:54+00:00\",\"mainEntityOfPage\":{\"@id\":\"https:\\\/\\\/www.fundacionunicaja.com\\\/campus\\\/2022\\\/02\\\/28\\\/el-campus-nieve-en-sierra-nevada-abre-la-nueva-temporada-de-los-campamentos-de-la-fundacion-unicaja-2\\\/\"},\"wordCount\":423,\"commentCount\":0,\"publisher\":{\"@id\":\"https:\\\/\\\/www.fundacionunicaja.com\\\/campus\\\/#organization\"},\"image\":{\"@id\":\"https:\\\/\\\/www.fundacionunicaja.com\\\/campus\\\/2022\\\/02\\\/28\\\/el-campus-nieve-en-sierra-nevada-abre-la-nueva-temporada-de-los-campamentos-de-la-fundacion-unicaja-2\\\/#primaryimage\"},\"thumbnailUrl\":\"\",\"articleSection\":[\"General\",\"Nieve\"],\"inLanguage\":\"es\",\"potentialAction\":[{\"@type\":\"CommentAction\",\"name\":\"Comment\",\"target\":[\"https:\\\/\\\/www.fundacionunicaja.com\\\/campus\\\/2022\\\/02\\\/28\\\/el-campus-nieve-en-sierra-nevada-abre-la-nueva-temporada-de-los-campamentos-de-la-fundacion-unicaja-2\\\/#respond\"]}]},{\"@type\":\"WebPage\",\"@id\":\"https:\\\/\\\/www.fundacionunicaja.com\\\/campus\\\/2022\\\/02\\\/28\\\/el-campus-nieve-en-sierra-nevada-abre-la-nueva-temporada-de-los-campamentos-de-la-fundacion-unicaja-2\\\/\",\"url\":\"https:\\\/\\\/www.fundacionunicaja.com\\\/campus\\\/2022\\\/02\\\/28\\\/el-campus-nieve-en-sierra-nevada-abre-la-nueva-temporada-de-los-campamentos-de-la-fundacion-unicaja-2\\\/\",\"name\":\"El Campus Nieve en Sierra Nevada abre la nueva temporada de los campamentos de la Fundaci\u00f3n Unicaja - Campus Fundaci\u00f3n Unicaja\",\"isPartOf\":{\"@id\":\"https:\\\/\\\/www.fundacionunicaja.com\\\/campus\\\/#website\"},\"primaryImageOfPage\":{\"@id\":\"https:\\\/\\\/www.fundacionunicaja.com\\\/campus\\\/2022\\\/02\\\/28\\\/el-campus-nieve-en-sierra-nevada-abre-la-nueva-temporada-de-los-campamentos-de-la-fundacion-unicaja-2\\\/#primaryimage\"},\"image\":{\"@id\":\"https:\\\/\\\/www.fundacionunicaja.com\\\/campus\\\/2022\\\/02\\\/28\\\/el-campus-nieve-en-sierra-nevada-abre-la-nueva-temporada-de-los-campamentos-de-la-fundacion-unicaja-2\\\/#primaryimage\"},\"thumbnailUrl\":\"\",\"datePublished\":\"2022-02-28T13:16:54+00:00\",\"breadcrumb\":{\"@id\":\"https:\\\/\\\/www.fundacionunicaja.com\\\/campus\\\/2022\\\/02\\\/28\\\/el-campus-nieve-en-sierra-nevada-abre-la-nueva-temporada-de-los-campamentos-de-la-fundacion-unicaja-2\\\/#breadcrumb\"},\"inLanguage\":\"es\",\"potentialAction\":[{\"@type\":\"ReadAction\",\"target\":[\"https:\\\/\\\/www.fundacionunicaja.com\\\/campus\\\/2022\\\/02\\\/28\\\/el-campus-nieve-en-sierra-nevada-abre-la-nueva-temporada-de-los-campamentos-de-la-fundacion-unicaja-2\\\/\"]}]},{\"@type\":\"ImageObject\",\"inLanguage\":\"es\",\"@id\":\"https:\\\/\\\/www.fundacionunicaja.com\\\/campus\\\/2022\\\/02\\\/28\\\/el-campus-nieve-en-sierra-nevada-abre-la-nueva-temporada-de-los-campamentos-de-la-fundacion-unicaja-2\\\/#primaryimage\",\"url\":\"\",\"contentUrl\":\"\"},{\"@type\":\"BreadcrumbList\",\"@id\":\"https:\\\/\\\/www.fundacionunicaja.com\\\/campus\\\/2022\\\/02\\\/28\\\/el-campus-nieve-en-sierra-nevada-abre-la-nueva-temporada-de-los-campamentos-de-la-fundacion-unicaja-2\\\/#breadcrumb\",\"itemListElement\":[{\"@type\":\"ListItem\",\"position\":1,\"name\":\"Portada\",\"item\":\"https:\\\/\\\/www.fundacionunicaja.com\\\/campus\\\/\"},{\"@type\":\"ListItem\",\"position\":2,\"name\":\"El Campus Nieve en Sierra Nevada abre la nueva temporada de los campamentos de la Fundaci\u00f3n Unicaja\"}]},{\"@type\":\"WebSite\",\"@id\":\"https:\\\/\\\/www.fundacionunicaja.com\\\/campus\\\/#website\",\"url\":\"https:\\\/\\\/www.fundacionunicaja.com\\\/campus\\\/\",\"name\":\"Campus Fundaci\u00f3n Unicaja\",\"description\":\"\",\"publisher\":{\"@id\":\"https:\\\/\\\/www.fundacionunicaja.com\\\/campus\\\/#organization\"},\"potentialAction\":[{\"@type\":\"SearchAction\",\"target\":{\"@type\":\"EntryPoint\",\"urlTemplate\":\"https:\\\/\\\/www.fundacionunicaja.com\\\/campus\\\/?s={search_term_string}\"},\"query-input\":{\"@type\":\"PropertyValueSpecification\",\"valueRequired\":true,\"valueName\":\"search_term_string\"}}],\"inLanguage\":\"es\"},{\"@type\":\"Organization\",\"@id\":\"https:\\\/\\\/www.fundacionunicaja.com\\\/campus\\\/#organization\",\"name\":\"Campus Fundaci\u00f3n Unicaja\",\"url\":\"https:\\\/\\\/www.fundacionunicaja.com\\\/campus\\\/\",\"logo\":{\"@type\":\"ImageObject\",\"inLanguage\":\"es\",\"@id\":\"https:\\\/\\\/www.fundacionunicaja.com\\\/campus\\\/#\\\/schema\\\/logo\\\/image\\\/\",\"url\":\"https:\\\/\\\/www.fundacionunicaja.com\\\/campus\\\/wp-content\\\/uploads\\\/sites\\\/2\\\/2025\\\/03\\\/LOGO_unicaja-1.png\",\"contentUrl\":\"https:\\\/\\\/www.fundacionunicaja.com\\\/campus\\\/wp-content\\\/uploads\\\/sites\\\/2\\\/2025\\\/03\\\/LOGO_unicaja-1.png\",\"width\":243,\"height\":69,\"caption\":\"Campus Fundaci\u00f3n Unicaja\"},\"image\":{\"@id\":\"https:\\\/\\\/www.fundacionunicaja.com\\\/campus\\\/#\\\/schema\\\/logo\\\/image\\\/\"}},{\"@type\":\"Person\",\"@id\":\"https:\\\/\\\/www.fundacionunicaja.com\\\/campus\\\/#\\\/schema\\\/person\\\/16c011016170405833b64248beaca4c1\",\"name\":\"admin\",\"image\":{\"@type\":\"ImageObject\",\"inLanguage\":\"es\",\"@id\":\"https:\\\/\\\/secure.gravatar.com\\\/avatar\\\/53fe2ed3b30640367a30f4b4978313b87fe50c8c5859f22378ec2886d080b954?s=96&d=mm&r=g\",\"url\":\"https:\\\/\\\/secure.gravatar.com\\\/avatar\\\/53fe2ed3b30640367a30f4b4978313b87fe50c8c5859f22378ec2886d080b954?s=96&d=mm&r=g\",\"contentUrl\":\"https:\\\/\\\/secure.gravatar.com\\\/avatar\\\/53fe2ed3b30640367a30f4b4978313b87fe50c8c5859f22378ec2886d080b954?s=96&d=mm&r=g\",\"caption\":\"admin\"},\"sameAs\":[\"https:\\\/\\\/www.fundacionunicaja.com\\\/\"],\"url\":\"https:\\\/\\\/www.fundacionunicaja.com\\\/campus\\\/author\\\/admin\\\/\"}]}<\/script>\n<!-- \/ Yoast SEO plugin. -->","yoast_head_json":{"title":"El Campus Nieve en Sierra Nevada abre la nueva temporada de los campamentos de la Fundaci\u00f3n Unicaja - Campus Fundaci\u00f3n Unicaja","robots":{"index":"index","follow":"follow","max-snippet":"max-snippet:-1","max-image-preview":"max-image-preview:large","max-video-preview":"max-video-preview:-1"},"canonical":"https:\/\/www.fundacionunicaja.com\/campus\/2022\/02\/28\/el-campus-nieve-en-sierra-nevada-abre-la-nueva-temporada-de-los-campamentos-de-la-fundacion-unicaja-2\/","og_locale":"es_ES","og_type":"article","og_title":"El Campus Nieve en Sierra Nevada abre la nueva temporada de los campamentos de la Fundaci\u00f3n Unicaja - Campus Fundaci\u00f3n Unicaja","og_description":"Fundaci\u00f3n Unicaja ha iniciado su temporada de campamentos con la celebraci\u00f3n del Campus Nieve, que reunir\u00e1 a 70 participantes en Sierra Nevada durante las vacaciones de Semana Blanca. El primero de los campamentos de la Fundaci\u00f3n Unicaja ofrece una experiencia inolvidable en una de las estaciones de esqu\u00ed m\u00e1s populares del pa\u00eds. Este Campus cubri\u00f3 [&hellip;]","og_url":"https:\/\/www.fundacionunicaja.com\/campus\/2022\/02\/28\/el-campus-nieve-en-sierra-nevada-abre-la-nueva-temporada-de-los-campamentos-de-la-fundacion-unicaja-2\/","og_site_name":"Campus Fundaci\u00f3n Unicaja","article_published_time":"2022-02-28T13:16:54+00:00","author":"admin","twitter_card":"summary_large_image","twitter_misc":{"Escrito por":"admin","Tiempo de lectura":"2 minutos"},"schema":{"@context":"https:\/\/schema.org","@graph":[{"@type":"Article","@id":"https:\/\/www.fundacionunicaja.com\/campus\/2022\/02\/28\/el-campus-nieve-en-sierra-nevada-abre-la-nueva-temporada-de-los-campamentos-de-la-fundacion-unicaja-2\/#article","isPartOf":{"@id":"https:\/\/www.fundacionunicaja.com\/campus\/2022\/02\/28\/el-campus-nieve-en-sierra-nevada-abre-la-nueva-temporada-de-los-campamentos-de-la-fundacion-unicaja-2\/"},"author":{"name":"admin","@id":"https:\/\/www.fundacionunicaja.com\/campus\/#\/schema\/person\/16c011016170405833b64248beaca4c1"},"headline":"El Campus Nieve en Sierra Nevada abre la nueva temporada de los campamentos de la Fundaci\u00f3n Unicaja","datePublished":"2022-02-28T13:16:54+00:00","mainEntityOfPage":{"@id":"https:\/\/www.fundacionunicaja.com\/campus\/2022\/02\/28\/el-campus-nieve-en-sierra-nevada-abre-la-nueva-temporada-de-los-campamentos-de-la-fundacion-unicaja-2\/"},"wordCount":423,"commentCount":0,"publisher":{"@id":"https:\/\/www.fundacionunicaja.com\/campus\/#organization"},"image":{"@id":"https:\/\/www.fundacionunicaja.com\/campus\/2022\/02\/28\/el-campus-nieve-en-sierra-nevada-abre-la-nueva-temporada-de-los-campamentos-de-la-fundacion-unicaja-2\/#primaryimage"},"thumbnailUrl":"","articleSection":["General","Nieve"],"inLanguage":"es","potentialAction":[{"@type":"CommentAction","name":"Comment","target":["https:\/\/www.fundacionunicaja.com\/campus\/2022\/02\/28\/el-campus-nieve-en-sierra-nevada-abre-la-nueva-temporada-de-los-campamentos-de-la-fundacion-unicaja-2\/#respond"]}]},{"@type":"WebPage","@id":"https:\/\/www.fundacionunicaja.com\/campus\/2022\/02\/28\/el-campus-nieve-en-sierra-nevada-abre-la-nueva-temporada-de-los-campamentos-de-la-fundacion-unicaja-2\/","url":"https:\/\/www.fundacionunicaja.com\/campus\/2022\/02\/28\/el-campus-nieve-en-sierra-nevada-abre-la-nueva-temporada-de-los-campamentos-de-la-fundacion-unicaja-2\/","name":"El Campus Nieve en Sierra Nevada abre la nueva temporada de los campamentos de la Fundaci\u00f3n Unicaja - Campus Fundaci\u00f3n Unicaja","isPartOf":{"@id":"https:\/\/www.fundacionunicaja.com\/campus\/#website"},"primaryImageOfPage":{"@id":"https:\/\/www.fundacionunicaja.com\/campus\/2022\/02\/28\/el-campus-nieve-en-sierra-nevada-abre-la-nueva-temporada-de-los-campamentos-de-la-fundacion-unicaja-2\/#primaryimage"},"image":{"@id":"https:\/\/www.fundacionunicaja.com\/campus\/2022\/02\/28\/el-campus-nieve-en-sierra-nevada-abre-la-nueva-temporada-de-los-campamentos-de-la-fundacion-unicaja-2\/#primaryimage"},"thumbnailUrl":"","datePublished":"2022-02-28T13:16:54+00:00","breadcrumb":{"@id":"https:\/\/www.fundacionunicaja.com\/campus\/2022\/02\/28\/el-campus-nieve-en-sierra-nevada-abre-la-nueva-temporada-de-los-campamentos-de-la-fundacion-unicaja-2\/#breadcrumb"},"inLanguage":"es","potentialAction":[{"@type":"ReadAction","target":["https:\/\/www.fundacionunicaja.com\/campus\/2022\/02\/28\/el-campus-nieve-en-sierra-nevada-abre-la-nueva-temporada-de-los-campamentos-de-la-fundacion-unicaja-2\/"]}]},{"@type":"ImageObject","inLanguage":"es","@id":"https:\/\/www.fundacionunicaja.com\/campus\/2022\/02\/28\/el-campus-nieve-en-sierra-nevada-abre-la-nueva-temporada-de-los-campamentos-de-la-fundacion-unicaja-2\/#primaryimage","url":"","contentUrl":""},{"@type":"BreadcrumbList","@id":"https:\/\/www.fundacionunicaja.com\/campus\/2022\/02\/28\/el-campus-nieve-en-sierra-nevada-abre-la-nueva-temporada-de-los-campamentos-de-la-fundacion-unicaja-2\/#breadcrumb","itemListElement":[{"@type":"ListItem","position":1,"name":"Portada","item":"https:\/\/www.fundacionunicaja.com\/campus\/"},{"@type":"ListItem","position":2,"name":"El Campus Nieve en Sierra Nevada abre la nueva temporada de los campamentos de la Fundaci\u00f3n Unicaja"}]},{"@type":"WebSite","@id":"https:\/\/www.fundacionunicaja.com\/campus\/#website","url":"https:\/\/www.fundacionunicaja.com\/campus\/","name":"Campus Fundaci\u00f3n Unicaja","description":"","publisher":{"@id":"https:\/\/www.fundacionunicaja.com\/campus\/#organization"},"potentialAction":[{"@type":"SearchAction","target":{"@type":"EntryPoint","urlTemplate":"https:\/\/www.fundacionunicaja.com\/campus\/?s={search_term_string}"},"query-input":{"@type":"PropertyValueSpecification","valueRequired":true,"valueName":"search_term_string"}}],"inLanguage":"es"},{"@type":"Organization","@id":"https:\/\/www.fundacionunicaja.com\/campus\/#organization","name":"Campus Fundaci\u00f3n Unicaja","url":"https:\/\/www.fundacionunicaja.com\/campus\/","logo":{"@type":"ImageObject","inLanguage":"es","@id":"https:\/\/www.fundacionunicaja.com\/campus\/#\/schema\/logo\/image\/","url":"https:\/\/www.fundacionunicaja.com\/campus\/wp-content\/uploads\/sites\/2\/2025\/03\/LOGO_unicaja-1.png","contentUrl":"https:\/\/www.fundacionunicaja.com\/campus\/wp-content\/uploads\/sites\/2\/2025\/03\/LOGO_unicaja-1.png","width":243,"height":69,"caption":"Campus Fundaci\u00f3n Unicaja"},"image":{"@id":"https:\/\/www.fundacionunicaja.com\/campus\/#\/schema\/logo\/image\/"}},{"@type":"Person","@id":"https:\/\/www.fundacionunicaja.com\/campus\/#\/schema\/person\/16c011016170405833b64248beaca4c1","name":"admin","image":{"@type":"ImageObject","inLanguage":"es","@id":"https:\/\/secure.gravatar.com\/avatar\/53fe2ed3b30640367a30f4b4978313b87fe50c8c5859f22378ec2886d080b954?s=96&d=mm&r=g","url":"https:\/\/secure.gravatar.com\/avatar\/53fe2ed3b30640367a30f4b4978313b87fe50c8c5859f22378ec2886d080b954?s=96&d=mm&r=g","contentUrl":"https:\/\/secure.gravatar.com\/avatar\/53fe2ed3b30640367a30f4b4978313b87fe50c8c5859f22378ec2886d080b954?s=96&d=mm&r=g","caption":"admin"},"sameAs":["https:\/\/www.fundacionunicaja.com\/"],"url":"https:\/\/www.fundacionunicaja.com\/campus\/author\/admin\/"}]}},"_links":{"self":[{"href":"https:\/\/www.fundacionunicaja.com\/campus\/wp-json\/wp\/v2\/posts\/5420","targetHints":{"allow":["GET"]}}],"collection":[{"href":"https:\/\/www.fundacionunicaja.com\/campus\/wp-json\/wp\/v2\/posts"}],"about":[{"href":"https:\/\/www.fundacionunicaja.com\/campus\/wp-json\/wp\/v2\/types\/post"}],"author":[{"embeddable":true,"href":"https:\/\/www.fundacionunicaja.com\/campus\/wp-json\/wp\/v2\/users\/1"}],"replies":[{"embeddable":true,"href":"https:\/\/www.fundacionunicaja.com\/campus\/wp-json\/wp\/v2\/comments?post=5420"}],"version-history":[{"count":0,"href":"https:\/\/www.fundacionunicaja.com\/campus\/wp-json\/wp\/v2\/posts\/5420\/revisions"}],"wp:featuredmedia":[{"embeddable":true,"href":"https:\/\/www.fundacionunicaja.com\/campus\/wp-json\/"}],"wp:attachment":[{"href":"https:\/\/www.fundacionunicaja.com\/campus\/wp-json\/wp\/v2\/media?parent=5420"}],"wp:term":[{"taxonomy":"category","embeddable":true,"href":"https:\/\/www.fundacionunicaja.com\/campus\/wp-json\/wp\/v2\/categories?post=5420"},{"taxonomy":"post_tag","embeddable":true,"href":"https:\/\/www.fundacionunicaja.com\/campus\/wp-json\/wp\/v2\/tags?post=5420"}],"curies":[{"name":"wp","href":"https:\/\/api.w.org\/{rel}","templated":true}]}}