{"id":53391,"date":"2023-07-16T11:12:48","date_gmt":"2023-07-16T11:12:48","guid":{"rendered":"https:\/\/fundacionunicaja.oletecnologia.com\/?p=6014"},"modified":"2023-07-16T11:12:48","modified_gmt":"2023-07-16T11:12:48","slug":"comienzo-del-turno-3-en-el-campus-baloncesto-2023","status":"publish","type":"post","link":"https:\/\/www.fundacionunicaja.com\/campus\/2023\/07\/16\/comienzo-del-turno-3-en-el-campus-baloncesto-2023\/","title":{"rendered":"\u00a1Comienzo del turno 3 en el Campus Baloncesto 2023!"},"content":{"rendered":"\n<p>Ayer entraban por nuestras puertas los nuevos jugadores y jugadoras del turno 3. Nuestros chicos se despidieron de su familia para recibir con los brazos abiertos las experiencias que vivir\u00e1n est\u00e1 inolvidable semana.<\/p>\n\n\n\n<p>Y qu\u00e9 mejor manera de empezar su turno que practicando su deporte favorito, en una de nuestras veladas estrellas, el 3&#215;3.<\/p>\n\n\n\n<p>No solo el 3&#215;3 es baloncesto, tambi\u00e9n es unir lazos con sus nuevos compa\u00f1eros, que os aseguro que dentro de unas horas pasar\u00e1n de llamarse compa\u00f1eros a llamarse amigos.<\/p>\n\n\n\n<p>Porque esta es la magia de nuestro Campus Baloncesto.<\/p>\n\n\n\n<figure class=\"wp-block-gallery columns-3 is-cropped wp-block-gallery-1 is-layout-flex wp-block-gallery-is-layout-flex\">\n<ul class=\"blocks-gallery-grid\">\n<li class=\"blocks-gallery-item\">\n<figure><img decoding=\"async\" class=\"wp-image-6016\" src=\"https:\/\/fundacionunicaja.oletecnologia.com\/wp-content\/uploads\/2023\/07\/DSC0903.00_40_32_22.Imagen-fija1023-1024x577.jpg\" alt=\"\" data-id=\"6016\" data-full-url=\"https:\/\/fundacionunicaja.oletecnologia.com\/wp-content\/uploads\/2023\/07\/DSC0903.00_40_32_22.Imagen-fija1023-scaled.jpg\" data-link=\"https:\/\/fundacionunicaja.oletecnologia.com\/?attachment_id=6016\" \/><\/figure>\n<\/li>\n<li class=\"blocks-gallery-item\">\n<figure><img decoding=\"async\" class=\"wp-image-6017\" src=\"https:\/\/fundacionunicaja.oletecnologia.com\/wp-content\/uploads\/2023\/07\/DSC0903.00_44_16_00.Imagen-fija1035-1024x577.jpg\" alt=\"\" data-id=\"6017\" data-full-url=\"https:\/\/fundacionunicaja.oletecnologia.com\/wp-content\/uploads\/2023\/07\/DSC0903.00_44_16_00.Imagen-fija1035-scaled.jpg\" data-link=\"https:\/\/fundacionunicaja.oletecnologia.com\/?attachment_id=6017\" \/><\/figure>\n<\/li>\n<li class=\"blocks-gallery-item\">\n<figure><img decoding=\"async\" class=\"wp-image-6018\" src=\"https:\/\/fundacionunicaja.oletecnologia.com\/wp-content\/uploads\/2023\/07\/DSC0903.00_56_46_20.Imagen-fija1082-1-1024x577.jpg\" alt=\"\" data-id=\"6018\" data-full-url=\"https:\/\/fundacionunicaja.oletecnologia.com\/wp-content\/uploads\/2023\/07\/DSC0903.00_56_46_20.Imagen-fija1082-1-scaled.jpg\" data-link=\"https:\/\/fundacionunicaja.oletecnologia.com\/?attachment_id=6018\" \/><\/figure>\n<\/li>\n<li class=\"blocks-gallery-item\">\n<figure><img decoding=\"async\" class=\"wp-image-6019\" src=\"https:\/\/fundacionunicaja.oletecnologia.com\/wp-content\/uploads\/2023\/07\/DSC0903.00_57_40_12.Imagen-fija1083-1024x577.jpg\" alt=\"\" data-id=\"6019\" data-full-url=\"https:\/\/fundacionunicaja.oletecnologia.com\/wp-content\/uploads\/2023\/07\/DSC0903.00_57_40_12.Imagen-fija1083-scaled.jpg\" data-link=\"https:\/\/fundacionunicaja.oletecnologia.com\/?attachment_id=6019\" \/><\/figure>\n<\/li>\n<\/ul>\n<\/figure>\n\n\n\n<p>&nbsp;<\/p>\n","protected":false},"excerpt":{"rendered":"<p>Ayer entraban por nuestras puertas los nuevos jugadores y jugadoras del turno 3. Nuestros chicos se despidieron de su familia para recibir con los brazos abiertos las experiencias que vivir\u00e1n est\u00e1 inolvidable semana. Y qu\u00e9 mejor manera de empezar su turno que practicando su deporte favorito, en una de nuestras veladas estrellas, el 3&#215;3. No [&hellip;]<\/p>\n","protected":false},"author":1,"featured_media":54711,"comment_status":"open","ping_status":"open","sticky":false,"template":"","format":"standard","meta":{"_acf_changed":false,"footnotes":""},"categories":[13],"tags":[],"class_list":["post-53391","post","type-post","status-publish","format-standard","has-post-thumbnail","hentry","category-baloncesto"],"acf":[],"yoast_head":"<!-- This site is optimized with the Yoast SEO plugin v27.4 - https:\/\/yoast.com\/product\/yoast-seo-wordpress\/ -->\n<title>\u00a1Comienzo del turno 3 en el Campus Baloncesto 2023! - Campus Fundaci\u00f3n Unicaja<\/title>\n<meta name=\"robots\" content=\"index, follow, max-snippet:-1, max-image-preview:large, max-video-preview:-1\" \/>\n<link rel=\"canonical\" href=\"https:\/\/www.fundacionunicaja.com\/campus\/2023\/07\/16\/comienzo-del-turno-3-en-el-campus-baloncesto-2023\/\" \/>\n<meta property=\"og:locale\" content=\"es_ES\" \/>\n<meta property=\"og:type\" content=\"article\" \/>\n<meta property=\"og:title\" content=\"\u00a1Comienzo del turno 3 en el Campus Baloncesto 2023! - Campus Fundaci\u00f3n Unicaja\" \/>\n<meta property=\"og:description\" content=\"Ayer entraban por nuestras puertas los nuevos jugadores y jugadoras del turno 3. Nuestros chicos se despidieron de su familia para recibir con los brazos abiertos las experiencias que vivir\u00e1n est\u00e1 inolvidable semana. Y qu\u00e9 mejor manera de empezar su turno que practicando su deporte favorito, en una de nuestras veladas estrellas, el 3&#215;3. No [&hellip;]\" \/>\n<meta property=\"og:url\" content=\"https:\/\/www.fundacionunicaja.com\/campus\/2023\/07\/16\/comienzo-del-turno-3-en-el-campus-baloncesto-2023\/\" \/>\n<meta property=\"og:site_name\" content=\"Campus Fundaci\u00f3n Unicaja\" \/>\n<meta property=\"article:published_time\" content=\"2023-07-16T11:12:48+00:00\" \/>\n<meta property=\"og:image\" content=\"https:\/\/www.fundacionunicaja.com\/campus\/wp-content\/uploads\/sites\/2\/2023\/07\/DSC0903.00_56_46_20.Imagen-fija1082-scaled-1.jpg\" \/>\n\t<meta property=\"og:image:width\" content=\"2560\" \/>\n\t<meta property=\"og:image:height\" content=\"1441\" \/>\n\t<meta property=\"og:image:type\" content=\"image\/jpeg\" \/>\n<meta name=\"author\" content=\"admin\" \/>\n<meta name=\"twitter:card\" content=\"summary_large_image\" \/>\n<meta name=\"twitter:label1\" content=\"Escrito por\" \/>\n\t<meta name=\"twitter:data1\" content=\"admin\" \/>\n\t<meta name=\"twitter:label2\" content=\"Tiempo de lectura\" \/>\n\t<meta name=\"twitter:data2\" content=\"2 minutos\" \/>\n<script type=\"application\/ld+json\" class=\"yoast-schema-graph\">{\"@context\":\"https:\\\/\\\/schema.org\",\"@graph\":[{\"@type\":\"Article\",\"@id\":\"https:\\\/\\\/www.fundacionunicaja.com\\\/campus\\\/2023\\\/07\\\/16\\\/comienzo-del-turno-3-en-el-campus-baloncesto-2023\\\/#article\",\"isPartOf\":{\"@id\":\"https:\\\/\\\/www.fundacionunicaja.com\\\/campus\\\/2023\\\/07\\\/16\\\/comienzo-del-turno-3-en-el-campus-baloncesto-2023\\\/\"},\"author\":{\"name\":\"admin\",\"@id\":\"https:\\\/\\\/www.fundacionunicaja.com\\\/campus\\\/#\\\/schema\\\/person\\\/16c011016170405833b64248beaca4c1\"},\"headline\":\"\u00a1Comienzo del turno 3 en el Campus Baloncesto 2023!\",\"datePublished\":\"2023-07-16T11:12:48+00:00\",\"mainEntityOfPage\":{\"@id\":\"https:\\\/\\\/www.fundacionunicaja.com\\\/campus\\\/2023\\\/07\\\/16\\\/comienzo-del-turno-3-en-el-campus-baloncesto-2023\\\/\"},\"wordCount\":104,\"commentCount\":0,\"publisher\":{\"@id\":\"https:\\\/\\\/www.fundacionunicaja.com\\\/campus\\\/#organization\"},\"image\":{\"@id\":\"https:\\\/\\\/www.fundacionunicaja.com\\\/campus\\\/2023\\\/07\\\/16\\\/comienzo-del-turno-3-en-el-campus-baloncesto-2023\\\/#primaryimage\"},\"thumbnailUrl\":\"https:\\\/\\\/www.fundacionunicaja.com\\\/campus\\\/wp-content\\\/uploads\\\/sites\\\/2\\\/2023\\\/07\\\/DSC0903.00_56_46_20.Imagen-fija1082-scaled-1.jpg\",\"articleSection\":[\"Baloncesto\"],\"inLanguage\":\"es\",\"potentialAction\":[{\"@type\":\"CommentAction\",\"name\":\"Comment\",\"target\":[\"https:\\\/\\\/www.fundacionunicaja.com\\\/campus\\\/2023\\\/07\\\/16\\\/comienzo-del-turno-3-en-el-campus-baloncesto-2023\\\/#respond\"]}]},{\"@type\":\"WebPage\",\"@id\":\"https:\\\/\\\/www.fundacionunicaja.com\\\/campus\\\/2023\\\/07\\\/16\\\/comienzo-del-turno-3-en-el-campus-baloncesto-2023\\\/\",\"url\":\"https:\\\/\\\/www.fundacionunicaja.com\\\/campus\\\/2023\\\/07\\\/16\\\/comienzo-del-turno-3-en-el-campus-baloncesto-2023\\\/\",\"name\":\"\u00a1Comienzo del turno 3 en el Campus Baloncesto 2023! - Campus Fundaci\u00f3n Unicaja\",\"isPartOf\":{\"@id\":\"https:\\\/\\\/www.fundacionunicaja.com\\\/campus\\\/#website\"},\"primaryImageOfPage\":{\"@id\":\"https:\\\/\\\/www.fundacionunicaja.com\\\/campus\\\/2023\\\/07\\\/16\\\/comienzo-del-turno-3-en-el-campus-baloncesto-2023\\\/#primaryimage\"},\"image\":{\"@id\":\"https:\\\/\\\/www.fundacionunicaja.com\\\/campus\\\/2023\\\/07\\\/16\\\/comienzo-del-turno-3-en-el-campus-baloncesto-2023\\\/#primaryimage\"},\"thumbnailUrl\":\"https:\\\/\\\/www.fundacionunicaja.com\\\/campus\\\/wp-content\\\/uploads\\\/sites\\\/2\\\/2023\\\/07\\\/DSC0903.00_56_46_20.Imagen-fija1082-scaled-1.jpg\",\"datePublished\":\"2023-07-16T11:12:48+00:00\",\"breadcrumb\":{\"@id\":\"https:\\\/\\\/www.fundacionunicaja.com\\\/campus\\\/2023\\\/07\\\/16\\\/comienzo-del-turno-3-en-el-campus-baloncesto-2023\\\/#breadcrumb\"},\"inLanguage\":\"es\",\"potentialAction\":[{\"@type\":\"ReadAction\",\"target\":[\"https:\\\/\\\/www.fundacionunicaja.com\\\/campus\\\/2023\\\/07\\\/16\\\/comienzo-del-turno-3-en-el-campus-baloncesto-2023\\\/\"]}]},{\"@type\":\"ImageObject\",\"inLanguage\":\"es\",\"@id\":\"https:\\\/\\\/www.fundacionunicaja.com\\\/campus\\\/2023\\\/07\\\/16\\\/comienzo-del-turno-3-en-el-campus-baloncesto-2023\\\/#primaryimage\",\"url\":\"https:\\\/\\\/www.fundacionunicaja.com\\\/campus\\\/wp-content\\\/uploads\\\/sites\\\/2\\\/2023\\\/07\\\/DSC0903.00_56_46_20.Imagen-fija1082-scaled-1.jpg\",\"contentUrl\":\"https:\\\/\\\/www.fundacionunicaja.com\\\/campus\\\/wp-content\\\/uploads\\\/sites\\\/2\\\/2023\\\/07\\\/DSC0903.00_56_46_20.Imagen-fija1082-scaled-1.jpg\",\"width\":2560,\"height\":1441},{\"@type\":\"BreadcrumbList\",\"@id\":\"https:\\\/\\\/www.fundacionunicaja.com\\\/campus\\\/2023\\\/07\\\/16\\\/comienzo-del-turno-3-en-el-campus-baloncesto-2023\\\/#breadcrumb\",\"itemListElement\":[{\"@type\":\"ListItem\",\"position\":1,\"name\":\"Portada\",\"item\":\"https:\\\/\\\/www.fundacionunicaja.com\\\/campus\\\/\"},{\"@type\":\"ListItem\",\"position\":2,\"name\":\"\u00a1Comienzo del turno 3 en el Campus Baloncesto 2023!\"}]},{\"@type\":\"WebSite\",\"@id\":\"https:\\\/\\\/www.fundacionunicaja.com\\\/campus\\\/#website\",\"url\":\"https:\\\/\\\/www.fundacionunicaja.com\\\/campus\\\/\",\"name\":\"Campus Fundaci\u00f3n Unicaja\",\"description\":\"\",\"publisher\":{\"@id\":\"https:\\\/\\\/www.fundacionunicaja.com\\\/campus\\\/#organization\"},\"potentialAction\":[{\"@type\":\"SearchAction\",\"target\":{\"@type\":\"EntryPoint\",\"urlTemplate\":\"https:\\\/\\\/www.fundacionunicaja.com\\\/campus\\\/?s={search_term_string}\"},\"query-input\":{\"@type\":\"PropertyValueSpecification\",\"valueRequired\":true,\"valueName\":\"search_term_string\"}}],\"inLanguage\":\"es\"},{\"@type\":\"Organization\",\"@id\":\"https:\\\/\\\/www.fundacionunicaja.com\\\/campus\\\/#organization\",\"name\":\"Campus Fundaci\u00f3n Unicaja\",\"url\":\"https:\\\/\\\/www.fundacionunicaja.com\\\/campus\\\/\",\"logo\":{\"@type\":\"ImageObject\",\"inLanguage\":\"es\",\"@id\":\"https:\\\/\\\/www.fundacionunicaja.com\\\/campus\\\/#\\\/schema\\\/logo\\\/image\\\/\",\"url\":\"https:\\\/\\\/www.fundacionunicaja.com\\\/campus\\\/wp-content\\\/uploads\\\/sites\\\/2\\\/2025\\\/03\\\/LOGO_unicaja-1.png\",\"contentUrl\":\"https:\\\/\\\/www.fundacionunicaja.com\\\/campus\\\/wp-content\\\/uploads\\\/sites\\\/2\\\/2025\\\/03\\\/LOGO_unicaja-1.png\",\"width\":243,\"height\":69,\"caption\":\"Campus Fundaci\u00f3n Unicaja\"},\"image\":{\"@id\":\"https:\\\/\\\/www.fundacionunicaja.com\\\/campus\\\/#\\\/schema\\\/logo\\\/image\\\/\"}},{\"@type\":\"Person\",\"@id\":\"https:\\\/\\\/www.fundacionunicaja.com\\\/campus\\\/#\\\/schema\\\/person\\\/16c011016170405833b64248beaca4c1\",\"name\":\"admin\",\"image\":{\"@type\":\"ImageObject\",\"inLanguage\":\"es\",\"@id\":\"https:\\\/\\\/secure.gravatar.com\\\/avatar\\\/53fe2ed3b30640367a30f4b4978313b87fe50c8c5859f22378ec2886d080b954?s=96&d=mm&r=g\",\"url\":\"https:\\\/\\\/secure.gravatar.com\\\/avatar\\\/53fe2ed3b30640367a30f4b4978313b87fe50c8c5859f22378ec2886d080b954?s=96&d=mm&r=g\",\"contentUrl\":\"https:\\\/\\\/secure.gravatar.com\\\/avatar\\\/53fe2ed3b30640367a30f4b4978313b87fe50c8c5859f22378ec2886d080b954?s=96&d=mm&r=g\",\"caption\":\"admin\"},\"sameAs\":[\"https:\\\/\\\/www.fundacionunicaja.com\\\/\"],\"url\":\"https:\\\/\\\/www.fundacionunicaja.com\\\/campus\\\/author\\\/admin\\\/\"}]}<\/script>\n<!-- \/ Yoast SEO plugin. -->","yoast_head_json":{"title":"\u00a1Comienzo del turno 3 en el Campus Baloncesto 2023! - Campus Fundaci\u00f3n Unicaja","robots":{"index":"index","follow":"follow","max-snippet":"max-snippet:-1","max-image-preview":"max-image-preview:large","max-video-preview":"max-video-preview:-1"},"canonical":"https:\/\/www.fundacionunicaja.com\/campus\/2023\/07\/16\/comienzo-del-turno-3-en-el-campus-baloncesto-2023\/","og_locale":"es_ES","og_type":"article","og_title":"\u00a1Comienzo del turno 3 en el Campus Baloncesto 2023! - Campus Fundaci\u00f3n Unicaja","og_description":"Ayer entraban por nuestras puertas los nuevos jugadores y jugadoras del turno 3. Nuestros chicos se despidieron de su familia para recibir con los brazos abiertos las experiencias que vivir\u00e1n est\u00e1 inolvidable semana. Y qu\u00e9 mejor manera de empezar su turno que practicando su deporte favorito, en una de nuestras veladas estrellas, el 3&#215;3. No [&hellip;]","og_url":"https:\/\/www.fundacionunicaja.com\/campus\/2023\/07\/16\/comienzo-del-turno-3-en-el-campus-baloncesto-2023\/","og_site_name":"Campus Fundaci\u00f3n Unicaja","article_published_time":"2023-07-16T11:12:48+00:00","og_image":[{"width":2560,"height":1441,"url":"https:\/\/www.fundacionunicaja.com\/campus\/wp-content\/uploads\/sites\/2\/2023\/07\/DSC0903.00_56_46_20.Imagen-fija1082-scaled-1.jpg","type":"image\/jpeg"}],"author":"admin","twitter_card":"summary_large_image","twitter_misc":{"Escrito por":"admin","Tiempo de lectura":"2 minutos"},"schema":{"@context":"https:\/\/schema.org","@graph":[{"@type":"Article","@id":"https:\/\/www.fundacionunicaja.com\/campus\/2023\/07\/16\/comienzo-del-turno-3-en-el-campus-baloncesto-2023\/#article","isPartOf":{"@id":"https:\/\/www.fundacionunicaja.com\/campus\/2023\/07\/16\/comienzo-del-turno-3-en-el-campus-baloncesto-2023\/"},"author":{"name":"admin","@id":"https:\/\/www.fundacionunicaja.com\/campus\/#\/schema\/person\/16c011016170405833b64248beaca4c1"},"headline":"\u00a1Comienzo del turno 3 en el Campus Baloncesto 2023!","datePublished":"2023-07-16T11:12:48+00:00","mainEntityOfPage":{"@id":"https:\/\/www.fundacionunicaja.com\/campus\/2023\/07\/16\/comienzo-del-turno-3-en-el-campus-baloncesto-2023\/"},"wordCount":104,"commentCount":0,"publisher":{"@id":"https:\/\/www.fundacionunicaja.com\/campus\/#organization"},"image":{"@id":"https:\/\/www.fundacionunicaja.com\/campus\/2023\/07\/16\/comienzo-del-turno-3-en-el-campus-baloncesto-2023\/#primaryimage"},"thumbnailUrl":"https:\/\/www.fundacionunicaja.com\/campus\/wp-content\/uploads\/sites\/2\/2023\/07\/DSC0903.00_56_46_20.Imagen-fija1082-scaled-1.jpg","articleSection":["Baloncesto"],"inLanguage":"es","potentialAction":[{"@type":"CommentAction","name":"Comment","target":["https:\/\/www.fundacionunicaja.com\/campus\/2023\/07\/16\/comienzo-del-turno-3-en-el-campus-baloncesto-2023\/#respond"]}]},{"@type":"WebPage","@id":"https:\/\/www.fundacionunicaja.com\/campus\/2023\/07\/16\/comienzo-del-turno-3-en-el-campus-baloncesto-2023\/","url":"https:\/\/www.fundacionunicaja.com\/campus\/2023\/07\/16\/comienzo-del-turno-3-en-el-campus-baloncesto-2023\/","name":"\u00a1Comienzo del turno 3 en el Campus Baloncesto 2023! - Campus Fundaci\u00f3n Unicaja","isPartOf":{"@id":"https:\/\/www.fundacionunicaja.com\/campus\/#website"},"primaryImageOfPage":{"@id":"https:\/\/www.fundacionunicaja.com\/campus\/2023\/07\/16\/comienzo-del-turno-3-en-el-campus-baloncesto-2023\/#primaryimage"},"image":{"@id":"https:\/\/www.fundacionunicaja.com\/campus\/2023\/07\/16\/comienzo-del-turno-3-en-el-campus-baloncesto-2023\/#primaryimage"},"thumbnailUrl":"https:\/\/www.fundacionunicaja.com\/campus\/wp-content\/uploads\/sites\/2\/2023\/07\/DSC0903.00_56_46_20.Imagen-fija1082-scaled-1.jpg","datePublished":"2023-07-16T11:12:48+00:00","breadcrumb":{"@id":"https:\/\/www.fundacionunicaja.com\/campus\/2023\/07\/16\/comienzo-del-turno-3-en-el-campus-baloncesto-2023\/#breadcrumb"},"inLanguage":"es","potentialAction":[{"@type":"ReadAction","target":["https:\/\/www.fundacionunicaja.com\/campus\/2023\/07\/16\/comienzo-del-turno-3-en-el-campus-baloncesto-2023\/"]}]},{"@type":"ImageObject","inLanguage":"es","@id":"https:\/\/www.fundacionunicaja.com\/campus\/2023\/07\/16\/comienzo-del-turno-3-en-el-campus-baloncesto-2023\/#primaryimage","url":"https:\/\/www.fundacionunicaja.com\/campus\/wp-content\/uploads\/sites\/2\/2023\/07\/DSC0903.00_56_46_20.Imagen-fija1082-scaled-1.jpg","contentUrl":"https:\/\/www.fundacionunicaja.com\/campus\/wp-content\/uploads\/sites\/2\/2023\/07\/DSC0903.00_56_46_20.Imagen-fija1082-scaled-1.jpg","width":2560,"height":1441},{"@type":"BreadcrumbList","@id":"https:\/\/www.fundacionunicaja.com\/campus\/2023\/07\/16\/comienzo-del-turno-3-en-el-campus-baloncesto-2023\/#breadcrumb","itemListElement":[{"@type":"ListItem","position":1,"name":"Portada","item":"https:\/\/www.fundacionunicaja.com\/campus\/"},{"@type":"ListItem","position":2,"name":"\u00a1Comienzo del turno 3 en el Campus Baloncesto 2023!"}]},{"@type":"WebSite","@id":"https:\/\/www.fundacionunicaja.com\/campus\/#website","url":"https:\/\/www.fundacionunicaja.com\/campus\/","name":"Campus Fundaci\u00f3n Unicaja","description":"","publisher":{"@id":"https:\/\/www.fundacionunicaja.com\/campus\/#organization"},"potentialAction":[{"@type":"SearchAction","target":{"@type":"EntryPoint","urlTemplate":"https:\/\/www.fundacionunicaja.com\/campus\/?s={search_term_string}"},"query-input":{"@type":"PropertyValueSpecification","valueRequired":true,"valueName":"search_term_string"}}],"inLanguage":"es"},{"@type":"Organization","@id":"https:\/\/www.fundacionunicaja.com\/campus\/#organization","name":"Campus Fundaci\u00f3n Unicaja","url":"https:\/\/www.fundacionunicaja.com\/campus\/","logo":{"@type":"ImageObject","inLanguage":"es","@id":"https:\/\/www.fundacionunicaja.com\/campus\/#\/schema\/logo\/image\/","url":"https:\/\/www.fundacionunicaja.com\/campus\/wp-content\/uploads\/sites\/2\/2025\/03\/LOGO_unicaja-1.png","contentUrl":"https:\/\/www.fundacionunicaja.com\/campus\/wp-content\/uploads\/sites\/2\/2025\/03\/LOGO_unicaja-1.png","width":243,"height":69,"caption":"Campus Fundaci\u00f3n Unicaja"},"image":{"@id":"https:\/\/www.fundacionunicaja.com\/campus\/#\/schema\/logo\/image\/"}},{"@type":"Person","@id":"https:\/\/www.fundacionunicaja.com\/campus\/#\/schema\/person\/16c011016170405833b64248beaca4c1","name":"admin","image":{"@type":"ImageObject","inLanguage":"es","@id":"https:\/\/secure.gravatar.com\/avatar\/53fe2ed3b30640367a30f4b4978313b87fe50c8c5859f22378ec2886d080b954?s=96&d=mm&r=g","url":"https:\/\/secure.gravatar.com\/avatar\/53fe2ed3b30640367a30f4b4978313b87fe50c8c5859f22378ec2886d080b954?s=96&d=mm&r=g","contentUrl":"https:\/\/secure.gravatar.com\/avatar\/53fe2ed3b30640367a30f4b4978313b87fe50c8c5859f22378ec2886d080b954?s=96&d=mm&r=g","caption":"admin"},"sameAs":["https:\/\/www.fundacionunicaja.com\/"],"url":"https:\/\/www.fundacionunicaja.com\/campus\/author\/admin\/"}]}},"_links":{"self":[{"href":"https:\/\/www.fundacionunicaja.com\/campus\/wp-json\/wp\/v2\/posts\/53391","targetHints":{"allow":["GET"]}}],"collection":[{"href":"https:\/\/www.fundacionunicaja.com\/campus\/wp-json\/wp\/v2\/posts"}],"about":[{"href":"https:\/\/www.fundacionunicaja.com\/campus\/wp-json\/wp\/v2\/types\/post"}],"author":[{"embeddable":true,"href":"https:\/\/www.fundacionunicaja.com\/campus\/wp-json\/wp\/v2\/users\/1"}],"replies":[{"embeddable":true,"href":"https:\/\/www.fundacionunicaja.com\/campus\/wp-json\/wp\/v2\/comments?post=53391"}],"version-history":[{"count":0,"href":"https:\/\/www.fundacionunicaja.com\/campus\/wp-json\/wp\/v2\/posts\/53391\/revisions"}],"wp:featuredmedia":[{"embeddable":true,"href":"https:\/\/www.fundacionunicaja.com\/campus\/wp-json\/wp\/v2\/media\/54711"}],"wp:attachment":[{"href":"https:\/\/www.fundacionunicaja.com\/campus\/wp-json\/wp\/v2\/media?parent=53391"}],"wp:term":[{"taxonomy":"category","embeddable":true,"href":"https:\/\/www.fundacionunicaja.com\/campus\/wp-json\/wp\/v2\/categories?post=53391"},{"taxonomy":"post_tag","embeddable":true,"href":"https:\/\/www.fundacionunicaja.com\/campus\/wp-json\/wp\/v2\/tags?post=53391"}],"curies":[{"name":"wp","href":"https:\/\/api.w.org\/{rel}","templated":true}]}}